{"id":10502,"date":"2017-02-14T19:33:57","date_gmt":"2017-02-14T18:33:57","guid":{"rendered":"http:\/\/www.moyenagepassion.com\/?p=10502"},"modified":"2020-09-24T04:45:19","modified_gmt":"2020-09-24T03:45:19","slug":"omnia-fusion-folk-rock-celtique-medievale-hollandaise","status":"publish","type":"post","link":"https:\/\/www.moyenagepassion.com\/index.php\/2017\/02\/14\/omnia-fusion-folk-rock-celtique-medievale-hollandaise\/","title":{"rendered":"OMNIA: fusion folk rock celtique m\u00e9di\u00e9vale hollandaise"},"content":{"rendered":"<div id=\"moyen-2763524513\" class=\"moyen-before-content moyen-entity-placement\"><script async src=\"\/\/pagead2.googlesyndication.com\/pagead\/js\/adsbygoogle.js?client=ca-pub-3035390706780632\" crossorigin=\"anonymous\"><\/script><ins class=\"adsbygoogle\" style=\"display:block;\" data-ad-client=\"ca-pub-3035390706780632\" \ndata-ad-slot=\"\" \ndata-ad-format=\"auto\"><\/ins>\n<script> \n(adsbygoogle = window.adsbygoogle || []).push({}); \n<\/script>\n<\/div><p><a href=\"https:\/\/www.moyenagepassion.com\/wp-content\/uploads\/2017\/01\/geek_culture_medieval_fantastique_fantaisie_dragon.jpg\"><img decoding=\"async\" class=\" wp-image-9706 alignleft\" src=\"https:\/\/www.moyenagepassion.com\/wp-content\/uploads\/2017\/01\/geek_culture_medieval_fantastique_fantaisie_dragon.jpg\" alt=\"geek_culture_medieval_fantastique_fantaisie_dragon\" width=\"130\" height=\"162\" srcset=\"https:\/\/www.moyenagepassion.com\/wp-content\/uploads\/2017\/01\/geek_culture_medieval_fantastique_fantaisie_dragon.jpg 350w, https:\/\/www.moyenagepassion.com\/wp-content\/uploads\/2017\/01\/geek_culture_medieval_fantastique_fantaisie_dragon-242x300.jpg 242w\" sizes=\"(max-width: 130px) 100vw, 130px\" \/><\/a><strong>Sujet<\/strong> : pagan folk, paganisme, l\u00e9gendes celtiques, m\u00e9di\u00e9val imaginaire, musique, n\u00e9ofolk m\u00e9di\u00e9val, \u00a0m\u00e9di\u00e9val fantaisie,<br \/>\n<strong>P\u00e9riode<\/strong> : m\u00e9di\u00e9val fantastique<br \/>\n<strong>Groupe<\/strong> : <a href=\"http:\/\/www.worldofomnia.com\" target=\"_blank\" rel=\"noopener noreferrer\">OMNIA<\/a><br \/>\n<strong>Titre<\/strong> : Fee Ra Huri<br \/>\n<strong>Album<\/strong> : \u00a0Live On Earth \u00a0(2012)<\/p>\n<p><a href=\"https:\/\/www.moyenagepassion.com\/wp-content\/uploads\/2017\/02\/omnia_neofolk_musique_pagan_folk_paganisme_medievale_paienne_celtique_moyen-age_fantaisie_imaginaire.jpg\"><img decoding=\"async\" class=\"wp-image-10540 size-full aligncenter\" src=\"https:\/\/www.moyenagepassion.com\/wp-content\/uploads\/2017\/02\/omnia_neofolk_musique_pagan_folk_paganisme_medievale_paienne_celtique_moyen-age_fantaisie_imaginaire.jpg\" alt=\"omnia_neofolk_musique_pagan_folk_paganisme_medievale_paienne_celtique_moyen-age_fantaisie_imaginaire\" width=\"1022\" height=\"564\" srcset=\"https:\/\/www.moyenagepassion.com\/wp-content\/uploads\/2017\/02\/omnia_neofolk_musique_pagan_folk_paganisme_medievale_paienne_celtique_moyen-age_fantaisie_imaginaire.jpg 1022w, https:\/\/www.moyenagepassion.com\/wp-content\/uploads\/2017\/02\/omnia_neofolk_musique_pagan_folk_paganisme_medievale_paienne_celtique_moyen-age_fantaisie_imaginaire-300x166.jpg 300w, https:\/\/www.moyenagepassion.com\/wp-content\/uploads\/2017\/02\/omnia_neofolk_musique_pagan_folk_paganisme_medievale_paienne_celtique_moyen-age_fantaisie_imaginaire-672x372.jpg 672w\" sizes=\"(max-width: 1022px) 100vw, 1022px\" \/><\/a>Bonjour \u00e0 tous,<\/p>\n<p style=\"text-align: justify;\"><img decoding=\"async\" class=\"alignleft size-full wp-image-394\" src=\"https:\/\/www.moyenagepassion.com\/wp-content\/uploads\/2015\/12\/Q_lettrine_moyen_age_passion.jpg\" alt=\"Q_lettrine_moyen_age_passion\" width=\"96\" height=\"103\" \/>uand les instruments du monde m\u00e9di\u00e9val fusionnent avec le folk celtique et la musique rock du c\u00f4t\u00e9 de la Hollande, cela donne OMNIA. \u00a0Bien s\u00fbr, il ne faut pas chercher ici \u00e0 retrouver le r\u00e9alisme d&rsquo;un <a href=\"https:\/\/www.moyenagepassion.com\/?s=Hesp%C3%A9rion\" target=\"_blank\" rel=\"noopener noreferrer\">Hesp\u00e8rion XXI<\/a> ou d&rsquo;un <a href=\"https:\/\/www.moyenagepassion.com\/?s=Micrologus\" target=\"_blank\" rel=\"noopener noreferrer\">Micrologus<\/a>, nous sommes face \u00e0 une r\u00e9interpr\u00e9tation \u00a0qui s&rsquo;assume et dont les racines vont bien plus certainement chercher dans le folk irlandais des si\u00e8cles post\u00e9rieurs au moyen-\u00e2ge m\u00e9lang\u00e9s d&rsquo;autres influences, \u00a0 et, peut-\u00eatre m\u00eame encore, dans les \u00a0racines folk celtiques remises au go\u00fbt du jour par un nombre important de groupes dans les ann\u00e9es soixante-dix, dans la continuit\u00e9 de la mouvance contestataire californien hippie.<\/p>\n<p style=\"text-align: justify;\"><iframe src=\"https:\/\/www.youtube.com\/embed\/J56VVtlZCGE\" width=\"600\" height=\"333\" frameborder=\"0\" allowfullscreen=\"allowfullscreen\"><\/iframe><\/p>\n<h2 style=\"text-align: justify;\">Au del\u00e0 de la musique\u00a0 et du sens de la f\u00eate<br \/>\nun mouvement et des valeurs<\/h2>\n<p style=\"text-align: justify;\"><em><strong><span style=\"color: #008000;\">\u00ab\u00a0OMNIA est un groupe d&rsquo;amoureux inconditionnels de la nature et de Musiciens guerriers de la terre qui voyage de part le mond pour diffuser leur musique et c\u00e9l\u00e9brer \u00e0 travers elle, l&rsquo;amour de la vie, la cr\u00e9ativit\u00e9, la nature et la fantaisie avec un public de tout \u00e2ge et de toute culture.\u00a0\u00bb<\/span><br \/>\n<\/strong><\/em><span style=\"color: #808080;\">OMNIA &#8211; Biographie &#8211; Site web<\/span><\/p>\n<p style=\"text-align: justify;\">Pour autant que la formation hollandaise interpelle bien plus le public sur un imaginaire celtique m\u00e9di\u00e9val que sur un moyen-\u00e2ge musical authentique, il faut reconna\u00eetre que l&rsquo;ambiance est largement festive et les musiciens talentueux.<\/p>\n<h2 style=\"text-align: justify;\">Folk, paganisme, et musique festive<\/h2>\n<p style=\"text-align: justify;\">A \u00a0travers tout cela, on\u00a0 peut difficilement s&#8217;emp\u00eacher de penser qu&rsquo;une certaine id\u00e9e de la f\u00eate reste attach\u00e9e \u00e0 l&rsquo;univers m\u00e9di\u00e9val m\u00eame quand il est revisit\u00e9 comme ici par une modernit\u00e9 technique et musicale assum\u00e9e: \u00a0\u00ab\u00a0Au moyen-\u00e2ge on sait faire la f\u00eate\u00a0\u00bb. Cette id\u00e9e semble relativement partag\u00e9e et sans doute qu&rsquo;un certain nombre de bandes <a href=\"https:\/\/www.moyenagepassion.com\/wp-content\/uploads\/2017\/02\/omnia_musique_medieval_folk_paien_celtique_paganisme_wicca.jpg\"><img decoding=\"async\" class=\"alignright wp-image-10523\" src=\"https:\/\/www.moyenagepassion.com\/wp-content\/uploads\/2017\/02\/omnia_musique_medieval_folk_paien_celtique_paganisme_wicca.jpg\" alt=\"omnia_musique_medieval_folk_paien_celtique_paganisme_wicca\" width=\"237\" height=\"356\" srcset=\"https:\/\/www.moyenagepassion.com\/wp-content\/uploads\/2017\/02\/omnia_musique_medieval_folk_paien_celtique_paganisme_wicca.jpg 400w, https:\/\/www.moyenagepassion.com\/wp-content\/uploads\/2017\/02\/omnia_musique_medieval_folk_paien_celtique_paganisme_wicca-200x300.jpg 200w\" sizes=\"(max-width: 237px) 100vw, 237px\" \/><\/a>m\u00e9di\u00e9vales Folk ou n\u00e9ofolk r\u00e9centes lui fait \u00e9cho, m\u00eame s&rsquo;il faut bien s\u00fbr s&rsquo;entendre sur \u00a0le moyen-\u00e2ge auquel il est ici fait r\u00e9f\u00e9rence.<\/p>\n<p style=\"text-align: justify;\">Quoiqu&rsquo;il en soit, le \u00a0genre musical d&rsquo;OMNIA s&rsquo;inscrit, \u00a0de mani\u00e8re d\u00e9clar\u00e9e, dans un Folk Pa\u00efen (Pagan Folk) \u00a0ouvert \u00e0 toutes les influences et qui ne se prive d&rsquo;aucune. Au del\u00e0 du positionnement musical,\u00a0il faut encore dire un mot de l&rsquo;ambition \u00a0qui sous-tend tout cela. Il ne s&rsquo;agit pas,\u00a0 en effet et m\u00eame loin de l\u00e0, que de c\u00e9l\u00e9brer un certain sens de la f\u00eate. Plus qu&rsquo;un style de musique, le groupe \u00a0veut aussi \u00eatre la manifestation \u00a0toute \u00e0 la fois<span style=\"color: #008000;\"><em><strong> \u00ab\u00a0d&rsquo;un style de vie, d&rsquo;une philosophie et d&rsquo;une religion \u00ab\u00a0naturelle\u00a0\u00bb sans leader et sans \u00a0r\u00e8gle\u00a0\u00bb.<\/strong><\/em><\/span><\/p>\n<p style=\"text-align: justify;\">Form\u00e9 autour de l&rsquo;an 2000, on doit depuis \u00a0\u00e0 la formation hollandaise quelque chose comme dix-sept albums. Leur philosophie restant l&rsquo;ind\u00e9pendance dans la production musicale en particulier et dans leur choix de vie en g\u00e9n\u00e9ral, ils auto-produisent leur cr\u00e9ation et on peut m\u00eame trouver sur leur site web, \u00a0outre la \u00a0possibilit\u00e9 d&rsquo;acqu\u00e9rir leur musique \u00a0sous toutes les forme (CD, Itunes, etc), une boutique \u00a0de Tee shirts et autres \u00ab\u00a0goodies\u00a0\u00bb \u00a0de leur cru. Ajoutons \u00e0 cela qu&rsquo;ils \u00e9crivent leurs chansons dans des langues aussi diverses que l&rsquo;anglais, le breton, le latin, le fran\u00e7ais, le finlandais, l&rsquo;arabe, l&rsquo;espagnol, l&rsquo;allemand, le mongolien, l&rsquo;Hindi et qu&rsquo;ils ont m\u00eame comme le groupe <em><strong>MAGMA<\/strong><\/em> de <em><strong>Christian Vander<\/strong><\/em> l&rsquo;avait fait en son temps, cr\u00e9\u00e9 leur propre language appel\u00e9 l&rsquo;OMNIAN. On doit \u00e9galement \u00e0 ses \u00e9tonnants musiciens, amants de litt\u00e9rature, la mise en musique et la reprise de po\u00e9sies c\u00e9l\u00e8bres \u00a0de Catulle, Edgar Poe, William Blake, Shakespeare, \u00a0et encore d&rsquo;autres auteurs.<\/p>\n<p><a href=\"https:\/\/www.moyenagepassion.com\/wp-content\/uploads\/2017\/02\/musique_medieval_folk_festif_moyen-age_fantastique_fantaisie_Omnia_pagan_folk_legendes_celtiques.jpg\"><img decoding=\"async\" class=\"alignnone wp-image-10518 size-full\" src=\"https:\/\/www.moyenagepassion.com\/wp-content\/uploads\/2017\/02\/musique_medieval_folk_festif_moyen-age_fantastique_fantaisie_Omnia_pagan_folk_legendes_celtiques.jpg\" alt=\"musique_medieval_folk_festif_moyen-age_fantastique_fantaisie_Omnia_pagan_folk_legendes_celtiques\" width=\"433\" height=\"366\" srcset=\"https:\/\/www.moyenagepassion.com\/wp-content\/uploads\/2017\/02\/musique_medieval_folk_festif_moyen-age_fantastique_fantaisie_Omnia_pagan_folk_legendes_celtiques.jpg 433w, https:\/\/www.moyenagepassion.com\/wp-content\/uploads\/2017\/02\/musique_medieval_folk_festif_moyen-age_fantastique_fantaisie_Omnia_pagan_folk_legendes_celtiques-300x254.jpg 300w\" sizes=\"(max-width: 433px) 100vw, 433px\" \/><\/a><\/p>\n<h4 style=\"text-align: justify;\">Un mouvement naturaliste \u00e0 l&rsquo;ambition globale<\/h4>\n<p style=\"text-align: justify;\">Au del\u00e0 \u00a0de \u00a0sa nature festive, le folk m\u00e9di\u00e9val celtique est bien souvent le signe ou la t\u00eate \u00e9merg\u00e9e d&rsquo;un \u00ab\u00a0mouvement\u00a0\u00bb social qui, culturellement, nous dit bien plus que sa simple manifestation musicale. \u00a0Ainsi, la formation hollandaise entend bien chanter: \u00a0<span style=\"color: #008000;\"><em><strong>\u00ab\u00a0la libert\u00e9 individuelle, \u00a0les anciennes valeurs celtiques de bien et du mal\u00a0\u00bb<\/strong><\/em><\/span> et, \u00e0 travers tout cela, pr\u00e9tend encore \u00a0encenser une <span style=\"color: #008000;\"><em><strong>\u00ab\u00a0conscience \u00e9cologique globale et \u00a0la connexion spirituelle entre l&rsquo;homme et la nature\u00a0\u00bb<\/strong><\/em><\/span>.<\/p>\n<p style=\"text-align: justify;\">Sans vouloir g\u00e9n\u00e9raliser, le PAGAN FOLK (folk pa\u00efen) en provenance d&rsquo;Angleterre, d&rsquo;Allemagne ou d&rsquo;Europe du Nord puise, presque de mani\u00e8re syst\u00e9matique, ses valeurs de r\u00e9f\u00e9rence dans une antique culture celtique (souvent plus r\u00eav\u00e9e qu&rsquo;historique), m\u00e9lang\u00e9e \u00e0 d&rsquo;autres traditions, et ancre ses racines\u00a0 dans un univers pr\u00e9-chr\u00e9tien dont peu de choses nous sont finalement parvenues, mais \u00a0dont on pourrait encore trouver les derni\u00e8res traces dans la \u00a0survivance de gu\u00e9risseurs de tous bords et autres \u00ab\u00a0sorciers\u00a0\u00bb et \u00ab\u00a0magiciens\u00a0\u00bb que l&rsquo;\u00e9glise romaine a poursuivi, sans rel\u00e2che, de son inquisition dans les courants du XVIe et XVIIe si\u00e8cles<\/p>\n<p style=\"text-align: justify;\"><a href=\"https:\/\/www.moyenagepassion.com\/wp-content\/uploads\/2017\/02\/musique_folk_festive_medievale_paienne_celtique_omnia_moyen-age_imaginaire_fantastique.jpg\"><img decoding=\"async\" class=\"alignnone wp-image-10525 size-full\" src=\"https:\/\/www.moyenagepassion.com\/wp-content\/uploads\/2017\/02\/musique_folk_festive_medievale_paienne_celtique_omnia_moyen-age_imaginaire_fantastique.jpg\" alt=\"musique_folk_festive_medievale_paienne_celtique_omnia_moyen-age_imaginaire_fantastique\" width=\"1024\" height=\"668\" srcset=\"https:\/\/www.moyenagepassion.com\/wp-content\/uploads\/2017\/02\/musique_folk_festive_medievale_paienne_celtique_omnia_moyen-age_imaginaire_fantastique.jpg 1024w, https:\/\/www.moyenagepassion.com\/wp-content\/uploads\/2017\/02\/musique_folk_festive_medievale_paienne_celtique_omnia_moyen-age_imaginaire_fantastique-300x196.jpg 300w\" sizes=\"(max-width: 1024px) 100vw, 1024px\" \/><\/a><\/p>\n<p style=\"text-align: justify;\">Ind\u00e9niablement, il y a encore, derri\u00e8re tout cela, \u00a0la marque d&rsquo;un mouvement naturaliste, qui, en r\u00e9action avec la modernit\u00e9 et le monde post-industriel, se cherche un terrain d&rsquo;\u00e9lection dans une \u00a0\u00e9poque o\u00f9 l&rsquo;homme \u00e9tait, dans l&rsquo;id\u00e9e, plus proche de la nature et o\u00f9 il vivait \u00ab\u00a0en harmonie\u00a0\u00bb avec elle. Concernant OMNIA, pour donner encore \u00a0la dimension qui sous-tend tout cela et comprendre jusqu&rsquo;o\u00f9 leur ambition se situe, voil\u00e0 une de leur citation \u00a0sur la question que je ne fais ici que traduire :<\/p>\n<p style=\"text-align: justify;\"><em><strong><span style=\"color: #008000;\">\u00ab\u00a0Le monde meurt&#8230; Les singes mutant sont devenus totalement \u00a0dingues. \u00a0En tant qu&rsquo;esp\u00e8ce nous devons la fermer\u00a0une bonne fois pour toutes et \u00e9couter ce que la nature a \u00e0 nous dire.\u00a0\u00bb<\/span><br \/>\n<\/strong><\/em>OMNIA &#8211; Biographie &#8211; Site web<\/p>\n<h2 style=\"text-align: left;\">Des racines plus imaginaires et all\u00e9goriques que r\u00e9alistes<\/h2>\n<p style=\"text-align: justify;\">Rattachement donc \u00e0 une tradition naturaliste \u00e0 reconqu\u00e9rir, il s&rsquo;agit donc bien d&rsquo;ouvrir des perspectives pour le futur et pas de pass\u00e9isme. Concernant cette harmonie et cette connexion perdue avec m\u00e8re \u00a0nature, il faut sans doute dire ici, qu&rsquo;elle ne correspond pas tout \u00e0 fait non plus \u00e0 la r\u00e9alit\u00e9 du monde m\u00e9di\u00e9val et contient \u00a0largement sa part de r\u00eave et d&rsquo; imaginaire. M\u00eame si \u00a0le moyen-\u00e2ge, durant ses mille ans d&rsquo;histoire, \u00a0\u00e9tait clairement moins urbanis\u00e9 que notre monde moderne, \u00a0on assiste, d\u00e8s le XIIIe si\u00e8cle, \u00e0 un premier ph\u00e9nom\u00e8ne de regroupement urbain <a href=\"https:\/\/www.moyenagepassion.com\/wp-content\/uploads\/2017\/02\/musique_folk_paganisme_medievale_paienne_celtique_omnia_moyen-age_fantaisie_imaginaire.jpg\"><img decoding=\"async\" class=\"alignright wp-image-10528\" src=\"https:\/\/www.moyenagepassion.com\/wp-content\/uploads\/2017\/02\/musique_folk_paganisme_medievale_paienne_celtique_omnia_moyen-age_fantaisie_imaginaire.jpg\" alt=\"musique_folk_paganisme_medievale_paienne_celtique_omnia_moyen-age_fantaisie_imaginaire\" width=\"240\" height=\"317\" srcset=\"https:\/\/www.moyenagepassion.com\/wp-content\/uploads\/2017\/02\/musique_folk_paganisme_medievale_paienne_celtique_omnia_moyen-age_fantaisie_imaginaire.jpg 650w, https:\/\/www.moyenagepassion.com\/wp-content\/uploads\/2017\/02\/musique_folk_paganisme_medievale_paienne_celtique_omnia_moyen-age_fantaisie_imaginaire-227x300.jpg 227w\" sizes=\"(max-width: 240px) 100vw, 240px\" \/><\/a>significatif et d\u00e8s le XVe cette urbanisation a d\u00e9j\u00e0 conduit \u00e0 une d\u00e9forestation d\u00e9plorable qui a ouvert, par la suite, aux colons du nouveau monde, de larges voies d&rsquo;exportation du bois qui commen\u00e7ait d\u00e9j\u00e0 \u00e0 se rar\u00e9fier\u00a0 en Europe.<\/p>\n<p style=\"text-align: justify;\">Dans le m\u00eame ordre d&rsquo;id\u00e9e, dans le monde m\u00e9di\u00e9val historique, pour autant que la relation de l&rsquo;homme avec la nature \u00e9tait ind\u00e9niablement plus pr\u00e9gnante que dans notre monde post-industriel, il faut encore ajouter\u00a0que c&rsquo;\u00e9tait d&rsquo;abord et avant tout, une relation de dur \u00a0labeur et de travail agraire et agricole, dans le cadre d&rsquo;une nature d\u00e9j\u00e0 largement domestiqu\u00e9e. Plus que le moyen-\u00e2ge r\u00e9el, c&rsquo;est donc bien plut\u00f4t, vers les l\u00e9gendes celtiques et nordiques, relay\u00e9es et souvent revisit\u00e9es, de mani\u00e8re moderne, \u00a0par la litt\u00e9rature m\u00e9di\u00e9vale fantastique \u00a0et ses \u00a0peuples naturels &#8211; elfes, trolls et autres nains de montagnes -, que nous ram\u00e8ne souvent cet cet id\u00e9al de connexion naturaliste moderne. \u00a0Nous \u00a0nous trouvons avec lui face \u00e0 un moyen-\u00e2ge r\u00eav\u00e9 ou \u00ab\u00a0reconstruit\u00a0\u00bb.<\/p>\n<p style=\"text-align: justify;\">Pour mieux comprendre encore ce mouvement folk pa\u00efen et m\u00eame si tous les groupes ne se rattachent pas n\u00e9cessairement \u00e0 cela, \u00a0il est encore utile\u00a0d&rsquo;\u00e9voquer le \u00a0<em><strong>Wicca<\/strong><\/em> de <em><strong>Gerald Brousseau Gardner<\/strong><\/em>, \u00e9crivain \u00e9sot\u00e9riste britannique et anthropologue \u00a0qui, dans le courant du XXe si\u00e8cle, pr\u00e9senta un mod\u00e8le de religion bas\u00e9 \u00a0sur <em><strong>\u00ab\u00a0l&rsquo;ancienne religion\u00a0\u00bb<\/strong><\/em> et sur une fusion \u00a0empruntant, \u00e0 la fois, \u00a0 \u00e0 la <a href=\"https:\/\/www.moyenagepassion.com\/wp-content\/uploads\/2017\/02\/omnia_neofolk_musique_folk_paganisme_medievale_paienne_celtique_moyen-age_fantaisie_imaginaire.jpg\"><img decoding=\"async\" class=\"alignleft wp-image-10534\" src=\"https:\/\/www.moyenagepassion.com\/wp-content\/uploads\/2017\/02\/omnia_neofolk_musique_folk_paganisme_medievale_paienne_celtique_moyen-age_fantaisie_imaginaire.jpg\" alt=\"omnia_neofolk_musique_folk_paganisme_medievale_paienne_celtique_moyen-age_fantaisie_imaginaire\" width=\"255\" height=\"338\" srcset=\"https:\/\/www.moyenagepassion.com\/wp-content\/uploads\/2017\/02\/omnia_neofolk_musique_folk_paganisme_medievale_paienne_celtique_moyen-age_fantaisie_imaginaire.jpg 650w, https:\/\/www.moyenagepassion.com\/wp-content\/uploads\/2017\/02\/omnia_neofolk_musique_folk_paganisme_medievale_paienne_celtique_moyen-age_fantaisie_imaginaire-227x300.jpg 227w\" sizes=\"(max-width: 255px) 100vw, 255px\" \/><\/a>tradition celte, au chamanisme, au druidisme, \u00a0 ainsi qu&rsquo;\u00e0 des \u00e9l\u00e9ments nordiques et slaves.<\/p>\n<p style=\"text-align: justify;\">Quoiqu&rsquo;il en soit, il reste que la recette du Pagan Folk trouve largement son public et le succ\u00e8s d&rsquo;OMNIA en est encore une belle preuve. Dans les espaces imaginaires o\u00f9 vivent encore les l\u00e9gendes celtiques et nordiques autant qu&rsquo;un moyen-\u00e2ge naturaliste \u00e0 c\u00e9l\u00e9brer, \u00a0il y a de la place pour un r\u00eave qui , \u00e0 d\u00e9faut d&rsquo;\u00eatre toujours historiquement r\u00e9aliste, parle \u00a0 \u00e0 l&rsquo;\u00e9vidence, \u00e0 beaucoup d&rsquo;entre nous.<\/p>\n<h2 style=\"text-align: justify;\">Fee Ra Huri, les paroles<\/h2>\n<p><a href=\"https:\/\/www.moyenagepassion.com\/wp-content\/uploads\/2017\/02\/musique_folk_rock_medieval_pagan_festif_omnia_moyen-age_fantastique_imaginaire_.jpg\"><img decoding=\"async\" class=\"alignnone wp-image-10521 size-full\" src=\"https:\/\/www.moyenagepassion.com\/wp-content\/uploads\/2017\/02\/musique_folk_rock_medieval_pagan_festif_omnia_moyen-age_fantastique_imaginaire_.jpg\" alt=\"musique_folk_rock_medieval_pagan_festif_omnia_moyen-age_fantastique_imaginaire_\" width=\"800\" height=\"326\" srcset=\"https:\/\/www.moyenagepassion.com\/wp-content\/uploads\/2017\/02\/musique_folk_rock_medieval_pagan_festif_omnia_moyen-age_fantastique_imaginaire_.jpg 800w, https:\/\/www.moyenagepassion.com\/wp-content\/uploads\/2017\/02\/musique_folk_rock_medieval_pagan_festif_omnia_moyen-age_fantastique_imaginaire_-300x122.jpg 300w\" sizes=\"(max-width: 800px) 100vw, 800px\" \/><\/a><\/p>\n<p style=\"text-align: justify;\">Du point de vue des paroles, il ne faut pas sur ce morceau particulier au moins chercher la profondeur du sens \u00a0et l&rsquo;on se trouve \u00a0presque face aux performances vocales tel que peut les affectionner un Gilles Vignault. Si vous voulez vous y entra\u00eener en tout cas, voici les lyrics:<\/p>\n<p><span style=\"color: #008000;\"><strong>Wack fol&rsquo;a day diddle dee dye doe<\/strong><\/span><br \/>\n<span style=\"color: #008000;\"><strong> Je le len &lsquo;o je le la le len &lsquo;o<\/strong><\/span><br \/>\n<span style=\"color: #008000;\"><strong> Fiddle daddle day diddle dee dye doe<\/strong><\/span><br \/>\n<span style=\"color: #008000;\"><strong> Ho ri f dhe ra hur<\/strong><\/span><\/p>\n<p><span style=\"color: #008000;\"><strong>Wack fol&rsquo;a Day diddle dee dye do<\/strong><\/span><br \/>\n<span style=\"color: #008000;\"><strong> Je le s &lsquo;je le la o le s&rsquo; o<\/strong><\/span><br \/>\n<span style=\"color: #008000;\"><strong> Fiddle diddle dee dye daddle day doing<\/strong><\/span><br \/>\n<span style=\"color: #008000;\"><strong> Ho f ri dhe ra hur<\/strong><\/span><\/p>\n<p>En vous souhaitant une excellente journ\u00e9e!<\/p>\n<p>Fred<br \/>\nPour moyenagepassion.com<br \/>\n<em><strong>A la d\u00e9couverte du monde m\u00e9di\u00e9val sous toutes ses formes.<\/strong><\/em><\/p>\n","protected":false},"excerpt":{"rendered":"<p>Sujet : pagan folk, paganisme, l\u00e9gendes celtiques, m\u00e9di\u00e9val imaginaire, musique, n\u00e9ofolk m\u00e9di\u00e9val, \u00a0m\u00e9di\u00e9val fantaisie, P\u00e9riode : m\u00e9di\u00e9val fantastique Groupe : OMNIA Titre : Fee Ra Huri Album : \u00a0Live On Earth \u00a0(2012) Bonjour \u00e0 tous, uand les instruments du monde m\u00e9di\u00e9val fusionnent avec le folk celtique et la musique rock du c\u00f4t\u00e9 de la Hollande, &hellip; <a href=\"https:\/\/www.moyenagepassion.com\/index.php\/2017\/02\/14\/omnia-fusion-folk-rock-celtique-medievale-hollandaise\/\" class=\"more-link\">Continuer la lecture de <span class=\"screen-reader-text\">OMNIA: fusion folk rock celtique m\u00e9di\u00e9vale hollandaise<\/span>  <span class=\"meta-nav\">&rarr;<\/span><\/a><\/p>\n","protected":false},"author":2,"featured_media":0,"comment_status":"open","ping_status":"open","sticky":false,"template":"","format":"standard","meta":{"_monsterinsights_skip_tracking":false,"_monsterinsights_sitenote_active":false,"_monsterinsights_sitenote_note":"","_monsterinsights_sitenote_category":0,"footnotes":""},"categories":[9],"tags":[489,2304,730,1414,207,262,2301,182,18,78,2306,2299,2300,2307,2303,2305],"class_list":["post-10502","post","type-post","status-publish","format-standard","hentry","category-musique-medieval-historique-fantaisie-celtique","tag-folk-medieval","tag-imaginaire","tag-legendes","tag-legendes-celtiques","tag-medieval-fantaisie","tag-medieval-fantastique","tag-medieval-imaginaire-et-festif","tag-monde-medieval","tag-moyen-age","tag-musique","tag-musique-paienne","tag-pagan-folk","tag-paganisme","tag-paien","tag-periode","tag-wicca"],"aioseo_notices":[],"_links":{"self":[{"href":"https:\/\/www.moyenagepassion.com\/index.php\/wp-json\/wp\/v2\/posts\/10502"}],"collection":[{"href":"https:\/\/www.moyenagepassion.com\/index.php\/wp-json\/wp\/v2\/posts"}],"about":[{"href":"https:\/\/www.moyenagepassion.com\/index.php\/wp-json\/wp\/v2\/types\/post"}],"author":[{"embeddable":true,"href":"https:\/\/www.moyenagepassion.com\/index.php\/wp-json\/wp\/v2\/users\/2"}],"replies":[{"embeddable":true,"href":"https:\/\/www.moyenagepassion.com\/index.php\/wp-json\/wp\/v2\/comments?post=10502"}],"version-history":[{"count":0,"href":"https:\/\/www.moyenagepassion.com\/index.php\/wp-json\/wp\/v2\/posts\/10502\/revisions"}],"wp:attachment":[{"href":"https:\/\/www.moyenagepassion.com\/index.php\/wp-json\/wp\/v2\/media?parent=10502"}],"wp:term":[{"taxonomy":"category","embeddable":true,"href":"https:\/\/www.moyenagepassion.com\/index.php\/wp-json\/wp\/v2\/categories?post=10502"},{"taxonomy":"post_tag","embeddable":true,"href":"https:\/\/www.moyenagepassion.com\/index.php\/wp-json\/wp\/v2\/tags?post=10502"}],"curies":[{"name":"wp","href":"https:\/\/api.w.org\/{rel}","templated":true}]}}