{"id":10586,"date":"2017-02-18T19:15:02","date_gmt":"2017-02-18T18:15:02","guid":{"rendered":"http:\/\/www.moyenagepassion.com\/?p=10586"},"modified":"2017-07-28T02:37:16","modified_gmt":"2017-07-28T01:37:16","slug":"clement-marot-epigrammes-sur-le-temps-qui-passe-et-lexperience-acquise","status":"publish","type":"post","link":"https:\/\/www.moyenagepassion.com\/index.php\/2017\/02\/18\/clement-marot-epigrammes-sur-le-temps-qui-passe-et-lexperience-acquise\/","title":{"rendered":"Cl\u00e9ment Marot, une \u00e9pigramme sur le temps qui passe et l&rsquo;exp\u00e9rience acquise"},"content":{"rendered":"<div id=\"moyen-1620094427\" class=\"moyen-before-content moyen-entity-placement\"><script async src=\"\/\/pagead2.googlesyndication.com\/pagead\/js\/adsbygoogle.js?client=ca-pub-3035390706780632\" crossorigin=\"anonymous\"><\/script><ins class=\"adsbygoogle\" style=\"display:block;\" data-ad-client=\"ca-pub-3035390706780632\" \ndata-ad-slot=\"\" \ndata-ad-format=\"auto\"><\/ins>\n<script> \n(adsbygoogle = window.adsbygoogle || []).push({}); \n<\/script>\n<\/div><p><strong><a href=\"https:\/\/www.moyenagepassion.com\/wp-content\/uploads\/2016\/12\/poesie_medievale.jpg\"><img decoding=\"async\" class=\"alignleft size-full wp-image-9122\" src=\"https:\/\/www.moyenagepassion.com\/wp-content\/uploads\/2016\/12\/poesie_medievale.jpg\" alt=\"poesie_medievale\" width=\"120\" height=\"127\" \/><\/a>Sujet :<\/strong>\u00a0 po\u00e9sie m\u00e9di\u00e9vale, mots d&rsquo;esprit auteur, po\u00e8te, \u00e9pigramme, po\u00e9sies courtes, renaissance<br \/>\n<strong>P\u00e9riode :<\/strong> fin du moyen-\u00e2ge, d\u00e9but renaissance<br \/>\n<strong>Auteur :\u00a0<\/strong>\u00a0Cl\u00e9ment Marot (1496-1544)<br \/>\n<strong>Titre :<\/strong>\u00a0\u00ab De soy m\u00eame et du temps qui passe \u00bb<\/p>\n<p><a href=\"https:\/\/www.moyenagepassion.com\/wp-content\/uploads\/2017\/02\/poesie_litterature_citation_medievale_epigramme_clement_marot_Cahors_moyen-age_tardif_renaissance.jpg\"><img decoding=\"async\" class=\"alignnone size-full wp-image-10588\" src=\"https:\/\/www.moyenagepassion.com\/wp-content\/uploads\/2017\/02\/poesie_litterature_citation_medievale_epigramme_clement_marot_Cahors_moyen-age_tardif_renaissance.jpg\" alt=\"poesie_litterature_citation_medievale_epigramme_clement_marot_Cahors_moyen-age_tardif_renaissance\" width=\"1600\" height=\"729\" srcset=\"https:\/\/www.moyenagepassion.com\/wp-content\/uploads\/2017\/02\/poesie_litterature_citation_medievale_epigramme_clement_marot_Cahors_moyen-age_tardif_renaissance.jpg 1600w, https:\/\/www.moyenagepassion.com\/wp-content\/uploads\/2017\/02\/poesie_litterature_citation_medievale_epigramme_clement_marot_Cahors_moyen-age_tardif_renaissance-300x137.jpg 300w, https:\/\/www.moyenagepassion.com\/wp-content\/uploads\/2017\/02\/poesie_litterature_citation_medievale_epigramme_clement_marot_Cahors_moyen-age_tardif_renaissance-1024x467.jpg 1024w\" sizes=\"(max-width: 1600px) 100vw, 1600px\" \/><\/a><\/p>\n<p>Bonjour \u00e0 tous,<\/p>\n<p style=\"text-align: justify;\"><img decoding=\"async\" class=\"alignleft size-full wp-image-162\" src=\"https:\/\/www.moyenagepassion.com\/wp-content\/uploads\/2015\/12\/N_lettrine_moyen_age_passion.jpg\" alt=\"N_lettrine_moyen_age_passion\" width=\"84\" height=\"103\" \/>ous continuons, aujourd&rsquo;hui, l&rsquo;exploration des po\u00e9sies courtes de Cl\u00e9ment Marot de Cahors avec quelques vers en compl\u00e9ment d&rsquo;une premi\u00e8re \u00e9pigramme que nous avions publi\u00e9e ici, il y a quelques temps, sur le m\u00eame th\u00e8me: celui du temps qui passe.<\/p>\n<p>Voil\u00e0 le premier :<\/p>\n<p><span style=\"color: #008000;\"><strong><em>\u00ab\u00a0Plus ne suis ce que j\u2019ai \u00e9t\u00e9,<\/em><\/strong><\/span><br \/>\n<span style=\"color: #008000;\"><strong><em>Et ne le saurais jamais \u00eatre.<\/em><\/strong><\/span><br \/>\n<span style=\"color: #008000;\"><strong><em>Mon beau printemps et mon \u00e9t\u00e9<\/em><\/strong><\/span><br \/>\n<span style=\"color: #008000;\"><strong><em>Ont fait le saut par la fen\u00eatre.<\/em><\/strong><\/span><br \/>\n<span style=\"color: #008000;\"><strong><em>Amour, tu as \u00e9t\u00e9 mon ma\u00eetre,<\/em><\/strong><\/span><br \/>\n<span style=\"color: #008000;\"><strong><em>Je t\u2019ai servi sur tous les Dieux.<\/em><\/strong><\/span><br \/>\n<span style=\"color: #008000;\"><strong><em>Ah si je pouvais deux fois na\u00eetre,<\/em><\/strong><\/span><br \/>\n<strong><em><span style=\"color: #008000;\">Comme je te servirais mieux !\u00a0\u00bb<\/span><br \/>\n<\/em><\/strong>Cl\u00e9ment MAROT,\u00a0\u00ab\u00a0De soi-m\u00eame\u00a0\u00bb<\/p>\n<p style=\"text-align: left;\"><a href=\"https:\/\/www.moyenagepassion.com\/index.php\/2016\/08\/20\/clement-marot-portrait-dun-esprit-libre-a-la-lisiere-du-monde-medieval-et-de-la-renaissance\/\" target=\"_blank\">L&rsquo;article complet le concernant est ici\u00a0<\/a><\/p>\n<p style=\"text-align: justify;\">Cette \u00e9pigramme \u00a0versait clairement dans la nostalgie, et celui du jour vient lui r\u00e9pondre comme en dialogue avec la m\u00eame virtuosit\u00e9 mais nettement moins de d\u00e9pit et beaucoup plus d&rsquo;allant:<\/p>\n<p><span style=\"color: #008000;\"><strong><em>\u00ab\u00a0Pourquoy voulez vous tant durer, <\/em><\/strong><\/span><br \/>\n<span style=\"color: #008000;\"><strong><em>Ou renaistre en fleurissant aage ? <\/em><\/strong><\/span><br \/>\n<span style=\"color: #008000;\"><strong><em>Pour pecher et pour endurcir ? <\/em><\/strong><\/span><br \/>\n<span style=\"color: #008000;\"><strong><em>Y trouvez vous tant d\u2019avantage ? <\/em><\/strong><\/span><br \/>\n<span style=\"color: #008000;\"><strong><em>Certes, celuy n\u2019est pas bien sage <\/em><\/strong><\/span><br \/>\n<span style=\"color: #008000;\"><strong><em>Qui quiert deux fois estre frapp\u00e9, <\/em><\/strong><\/span><br \/>\n<span style=\"color: #008000;\"><strong><em>Et veut repasser un passage <\/em><\/strong><\/span><br \/>\n<span style=\"color: #008000;\"><strong><em>Dont il est \u00e0 peine eschapp\u00e9.\u00a0\u00bb<\/em> <\/strong><\/span><br \/>\nCl\u00e9ment MAROT, (1496-1544) Epigramme sur le temps qui passe.<\/p>\n<p>En vous souhaitant une belle journ\u00e9e.<\/p>\n<p>Fred<br \/>\nPour moyenagepassion.com<br \/>\n<em><strong>A la d\u00e9couverte du monde m\u00e9di\u00e9val sous toutes ses formes.<\/strong><\/em><\/p>\n","protected":false},"excerpt":{"rendered":"<p>Sujet :\u00a0 po\u00e9sie m\u00e9di\u00e9vale, mots d&rsquo;esprit auteur, po\u00e8te, \u00e9pigramme, po\u00e9sies courtes, renaissance P\u00e9riode : fin du moyen-\u00e2ge, d\u00e9but renaissance Auteur :\u00a0\u00a0Cl\u00e9ment Marot (1496-1544) Titre :\u00a0\u00ab De soy m\u00eame et du temps qui passe \u00bb Bonjour \u00e0 tous, ous continuons, aujourd&rsquo;hui, l&rsquo;exploration des po\u00e9sies courtes de Cl\u00e9ment Marot de Cahors avec quelques vers en compl\u00e9ment d&rsquo;une &hellip; <a href=\"https:\/\/www.moyenagepassion.com\/index.php\/2017\/02\/18\/clement-marot-epigrammes-sur-le-temps-qui-passe-et-lexperience-acquise\/\" class=\"more-link\">Continuer la lecture de <span class=\"screen-reader-text\">Cl\u00e9ment Marot, une \u00e9pigramme sur le temps qui passe et l&rsquo;exp\u00e9rience acquise<\/span>  <span class=\"meta-nav\">&rarr;<\/span><\/a><\/p>\n","protected":false},"author":2,"featured_media":0,"comment_status":"open","ping_status":"open","sticky":false,"template":"","format":"standard","meta":{"_monsterinsights_skip_tracking":false,"_monsterinsights_sitenote_active":false,"_monsterinsights_sitenote_note":"","_monsterinsights_sitenote_category":0,"footnotes":""},"categories":[154,1467],"tags":[188,690,1523,1468,2292,1469,182,2339,18,913,80,615,294,2337,1013,2338],"class_list":["post-10586","post","type-post","status-publish","format-standard","hentry","category-citations-moyen-age-medievales","category-clement-marot","tag-auteur","tag-auteur-satirique","tag-cahors","tag-clement-marot","tag-epigramme","tag-marot","tag-monde-medieval","tag-mot-desprit","tag-moyen-age","tag-moyen-age-tardif","tag-poesie","tag-poesie-medievale","tag-poete","tag-poete-de-cour","tag-renaissance","tag-temps-qui-passe"],"aioseo_notices":[],"_links":{"self":[{"href":"https:\/\/www.moyenagepassion.com\/index.php\/wp-json\/wp\/v2\/posts\/10586"}],"collection":[{"href":"https:\/\/www.moyenagepassion.com\/index.php\/wp-json\/wp\/v2\/posts"}],"about":[{"href":"https:\/\/www.moyenagepassion.com\/index.php\/wp-json\/wp\/v2\/types\/post"}],"author":[{"embeddable":true,"href":"https:\/\/www.moyenagepassion.com\/index.php\/wp-json\/wp\/v2\/users\/2"}],"replies":[{"embeddable":true,"href":"https:\/\/www.moyenagepassion.com\/index.php\/wp-json\/wp\/v2\/comments?post=10586"}],"version-history":[{"count":0,"href":"https:\/\/www.moyenagepassion.com\/index.php\/wp-json\/wp\/v2\/posts\/10586\/revisions"}],"wp:attachment":[{"href":"https:\/\/www.moyenagepassion.com\/index.php\/wp-json\/wp\/v2\/media?parent=10586"}],"wp:term":[{"taxonomy":"category","embeddable":true,"href":"https:\/\/www.moyenagepassion.com\/index.php\/wp-json\/wp\/v2\/categories?post=10586"},{"taxonomy":"post_tag","embeddable":true,"href":"https:\/\/www.moyenagepassion.com\/index.php\/wp-json\/wp\/v2\/tags?post=10586"}],"curies":[{"name":"wp","href":"https:\/\/api.w.org\/{rel}","templated":true}]}}