{"id":10644,"date":"2017-02-21T22:43:29","date_gmt":"2017-02-21T21:43:29","guid":{"rendered":"http:\/\/www.moyenagepassion.com\/?p=10644"},"modified":"2020-10-05T01:07:22","modified_gmt":"2020-10-05T00:07:22","slug":"la-resonance-du-moyen-age-chretien-et-des-ses-valeurs-selon-le-grand-carl-jung","status":"publish","type":"post","link":"https:\/\/www.moyenagepassion.com\/index.php\/2017\/02\/21\/la-resonance-du-moyen-age-chretien-et-des-ses-valeurs-selon-le-grand-carl-jung\/","title":{"rendered":"La r\u00e9sonance du moyen-\u00e2ge chr\u00e9tien et de ses valeurs, selon le grand Carl Jung"},"content":{"rendered":"<div id=\"moyen-2266094787\" class=\"moyen-before-content moyen-entity-placement\"><script async src=\"\/\/pagead2.googlesyndication.com\/pagead\/js\/adsbygoogle.js?client=ca-pub-3035390706780632\" crossorigin=\"anonymous\"><\/script><ins class=\"adsbygoogle\" style=\"display:block;\" data-ad-client=\"ca-pub-3035390706780632\" \ndata-ad-slot=\"\" \ndata-ad-format=\"auto\"><\/ins>\n<script> \n(adsbygoogle = window.adsbygoogle || []).push({}); \n<\/script>\n<\/div><p><strong>Sujet<\/strong> : citation moyen-\u00e2ge, Carl G. Jung, \u00a0 psychologie, histoire, monde m\u00e9di\u00e9val, moyen-\u00e2ge chr\u00e9tien.<\/p>\n<p><a href=\"https:\/\/www.moyenagepassion.com\/wp-content\/uploads\/2017\/02\/Carl_jung_citation_histoire_monde_medievale_moyen-age_chretien.jpg\"><img decoding=\"async\" class=\"alignnone wp-image-10645 size-full\" src=\"https:\/\/www.moyenagepassion.com\/wp-content\/uploads\/2017\/02\/Carl_jung_citation_histoire_monde_medievale_moyen-age_chretien.jpg\" alt=\"Carl_jung_citation_histoire_monde_medievale_moyen-age_chretien\" width=\"1600\" height=\"729\" srcset=\"https:\/\/www.moyenagepassion.com\/wp-content\/uploads\/2017\/02\/Carl_jung_citation_histoire_monde_medievale_moyen-age_chretien.jpg 1600w, https:\/\/www.moyenagepassion.com\/wp-content\/uploads\/2017\/02\/Carl_jung_citation_histoire_monde_medievale_moyen-age_chretien-300x137.jpg 300w, https:\/\/www.moyenagepassion.com\/wp-content\/uploads\/2017\/02\/Carl_jung_citation_histoire_monde_medievale_moyen-age_chretien-1024x467.jpg 1024w\" sizes=\"(max-width: 1600px) 100vw, 1600px\" \/><\/a><\/p>\n<p>Bonjour \u00e0 tous,<\/p>\n<p style=\"text-align: justify;\"><img decoding=\"async\" class=\"alignleft size-full wp-image-445\" src=\"https:\/\/www.moyenagepassion.com\/wp-content\/uploads\/2015\/12\/P_lettrine_moyen_age_passion-copia.jpg\" alt=\"P_lettrine_moyen_age_passion copia\" width=\"96\" height=\"103\" \/>our le cas o\u00f9 nous doutions encore de l&rsquo;ancrage et de la r\u00e9sonance du moyen-\u00e2ge chr\u00e9tien jusque \u00a0dans notre monde moderne et jusque dans les couches les plus profondes \u00a0de notre \u00a0psych\u00e9, cette citation du grand \u00a0<em><strong>Carl Jung <\/strong><\/em>(1875-1961) \u00a0 vient aujourd&rsquo;hui nous le rappeler. \u00a0Et si certains aspects de cette r\u00e9alit\u00e9 sont m\u00eame quelquefois descendus sous le seuil de notre visibilit\u00e9, \u00a0les faits demeurent, on ne peut \u00a0simplement effacer \u00a0d&rsquo;un simple coup de gomme \u00a0plus de \u00a0mille cinq cents ans d&rsquo;histoire.<\/p>\n<p style=\"text-align: justify;\"><strong><span style=\"color: #008000;\"><em>\u00ab\u00a0Notre mentalit\u00e9 tout enti\u00e8re, nos conceptions des choses sont n\u00e9es du moyen \u00e2ge chr\u00e9tien, qu&rsquo;on le veuille ou non. Le \u00ab\u00a0si\u00e8cle des lumi\u00e8res\u00a0\u00bb n&rsquo;a rien effac\u00e9; l&#8217;empreinte du christianisme se retrouve jusque dans la fa\u00e7on dont l&rsquo;homme voulut rationaliser le monde. La vision chr\u00e9tienne du monde est, par suite, une donn\u00e9e psychologique qui \u00e9chappe aux explications intellectuelles. C&rsquo;est un pass\u00e9 qui, dans ses traces et ses cons\u00e9quences, sera, comme tout pass\u00e9, un \u00e9ternel pr\u00e9sent. Nous sommes, une fois pour toutes marqu\u00e9s, au coin du christianisme. Mais il n&rsquo;en est pas moins vrai que nous portons \u00e9galement le signe de ce qui l&rsquo;a pr\u00e9c\u00e9d\u00e9.\u00a0\u00bb<\/em> <\/span><br \/>\n<\/strong><span style=\"color: #808080;\">C.G. Jung, (1875-1961), L&rsquo;Homme \u00e0 la d\u00e9couverte de son \u00e2me.<\/span><\/p>\n<p>En vous souhantant une merveilleuse journ\u00e9e.<\/p>\n<p>Fred<br \/>\nPour moyenagepassion.com<br \/>\n<em><strong>A la d\u00e9couverte du monde m\u00e9di\u00e9val sous toutes ses \u00a0formes.<\/strong><\/em><\/p>\n","protected":false},"excerpt":{"rendered":"<p>Sujet : citation moyen-\u00e2ge, Carl G. Jung, \u00a0 psychologie, histoire, monde m\u00e9di\u00e9val, moyen-\u00e2ge chr\u00e9tien. Bonjour \u00e0 tous, our le cas o\u00f9 nous doutions encore de l&rsquo;ancrage et de la r\u00e9sonance du moyen-\u00e2ge chr\u00e9tien jusque \u00a0dans notre monde moderne et jusque dans les couches les plus profondes \u00a0de notre \u00a0psych\u00e9, cette citation du grand \u00a0Carl Jung &hellip; <a href=\"https:\/\/www.moyenagepassion.com\/index.php\/2017\/02\/21\/la-resonance-du-moyen-age-chretien-et-des-ses-valeurs-selon-le-grand-carl-jung\/\" class=\"more-link\">Continuer la lecture de <span class=\"screen-reader-text\">La r\u00e9sonance du moyen-\u00e2ge chr\u00e9tien et de ses valeurs, selon le grand Carl Jung<\/span>  <span class=\"meta-nav\">&rarr;<\/span><\/a><\/p>\n","protected":false},"author":2,"featured_media":0,"comment_status":"open","ping_status":"open","sticky":false,"template":"","format":"quote","meta":{"_monsterinsights_skip_tracking":false,"_monsterinsights_sitenote_active":false,"_monsterinsights_sitenote_note":"","_monsterinsights_sitenote_category":0,"footnotes":""},"categories":[154],"tags":[2348,2349,155,22,182,18,677],"class_list":["post-10644","post","type-post","status-publish","format-quote","hentry","category-citations-moyen-age-medievales","tag-carl-jung","tag-christianisme","tag-citation","tag-medievale","tag-monde-medieval","tag-moyen-age","tag-moyen-age-chretien","post_format-post-format-quote"],"aioseo_notices":[],"_links":{"self":[{"href":"https:\/\/www.moyenagepassion.com\/index.php\/wp-json\/wp\/v2\/posts\/10644"}],"collection":[{"href":"https:\/\/www.moyenagepassion.com\/index.php\/wp-json\/wp\/v2\/posts"}],"about":[{"href":"https:\/\/www.moyenagepassion.com\/index.php\/wp-json\/wp\/v2\/types\/post"}],"author":[{"embeddable":true,"href":"https:\/\/www.moyenagepassion.com\/index.php\/wp-json\/wp\/v2\/users\/2"}],"replies":[{"embeddable":true,"href":"https:\/\/www.moyenagepassion.com\/index.php\/wp-json\/wp\/v2\/comments?post=10644"}],"version-history":[{"count":1,"href":"https:\/\/www.moyenagepassion.com\/index.php\/wp-json\/wp\/v2\/posts\/10644\/revisions"}],"predecessor-version":[{"id":34477,"href":"https:\/\/www.moyenagepassion.com\/index.php\/wp-json\/wp\/v2\/posts\/10644\/revisions\/34477"}],"wp:attachment":[{"href":"https:\/\/www.moyenagepassion.com\/index.php\/wp-json\/wp\/v2\/media?parent=10644"}],"wp:term":[{"taxonomy":"category","embeddable":true,"href":"https:\/\/www.moyenagepassion.com\/index.php\/wp-json\/wp\/v2\/categories?post=10644"},{"taxonomy":"post_tag","embeddable":true,"href":"https:\/\/www.moyenagepassion.com\/index.php\/wp-json\/wp\/v2\/tags?post=10644"}],"curies":[{"name":"wp","href":"https:\/\/api.w.org\/{rel}","templated":true}]}}