{"id":10779,"date":"2017-03-01T11:15:43","date_gmt":"2017-03-01T10:15:43","guid":{"rendered":"http:\/\/www.moyenagepassion.com\/?p=10779"},"modified":"2020-10-05T00:29:41","modified_gmt":"2020-10-04T23:29:41","slug":"conference-de-presse-sur-les-traces-du-chevalier-bayard-et-les-surprenantes-decouvertes-le-concernant","status":"publish","type":"post","link":"https:\/\/www.moyenagepassion.com\/index.php\/2017\/03\/01\/conference-de-presse-sur-les-traces-du-chevalier-bayard-et-les-surprenantes-decouvertes-le-concernant\/","title":{"rendered":"Conf\u00e9rence de Presse : sur les traces du chevalier Bayard et des surprenantes d\u00e9couvertes le concernant"},"content":{"rendered":"<div id=\"moyen-3835002619\" class=\"moyen-before-content moyen-entity-placement\"><script async src=\"\/\/pagead2.googlesyndication.com\/pagead\/js\/adsbygoogle.js?client=ca-pub-3035390706780632\" crossorigin=\"anonymous\"><\/script><ins class=\"adsbygoogle\" style=\"display:block;\" data-ad-client=\"ca-pub-3035390706780632\" \ndata-ad-slot=\"\" \ndata-ad-format=\"auto\"><\/ins>\n<script> \n(adsbygoogle = window.adsbygoogle || []).push({}); \n<\/script>\n<\/div><p><strong><img decoding=\"async\" class=\"alignleft wp-image-10847\" src=\"https:\/\/www.moyenagepassion.com\/wp-content\/uploads\/2017\/03\/chevalier_pierre_terrail_de_bayard_histoire_medievale.jpg\" alt=\"chevalier_pierre_terrail_de_bayard_histoire_medievale\" width=\"111\" height=\"185\" srcset=\"https:\/\/www.moyenagepassion.com\/wp-content\/uploads\/2017\/03\/chevalier_pierre_terrail_de_bayard_histoire_medievale.jpg 188w, https:\/\/www.moyenagepassion.com\/wp-content\/uploads\/2017\/03\/chevalier_pierre_terrail_de_bayard_histoire_medievale-180x300.jpg 180w\" sizes=\"(max-width: 111px) 100vw, 111px\" \/>Sujet<\/strong> : chevalier de Bayard, h\u00e9ros m\u00e9di\u00e9val, \u00a0secret d&rsquo;Histoire, d\u00e9couvertes r\u00e9centes, identification \u00a0ADN et \u00a0ossement,<br \/>\n<strong>P\u00e9riode<\/strong> : Moyen-\u00e2ge tardif<br \/>\n<strong>M\u00e9dia<\/strong>: \u00a0Conf\u00e9rence de Presse<br \/>\n<strong>Par<\/strong>: Jean- Christophe Parisot de BAYARD<br \/>\n<strong>Titre<\/strong>: <em><strong>\u00ab\u00a0d\u00e9couverte des premiers r\u00e9sultats de l&rsquo;ADN du cr\u00e2ne pr\u00e9sum\u00e9 du chevalier de BAYARD\u00a0\u00bb<\/strong><\/em>.<br \/>\n<strong>Date<\/strong> : jeudi 2 mars, Hotel \u00a0Pullman, Montpellier<br \/>\nBonjour \u00e0 tous,<\/p>\n<p style=\"text-align: justify;\"><img decoding=\"async\" class=\"alignleft size-full wp-image-394\" src=\"https:\/\/www.moyenagepassion.com\/wp-content\/uploads\/2015\/12\/Q_lettrine_moyen_age_passion.jpg\" alt=\"Q_lettrine_moyen_age_passion\" width=\"96\" height=\"103\" \/>uand la France se retourne sur les h\u00e9ros de son pass\u00e9 m\u00e9di\u00e9val, des p\u00e9riodes les plus recul\u00e9es du haut moyen-\u00e2ge, aux plus tardives, \u00a0des noms c\u00e9l\u00e8bres viennent instantan\u00e9ment \u00a0en m\u00e9moire : Vercing\u00e9torix, \u00a0Clovis, Charlemagne, Philippe-Auguste, Saint-Louis, Duguesclin, etc&#8230; Mais \u00a0dans cette liste \u00a0dont certains noms \u00e0 peine inscrits peuvent quelquefois soulever quelques pol\u00e9miques, il en est un qui fait aupr\u00e8s de tous l&rsquo;unanimit\u00e9. Il ne fut pas roi, \u00a0pas plus qu&#8217;empereur, il fut chevalier mais il marqua de son nom les esprits et il est rest\u00e9 grav\u00e9 dans les m\u00e9moires comme \u00a0l&rsquo;homme qui \u00a0incarna mieux que personne les valeurs de l&rsquo;honneur, de l&rsquo;h\u00e9ro\u00efsme \u00a0et celles de la chevalerie fran\u00e7aise. Nous sommes au moyen-\u00e2ge tardif et cet homme, ce h\u00e9ros de l&rsquo;Histoire \u00a0c&rsquo;est le chevalier \u00a0dauphinois \u00a0<em><strong>Pierre TERRAIL de BAYARD<\/strong><\/em> (1475-1524)<\/p>\n<p style=\"text-align: justify;\"><a href=\"https:\/\/www.moyenagepassion.com\/wp-content\/uploads\/2017\/03\/le_legendaire_chevalier_de_bayard_histoire_medievale_decouvertes_recentes_moyen-age_central.jpg\"><img decoding=\"async\" class=\"alignnone wp-image-10843 size-full\" src=\"https:\/\/www.moyenagepassion.com\/wp-content\/uploads\/2017\/03\/le_legendaire_chevalier_de_bayard_histoire_medievale_decouvertes_recentes_moyen-age_central.jpg\" alt=\"le_legendaire_chevalier_de_bayard_histoire_medievale_decouvertes_recentes_moyen-age_central\" width=\"446\" height=\"598\" srcset=\"https:\/\/www.moyenagepassion.com\/wp-content\/uploads\/2017\/03\/le_legendaire_chevalier_de_bayard_histoire_medievale_decouvertes_recentes_moyen-age_central.jpg 446w, https:\/\/www.moyenagepassion.com\/wp-content\/uploads\/2017\/03\/le_legendaire_chevalier_de_bayard_histoire_medievale_decouvertes_recentes_moyen-age_central-224x300.jpg 224w\" sizes=\"(max-width: 446px) 100vw, 446px\" \/><\/a><\/p>\n<p style=\"text-align: justify;\">Or, il se trouve qu&rsquo;au sortir d&rsquo;une saga riche en rebondissements et tout r\u00e9cemment, on a r\u00e9ussi \u00e0 \u00e9tablir que des ossements retrouv\u00e9s avant-guerre lors de fouilles sur la commune de Saint-Martin d&rsquo;H\u00e8res et qui se trouvaient conserv\u00e9s, depuis les ann\u00e9es 50, aux archives d\u00e9partementales de l\u2019Is\u00e8re, pourraient bien \u00eatre ceux du preux chevalier. Pour suivre cette \u00a0\u00e9tonnante d\u00e9couverte et les conclusions scientifiques r\u00e9centes sur ces ossements, une \u00a0conf\u00e9rence est organis\u00e9e le <strong>Jeudi 2 mars<\/strong> prochain, \u00e0 <strong>15 heures<\/strong> \u00e0 l&rsquo;H\u00f4tel Pullman de Montpellier par rien moins que l&rsquo;artisan principal de ces investigations: <em><strong>Jean-Christophe PARISOT de BAYARD.<\/strong><\/em><\/p>\n<p style=\"text-align: justify;\"><a href=\"https:\/\/www.moyenagepassion.com\/wp-content\/uploads\/2017\/03\/chevalier_de_bayard_conferences_secret_histoire_medieval_identification_ossement_moyen-age_tardif.jpg\"><img decoding=\"async\" class=\"alignnone size-full wp-image-10841\" src=\"https:\/\/www.moyenagepassion.com\/wp-content\/uploads\/2017\/03\/chevalier_de_bayard_conferences_secret_histoire_medieval_identification_ossement_moyen-age_tardif.jpg\" alt=\"chevalier_de_bayard_conferences_secret_histoire_medieval_identification_ossement_moyen-age_tardif\" width=\"750\" height=\"527\" srcset=\"https:\/\/www.moyenagepassion.com\/wp-content\/uploads\/2017\/03\/chevalier_de_bayard_conferences_secret_histoire_medieval_identification_ossement_moyen-age_tardif.jpg 750w, https:\/\/www.moyenagepassion.com\/wp-content\/uploads\/2017\/03\/chevalier_de_bayard_conferences_secret_histoire_medieval_identification_ossement_moyen-age_tardif-300x211.jpg 300w\" sizes=\"(max-width: 750px) 100vw, 750px\" \/><\/a><\/p>\n<h2 style=\"text-align: justify;\">Jean-Christophe Parisot de Bayard<br \/>\net la passion de l&rsquo;Histoire<\/h2>\n<p style=\"text-align: justify;\"><img decoding=\"async\" class=\"alignleft size-full wp-image-394\" src=\"https:\/\/www.moyenagepassion.com\/wp-content\/uploads\/2015\/12\/Q_lettrine_moyen_age_passion.jpg\" alt=\"Q_lettrine_moyen_age_passion\" width=\"96\" height=\"103\" \/>uand la l\u00e9gende d&rsquo;un des plus grand h\u00e9ros fran\u00e7ais vient frapper \u00e0 votre porte et, de surcro\u00eet, quand un nouveau chapitre de son histoire est en train de s&rsquo;ouvrir, il est bien difficile de r\u00e9sister \u00e0 son appel, encore plus quand cet appel vous est lanc\u00e9 par un \u00a0descendant de la lign\u00e9e du prestigieux \u00a0chevalier sans peur et sans reproche.\u00a0<a href=\"https:\/\/www.moyenagepassion.com\/wp-content\/uploads\/2017\/03\/chevalier_bayard_conference_histoire_medievale_jean_christophe_parisot_identification_ossement_adn_bayard_.jpg\"><img decoding=\"async\" class=\"alignright wp-image-10842\" src=\"https:\/\/www.moyenagepassion.com\/wp-content\/uploads\/2017\/03\/chevalier_bayard_conference_histoire_medievale_jean_christophe_parisot_identification_ossement_adn_bayard_.jpg\" alt=\"chevalier_bayard_conference_histoire_medievale_jean_christophe_parisot_identification_ossement_adn_bayard_\" width=\"147\" height=\"314\" srcset=\"https:\/\/www.moyenagepassion.com\/wp-content\/uploads\/2017\/03\/chevalier_bayard_conference_histoire_medievale_jean_christophe_parisot_identification_ossement_adn_bayard_.jpg 209w, https:\/\/www.moyenagepassion.com\/wp-content\/uploads\/2017\/03\/chevalier_bayard_conference_histoire_medievale_jean_christophe_parisot_identification_ossement_adn_bayard_-140x300.jpg 140w\" sizes=\"(max-width: 147px) 100vw, 147px\" \/><\/a><em><strong>Jean-Christophe PARISOT de BAYARD<\/strong><\/em>, pr\u00e9fet de la r\u00e9publique sur les questions d&rsquo;exclusion, homme engag\u00e9 sur le terrain politique et citoyen depuis plus de vingt ans, notamment sur les questions des Droits de l&rsquo;homme et encore sur celles des Handicap\u00e9s, deux fois engag\u00e9 \u00e9galement \u00e0 la candidature pr\u00e9sidentielle fran\u00e7aise, est aussi un \u00e9crivain et un passionn\u00e9 \u00a0d&rsquo;Histoire.<\/p>\n<p style=\"text-align: justify;\">Issu, comme nous le disions plus haut, de la lign\u00e9e du chevalier <em><strong>Pierre TERRAIL\u00a0de BAYARD<\/strong><\/em> il a pris une part active \u00e0 la fascinante saga visant \u00e0 identifier de mani\u00e8re scientifique et formelle les ossements du h\u00e9ros m\u00e9di\u00e9val. A l&rsquo;occasion de cette conf\u00e9rence de presse, il \u00a0se propose de vous faire partager cette aventure ainsi que de vous faire d\u00e9couvrir ou red\u00e9couvrir le parcours du c\u00e9l\u00e8bre Chevalier<em><strong>\u00a0<\/strong><\/em>dont le sens de l&rsquo;honneur et les exploits sont encore dans toutes les m\u00e9moires.<\/p>\n<p style=\"text-align: justify;\">Pour des raisons pratiques et comme les dates sont assez courtes, \u00a0nous vous recommandons d&rsquo;appeler l&rsquo;h\u00f4tel \u00a0avant pour conna\u00eetre les places disponibles !<\/p>\n<p style=\"text-align: justify;\">En vous souhaitant une excellente journ\u00e9e et une tr\u00e8s belle conf\u00e9rence, si vous vous y rendez !<\/p>\n<p>Fr\u00e9d\u00e9ric EFFE<br \/>\nPour moyenagepassion.com<br \/>\n<em><strong>A la d\u00e9couverte du monde m\u00e9di\u00e9val sous toutes ses formes.<\/strong><\/em><\/p>\n","protected":false},"excerpt":{"rendered":"<p>Sujet : chevalier de Bayard, h\u00e9ros m\u00e9di\u00e9val, \u00a0secret d&rsquo;Histoire, d\u00e9couvertes r\u00e9centes, identification \u00a0ADN et \u00a0ossement, P\u00e9riode : Moyen-\u00e2ge tardif M\u00e9dia: \u00a0Conf\u00e9rence de Presse Par: Jean- Christophe Parisot de BAYARD Titre: \u00ab\u00a0d\u00e9couverte des premiers r\u00e9sultats de l&rsquo;ADN du cr\u00e2ne pr\u00e9sum\u00e9 du chevalier de BAYARD\u00a0\u00bb. Date : jeudi 2 mars, Hotel \u00a0Pullman, Montpellier Bonjour \u00e0 tous, uand &hellip; <a href=\"https:\/\/www.moyenagepassion.com\/index.php\/2017\/03\/01\/conference-de-presse-sur-les-traces-du-chevalier-bayard-et-les-surprenantes-decouvertes-le-concernant\/\" class=\"more-link\">Continuer la lecture de <span class=\"screen-reader-text\">Conf\u00e9rence de Presse : sur les traces du chevalier Bayard et des surprenantes d\u00e9couvertes le concernant<\/span>  <span class=\"meta-nav\">&rarr;<\/span><\/a><\/p>\n","protected":false},"author":2,"featured_media":0,"comment_status":"open","ping_status":"open","sticky":false,"template":"","format":"standard","meta":{"_monsterinsights_skip_tracking":false,"_monsterinsights_sitenote_active":false,"_monsterinsights_sitenote_note":"","_monsterinsights_sitenote_category":0,"footnotes":""},"categories":[1275,11],"tags":[345,125,655,2379,2375,111,2377,2373,2371,2378,520,2260,2374,2380,22,182,18,2376,656,2372],"class_list":["post-10779","post","type-post","status-publish","format-standard","hentry","category-conference","category-fetes-medievales-evenement","tag-chevalerie","tag-chevalier","tag-chevalier-bayard","tag-chevalier-dauphinois","tag-conference-de-presse","tag-dauphine","tag-decouverte-recente","tag-decouvertes-recentes","tag-heros","tag-heros-medieval","tag-histoire-medievale","tag-honneur","tag-identification-adn-et-ossement","tag-jean-christophe-parisot","tag-medievale","tag-monde-medieval","tag-moyen-age","tag-ossement","tag-pierre-terrail-de-bayard","tag-secret-dhistoire"],"aioseo_notices":[],"_links":{"self":[{"href":"https:\/\/www.moyenagepassion.com\/index.php\/wp-json\/wp\/v2\/posts\/10779"}],"collection":[{"href":"https:\/\/www.moyenagepassion.com\/index.php\/wp-json\/wp\/v2\/posts"}],"about":[{"href":"https:\/\/www.moyenagepassion.com\/index.php\/wp-json\/wp\/v2\/types\/post"}],"author":[{"embeddable":true,"href":"https:\/\/www.moyenagepassion.com\/index.php\/wp-json\/wp\/v2\/users\/2"}],"replies":[{"embeddable":true,"href":"https:\/\/www.moyenagepassion.com\/index.php\/wp-json\/wp\/v2\/comments?post=10779"}],"version-history":[{"count":1,"href":"https:\/\/www.moyenagepassion.com\/index.php\/wp-json\/wp\/v2\/posts\/10779\/revisions"}],"predecessor-version":[{"id":34190,"href":"https:\/\/www.moyenagepassion.com\/index.php\/wp-json\/wp\/v2\/posts\/10779\/revisions\/34190"}],"wp:attachment":[{"href":"https:\/\/www.moyenagepassion.com\/index.php\/wp-json\/wp\/v2\/media?parent=10779"}],"wp:term":[{"taxonomy":"category","embeddable":true,"href":"https:\/\/www.moyenagepassion.com\/index.php\/wp-json\/wp\/v2\/categories?post=10779"},{"taxonomy":"post_tag","embeddable":true,"href":"https:\/\/www.moyenagepassion.com\/index.php\/wp-json\/wp\/v2\/tags?post=10779"}],"curies":[{"name":"wp","href":"https:\/\/api.w.org\/{rel}","templated":true}]}}