{"id":11164,"date":"2017-03-11T17:50:38","date_gmt":"2017-03-11T16:50:38","guid":{"rendered":"http:\/\/www.moyenagepassion.com\/?p=11164"},"modified":"2020-10-04T18:13:08","modified_gmt":"2020-10-04T17:13:08","slug":"kaamelott-les-pecores-et-la-bete-du-gevaudan-2-un-episode-inedit-en-hommage-a-la-serie-culte","status":"publish","type":"post","link":"https:\/\/www.moyenagepassion.com\/index.php\/2017\/03\/11\/kaamelott-les-pecores-et-la-bete-du-gevaudan-2-un-episode-inedit-en-hommage-a-la-serie-culte\/","title":{"rendered":"Kaamelott : la b\u00eate du G\u00e9vaudan 2, un \u00e9pisode in\u00e9dit en hommage \u00e0 la s\u00e9rie culte d&rsquo;Alexandre Astier"},"content":{"rendered":"<div id=\"moyen-946300283\" class=\"moyen-before-content moyen-entity-placement\"><script async src=\"\/\/pagead2.googlesyndication.com\/pagead\/js\/adsbygoogle.js?client=ca-pub-3035390706780632\" crossorigin=\"anonymous\"><\/script><ins class=\"adsbygoogle\" style=\"display:block;\" data-ad-client=\"ca-pub-3035390706780632\" \ndata-ad-slot=\"\" \ndata-ad-format=\"auto\"><\/ins>\n<script> \n(adsbygoogle = window.adsbygoogle || []).push({}); \n<\/script>\n<\/div><p><strong><a href=\"https:\/\/www.moyenagepassion.com\/wp-content\/uploads\/2016\/02\/kaamelott_alexandre_astier_legende_medievale_roi_arthur_moyen_age_passion.jpg\"><img decoding=\"async\" class=\"alignleft wp-image-1680\" src=\"https:\/\/www.moyenagepassion.com\/wp-content\/uploads\/2016\/02\/kaamelott_alexandre_astier_legende_medievale_roi_arthur_moyen_age_passion.jpg\" alt=\"\" width=\"155\" height=\"223\" \/><\/a>Sujet<\/strong> : <a href=\"https:\/\/www.moyenagepassion.com\/?s=Kaamelott\" target=\"_blank\" rel=\"noopener noreferrer\">Kaamelott<\/a>, l\u00e9gendes arthuriennes, roi Arthur, p\u00e9cores, Herv\u00e9 de Rinel, L\u00e9odagan, Perceval, \u00a0b\u00eate du G\u00e9vaudan, humour, audio, in\u00e9dit, com\u00e9die, hommage.<br \/>\n<strong>P\u00e9riode<\/strong> : moyen-\u00e2ge central, haut moyen-\u00e2ge pour la l\u00e9gende.<br \/>\n<strong>Auteur<\/strong> : \u00a0Votre \u00a0serviteur \u00e0 la mani\u00e8re de l&rsquo;auteur<a href=\"https:\/\/www.moyenagepassion.com\/index.php\/2016\/02\/18\/kaamelott-la-legende-du-roi-arthur-par-alexandre-astier-lauteur-qui-rend-intelligent\/\" target=\"_blank\" rel=\"noopener noreferrer\"> <em><strong>Alexandre Astier<\/strong><\/em><\/a><br \/>\nS\u00e9rie t\u00e9l\u00e9vis\u00e9e culte, M6, Calt Production<br \/>\n<strong>M\u00e9dia<\/strong> : \u00e9pisodes audio, cha\u00eene youtube.<\/p>\n<p style=\"text-align: justify;\">Bonjour \u00e0 tous,<\/p>\n<p style=\"text-align: justify;\"><img decoding=\"async\" class=\"alignleft size-full wp-image-445\" src=\"https:\/\/www.moyenagepassion.com\/wp-content\/uploads\/2015\/12\/P_lettrine_moyen_age_passion-copia.jpg\" alt=\"P_lettrine_moyen_age_passion copia\" width=\"96\" height=\"103\" \/>our se \u00a0d\u00e9tendre ce week end, nous vous proposons un nouvel \u00e9pisode \u00ab\u00a0maison\u00a0\u00bb (voix et script) de la s\u00e9rie t\u00e9l\u00e9vis\u00e9e culte des l\u00e9gendes arthuriennes \u00e0 la fran\u00e7aise : \u00a0<em><strong>Kaamelott. <\/strong><\/em>Il s&rsquo;agit ici\u00a0de\u00a0la suite de la b\u00eate du G\u00e9vaudan dont nous avions publi\u00e9 le premier \u00e9pisode, il y a quelque temps d\u00e9j\u00e0 (<a href=\"https:\/\/www.moyenagepassion.com\/index.php\/2017\/03\/04\/kaamelott-episodes-inedits-roparzh-guethenoc-les-pecores-et-la-bete-du-gevaudan-1\/\" target=\"_blank\" rel=\"noopener noreferrer\">Visionnez le premier \u00e9pisode ici<\/a>).<\/p>\n<p style=\"text-align: justify;\">Cette fois-ci, nous retrouvons nos preux chevaliers autour d&rsquo;Arthur et \u00e0 la table ronde. Parviendront-ils\u00a0 \u00e0 \u00e9lucider le myst\u00e8re de l&rsquo;\u00e9trange animal qui rode dans les campagnes environnantes et autour des fermes des p\u00e9cores\u00a0 ?<\/p>\n<p style=\"text-align: justify;\"><a href=\"https:\/\/www.moyenagepassion.com\/wp-content\/uploads\/2017\/03\/kaamelott_episode_herve_de_rinel_inedit_tony_saba_bete_du_gevaudan_hommage_alexandre_astier.jpg\"><img decoding=\"async\" class=\"alignright wp-image-11168\" src=\"https:\/\/www.moyenagepassion.com\/wp-content\/uploads\/2017\/03\/kaamelott_episode_herve_de_rinel_inedit_tony_saba_bete_du_gevaudan_hommage_alexandre_astier.jpg\" alt=\"kaamelott_episode_herve_de_rinel_inedit_tony_saba_bete_du_gevaudan_hommage_alexandre_astier\" width=\"184\" height=\"265\" srcset=\"https:\/\/www.moyenagepassion.com\/wp-content\/uploads\/2017\/03\/kaamelott_episode_herve_de_rinel_inedit_tony_saba_bete_du_gevaudan_hommage_alexandre_astier.jpg 236w, https:\/\/www.moyenagepassion.com\/wp-content\/uploads\/2017\/03\/kaamelott_episode_herve_de_rinel_inedit_tony_saba_bete_du_gevaudan_hommage_alexandre_astier-208x300.jpg 208w\" sizes=\"(max-width: 184px) 100vw, 184px\" \/><\/a>Dans les intervenants, il y a ici\u00a0le <em><strong>Roi Arthur <\/strong><\/em>(Alexandre Astier), <em><strong>L\u00e9odagan <\/strong><\/em>(Lionnel Astier), <em><strong>Perceval<\/strong> <\/em>(Franck Pitiot) et surtout le \u00a0grand <strong><em>Herv\u00e9 de Rinel<\/em><\/strong> dont on peut d\u00e9plorer les trop rares interventions dans la S\u00e9rie t\u00e9l\u00e9vis\u00e9e, tant il brille par son impressionnante nullit\u00e9. \u00a0Incarn\u00e9 \u00e0 l&rsquo;\u00e9cran \u00a0par <em><strong>Tony Saba<\/strong><\/em>, il faut vraiment faire ici \u00a0une mention particuli\u00e8re \u00e0 cet acteur pour la touche hilarante qu&rsquo;il a su donner \u00e0 ce personnage r\u00eaveur et totalement d\u00e9cal\u00e9. Il n&rsquo;a, en effet, que quelques rares r\u00e9pliques dans toutes les saisons et pourtant, il n&rsquo;est gu\u00e8re de fans ou d&rsquo;aficionados de <a href=\"https:\/\/www.moyenagepassion.com\/index.php\/2016\/02\/18\/kaamelott-la-legende-du-roi-arthur-par-alexandre-astier-lauteur-qui-rend-intelligent\/\" target=\"_blank\" rel=\"noopener noreferrer\">Kaamelott<\/a>\u00a0qui ne les connaissent par coeur. \u00a0Ajoutons que le personnage de \u00a0<em><strong>Herv\u00e9 de Rinel<\/strong><\/em> est un ajout d&rsquo;<em><strong>Alexandre Astier<\/strong><\/em> au corpus des l\u00e9gendes arthuriennes. Avant lui, ce chevalier n&rsquo;y figurait pas.<\/p>\n<p style=\"text-align: justify;\">Pour revenir sur l&rsquo;\u00e9pisode du jour, on y retrouvera encore les deux paysans, alias \u00ab\u00a0les p\u00e9cores\u00a0\u00bb <em><strong>Guethenoc\u00a0<\/strong>\u00a0<\/em>(Serge Papagalli)\u00a0et <em><strong>Roparzh<\/strong><\/em>\u00a0(Gilles Graveleau) pour une br\u00e8ve apparition. \u00a0Pr\u00e9cisons, <a href=\"https:\/\/www.moyenagepassion.com\/wp-content\/uploads\/2017\/03\/kaamelott_episode_hommage_inedit_bete_du_gevaudan_roi_arthur_alexandre_astier.jpg\"><img decoding=\"async\" class=\"alignleft wp-image-11171\" src=\"https:\/\/www.moyenagepassion.com\/wp-content\/uploads\/2017\/03\/kaamelott_episode_hommage_inedit_bete_du_gevaudan_roi_arthur_alexandre_astier.jpg\" alt=\"kaamelott_episode_hommage_inedit_bete_du_gevaudan_roi_arthur_alexandre_astier\" width=\"167\" height=\"240\" \/><\/a>comme c&rsquo;est de rigueur, que ce petit exercice de style et d&rsquo;\u00e9criture est en hommage \u00e0 la s\u00e9rie d&rsquo;<em><strong>Alexandre Astier<\/strong><\/em>. C&rsquo;est d&rsquo;abord une fa\u00e7on de prolonger la compagnie \u00a0des personnages cr\u00e9\u00e9s par lui, en attendant le premier opus du film <em><strong>Kaamelott<\/strong><\/em> au Cin\u00e9ma, et en esp\u00e9rant que le plaisir soit partag\u00e9.<\/p>\n<p style=\"text-align: justify;\">Pour le reste, l&rsquo;oeuvre demeure bien \u00e9videmment l&rsquo;enti\u00e8re propri\u00e9t\u00e9 de son brillant auteur et vous pouvez trouver les six livres vid\u00e9os qui la compose \u00a0dans toute \u00a0bonne boutique de DVDs ou m\u00eame \u00e0 l&rsquo;achat en ligne.<\/p>\n<h2 style=\"text-align: justify;\">Kaamelott, \u00e9pisode audio in\u00e9dit<br \/>\nen hommage \u00e0 la s\u00e9rie d&rsquo;Alexandre Astier<\/h2>\n<p><code><iframe src=\"https:\/\/www.youtube.com\/embed\/iM71oK8EGcU\" width=\"600\" height=\"333\" frameborder=\"0\" allowfullscreen=\"allowfullscreen\"><\/iframe><\/code><\/p>\n<h2>La b\u00eate du\u00a0 G\u00e9vaudan 2: \u00a0le script<\/h2>\n<p style=\"text-align: justify;\"><strong>Une r\u00e9union se finit \u00e0 la table ronde.<\/strong><\/p>\n<p style=\"text-align: justify;\"><strong>Arthur:<\/strong> Bon, on a fait le tour, donc on se revoit plus tard dans la semaine. Ah, non, mais attendez, maintenant que j&rsquo;y pense. Il y a un truc dont j&rsquo;voulais vous parler. Apparemment du c\u00f4t\u00e9 des p\u00e9cores y aurait un genre de b\u00eate bizarre qui tournent autour de leurs baraques et d&rsquo;leur vaches. \u00c7a vous dit rien?<\/p>\n<p style=\"text-align: justify;\"><strong>(r\u00e9ponses diffuses)<\/strong> Non Non Non<\/p>\n<p style=\"text-align: justify;\"><strong>L\u00e9odagan :\u00a0<\/strong>\u00a0Non moi non plus mais y a eu des d\u00e9g\u00e2ts?<\/p>\n<p style=\"text-align: justify;\"><strong>Arthur<\/strong> : Pour l&rsquo;instant non, mais bon vu la description qu&rsquo;ils en font, \u00e7a pourrait bien finir par arriver.<\/p>\n<p style=\"text-align: justify;\"><strong>Herv\u00e9 de Rinel :<\/strong> Heu j&rsquo;peux prendre la parole?<\/p>\n<p style=\"text-align: justify;\"><strong>Arthur<\/strong> : Heu oui allez y Herv\u00e9. Juste une chose. Vous \u00eates bien certain que \u00e7a va avoir un rapport avec le sujet?<\/p>\n<p style=\"text-align: justify;\"><strong>Herv\u00e9 de Rinel :<\/strong> Heu Normalement oui. Enfin j&rsquo;crois&#8230;<\/p>\n<p style=\"text-align: justify;\"><strong>Arthur :<\/strong> Bon bin allez y. (je me m\u00e9fie quand m\u00eame un peu, je ne vous le cache pas)<\/p>\n<p style=\"text-align: justify;\"><strong>Herv\u00e9 de Rinel :<\/strong> Non mais j&rsquo;y suis tout le temps l\u00e0 bas, moi, je n&rsquo;ai rien d&rsquo;vu bizarre.<\/p>\n<p style=\"text-align: justify;\"><strong>Arthur :<\/strong> Comment \u00e7a vous y \u00eates tout le temps. qu&rsquo;est ce que vous fichez la bas? Vous avez rien de mieux \u00e0 foutre?<\/p>\n<p style=\"text-align: justify;\"><strong>Herv\u00e9 de Rinel :<\/strong> Bin c&rsquo;est rapport \u00e0 ce qu&rsquo;on s&rsquo;\u00e9tait dit sur l&rsquo;espionnage.<\/p>\n<p style=\"text-align: justify;\"><strong>Arthur :<\/strong> De quoi? Non mais \u00e7a s&rsquo;\u00e9tait y a 6 mois au moins \u00e7a. \u00c7a fait longtemps que c&rsquo;est pli\u00e9.<\/p>\n<p style=\"text-align: justify;\"><strong>Herv\u00e9 de Rinel :<\/strong> Ah \u00e7a chais pas, \u00e0 moi personne m&rsquo;a rien dit. A moins que je me souvienne pas.<\/p>\n<p style=\"text-align: justify;\"><strong>G\u00e9n\u00e9rique<\/strong><\/p>\n<p style=\"text-align: justify;\"><strong>Arthur :<\/strong> NON MAIS C&rsquo;EST PAS VRAI! CA NE FAIT PAS SIX MOIS QUE VOUS TRA\u00ceNEZ VOTRE CUL DANS LES CAMPAGNES A ESPIONNER LES P\u00c9CORES, SI?<\/p>\n<p style=\"text-align: justify;\"><strong>L\u00e9odagan :<\/strong> Sans compter qu&rsquo;s&rsquo;ils le voient \u00e7a va encore nous les mettre de travers les bouseux.<\/p>\n<p style=\"text-align: justify;\"><strong>Herv\u00e9 de Rinel :<\/strong> Non mais \u00e7a, \u00e7a craint rien par contre.<\/p>\n<p style=\"text-align: justify;\"><strong>Arthur :<\/strong> Comment \u00e7a \u00e7a craint rien? Avec le boucan que vous devez faire avec votre armure, vous risquez pas de passer inaper\u00e7u..<\/p>\n<p style=\"text-align: justify;\"><strong>Herv\u00e9 de Rinel :<\/strong> Non mais c&rsquo;est impossible qu&rsquo;ils me rep\u00e8rent, j&rsquo;y vais camoufl\u00e9 en fait.<\/p>\n<p style=\"text-align: justify;\"><strong>Arthur :<\/strong> Camoufl\u00e9, mais comment \u00e7a?<\/p>\n<p style=\"text-align: justify;\"><strong>Herv\u00e9 de Rinel :<\/strong> Je me d\u00e9guise en renard.<\/p>\n<p style=\"text-align: justify;\"><strong>Arthur :<\/strong> En quoi? Vous???? En renard?<\/p>\n<p style=\"text-align: justify;\"><strong>L\u00e9odagan :<\/strong> Dites voir Vous en avez d\u00e9j\u00e0 vu beaucoup des renards vous ? Non parce que niveau gabarit, vous \u00eates largement plus proche du blaireau&#8230;<\/p>\n<p style=\"text-align: justify;\"><strong>Herv\u00e9 de Rinel :<\/strong> Bin ouais c&rsquo;est bien le truc un peu rouge avec des cornes et qui poussent des cris? C&rsquo;est pas \u00e7a? Bon, c&rsquo;est ma femme qui m&rsquo;a fait le costume, . elle s&rsquo;y connait mieux que moi en animaux. Bin j&rsquo;l&rsquo;ai l\u00e0, justement, j&rsquo;en viens.<\/p>\n<p style=\"text-align: justify;\"><strong>Arthur :<\/strong> Faites voir. Mais qu&rsquo;est-ce que c&rsquo;est que cette M&#8230;.? C&rsquo;est pas une peau de renard, \u00e7a, En plus, la vache qu&rsquo;est que \u00e7a pue ce truc! Non mais c&rsquo;est un genre de peau de bouc avec une queue de renard cousu au niveau du fion. Regardez-moi \u00e7a, c&rsquo;est limite monstrueux!<\/p>\n<p style=\"text-align: justify;\"><strong>Perceval \u00a0:<\/strong> Ah mais c&rsquo;est pour \u00e7a, \u00a0\u00e7a fait des mois que \u00e7a pue pendant les r\u00e9unions. J&rsquo;ai rien dit je pensais que c&rsquo;\u00e9tait Karadoc mais \u00e7a doit \u00eatre \u00a0l&rsquo;explication&#8230;<\/p>\n<p style=\"text-align: justify;\"><strong>Arthur<\/strong>: Non mais, regardez \u00e7a, y a m\u00eame une peau de furet crev\u00e9 cousu sur un \u00a0bras. On s&rsquo;demande c&rsquo;que \u00e7a vient foutre l\u00e0&#8230; Dites donc votre femme, elle est au moins aussi dou\u00e9e en connaissance animali\u00e8re qu&rsquo;en couture .<\/p>\n<p style=\"text-align: justify;\"><strong>Herv\u00e9 de Rinel :<\/strong> Oui, on fait une bonne \u00e9quipe. Elle c&rsquo;est plus le c\u00f4t\u00e9 manuel.<\/p>\n<p style=\"text-align: justify;\"><strong>Arthur :<\/strong> Et vous c&rsquo;est la t\u00eate donc? P&#8230; la vache&#8230;<\/p>\n<p style=\"text-align: justify;\"><strong>L\u00e9odagan :<\/strong> Moi, c&rsquo;qui m&rsquo;\u00e9chappe c&rsquo;est qu&rsquo;ils ne se soient pas plaints avant les p\u00e9cores.<\/p>\n<p style=\"text-align: justify;\"><strong>Herv\u00e9 de Rinel :<\/strong> Non mais l\u00e0 j&rsquo;ai chang\u00e9 en fait. Avant elle m&rsquo;avait fait un costume de pigeon mais j&rsquo;en avais marre d&rsquo;\u00eatre toujours perch\u00e9 dans le m\u00eame arbre. En plus il \u00e9tait un peu loin des habitations, j&rsquo;entendais rien.<\/p>\n<p style=\"text-align: justify;\"><strong>Arthur :<\/strong> P&#8230; Bon.. Pfffff, alors Herv\u00e9 vous \u00e9coutez bien l\u00e0?<\/p>\n<p style=\"text-align: justify;\"><strong>Herv\u00e9 de Rinel :<\/strong> heu ouais&#8230;<\/p>\n<p style=\"text-align: justify;\"><strong>Arthur :<\/strong> Alors \u00e0\u00a0partir de maintenant, la mission d&rsquo;espionnage est finie d&rsquo;accord\u00a0? Allez y, r\u00e9p\u00e9tez.<\/p>\n<p style=\"text-align: justify;\"><strong>Herv\u00e9 de Rinel :<\/strong> Heu ouais&#8230;<\/p>\n<p style=\"text-align: justify;\"><strong>Arthur :<\/strong> Non, mais r\u00e9p\u00e9tez !<\/p>\n<p style=\"text-align: justify;\"><strong>Herv\u00e9 de Rinel :<\/strong> Heu la mission d&rsquo;espionnage est finie<\/p>\n<p style=\"text-align: justify;\"><strong>Arthur :<\/strong> Voil\u00e0 tr\u00e8s bien \u00a0ET, attention, c&rsquo;est important, vous arr\u00eatez de roder autour des p\u00e9cores avec ou sans costume! Termin\u00e9 ! Ah et autre chose, ce truc immonde, vous m&rsquo;le cramez, j&rsquo;veux plus en entendre parler.<\/p>\n<p style=\"text-align: justify;\"><strong>Herv\u00e9 de Rinel :<\/strong> Vous \u00eates s\u00fbr? C&rsquo;est dommage, Ma femme avait commenc\u00e9 \u00e0 me faire un camouflage de truite.<\/p>\n<p style=\"text-align: justify;\"><strong>Arthur :<\/strong> De? Truite\u00a0\u00a0 ?????<\/p>\n<p style=\"text-align: justify;\"><strong>Herv\u00e9 de Rinel :<\/strong> Bin oui y a un ruisseau qui passe pas loin.<\/p>\n<p style=\"text-align: justify;\"><strong>Arthur :<\/strong> oh p&#8230; Non mais vous arr\u00eatez tout c&rsquo;qu&rsquo;est costume \u00e0 l\u2019ext\u00e9rieur. POINT! \u00e7a suffit! VOUS CRAMEZ TOUT CE MERDIER, LE BOUC, LE PIGEON ET TOUTE LA M\u00c9NAGERIE. Apr\u00e8s si chez vous en soir\u00e9e, bref vous faites c&rsquo;que vous voulez, j&rsquo;veux surtout pas l&rsquo;savoir.<\/p>\n<p style=\"text-align: justify;\"><strong>Herv\u00e9 de Rinel :<\/strong> Mais du coup quand est ce que j&rsquo;vous fais mon rapport de mission?<\/p>\n<p style=\"text-align: justify;\"><strong>Arthur :<\/strong> Votre?<\/p>\n<p style=\"text-align: justify;\"><strong>Herv\u00e9 de Rinel :<\/strong> Bin, j&rsquo;y ai pass\u00e9 du temps quand m\u00eame&#8230;<\/p>\n<p style=\"text-align: justify;\"><strong>Arthur :<\/strong> Ah oui exact. pfff&#8230; Bon, grouillez vous! Allez-y&#8230;<\/p>\n<p style=\"text-align: justify;\"><strong>Herv\u00e9 de Rinel :<\/strong>\u00a0Voila, j&rsquo;ai remarqu\u00e9 que depuis quelques temps ils n&rsquo;arr\u00eatent pas de planter des piquets. Je ne sais pas ce qu&rsquo;ils font mais \u00e7a parait bizarre.<\/p>\n<p style=\"text-align: justify;\"><strong>Arthur :<\/strong> Ah ok d&rsquo;accord, non\u00a0 non mais \u00e7a c&rsquo;est bon on sait du coup.<\/p>\n<p style=\"text-align: justify;\"><strong>Herv\u00e9 de Rinel :<\/strong> Ah bon? Mais \u00e7a sert \u00e0 quoi?<\/p>\n<p style=\"text-align: justify;\"><strong>Arthur :<\/strong> Bin \u00e0 mon avis, \u00e7a sert \u00e0 attraper les gros cons d\u00e9guis\u00e9s en machins improbables et qui s&rsquo; prennent pour des renards&#8230;<\/p>\n<p style=\"text-align: justify;\"><strong>Noir<\/strong><\/p>\n<p style=\"text-align: justify;\"><strong>Guethenoc :<\/strong> Alors, Sire rapport \u00e0 notre probl\u00e8me vous avez des nouvelles?<\/p>\n<p style=\"text-align: justify;\"><strong>Arthur :<\/strong> Non mais \u00e7a craint plus rien \u00e7a, c&rsquo;est bon. c&rsquo;est r\u00e9gl\u00e9<\/p>\n<p><strong>Roparzh :<\/strong> Comment \u00e7a c&rsquo;est r\u00e9gl\u00e9? Mais c&rsquo;tait quoi alors cette saloperie?<\/p>\n<p style=\"text-align: justify;\"><strong>Arthur :<\/strong> Non mais rien. Alors si quand m\u00eame par contre, parce qu&rsquo;on sait jamais si vous voyez encore un truc dans le m\u00eame style, roder par l\u00e0-bas, sur la terre, dans un arbre ou tiens dans l&rsquo;eau m\u00eame, on sait pas, quelque soit la forme que \u00e7a a, vous y mettez un bon coup de fourche dans le fion.<\/p>\n<p style=\"text-align: justify;\"><strong>Guethenoc :<\/strong> Ah non mais \u00e7a, avec nous, y a pas de probl\u00e8me. Par contre j&rsquo;aime mieux vous l&rsquo;dire si on a l&rsquo;temps d&rsquo;viser on choisira plut\u00f4t la t\u00eate.<\/p>\n<p style=\"text-align: justify;\">En vous souhaitant une excellente journ\u00e9e!<\/p>\n<p style=\"text-align: justify;\">Fred<br \/>\nPour moyenagepassion.com<br \/>\n<strong>A la d\u00e9couverte du monde m\u00e9di\u00e9val sous toutes ses formes.<\/strong><\/p>\n","protected":false},"excerpt":{"rendered":"<p>Sujet : Kaamelott, l\u00e9gendes arthuriennes, roi Arthur, p\u00e9cores, Herv\u00e9 de Rinel, L\u00e9odagan, Perceval, \u00a0b\u00eate du G\u00e9vaudan, humour, audio, in\u00e9dit, com\u00e9die, hommage. P\u00e9riode : moyen-\u00e2ge central, haut moyen-\u00e2ge pour la l\u00e9gende. Auteur : \u00a0Votre \u00a0serviteur \u00e0 la mani\u00e8re de l&rsquo;auteur Alexandre Astier S\u00e9rie t\u00e9l\u00e9vis\u00e9e culte, M6, Calt Production M\u00e9dia : \u00e9pisodes audio, cha\u00eene youtube. Bonjour \u00e0 &hellip; <a href=\"https:\/\/www.moyenagepassion.com\/index.php\/2017\/03\/11\/kaamelott-les-pecores-et-la-bete-du-gevaudan-2-un-episode-inedit-en-hommage-a-la-serie-culte\/\" class=\"more-link\">Continuer la lecture de <span class=\"screen-reader-text\">Kaamelott : la b\u00eate du G\u00e9vaudan 2, un \u00e9pisode in\u00e9dit en hommage \u00e0 la s\u00e9rie culte d&rsquo;Alexandre Astier<\/span>  <span class=\"meta-nav\">&rarr;<\/span><\/a><\/p>\n","protected":false},"author":2,"featured_media":0,"comment_status":"open","ping_status":"open","sticky":false,"template":"","format":"standard","meta":{"_monsterinsights_skip_tracking":false,"_monsterinsights_sitenote_active":false,"_monsterinsights_sitenote_note":"","_monsterinsights_sitenote_category":0,"footnotes":""},"categories":[14,8,10],"tags":[197,386,2395,2396,35,125,2401,2437,2435,940,2343,2400,625,2393,2433,1106,779,1846,2099,2434,2170,556,2438,346,559,568,906,2392,558,349,2394,577,563,4490,733,2436],"class_list":["post-11164","post","type-post","status-publish","format-standard","hentry","category-chaine-youtube-moyen-age","category-blagues-humour-moyen-age","category-series-televisees-moyen-age","tag-alexandre-astier","tag-audio","tag-bete-du-gevaudan","tag-calt-production","tag-chaine-youtube","tag-chevalier","tag-comedie","tag-episodes-audio","tag-espion","tag-espionnage","tag-fan","tag-gilles-graveleau","tag-graal","tag-guethenoc","tag-herve-de-rinel","tag-hommage","tag-humour","tag-humour-audio","tag-imitation","tag-inedit","tag-kaameloot","tag-kaamelott","tag-kamelot","tag-legendes-arthuriennes","tag-leodagan","tag-m6","tag-non-sens","tag-pecores","tag-perceval","tag-roi-arthur","tag-roparzh","tag-serge-papagalli","tag-serie-culte","tag-serie-tv","tag-table-ronde","tag-tony-saba"],"aioseo_notices":[],"_links":{"self":[{"href":"https:\/\/www.moyenagepassion.com\/index.php\/wp-json\/wp\/v2\/posts\/11164"}],"collection":[{"href":"https:\/\/www.moyenagepassion.com\/index.php\/wp-json\/wp\/v2\/posts"}],"about":[{"href":"https:\/\/www.moyenagepassion.com\/index.php\/wp-json\/wp\/v2\/types\/post"}],"author":[{"embeddable":true,"href":"https:\/\/www.moyenagepassion.com\/index.php\/wp-json\/wp\/v2\/users\/2"}],"replies":[{"embeddable":true,"href":"https:\/\/www.moyenagepassion.com\/index.php\/wp-json\/wp\/v2\/comments?post=11164"}],"version-history":[{"count":1,"href":"https:\/\/www.moyenagepassion.com\/index.php\/wp-json\/wp\/v2\/posts\/11164\/revisions"}],"predecessor-version":[{"id":34059,"href":"https:\/\/www.moyenagepassion.com\/index.php\/wp-json\/wp\/v2\/posts\/11164\/revisions\/34059"}],"wp:attachment":[{"href":"https:\/\/www.moyenagepassion.com\/index.php\/wp-json\/wp\/v2\/media?parent=11164"}],"wp:term":[{"taxonomy":"category","embeddable":true,"href":"https:\/\/www.moyenagepassion.com\/index.php\/wp-json\/wp\/v2\/categories?post=11164"},{"taxonomy":"post_tag","embeddable":true,"href":"https:\/\/www.moyenagepassion.com\/index.php\/wp-json\/wp\/v2\/tags?post=11164"}],"curies":[{"name":"wp","href":"https:\/\/api.w.org\/{rel}","templated":true}]}}