{"id":11386,"date":"2017-03-20T23:26:17","date_gmt":"2017-03-20T22:26:17","guid":{"rendered":"http:\/\/www.moyenagepassion.com\/?p=11386"},"modified":"2017-07-30T02:26:33","modified_gmt":"2017-07-30T01:26:33","slug":"lecole-dete-de-lecole-nationale-des-chartes-excellence-et-prestige-au-service-de-lhistoire","status":"publish","type":"post","link":"https:\/\/www.moyenagepassion.com\/index.php\/2017\/03\/20\/lecole-dete-de-lecole-nationale-des-chartes-excellence-et-prestige-au-service-de-lhistoire\/","title":{"rendered":"l&rsquo;Ecole d&rsquo;\u00e9t\u00e9 de l&rsquo;Ecole nationale des Chartes : excellence et prestige au service de l&rsquo;Histoire"},"content":{"rendered":"<div id=\"moyen-1960368276\" class=\"moyen-before-content moyen-entity-placement\"><script async src=\"\/\/pagead2.googlesyndication.com\/pagead\/js\/adsbygoogle.js?client=ca-pub-3035390706780632\" crossorigin=\"anonymous\"><\/script><ins class=\"adsbygoogle\" style=\"display:block;\" data-ad-client=\"ca-pub-3035390706780632\" \ndata-ad-slot=\"\" \ndata-ad-format=\"auto\"><\/ins>\n<script> \n(adsbygoogle = window.adsbygoogle || []).push({}); \n<\/script>\n<\/div><p><strong><a href=\"https:\/\/www.moyenagepassion.com\/wp-content\/uploads\/2017\/03\/universite_ete_ecole_nationale_chartes_histoire_medievale_patrimoine_moyen-age.jpg\"><img decoding=\"async\" class=\"alignleft wp-image-11408\" src=\"https:\/\/www.moyenagepassion.com\/wp-content\/uploads\/2017\/03\/universite_ete_ecole_nationale_chartes_histoire_medievale_patrimoine_moyen-age-167x300.jpg\" alt=\"universite_ete_ecole_nationale_chartes_histoire_medievale_patrimoine_moyen-age\" width=\"97\" height=\"174\" srcset=\"https:\/\/www.moyenagepassion.com\/wp-content\/uploads\/2017\/03\/universite_ete_ecole_nationale_chartes_histoire_medievale_patrimoine_moyen-age-167x300.jpg 167w, https:\/\/www.moyenagepassion.com\/wp-content\/uploads\/2017\/03\/universite_ete_ecole_nationale_chartes_histoire_medievale_patrimoine_moyen-age.jpg 350w\" sizes=\"(max-width: 97px) 100vw, 97px\" \/><\/a>Sujet :<\/strong>\u00a0 \u00a0\u00e9cole d&rsquo;\u00e9t\u00e9, Summer School, Histoire, monde m\u00e9di\u00e9val, patrimoine, passion, \u00a0enseignement, conf\u00e9rence, visites guid\u00e9es,<br \/>\n<strong>P\u00e9riode :<\/strong> \u00a0du moyen-\u00e2ge \u00e0 l&rsquo;ancien r\u00e9gime<br \/>\n<strong>Organisateur<\/strong> : \u00a0Ecole nationale des Chartes<br \/>\n<strong>Lieu\u00a0 :<\/strong>\u00a0 sites historiques d&rsquo;int\u00e9r\u00eat, \u00a0Cit\u00e9 internationale universitaire de Paris.<br \/>\n<strong>Date :\u00a0<\/strong>du lundi 3<strong>\u00a0<\/strong>\u00a0au vendredi 7 \u00a0juillet 2017<\/p>\n<p>Bonjour \u00e0 tous,<\/p>\n<p style=\"text-align: justify;\"><img decoding=\"async\" class=\"alignleft size-full wp-image-255\" src=\"https:\/\/www.moyenagepassion.com\/wp-content\/uploads\/2015\/12\/I_lettrine_moyen_age_passion-copia.jpg\" alt=\"I_lettrine_moyen_age_passion copia\" width=\"84\" height=\"103\" \/>l serait injuste de r\u00e9duire l&rsquo;enseignement de l&rsquo;Histoire en France \u00e0 une seule \u00e9cole. Elle vit dans nos universit\u00e9s du Sud au Nord et de l&rsquo;Est \u00e0 l&rsquo;Ouest, port\u00e9e par des passionn\u00e9s de recherche et de grands historiens mais, pour autant, on peut difficilement <a href=\"https:\/\/www.moyenagepassion.com\/wp-content\/uploads\/2017\/03\/universite_ete_ecole_nationale_chartes_formation_histoire_medievale_patrimoine_france.jpg\"><img decoding=\"async\" class=\"alignright wp-image-11404\" src=\"https:\/\/www.moyenagepassion.com\/wp-content\/uploads\/2017\/03\/universite_ete_ecole_nationale_chartes_formation_histoire_medievale_patrimoine_france.jpg\" alt=\"universite_ete_ecole_nationale_chartes_formation_histoire_medievale_patrimoine_france\" width=\"170\" height=\"274\" srcset=\"https:\/\/www.moyenagepassion.com\/wp-content\/uploads\/2017\/03\/universite_ete_ecole_nationale_chartes_formation_histoire_medievale_patrimoine_france.jpg 245w, https:\/\/www.moyenagepassion.com\/wp-content\/uploads\/2017\/03\/universite_ete_ecole_nationale_chartes_formation_histoire_medievale_patrimoine_france-187x300.jpg 187w\" sizes=\"(max-width: 170px) 100vw, 170px\" \/><\/a>parler d&rsquo;excellence dans cette discipline au niveau national, sans penser \u00e0 la prestigieuse et tr\u00e8s renomm\u00e9e <em><strong>Ecole Nationale des Chartes<\/strong><\/em>.<\/p>\n<p style=\"text-align: justify;\">Cr\u00e9\u00e9e par ordonnance royale de Louis XVIII en 1821, sise \u00e0 l&rsquo;ombre de la Sorbonne, l&rsquo;\u00e9cole\u00a0porte pr\u00e8s de deux cents ans d&rsquo;histoire et d&rsquo;enseignement. \u00a0Au del\u00e0 \u00a0des formations qu&rsquo;elle dispense dans la science historique mais aussi dans les m\u00e9tiers li\u00e9s \u00e0 l&rsquo;archivage, l&rsquo;exploitation et la conservation du patrimoine, elle a su \u00e9largir son champ d&rsquo;investigation aux sciences de l&rsquo;homme et de la soci\u00e9t\u00e9 pour proposer une approche large et pluridisciplinaire de l&rsquo;Histoire. Dipl\u00f4me d&rsquo;archiviste-pal\u00e9ographes, \u00e9tudes doctorales, master(s) mention \u00abHistoire\u00bb et encore mention \u00abNouvelles technologies appliqu\u00e9es \u00e0 l\u2019Histoire\u00bb, les qualifications offertes par cette grande \u00e9cole sont largement reconnues et valoris\u00e9es sur le territoire fran\u00e7ais, mais les <a href=\"https:\/\/www.moyenagepassion.com\/wp-content\/uploads\/2017\/03\/universite_ete_ecole_nationale_chartes_musee_cluny_art_histoire_medievale_patrimoine_france.jpg\"><img decoding=\"async\" class=\"alignleft wp-image-11412\" src=\"https:\/\/www.moyenagepassion.com\/wp-content\/uploads\/2017\/03\/universite_ete_ecole_nationale_chartes_musee_cluny_art_histoire_medievale_patrimoine_france.jpg\" alt=\"universite_ete_ecole_nationale_chartes_musee_cluny_art_histoire_medievale_patrimoine_france\" width=\"179\" height=\"288\" srcset=\"https:\/\/www.moyenagepassion.com\/wp-content\/uploads\/2017\/03\/universite_ete_ecole_nationale_chartes_musee_cluny_art_histoire_medievale_patrimoine_france.jpg 245w, https:\/\/www.moyenagepassion.com\/wp-content\/uploads\/2017\/03\/universite_ete_ecole_nationale_chartes_musee_cluny_art_histoire_medievale_patrimoine_france-187x300.jpg 187w\" sizes=\"(max-width: 179px) 100vw, 179px\" \/><\/a>programmes qu&rsquo;elle a su mettre en place et son ouverture lui conf\u00e8rent encore un rayonnement au niveau europ\u00e9en et international.<\/p>\n<p style=\"text-align: justify;\">Nous avons partag\u00e9 ici, \u00e0 plusieurs reprises, quelques unes des brillantes conf\u00e9rences que l&rsquo;\u00e9cole met \u00e0 disposition du public via sa <a href=\"https:\/\/www.youtube.com\/user\/ecoledeschartes\" target=\"_blank\">cha\u00eene youtube<\/a> notamment, mais aujourd&rsquo;hui nous voulons relayer une information qu&rsquo;elle nous a fait parvenir et vous toucher une mot de son Ecole d&rsquo;\u00e9t\u00e9.<\/p>\n<h2 style=\"text-align: justify;\">L\u2019\u00c9cole d\u2019\u00e9t\u00e9 internationale<br \/>\n\u00ab Histoire et patrimoines de la France \u00bb<\/h2>\n<figure id=\"attachment_11405\" aria-describedby=\"caption-attachment-11405\" style=\"width: 650px\" class=\"wp-caption alignnone\"><a href=\"https:\/\/www.moyenagepassion.com\/wp-content\/uploads\/2017\/03\/universite_ete_ecole_nationale_chartes_histoire_medievale_patrimoine_france.jpg\"><img decoding=\"async\" class=\"wp-image-11405 size-full\" src=\"https:\/\/www.moyenagepassion.com\/wp-content\/uploads\/2017\/03\/universite_ete_ecole_nationale_chartes_histoire_medievale_patrimoine_france.jpg\" alt=\"universite_ete_ecole_nationale_chartes_histoire_medievale_patrimoine_france\" width=\"650\" height=\"381\" srcset=\"https:\/\/www.moyenagepassion.com\/wp-content\/uploads\/2017\/03\/universite_ete_ecole_nationale_chartes_histoire_medievale_patrimoine_france.jpg 650w, https:\/\/www.moyenagepassion.com\/wp-content\/uploads\/2017\/03\/universite_ete_ecole_nationale_chartes_histoire_medievale_patrimoine_france-300x176.jpg 300w\" sizes=\"(max-width: 650px) 100vw, 650px\" \/><\/a><figcaption id=\"caption-attachment-11405\" class=\"wp-caption-text\">Cit\u00e9 internationale universitaire de Paris, point de d\u00e9part de la formation de l&rsquo;universit\u00e9 d&rsquo;\u00e9t\u00e9 de l&rsquo;\u00e9cole des Chartes<\/figcaption><\/figure>\n<p style=\"text-align: justify;\"><img decoding=\"async\" class=\"alignleft size-full wp-image-153\" src=\"https:\/\/www.moyenagepassion.com\/wp-content\/uploads\/2015\/12\/L_lettrine_moyen_age_passion.jpg\" alt=\"L_lettrine_moyen_age_passion\" width=\"84\" height=\"103\" \/>&lsquo;<em><strong>E<\/strong><strong>cole nationale de Chartes<\/strong><\/em> ouvrira, en effet, dans quelques mois, ses premi\u00e8res classes d&rsquo;\u00e9t\u00e9. Le programme s&rsquo;\u00e9talera sur la premi\u00e8re semaine de juillet et les sujets \u00a0abord\u00e9s couvriront une p\u00e9riode qui va du moyen-\u00e2ge \u00e0 l&rsquo;ancien r\u00e9gime. L&rsquo;enseignement alternera visites guid\u00e9es par d&rsquo;\u00e9minents sp\u00e9cialistes, conf\u00e9rences et ateliers pratiques. On pourra notamment y retrouver \u00a0<em><strong><a href=\"https:\/\/www.moyenagepassion.com\/index.php\/tag\/michel-pastoureau\/\" target=\"_blank\">Michel Pastoureau<\/a><\/strong><\/em> dont nous avons souvent parl\u00e9 ici, \u00a0mais aussi \u00a0d&rsquo;autres grands historiens \u00a0et arch\u00e9ologues de l&rsquo;\u00e9cole, et encore d&rsquo;autres \u00e9rudits venus sp\u00e9cialement pour l&rsquo;occasion.<\/p>\n<figure id=\"attachment_11407\" aria-describedby=\"caption-attachment-11407\" style=\"width: 650px\" class=\"wp-caption alignnone\"><a href=\"https:\/\/www.moyenagepassion.com\/wp-content\/uploads\/2017\/03\/universite_ete_ecole_nationale_chartes_visite_archives_site_richelieu_bnf_histoire_medievale_patrimoine_france.jpg\"><img decoding=\"async\" class=\"wp-image-11407 size-full\" src=\"https:\/\/www.moyenagepassion.com\/wp-content\/uploads\/2017\/03\/universite_ete_ecole_nationale_chartes_visite_archives_site_richelieu_bnf_histoire_medievale_patrimoine_france.jpg\" alt=\"Le site Richelieu de la BNF au coeur des archives fran\u00e7aises \" width=\"650\" height=\"462\" srcset=\"https:\/\/www.moyenagepassion.com\/wp-content\/uploads\/2017\/03\/universite_ete_ecole_nationale_chartes_visite_archives_site_richelieu_bnf_histoire_medievale_patrimoine_france.jpg 650w, https:\/\/www.moyenagepassion.com\/wp-content\/uploads\/2017\/03\/universite_ete_ecole_nationale_chartes_visite_archives_site_richelieu_bnf_histoire_medievale_patrimoine_france-300x213.jpg 300w\" sizes=\"(max-width: 650px) 100vw, 650px\" \/><\/a><figcaption id=\"caption-attachment-11407\" class=\"wp-caption-text\">Le site Richelieu de la BNF au coeur des archives fran\u00e7aises<\/figcaption><\/figure>\n<p style=\"text-align: justify;\">Les sites visit\u00e9s seront des lieux prestigieux de l&rsquo;Histoire et du patrimoine fran\u00e7ais\u00a0: le <em><strong>mus\u00e9e de Cluny<\/strong><\/em>, les <em><strong>archives fran\u00e7aises<\/strong> <\/em>et le <em><strong>site Richelieu<\/strong><\/em> de la BnF, le <em><strong>ch\u00e2teau de Versailles<\/strong><\/em>, et encore l&rsquo;<em><strong>abbaye de Royaumont <\/strong><\/em>dans le Val d&rsquo;Oise, v\u00e9ritable fleuron de l&rsquo;architecture monastique cistercienne du XIIIe si\u00e8cle. Il n&rsquo;est pas question ici\u00a0de visites ordinaires qu&rsquo;on le comprenne bien. \u00a0 Pour ceux qui auront le privil\u00e8ge de suivre ce programme, il s&rsquo;agit bien \u00a0s\u00fbr de visites priv\u00e9es et d&rsquo;acc\u00e8s \u00e0 des lieux tr\u00e8s privil\u00e9gi\u00e9s en compagnie d&rsquo;\u00e9rudits vers\u00e9s dans ces questions.<\/p>\n<figure id=\"attachment_11406\" aria-describedby=\"caption-attachment-11406\" style=\"width: 650px\" class=\"wp-caption alignnone\"><a href=\"https:\/\/www.moyenagepassion.com\/wp-content\/uploads\/2017\/03\/universite_ete_ecole_nationale_chartes_visite_abbaye_royaumont_histoire_medievale_patrimoine_france.jpg\"><img decoding=\"async\" class=\"wp-image-11406 size-full\" src=\"https:\/\/www.moyenagepassion.com\/wp-content\/uploads\/2017\/03\/universite_ete_ecole_nationale_chartes_visite_abbaye_royaumont_histoire_medievale_patrimoine_france.jpg\" alt=\"Nuit\u00e9e et diner de gala au coeur de l'abbaye de Royaumont\" width=\"650\" height=\"462\" srcset=\"https:\/\/www.moyenagepassion.com\/wp-content\/uploads\/2017\/03\/universite_ete_ecole_nationale_chartes_visite_abbaye_royaumont_histoire_medievale_patrimoine_france.jpg 650w, https:\/\/www.moyenagepassion.com\/wp-content\/uploads\/2017\/03\/universite_ete_ecole_nationale_chartes_visite_abbaye_royaumont_histoire_medievale_patrimoine_france-300x213.jpg 300w\" sizes=\"(max-width: 650px) 100vw, 650px\" \/><\/a><figcaption id=\"caption-attachment-11406\" class=\"wp-caption-text\">Nuit\u00e9e et diner de gala au coeur de l&rsquo;abbaye de Royaumont<\/figcaption><\/figure>\n<h3>Tarifs, inscription et informations pratiques<\/h3>\n<p style=\"text-align: justify;\"><img decoding=\"async\" class=\"alignleft size-full wp-image-148\" src=\"https:\/\/www.moyenagepassion.com\/wp-content\/uploads\/2015\/12\/E_lettrine_moyen_age_passion.jpg\" alt=\"E_lettrine_moyen_age_passion\" width=\"84\" height=\"103\" \/>ntre excellence et prestige, ce programme d&rsquo;enseignement unique, se place \u00e0 tous les niveaux sous le signe de la qualit\u00e9. S&rsquo;il fallait comparer peut-\u00eatre pourrait-on dire qu&rsquo;il est un peu au patrimoine et \u00e0 l&rsquo;Histoire de France ce que l&rsquo;op\u00e9ra est \u00e0 la musique, un v\u00e9ritable moment d&rsquo;exception.<\/p>\n<p style=\"text-align: justify;\">Du point de vue fonctionnel \u00a0et pratique, la formation se pr\u00e9sente comme un package qui couvre la logistique, les visites, les transports, l&rsquo;h\u00e9bergement, les repas et les enseignements. Ceux \u00a0 qui auront la chance de la suivre participeront \u00e9galement \u00e0 un prestigieux d\u00eener de <a href=\"https:\/\/www.moyenagepassion.com\/wp-content\/uploads\/2017\/03\/universite_ete_ecole_nationale_chartes_abbaye_royaumont_gala_histoire_medievale_patrimoine_france.jpg\"><img decoding=\"async\" class=\"alignright wp-image-11416\" src=\"https:\/\/www.moyenagepassion.com\/wp-content\/uploads\/2017\/03\/universite_ete_ecole_nationale_chartes_abbaye_royaumont_gala_histoire_medievale_patrimoine_france.jpg\" alt=\"universite_ete_ecole_nationale_chartes_abbaye_royaumont_gala_histoire_medievale_patrimoine_france\" width=\"176\" height=\"283\" srcset=\"https:\/\/www.moyenagepassion.com\/wp-content\/uploads\/2017\/03\/universite_ete_ecole_nationale_chartes_abbaye_royaumont_gala_histoire_medievale_patrimoine_france.jpg 245w, https:\/\/www.moyenagepassion.com\/wp-content\/uploads\/2017\/03\/universite_ete_ecole_nationale_chartes_abbaye_royaumont_gala_histoire_medievale_patrimoine_france-187x300.jpg 187w\" sizes=\"(max-width: 176px) 100vw, 176px\" \/><\/a>gala donn\u00e9 \u00e0 l&rsquo;<em><strong>abbaye de Royaumont<\/strong><\/em>\u00a0 o\u00f9 ils\u00a0passeront une nuit\u00e9e. Durant la journ\u00e9e pass\u00e9e \u00e0 Versailles, ils auront encore l&rsquo;opportunit\u00e9 de d\u00e9guster\u00a0 un repas gastronomique.<\/p>\n<p style=\"text-align: justify;\">Eu \u00e9gard \u00e0 l&rsquo;excellence\u00a0 des enseignements autant qu&rsquo;au cadre g\u00e9n\u00e9ral et \u00e0 la qualit\u00e9 vis\u00e9e, l&rsquo;Ecole propose\u00a0une grille de tarifs largement positionn\u00e9e, au plus pr\u00e8s des frais engag\u00e9s. Individuels, couples, \u00e9tudiants \u00a0ou retrait\u00e9s, chacun devrait y trouver sa place; l&rsquo;objectif restant bien pour la prestigieuse Ecole d&rsquo;ouvrir cette \u00a0semaine tr\u00e8s sp\u00e9ciale autour de l&rsquo;Histoire et du patrimoine \u00a0\u00e0 \u00a0tous les passionn\u00e9s du sujet.<\/p>\n<p style=\"text-align: justify;\">Nous vous laissons consulter l&rsquo;ensemble des d\u00e9tails pratiques de l&rsquo;inscription directement sur le site de l&rsquo;ENC.<\/p>\n<p><a href=\"http:\/\/www.enc-sorbonne.fr\/fr\/actualite\/summer-school-histoire-patrimoine-france\" target=\"_blank\">Informations et inscriptions sur le site de l&rsquo;ENC ici<\/a>.<\/p>\n<p><a href=\"https:\/\/drive.google.com\/file\/d\/0B1-F601nfqMFbXVPMVduZjBhWjFtdUR0M1BaQ0tFMUIzajJr\/view\" target=\"_blank\">T\u00e9l\u00e9chargez le programme de l&rsquo;universit\u00e9 d&rsquo;\u00e9t\u00e9 ici.<\/a><\/p>\n<figure id=\"attachment_11410\" aria-describedby=\"caption-attachment-11410\" style=\"width: 650px\" class=\"wp-caption alignnone\"><a href=\"https:\/\/www.moyenagepassion.com\/wp-content\/uploads\/2017\/03\/universite_ete_ecole_nationale_chartes_visite_versailles_patrimoine_france.jpg\"><img decoding=\"async\" class=\"wp-image-11410 size-full\" src=\"https:\/\/www.moyenagepassion.com\/wp-content\/uploads\/2017\/03\/universite_ete_ecole_nationale_chartes_visite_versailles_patrimoine_france.jpg\" alt=\"universite_ete_ecole_nationale_chartes_visite_versailles_patrimoine_france\" width=\"650\" height=\"462\" srcset=\"https:\/\/www.moyenagepassion.com\/wp-content\/uploads\/2017\/03\/universite_ete_ecole_nationale_chartes_visite_versailles_patrimoine_france.jpg 650w, https:\/\/www.moyenagepassion.com\/wp-content\/uploads\/2017\/03\/universite_ete_ecole_nationale_chartes_visite_versailles_patrimoine_france-300x213.jpg 300w\" sizes=\"(max-width: 650px) 100vw, 650px\" \/><\/a><figcaption id=\"caption-attachment-11410\" class=\"wp-caption-text\">La galerie des Glaces de Versailles<\/figcaption><\/figure>\n<h3>Validation des acquis<\/h3>\n<p style=\"text-align: justify;\"><img decoding=\"async\" class=\"alignleft size-full wp-image-59\" src=\"https:\/\/www.moyenagepassion.com\/wp-content\/uploads\/2015\/12\/A_lettrine_moyen_age_passion.jpg\" alt=\"A_lettrine_moyen_age_passion\" width=\"84\" height=\"103\" \/>joutons encore qu&rsquo;en terme de validation des acquis, la \u00a0poursuite de l&rsquo;enseignement de cette \u00e9cole d&rsquo;\u00e9t\u00e9 donnera lieu \u00e0 l&rsquo;obtention d&rsquo;un Certificat. Dans le syst\u00e8me d&rsquo;\u00e9quivalence mis en place au niveau europ\u00e9en ce dernier \u00e9quivaudra \u00e0 \u00a01 ECTS.<\/p>\n<p style=\"text-align: justify;\"><strong>Pour conclure, voici une petite vid\u00e9o de pr\u00e9sentation<br \/>\n<\/strong><code><iframe src=\"https:\/\/www.youtube.com\/embed\/_KSd88WsQeU\" width=\"560\" height=\"315\" frameborder=\"0\" allowfullscreen=\"allowfullscreen\"><\/iframe><\/code><\/p>\n<p>En vous souhaitant une excellente journ\u00e9e.<\/p>\n<p>Fr\u00e9d\u00e9ric EFFE<br \/>\nPour moyenagepassion.com<br \/>\n<em><strong>A la d\u00e9couverte du monde m\u00e9di\u00e9val sous toutes ses formes.<\/strong><\/em><\/p>\n","protected":false},"excerpt":{"rendered":"<p>Sujet :\u00a0 \u00a0\u00e9cole d&rsquo;\u00e9t\u00e9, Summer School, Histoire, monde m\u00e9di\u00e9val, patrimoine, passion, \u00a0enseignement, conf\u00e9rence, visites guid\u00e9es, P\u00e9riode : \u00a0du moyen-\u00e2ge \u00e0 l&rsquo;ancien r\u00e9gime Organisateur : \u00a0Ecole nationale des Chartes Lieu\u00a0 :\u00a0 sites historiques d&rsquo;int\u00e9r\u00eat, \u00a0Cit\u00e9 internationale universitaire de Paris. Date :\u00a0du lundi 3\u00a0\u00a0au vendredi 7 \u00a0juillet 2017 Bonjour \u00e0 tous, l serait injuste de r\u00e9duire l&rsquo;enseignement &hellip; <a href=\"https:\/\/www.moyenagepassion.com\/index.php\/2017\/03\/20\/lecole-dete-de-lecole-nationale-des-chartes-excellence-et-prestige-au-service-de-lhistoire\/\" class=\"more-link\">Continuer la lecture de <span class=\"screen-reader-text\">l&rsquo;Ecole d&rsquo;\u00e9t\u00e9 de l&rsquo;Ecole nationale des Chartes : excellence et prestige au service de l&rsquo;Histoire<\/span>  <span class=\"meta-nav\">&rarr;<\/span><\/a><\/p>\n","protected":false},"author":2,"featured_media":0,"comment_status":"open","ping_status":"open","sticky":false,"template":"","format":"standard","meta":{"_monsterinsights_skip_tracking":false,"_monsterinsights_sitenote_active":false,"_monsterinsights_sitenote_note":"","_monsterinsights_sitenote_category":0,"footnotes":""},"categories":[1275,11],"tags":[2475,2474,2472,2470,2471,189,520,682,1943,182,18,2477,34,1536,2476,2473,2478],"class_list":["post-11386","post","type-post","status-publish","format-standard","hentry","category-conference","category-fetes-medievales-evenement","tag-abbaye-de-royaumont","tag-cluny","tag-ecole-dete","tag-ecole-nationale-des-chartes","tag-enseignement","tag-histoire","tag-histoire-medievale","tag-lieux-dinteret","tag-michel-pastoureau","tag-monde-medieval","tag-moyen-age","tag-musee-de-cluny","tag-passion","tag-patrimoine","tag-patrimoine-francais","tag-site-richelieu","tag-universite-dete"],"aioseo_notices":[],"_links":{"self":[{"href":"https:\/\/www.moyenagepassion.com\/index.php\/wp-json\/wp\/v2\/posts\/11386"}],"collection":[{"href":"https:\/\/www.moyenagepassion.com\/index.php\/wp-json\/wp\/v2\/posts"}],"about":[{"href":"https:\/\/www.moyenagepassion.com\/index.php\/wp-json\/wp\/v2\/types\/post"}],"author":[{"embeddable":true,"href":"https:\/\/www.moyenagepassion.com\/index.php\/wp-json\/wp\/v2\/users\/2"}],"replies":[{"embeddable":true,"href":"https:\/\/www.moyenagepassion.com\/index.php\/wp-json\/wp\/v2\/comments?post=11386"}],"version-history":[{"count":0,"href":"https:\/\/www.moyenagepassion.com\/index.php\/wp-json\/wp\/v2\/posts\/11386\/revisions"}],"wp:attachment":[{"href":"https:\/\/www.moyenagepassion.com\/index.php\/wp-json\/wp\/v2\/media?parent=11386"}],"wp:term":[{"taxonomy":"category","embeddable":true,"href":"https:\/\/www.moyenagepassion.com\/index.php\/wp-json\/wp\/v2\/categories?post=11386"},{"taxonomy":"post_tag","embeddable":true,"href":"https:\/\/www.moyenagepassion.com\/index.php\/wp-json\/wp\/v2\/tags?post=11386"}],"curies":[{"name":"wp","href":"https:\/\/api.w.org\/{rel}","templated":true}]}}