{"id":11470,"date":"2017-03-22T14:36:47","date_gmt":"2017-03-22T13:36:47","guid":{"rendered":"http:\/\/www.moyenagepassion.com\/?p=11470"},"modified":"2020-10-05T01:21:26","modified_gmt":"2020-10-05T00:21:26","slug":"lhomme-au-coeur-de-lhistoire-et-lhistoire-au-coeur-des-sciences-de-lhomme","status":"publish","type":"post","link":"https:\/\/www.moyenagepassion.com\/index.php\/2017\/03\/22\/lhomme-au-coeur-de-lhistoire-et-lhistoire-au-coeur-des-sciences-de-lhomme\/","title":{"rendered":"l&rsquo;homme au coeur de l&rsquo;histoire et l&rsquo;histoire au coeur des sciences de l&rsquo;homme"},"content":{"rendered":"<div id=\"moyen-2282522613\" class=\"moyen-before-content moyen-entity-placement\"><script async src=\"\/\/pagead2.googlesyndication.com\/pagead\/js\/adsbygoogle.js?client=ca-pub-3035390706780632\" crossorigin=\"anonymous\"><\/script><ins class=\"adsbygoogle\" style=\"display:block;\" data-ad-client=\"ca-pub-3035390706780632\" \ndata-ad-slot=\"\" \ndata-ad-format=\"auto\"><\/ins>\n<script> \n(adsbygoogle = window.adsbygoogle || []).push({}); \n<\/script>\n<\/div><p style=\"text-align: left;\"><strong><a href=\"https:\/\/www.moyenagepassion.com\/wp-content\/uploads\/2017\/03\/histoire_questionnement_sciences_humaines_anthropologie_liberte_representations_symboliques.jpg\"><img decoding=\"async\" class=\"alignleft wp-image-11490\" src=\"https:\/\/www.moyenagepassion.com\/wp-content\/uploads\/2017\/03\/histoire_questionnement_sciences_humaines_anthropologie_liberte_representations_symboliques.jpg\" alt=\"histoire_questionnement_sciences_humaines_anthropologie_liberte_representations_symboliques\" width=\"55\" height=\"103\" \/><\/a>Sujet<\/strong> : citations \u00a0histoire, historien m\u00e9di\u00e9viste, <em><strong>Michel Pastoureau<\/strong><\/em>, \u00a0Sciences humaines, anthropologie et histoire, r\u00e9flexions , pluridisciplinarit\u00e9, \u00a0histoire des symboles et des repr\u00e9sentations, libert\u00e9, sociologie.<\/p>\n<p style=\"text-align: left;\"><a href=\"https:\/\/www.moyenagepassion.com\/wp-content\/uploads\/2017\/03\/michel_pastoureau_citation_historien_medieviste_histoire_couleur_representation_monde_medieval.jpg\" target=\"_blank\" rel=\"noopener noreferrer\"><img decoding=\"async\" class=\"wp-image-31642 size-full aligncenter\" src=\"https:\/\/www.moyenagepassion.com\/wp-content\/uploads\/2017\/03\/michel_pastoureau_citation_historien_medieviste_histoire_couleur_representation_monde_medieval-s.jpg\" alt=\"\" width=\"700\" height=\"306\" srcset=\"https:\/\/www.moyenagepassion.com\/wp-content\/uploads\/2017\/03\/michel_pastoureau_citation_historien_medieviste_histoire_couleur_representation_monde_medieval-s.jpg 700w, https:\/\/www.moyenagepassion.com\/wp-content\/uploads\/2017\/03\/michel_pastoureau_citation_historien_medieviste_histoire_couleur_representation_monde_medieval-s-300x131.jpg 300w\" sizes=\"(max-width: 700px) 100vw, 700px\" \/><\/a><\/p>\n<p style=\"text-align: justify;\"><span style=\"color: #008000;\"><em><strong>\u201cLa pr\u00e9f\u00e9rence individuelle, le go\u00fbt personnel existent-ils vraiment ? Tout ce que nous croyons, pensons, admirons, aimons ou rejetons passe toujours par le regard et le jugement des autres. L&rsquo;homme ne vit pas seul, il vit en soci\u00e9t\u00e9.\u201d<br \/>\n<\/strong><\/em><\/span><span style=\"color: #808080;\">Citation de Michel PASTOUREAU, historien m\u00e9di\u00e9viste,\u00a0 <\/span><span style=\"color: #808080;\"><em>Bleu : Histoire d&rsquo;une couleur<\/em><\/span><\/p>\n<p>Bonjour \u00e0 tous,<\/p>\n<p style=\"text-align: justify;\"><img decoding=\"async\" class=\"alignleft size-full wp-image-445\" src=\"https:\/\/www.moyenagepassion.com\/wp-content\/uploads\/2015\/12\/P_lettrine_moyen_age_passion-copia.jpg\" alt=\"P_lettrine_moyen_age_passion copia\" width=\"96\" height=\"103\" \/>our ne pas \u00eatre cibl\u00e9e uniquement sur le monde m\u00e9di\u00e9val, \u00a0cette citation de <em><strong>Michel Pastoureau<\/strong> <\/em>reste un axiome pour tout amateur ou chercheur en sciences humaines. L&rsquo;homme, animal social, n&rsquo;existe qu&rsquo;en relation. Il \u00ab\u00a0\u00e9pouse\u00a0\u00bb ou \u00ab\u00a0contredit\u00a0\u00bb dans des positions ou des <a href=\"https:\/\/www.moyenagepassion.com\/wp-content\/uploads\/2017\/03\/histoire_libre_arbitre_empreinte_determinisme_sciences_humaines_anthropologie_symboles.jpg\"><img decoding=\"async\" class=\"alignright wp-image-11488\" src=\"https:\/\/www.moyenagepassion.com\/wp-content\/uploads\/2017\/03\/histoire_libre_arbitre_empreinte_determinisme_sciences_humaines_anthropologie_symboles.jpg\" alt=\"histoire_libre_arbitre_empreinte_determinisme_sciences_humaines_anthropologie_symboles\" width=\"60\" height=\"428\" srcset=\"https:\/\/www.moyenagepassion.com\/wp-content\/uploads\/2017\/03\/histoire_libre_arbitre_empreinte_determinisme_sciences_humaines_anthropologie_symboles.jpg 112w, https:\/\/www.moyenagepassion.com\/wp-content\/uploads\/2017\/03\/histoire_libre_arbitre_empreinte_determinisme_sciences_humaines_anthropologie_symboles-42x300.jpg 42w\" sizes=\"(max-width: 60px) 100vw, 60px\" \/><\/a>postures qui n&rsquo;en finissent pas d&rsquo;interroger ou de refl\u00e9ter, en miroir, le contexte social, culturel et historique dans lequel il se trouve pris. Et m\u00eame le deux-plumes d&rsquo;Edouard Sapir, \u00a0interrog\u00e9 dans sur la culture de sa tribu et qui n&rsquo;\u00e9tait jamais de l&rsquo;avis de personne, ne pouvait s&rsquo;y soustraire.<\/p>\n<p style=\"text-align: justify;\">Echapper aux d\u00e9terminismes, exercer notre \u00a0libre arbitre, esp\u00e9rer faire le deuil de nos \u00ab\u00a0habitus\u00a0\u00bb en faisant la nique \u00e0 Bourdieu, bien s\u00fbr, nous en avons quelquefois soif, mais aux fronti\u00e8res de nos conformismes comme de nos \u00e9chapp\u00e9es belles, nous demeurons le produit d&rsquo;un contexte et nous \u00e9voluons dans un champ de symboles et de repr\u00e9sentations dont les contours nous sont trac\u00e9s. \u00a0Alors, si la beaut\u00e9 de nos itin\u00e9raires existe, sans doute est-ce dans le dessin et les motifs que nous laissons de nos empreintes, sur la toile \u00a0fig\u00e9e de ces espaces possibles. \u00a0Le \u00ab\u00a0g\u00e9nie\u00a0\u00bb, ou celui que l&rsquo;on pointe du doigt comme tel, y \u00a0\u00e9chappe-t-il ou ne fait-il que les r\u00e9agencer en se juchant un peu plus haut, \u00e0 des hauteurs qui lui permettent de regarder un peu plus loin ? Il faut relire l&rsquo;arch\u00e9ologie du savoir de Foucault pour trouver quelques \u00e9clairages sur ces questions.<\/p>\n<p style=\"text-align: justify;\"><a href=\"https:\/\/www.moyenagepassion.com\/wp-content\/uploads\/2017\/03\/histoire_pluridisciplinarite_anthropologie_sociologie_sciences_humaines_representations_symboles_liberte_determinisme.jpg\"><img decoding=\"async\" class=\"alignnone size-full wp-image-11483\" src=\"https:\/\/www.moyenagepassion.com\/wp-content\/uploads\/2017\/03\/histoire_pluridisciplinarite_anthropologie_sociologie_sciences_humaines_representations_symboles_liberte_determinisme.jpg\" alt=\"histoire_pluridisciplinarite_anthropologie_sociologie_sciences_humaines_representations_symboles_liberte_determinisme\" width=\"600\" height=\"382\" srcset=\"https:\/\/www.moyenagepassion.com\/wp-content\/uploads\/2017\/03\/histoire_pluridisciplinarite_anthropologie_sociologie_sciences_humaines_representations_symboles_liberte_determinisme.jpg 600w, https:\/\/www.moyenagepassion.com\/wp-content\/uploads\/2017\/03\/histoire_pluridisciplinarite_anthropologie_sociologie_sciences_humaines_representations_symboles_liberte_determinisme-300x191.jpg 300w\" sizes=\"(max-width: 600px) 100vw, 600px\" \/><\/a><\/p>\n<p style=\"text-align: justify;\">De la m\u00eame fa\u00e7on, la richesse, la distinction unique et ce qui fait nos diff\u00e9rences, sont toutes enti\u00e8res contenues dans ces d\u00e9terminismes. Combien de \u00a0vocables pour d\u00e9crire le sable chez les Touaregs, l\u00e0 o\u00f9 nous ne voyons que des dunes? On pense encore \u00e0 cette tribu indienne d&rsquo;Am\u00e9rique latine dont Jean Stoetzel nous parlait dans sa psychologie sociale et qui \u00e9taient les seuls \u00e0 percevoir dans le ciel, une \u00e9toile que nul autre ne voit. \u00a0Alors, prenant la mesure de notre <a href=\"https:\/\/www.moyenagepassion.com\/wp-content\/uploads\/2017\/03\/histoire_sciences_humaines_complexite_pluridisciplinarite_citation_michel_pastoureau.jpg\"><img decoding=\"async\" class=\"alignright wp-image-11489 size-full\" src=\"https:\/\/www.moyenagepassion.com\/wp-content\/uploads\/2017\/03\/histoire_sciences_humaines_complexite_pluridisciplinarite_citation_michel_pastoureau.jpg\" alt=\"histoire_sciences_humaines_complexite_pluridisciplinarite_citation_michel_pastoureau\" width=\"141\" height=\"264\" \/><\/a>propre ignorance et touchant du doigt les merveilles et les richesses insoup\u00e7onnables de tous les ailleurs possibles, on ne peut s&#8217;emp\u00eacher d&rsquo;attraper le vertige, celui-l\u00e0 m\u00eame qui effleure l&rsquo;historien, face \u00e0 un manuscrit ancien exhum\u00e9 du pass\u00e9 et d\u00e9couvrant\u00a0un simple texte \u00a0qui para\u00eet vouloir lui\u00a0parler, dans lequel il retrouve des mots m\u00eame semblables aux siens, mais qui cache pourtant, \u00a0il le sait, des tr\u00e9sors de monde \u00e0 reconstruire.<\/p>\n<h2>L&rsquo;Histoire, complexit\u00e9 et pluridisciplinarit\u00e9<\/h2>\n<p style=\"text-align: justify;\">Face \u00e0 cette v\u00e9rit\u00e9 et cet axiome, l&rsquo;histoire \u00a0est devenue une science pluridisciplinaire qui tente de restituer les soci\u00e9t\u00e9s du point de vue non plus simplement \u00a0de leur chronologie mais qui, bien au del\u00e0, fait le pari de resituer les hommes du pass\u00e9 dans une histoire des symboles et des repr\u00e9sentations, autant que dans les intrications culturelles, psychologiques et sociologiques dans lesquels ils se trouvaient pris.<\/p>\n<p style=\"text-align: justify;\">C&rsquo;est un travail de reconstruction complexe et subtil, une monographie patiente qui fait appel, bien au del\u00e0 de la pal\u00e9ographie, l&rsquo;analyse des sources et documents anciens, \u00a0ou l&rsquo;approche des traces factuelles du pass\u00e9 gr\u00e2ce \u00e0 l&rsquo;arch\u00e9ologie sous ses formes les plus diversifi\u00e9es et pointues, aux m\u00e9thodes et aux apports de toutes les autres sciences humaines, et m\u00eame encore, nouvellement aux donn\u00e9es de sciences r\u00e9centes comme la climatologie.<\/p>\n<p style=\"text-align: justify;\"><a href=\"https:\/\/www.moyenagepassion.com\/wp-content\/uploads\/2017\/03\/michel_Pastoureau_histoire_vivante_reflexion_pluridisciplinarite_anthropologie_complexite_representations_symbole.jpg\"><img decoding=\"async\" class=\"alignnone wp-image-11481 size-full\" src=\"https:\/\/www.moyenagepassion.com\/wp-content\/uploads\/2017\/03\/michel_Pastoureau_histoire_vivante_reflexion_pluridisciplinarite_anthropologie_complexite_representations_symbole.jpg\" alt=\"michel_Pastoureau_histoire_vivante_reflexion_pluridisciplinarite_anthropologie_complexite_representations_symbole\" width=\"600\" height=\"382\" srcset=\"https:\/\/www.moyenagepassion.com\/wp-content\/uploads\/2017\/03\/michel_Pastoureau_histoire_vivante_reflexion_pluridisciplinarite_anthropologie_complexite_representations_symbole.jpg 600w, https:\/\/www.moyenagepassion.com\/wp-content\/uploads\/2017\/03\/michel_Pastoureau_histoire_vivante_reflexion_pluridisciplinarite_anthropologie_complexite_representations_symbole-300x191.jpg 300w\" sizes=\"(max-width: 600px) 100vw, 600px\" \/><\/a><\/p>\n<p style=\"text-align: justify;\">En changeant de visage au fur et \u00e0 mesure de l&rsquo;\u00e9volution des autres sciences pour \u00e9largir ses vues, l&rsquo;Histoire a su op\u00e9rer sa remise en cause autant que prendre la mesure de sa propre complexit\u00e9. Elle a su encore retourner sur elle-m\u00eame son propre regard en d\u00e9veloppant l&rsquo;Historiographie pour chercher \u00e0 mieux se comprendre et pour interroger ses processus de gestation id\u00e9ologiques, contextuels et sociaux. Gourmande de tous les <img decoding=\"async\" class=\"wp-image-11488 alignright\" src=\"https:\/\/www.moyenagepassion.com\/wp-content\/uploads\/2017\/03\/histoire_libre_arbitre_empreinte_determinisme_sciences_humaines_anthropologie_symboles.jpg\" alt=\"histoire_libre_arbitre_empreinte_determinisme_sciences_humaines_anthropologie_symboles\" width=\"55\" height=\"392\" srcset=\"https:\/\/www.moyenagepassion.com\/wp-content\/uploads\/2017\/03\/histoire_libre_arbitre_empreinte_determinisme_sciences_humaines_anthropologie_symboles.jpg 112w, https:\/\/www.moyenagepassion.com\/wp-content\/uploads\/2017\/03\/histoire_libre_arbitre_empreinte_determinisme_sciences_humaines_anthropologie_symboles-42x300.jpg 42w\" sizes=\"(max-width: 55px) 100vw, 55px\" \/>\u00e9clairages, ouverte \u00e0 tous les questionnements, \u00a0jamais \u00a0elle n&rsquo;a \u00e9t\u00e9 aussi vivante, vibrante \u00a0de tout embrasser. Il n&rsquo;y a plus de certitudes confortables et l&rsquo;on peut quelquefois s&rsquo;en offusquer, habitu\u00e9s que nous \u00e9tions \u00e0 recevoir d&rsquo;elles des r\u00e9ponses simples, mais elle y a substitu\u00e9 la passion de l&rsquo;inconnu et, avec elle, une curiosit\u00e9 insatiable. Signe de maturit\u00e9, nulle doute qu&rsquo;elle y a aussi gagn\u00e9 en humilit\u00e9. .<\/p>\n<p style=\"text-align: justify;\"><em><strong>Michel Pastoureau<\/strong><\/em> est un de ces m\u00e9di\u00e9vistes qui pense la complexit\u00e9 historique en perspective et ses ouvrages \u00a0le place au coeur de questionnements devenus aussi anthropologiques.\u00a0Vous pouvez d\u00e9couvrir quelques unes de ses conf\u00e9rences \u00a0dans les articles suivants :<\/p>\n<ul>\n<li><em><a href=\"https:\/\/www.moyenagepassion.com\/index.php\/2017\/01\/29\/lhistoire-des-couleurs-par-michel-pastoureau-le-noir\/\" target=\"_blank\" rel=\"noopener noreferrer\">L&rsquo;histoire des couleurs par Michel Pastoureau. Le Noir\u00a0 \u00a0\u00a0<\/a><\/em><\/li>\n<li><em><a href=\"https:\/\/www.moyenagepassion.com\/index.php\/2017\/01\/11\/lhistoire-des-couleurs-par-michel-pastoureau-rouge-sang-rouge-feu-rouge-passion\/\" target=\"_blank\" rel=\"noopener noreferrer\">L&rsquo;histoire des couleurs: rouge sang, rouge feu, rouge passion<\/a><\/em><\/li>\n<li><em><a href=\"https:\/\/www.moyenagepassion.com\/index.php\/2016\/12\/27\/les-couleurs-du-moyen-age-par-michel-pastoureau-le-bleu\/\" target=\"_blank\" rel=\"noopener noreferrer\">Bleu roi, divin, honn\u00eate: l&rsquo;histoire des couleurs par Michel Pastoureau<\/a><\/em><\/li>\n<li><a href=\"https:\/\/www.moyenagepassion.com\/index.php\/2016\/11\/22\/la-popularite-medievale-des-legendes-arthuriennes-et-ses-heros-une-conference-michel-pastoureau\/\" target=\"_blank\" rel=\"noopener noreferrer\"><em>La popularit\u00e9 m\u00e9di\u00e9vale des h\u00e9ros des l\u00e9gendes Arthuriennes<\/em><\/a><\/li>\n<\/ul>\n<p style=\"text-align: justify;\"><a href=\"https:\/\/www.moyenagepassion.com\/wp-content\/uploads\/2017\/03\/universite_ete_ecole_nationale_chartes_histoire_medievale_patrimoine_moyen-age.jpg\"><img decoding=\"async\" class=\"alignleft wp-image-11408\" src=\"https:\/\/www.moyenagepassion.com\/wp-content\/uploads\/2017\/03\/universite_ete_ecole_nationale_chartes_histoire_medievale_patrimoine_moyen-age.jpg\" alt=\"universite_ete_ecole_nationale_chartes_histoire_medievale_patrimoine_moyen-age\" width=\"96\" height=\"173\" srcset=\"https:\/\/www.moyenagepassion.com\/wp-content\/uploads\/2017\/03\/universite_ete_ecole_nationale_chartes_histoire_medievale_patrimoine_moyen-age.jpg 350w, https:\/\/www.moyenagepassion.com\/wp-content\/uploads\/2017\/03\/universite_ete_ecole_nationale_chartes_histoire_medievale_patrimoine_moyen-age-167x300.jpg 167w\" sizes=\"(max-width: 96px) 100vw, 96px\" \/><\/a>Vous pourrez \u00a0encore le retrouver comme intervenant et enseignant dans la formation unique \u00a0sur l&rsquo;Histoire et le Patrimoine propos\u00e9e par l&rsquo;Ecole Nationale des Chartes, ce mois de juillet :<br \/>\n<a href=\"https:\/\/www.moyenagepassion.com\/index.php\/2017\/03\/20\/lecole-dete-de-lecole-nationale-des-chartes-excellence-et-prestige-au-service-de-lhistoire\/\" target=\"_blank\" rel=\"noopener noreferrer\">l&rsquo;Ecole d&rsquo;\u00e9t\u00e9 de l&rsquo;Ecole nationale des Chartes : excellence et prestige au service de l&rsquo;Histoire.<\/a><\/p>\n<p>En vous souhaitant une merveilleuse journ\u00e9e.<\/p>\n<p>Fr\u00e9d\u00e9ric EFFE<br \/>\nPour moyenagepassion.com<br \/>\n<em><strong>A la d\u00e9couverte du monde m\u00e9di\u00e9val sous toutes ses formes<\/strong><\/em><\/p>\n","protected":false},"excerpt":{"rendered":"<p>Sujet : citations \u00a0histoire, historien m\u00e9di\u00e9viste, Michel Pastoureau, \u00a0Sciences humaines, anthropologie et histoire, r\u00e9flexions , pluridisciplinarit\u00e9, \u00a0histoire des symboles et des repr\u00e9sentations, libert\u00e9, sociologie. \u201cLa pr\u00e9f\u00e9rence individuelle, le go\u00fbt personnel existent-ils vraiment ? Tout ce que nous croyons, pensons, admirons, aimons ou rejetons passe toujours par le regard et le jugement des autres. L&rsquo;homme ne &hellip; <a href=\"https:\/\/www.moyenagepassion.com\/index.php\/2017\/03\/22\/lhomme-au-coeur-de-lhistoire-et-lhistoire-au-coeur-des-sciences-de-lhomme\/\" class=\"more-link\">Continuer la lecture de <span class=\"screen-reader-text\">l&rsquo;homme au coeur de l&rsquo;histoire et l&rsquo;histoire au coeur des sciences de l&rsquo;homme<\/span>  <span class=\"meta-nav\">&rarr;<\/span><\/a><\/p>\n","protected":false},"author":2,"featured_media":0,"comment_status":"open","ping_status":"open","sticky":false,"template":"","format":"standard","meta":{"_monsterinsights_skip_tracking":false,"_monsterinsights_sitenote_active":false,"_monsterinsights_sitenote_note":"","_monsterinsights_sitenote_category":0,"footnotes":""},"categories":[16],"tags":[1770,1945,155,2483,2088,2488,189,525,1248,1966,2485,2486,2489,1943,2484,1968,1950,1969,2487],"class_list":["post-11470","post","type-post","status-publish","format-standard","hentry","category-sources-et-articles-moyen-age-periode-medievale","tag-analyse","tag-anthropologie","tag-citation","tag-citations-histoire","tag-couleurs","tag-determinisme","tag-histoire","tag-historien","tag-historien-medieviste","tag-historiographie","tag-liberte","tag-libre-arbitre","tag-medieviste","tag-michel-pastoureau","tag-pluridisciplinarite","tag-reflexions","tag-representations","tag-sciences-humaines","tag-symboles"],"aioseo_notices":[],"_links":{"self":[{"href":"https:\/\/www.moyenagepassion.com\/index.php\/wp-json\/wp\/v2\/posts\/11470"}],"collection":[{"href":"https:\/\/www.moyenagepassion.com\/index.php\/wp-json\/wp\/v2\/posts"}],"about":[{"href":"https:\/\/www.moyenagepassion.com\/index.php\/wp-json\/wp\/v2\/types\/post"}],"author":[{"embeddable":true,"href":"https:\/\/www.moyenagepassion.com\/index.php\/wp-json\/wp\/v2\/users\/2"}],"replies":[{"embeddable":true,"href":"https:\/\/www.moyenagepassion.com\/index.php\/wp-json\/wp\/v2\/comments?post=11470"}],"version-history":[{"count":1,"href":"https:\/\/www.moyenagepassion.com\/index.php\/wp-json\/wp\/v2\/posts\/11470\/revisions"}],"predecessor-version":[{"id":34794,"href":"https:\/\/www.moyenagepassion.com\/index.php\/wp-json\/wp\/v2\/posts\/11470\/revisions\/34794"}],"wp:attachment":[{"href":"https:\/\/www.moyenagepassion.com\/index.php\/wp-json\/wp\/v2\/media?parent=11470"}],"wp:term":[{"taxonomy":"category","embeddable":true,"href":"https:\/\/www.moyenagepassion.com\/index.php\/wp-json\/wp\/v2\/categories?post=11470"},{"taxonomy":"post_tag","embeddable":true,"href":"https:\/\/www.moyenagepassion.com\/index.php\/wp-json\/wp\/v2\/tags?post=11470"}],"curies":[{"name":"wp","href":"https:\/\/api.w.org\/{rel}","templated":true}]}}