{"id":11503,"date":"2017-03-23T20:27:48","date_gmt":"2017-03-23T19:27:48","guid":{"rendered":"http:\/\/www.moyenagepassion.com\/?p=11503"},"modified":"2020-08-30T00:31:04","modified_gmt":"2020-08-29T23:31:04","slug":"la-fourmi","status":"publish","type":"post","link":"https:\/\/www.moyenagepassion.com\/index.php\/2017\/03\/23\/la-fourmi\/","title":{"rendered":"L&rsquo;\u00e9pigramme de la fourmi enclose dans l&rsquo;Ambre, par Cl\u00e9ment Marot"},"content":{"rendered":"<div id=\"moyen-331649776\" class=\"moyen-before-content moyen-entity-placement\"><script async src=\"\/\/pagead2.googlesyndication.com\/pagead\/js\/adsbygoogle.js?client=ca-pub-3035390706780632\" crossorigin=\"anonymous\"><\/script><ins class=\"adsbygoogle\" style=\"display:block;\" data-ad-client=\"ca-pub-3035390706780632\" \ndata-ad-slot=\"\" \ndata-ad-format=\"auto\"><\/ins>\n<script> \n(adsbygoogle = window.adsbygoogle || []).push({}); \n<\/script>\n<\/div><p><strong><a href=\"https:\/\/www.moyenagepassion.com\/wp-content\/uploads\/2016\/12\/poesie_medievale.jpg\"><img decoding=\"async\" class=\"alignleft wp-image-9122\" src=\"https:\/\/www.moyenagepassion.com\/wp-content\/uploads\/2016\/12\/poesie_medievale.jpg\" alt=\"poesie_medievale\" width=\"105\" height=\"111\" \/><\/a>Sujet :<\/strong>\u00a0 po\u00e9sie m\u00e9di\u00e9vale, satirique, satire, humour, po\u00e8te, \u00e9pigramme, po\u00e9sies courtes.<br \/>\n<strong>P\u00e9riode :<\/strong> fin du moyen-\u00e2ge, d\u00e9but renaissance<br \/>\n<strong>Auteur :\u00a0<\/strong>\u00a0Cl\u00e9ment Marot (1496-1544)<br \/>\n<strong>Titre :<\/strong>\u00a0\u00ab Epigramme\u00a0 de la Formis enclose en de l&rsquo;Ambre \u00bb<\/p>\n<p><a href=\"https:\/\/www.moyenagepassion.com\/wp-content\/uploads\/2017\/03\/clement_marot_poesie_medievale_moyen-age_tardif_renaissance_epigramme_satirique.jpg\" target=\"_blank\" rel=\"noopener noreferrer\"><img decoding=\"async\" class=\"aligncenter wp-image-31632 size-full\" src=\"https:\/\/www.moyenagepassion.com\/wp-content\/uploads\/2017\/03\/clement_marot_poesie_medievale_moyen-age_tardif_renaissance_epigramme_satirique-s.jpg\" alt=\"\" width=\"700\" height=\"517\" srcset=\"https:\/\/www.moyenagepassion.com\/wp-content\/uploads\/2017\/03\/clement_marot_poesie_medievale_moyen-age_tardif_renaissance_epigramme_satirique-s.jpg 700w, https:\/\/www.moyenagepassion.com\/wp-content\/uploads\/2017\/03\/clement_marot_poesie_medievale_moyen-age_tardif_renaissance_epigramme_satirique-s-300x222.jpg 300w\" sizes=\"(max-width: 700px) 100vw, 700px\" \/><\/a><\/p>\n<p>Bonjour \u00e0 tous,<\/p>\n<p style=\"text-align: justify;\"><img decoding=\"async\" class=\"alignleft size-full wp-image-162\" src=\"https:\/\/www.moyenagepassion.com\/wp-content\/uploads\/2015\/12\/N_lettrine_moyen_age_passion.jpg\" alt=\"N_lettrine_moyen_age_passion\" width=\"84\" height=\"103\" \/>ous partageons une nouvelle \u00e9pigramme \u00ab\u00a0satirique\u00a0\u00bb de <em><strong><a href=\"https:\/\/www.moyenagepassion.com\/index.php\/2016\/08\/20\/clement-marot-portrait-dun-esprit-libre-a-la-lisiere-du-monde-medieval-et-de-la-renaissance\/\" target=\"_blank\" rel=\"noopener noreferrer\">Cl\u00e9ment Marot<\/a><\/strong> <\/em>aujourd&rsquo;hui. Difficile de savoir s&rsquo;il le destinait \u00e0 quelqu&rsquo;un, mais connaissant sa verve et sa langue bien d\u00e9li\u00e9e, le contraire serait \u00e9tonnant. Pour le reste, le po\u00e8te du d\u00e9but de la renaissance, longtemps prot\u00e9g\u00e9 du roi <em><strong>Fran\u00e7ois 1er<\/strong><\/em>, n&rsquo;en est pas \u00e0 sa premi\u00e8re moquerie sur le th\u00e8me de la mort. On lui doit quelques \u00e9pitaphes tr\u00e8s dr\u00f4les sur la question et \u00a0quelques autres \u00e9pigrammes sur le m\u00eame ton satirique.<\/p>\n<p style=\"text-align: center;\"><span style=\"color: #008000;\"><em><strong>\u00ab\u00a0Dessous l&rsquo;arbre o\u00f9 l&rsquo;ambre degoutte, <\/strong><\/em><\/span><br \/>\n<span style=\"color: #008000;\"><em> <strong>La petite formis alla : <\/strong><\/em><\/span><br \/>\n<span style=\"color: #008000;\"><em> <strong>Sur elle en tomba une goutte, <\/strong><\/em><\/span><br \/>\n<span style=\"color: #008000;\"><em> <strong>Qui tout \u00e0 coup se congela, <\/strong><\/em><\/span><br \/>\n<span style=\"color: #008000;\"><em> <strong>Dont la fournis demoura l\u00e0 <\/strong><\/em><\/span><br \/>\n<span style=\"color: #008000;\"><em> <strong>Au milieu de l&rsquo;ambre enferm\u00e9e, <\/strong><\/em><\/span><br \/>\n<span style=\"color: #008000;\"><em> <strong>Ainsi la beste despris\u00e9e, <\/strong><\/em><\/span><br \/>\n<span style=\"color: #008000;\"><em> <strong>Et peu pris\u00e9e quand vivoit, <\/strong><\/em><\/span><br \/>\n<span style=\"color: #008000;\"><em> <strong>Est \u00e0 sa mort fort estim\u00e9e, <\/strong><\/em><\/span><br \/>\n<span style=\"color: #008000;\"><em> <strong>Quand si beau sepulchre on luy voit.\u00a0\u00bb<\/strong><\/em><\/span><\/p>\n<p style=\"text-align: center;\"><span style=\"color: #999999;\">Cl\u00e9ment MAROT, (1496-1544)<\/span><br \/>\n<span style=\"color: #999999;\"> Epigramme De la Formis enclose en de l&rsquo;Ambre.<\/span><\/p>\n<p><span style=\"color: #333333;\"><a href=\"https:\/\/www.moyenagepassion.com\/index.php\/moyen-age\/musique-medieval-historique-fantaisie-celtique\/clement-marot\/\" target=\"_blank\" rel=\"noopener noreferrer\">Pour d&rsquo;autres po\u00e9sies de Cl\u00e9ment Marot,\u00a0suivez le lien<\/a><\/span>.<\/p>\n<p>En vous souhaitant une belle journ\u00e9e.<\/p>\n<p>Fred<br \/>\nPour moyenagepassion<br \/>\n<em><strong>A la d\u00e9couverte du monde m\u00e9di\u00e9val sous toutes \u00a0ses formes.<\/strong><\/em><\/p>\n","protected":false},"excerpt":{"rendered":"<p>Sujet :\u00a0 po\u00e9sie m\u00e9di\u00e9vale, satirique, satire, humour, po\u00e8te, \u00e9pigramme, po\u00e9sies courtes. P\u00e9riode : fin du moyen-\u00e2ge, d\u00e9but renaissance Auteur :\u00a0\u00a0Cl\u00e9ment Marot (1496-1544) Titre :\u00a0\u00ab Epigramme\u00a0 de la Formis enclose en de l&rsquo;Ambre \u00bb Bonjour \u00e0 tous, ous partageons une nouvelle \u00e9pigramme \u00ab\u00a0satirique\u00a0\u00bb de Cl\u00e9ment Marot aujourd&rsquo;hui. Difficile de savoir s&rsquo;il le destinait \u00e0 quelqu&rsquo;un, mais &hellip; <a href=\"https:\/\/www.moyenagepassion.com\/index.php\/2017\/03\/23\/la-fourmi\/\" class=\"more-link\">Continuer la lecture de <span class=\"screen-reader-text\">L&rsquo;\u00e9pigramme de la fourmi enclose dans l&rsquo;Ambre, par Cl\u00e9ment Marot<\/span>  <span class=\"meta-nav\">&rarr;<\/span><\/a><\/p>\n","protected":false},"author":2,"featured_media":0,"comment_status":"open","ping_status":"open","sticky":false,"template":"","format":"standard","meta":{"_monsterinsights_skip_tracking":false,"_monsterinsights_sitenote_active":false,"_monsterinsights_sitenote_note":"","_monsterinsights_sitenote_category":0,"footnotes":""},"categories":[1467,8],"tags":[1523,1468,2292,779,2490,61,182,18,913,615,688,294,1013,687],"class_list":["post-11503","post","type-post","status-publish","format-standard","hentry","category-clement-marot","category-blagues-humour-moyen-age","tag-cahors","tag-clement-marot","tag-epigramme","tag-humour","tag-humour-caustique","tag-humour-medieval","tag-monde-medieval","tag-moyen-age","tag-moyen-age-tardif","tag-poesie-medievale","tag-poesie-satirique","tag-poete","tag-renaissance","tag-satire"],"aioseo_notices":[],"_links":{"self":[{"href":"https:\/\/www.moyenagepassion.com\/index.php\/wp-json\/wp\/v2\/posts\/11503"}],"collection":[{"href":"https:\/\/www.moyenagepassion.com\/index.php\/wp-json\/wp\/v2\/posts"}],"about":[{"href":"https:\/\/www.moyenagepassion.com\/index.php\/wp-json\/wp\/v2\/types\/post"}],"author":[{"embeddable":true,"href":"https:\/\/www.moyenagepassion.com\/index.php\/wp-json\/wp\/v2\/users\/2"}],"replies":[{"embeddable":true,"href":"https:\/\/www.moyenagepassion.com\/index.php\/wp-json\/wp\/v2\/comments?post=11503"}],"version-history":[{"count":0,"href":"https:\/\/www.moyenagepassion.com\/index.php\/wp-json\/wp\/v2\/posts\/11503\/revisions"}],"wp:attachment":[{"href":"https:\/\/www.moyenagepassion.com\/index.php\/wp-json\/wp\/v2\/media?parent=11503"}],"wp:term":[{"taxonomy":"category","embeddable":true,"href":"https:\/\/www.moyenagepassion.com\/index.php\/wp-json\/wp\/v2\/categories?post=11503"},{"taxonomy":"post_tag","embeddable":true,"href":"https:\/\/www.moyenagepassion.com\/index.php\/wp-json\/wp\/v2\/tags?post=11503"}],"curies":[{"name":"wp","href":"https:\/\/api.w.org\/{rel}","templated":true}]}}