{"id":11657,"date":"2017-03-31T20:47:54","date_gmt":"2017-03-31T19:47:54","guid":{"rendered":"http:\/\/www.moyenagepassion.com\/?p=11657"},"modified":"2020-10-05T01:07:10","modified_gmt":"2020-10-05T00:07:10","slug":"la-sagesse-et-la-poesie-persane-medievale-de-mocharrafoddin-saadi","status":"publish","type":"post","link":"https:\/\/www.moyenagepassion.com\/index.php\/2017\/03\/31\/la-sagesse-et-la-poesie-persane-medievale-de-mocharrafoddin-saadi\/","title":{"rendered":"La sagesse et la po\u00e9sie persane m\u00e9di\u00e9vale de Mocharrafoddin Saadi"},"content":{"rendered":"<div id=\"moyen-1453117127\" class=\"moyen-before-content moyen-entity-placement\"><script async src=\"\/\/pagead2.googlesyndication.com\/pagead\/js\/adsbygoogle.js?client=ca-pub-3035390706780632\" crossorigin=\"anonymous\"><\/script><ins class=\"adsbygoogle\" style=\"display:block;\" data-ad-client=\"ca-pub-3035390706780632\" \ndata-ad-slot=\"\" \ndata-ad-format=\"auto\"><\/ins>\n<script> \n(adsbygoogle = window.adsbygoogle || []).push({}); \n<\/script>\n<\/div><p><strong>Sujet<\/strong> : citation m\u00e9di\u00e9vale, sagesse persane du moyen-\u00e2ge central<\/p>\n<p><a href=\"https:\/\/www.moyenagepassion.com\/wp-content\/uploads\/2017\/03\/saadi_Mocharrafoddin_citation_poesie_conte_sagesse_-medievale_moyen-age_central.jpg\"><img decoding=\"async\" class=\"alignnone size-full wp-image-11658\" src=\"https:\/\/www.moyenagepassion.com\/wp-content\/uploads\/2017\/03\/saadi_Mocharrafoddin_citation_poesie_conte_sagesse_-medievale_moyen-age_central.jpg\" alt=\"saadi_Mocharrafoddin_citation_poesie_conte_sagesse_-medievale_moyen-age_central\" width=\"1200\" height=\"540\" srcset=\"https:\/\/www.moyenagepassion.com\/wp-content\/uploads\/2017\/03\/saadi_Mocharrafoddin_citation_poesie_conte_sagesse_-medievale_moyen-age_central.jpg 1200w, https:\/\/www.moyenagepassion.com\/wp-content\/uploads\/2017\/03\/saadi_Mocharrafoddin_citation_poesie_conte_sagesse_-medievale_moyen-age_central-300x135.jpg 300w, https:\/\/www.moyenagepassion.com\/wp-content\/uploads\/2017\/03\/saadi_Mocharrafoddin_citation_poesie_conte_sagesse_-medievale_moyen-age_central-1024x461.jpg 1024w\" sizes=\"(max-width: 1200px) 100vw, 1200px\" \/><\/a><\/p>\n<p style=\"text-align: justify;\"><span style=\"color: #008000;\"><em><strong>Un mal d\u2019yeux\u2019 survint \u00e0. un pauvre petit homme; il alla trouver un v\u00e9t\u00e9rinaire, lui disant : \u201cDonne-moi un rem\u00e8de.\u201d Le v\u00e9t\u00e9rinaire lui introduisit dans l\u2019oeil la drogue dont il se servait pour les yeux des quadrup\u00e8des, et notre homme devint aveugle. On porta la contestation devant le juge, lequel dit : \u201cil n\u2019y a pas d\u2019amende \u00e0 payer par le v\u00e9t\u00e9rinaire. Si cet autre n\u2019avait pas \u00e9t\u00e9 un \u00e2ne, il ne serait pas all\u00e9 le trouver. \u201d<\/strong> <\/em><\/span><br \/>\n<span style=\"color: #808080;\">Mocharrafoddin Saadi (1210-1291), po\u00e8te et conteur persan<br \/>\n<\/span><span style=\"color: #808080;\">\u00a0Gulistan, le jardin des roses.<\/span><\/p>\n","protected":false},"excerpt":{"rendered":"<p>Sujet : citation m\u00e9di\u00e9vale, sagesse persane du moyen-\u00e2ge central Un mal d\u2019yeux\u2019 survint \u00e0. un pauvre petit homme; il alla trouver un v\u00e9t\u00e9rinaire, lui disant : \u201cDonne-moi un rem\u00e8de.\u201d Le v\u00e9t\u00e9rinaire lui introduisit dans l\u2019oeil la drogue dont il se servait pour les yeux des quadrup\u00e8des, et notre homme devint aveugle. On porta la contestation &hellip; <a href=\"https:\/\/www.moyenagepassion.com\/index.php\/2017\/03\/31\/la-sagesse-et-la-poesie-persane-medievale-de-mocharrafoddin-saadi\/\" class=\"more-link\">Continuer la lecture de <span class=\"screen-reader-text\">La sagesse et la po\u00e9sie persane m\u00e9di\u00e9vale de Mocharrafoddin Saadi<\/span>  <span class=\"meta-nav\">&rarr;<\/span><\/a><\/p>\n","protected":false},"author":2,"featured_media":0,"comment_status":"open","ping_status":"open","sticky":false,"template":"","format":"quote","meta":{"_monsterinsights_skip_tracking":false,"_monsterinsights_sitenote_active":false,"_monsterinsights_sitenote_note":"","_monsterinsights_sitenote_category":0,"footnotes":""},"categories":[154,2040],"tags":[155,1597,1596,22,1594,18,85,294,1592,165,2210,2512],"class_list":["post-11657","post","type-post","status-publish","format-quote","hentry","category-citations-moyen-age-medievales","category-mocharrafoddin-saadi","tag-citation","tag-gulistan","tag-jardin-des-roses","tag-medievale","tag-mocharrafoddin-saadi","tag-moyen-age","tag-moyen-age-central","tag-poete","tag-saadi","tag-sagesse","tag-sagesse-orientale","tag-sagesse-persanne","post_format-post-format-quote"],"aioseo_notices":[],"_links":{"self":[{"href":"https:\/\/www.moyenagepassion.com\/index.php\/wp-json\/wp\/v2\/posts\/11657"}],"collection":[{"href":"https:\/\/www.moyenagepassion.com\/index.php\/wp-json\/wp\/v2\/posts"}],"about":[{"href":"https:\/\/www.moyenagepassion.com\/index.php\/wp-json\/wp\/v2\/types\/post"}],"author":[{"embeddable":true,"href":"https:\/\/www.moyenagepassion.com\/index.php\/wp-json\/wp\/v2\/users\/2"}],"replies":[{"embeddable":true,"href":"https:\/\/www.moyenagepassion.com\/index.php\/wp-json\/wp\/v2\/comments?post=11657"}],"version-history":[{"count":1,"href":"https:\/\/www.moyenagepassion.com\/index.php\/wp-json\/wp\/v2\/posts\/11657\/revisions"}],"predecessor-version":[{"id":34465,"href":"https:\/\/www.moyenagepassion.com\/index.php\/wp-json\/wp\/v2\/posts\/11657\/revisions\/34465"}],"wp:attachment":[{"href":"https:\/\/www.moyenagepassion.com\/index.php\/wp-json\/wp\/v2\/media?parent=11657"}],"wp:term":[{"taxonomy":"category","embeddable":true,"href":"https:\/\/www.moyenagepassion.com\/index.php\/wp-json\/wp\/v2\/categories?post=11657"},{"taxonomy":"post_tag","embeddable":true,"href":"https:\/\/www.moyenagepassion.com\/index.php\/wp-json\/wp\/v2\/tags?post=11657"}],"curies":[{"name":"wp","href":"https:\/\/api.w.org\/{rel}","templated":true}]}}