{"id":11728,"date":"2017-04-05T23:54:42","date_gmt":"2017-04-05T22:54:42","guid":{"rendered":"http:\/\/www.moyenagepassion.com\/?p=11728"},"modified":"2020-10-04T19:54:01","modified_gmt":"2020-10-04T18:54:01","slug":"trilogie-kaamelott-au-cinema-une-nouveaute-sans-surprise","status":"publish","type":"post","link":"https:\/\/www.moyenagepassion.com\/index.php\/2017\/04\/05\/trilogie-kaamelott-au-cinema-une-nouveaute-sans-surprise\/","title":{"rendered":"Kaamelott au cin\u00e9ma: Alexandre Astier confirme le tournage de la trilogie"},"content":{"rendered":"<div id=\"moyen-729864383\" class=\"moyen-before-content moyen-entity-placement\"><script async src=\"\/\/pagead2.googlesyndication.com\/pagead\/js\/adsbygoogle.js?client=ca-pub-3035390706780632\" crossorigin=\"anonymous\"><\/script><ins class=\"adsbygoogle\" style=\"display:block;\" data-ad-client=\"ca-pub-3035390706780632\" \ndata-ad-slot=\"\" \ndata-ad-format=\"auto\"><\/ins>\n<script> \n(adsbygoogle = window.adsbygoogle || []).push({}); \n<\/script>\n<\/div><p><strong><a href=\"https:\/\/www.moyenagepassion.com\/wp-content\/uploads\/2016\/02\/kaamelott_alexandre_astier_legende_medievale_roi_arthur_moyen_age_passion.jpg\"><img decoding=\"async\" class=\"alignleft wp-image-1680\" src=\"https:\/\/www.moyenagepassion.com\/wp-content\/uploads\/2016\/02\/kaamelott_alexandre_astier_legende_medievale_roi_arthur_moyen_age_passion.jpg\" alt=\"\" width=\"118\" height=\"171\" \/><\/a>Sujet<\/strong> : <a href=\"https:\/\/www.moyenagepassion.com\/?s=Kaamelott\" target=\"_blank\" rel=\"noopener noreferrer\">Kaamelott<\/a>, l\u00e9gendes arthuriennes, roi Arthur, humour, \u00a0com\u00e9die, s\u00e9rie t\u00e9l\u00e9vis\u00e9e culte, \u00a0actualit\u00e9, trilogie, cin\u00e9ma. interview t\u00e9l\u00e9.<br \/>\n<strong>P\u00e9riode<\/strong> : moyen-\u00e2ge central, haut moyen-\u00e2ge pour la l\u00e9gende.<br \/>\n<strong>Auteur<\/strong> : <a href=\"https:\/\/www.moyenagepassion.com\/?s=Alexandre+Astier\" target=\"_blank\" rel=\"noopener noreferrer\">Alexandre \u00a0Astier<\/a><br \/>\n<strong>Distribution<\/strong> : \u00a0 Regular prod (?)<\/p>\n<p style=\"text-align: justify;\">Bonjour \u00e0 tous,<\/p>\n<p style=\"text-align: justify;\"><img decoding=\"async\" class=\"alignleft size-full wp-image-162\" src=\"https:\/\/www.moyenagepassion.com\/wp-content\/uploads\/2015\/12\/N_lettrine_moyen_age_passion.jpg\" alt=\"N_lettrine_moyen_age_passion\" width=\"84\" height=\"103\" \/>ous publions aujourd&rsquo;hui une information qui a ravi, il y a deux jours, tous les fans de <em><strong>Kaamelott<\/strong><\/em> qui en doutaient encore, et dont toute la presse se fait aujourd&rsquo;hui \u00e9cho, en la pr\u00e9sentant presque comme l&rsquo;exclusivit\u00e9 du si\u00e8cle. En r\u00e9alit\u00e9, pour ceux qui suivent de pr\u00e8s l&rsquo;actualit\u00e9 d&rsquo;<em><strong>Alexandre Astier<\/strong><\/em> et ses projets autour des l\u00e9gendes arthuriennes, m\u00eame si la confirmation est toujours r\u00e9jouissante, il n&rsquo;y a pas grand chose de nouveau sous le soleil.<\/p>\n<p style=\"text-align: justify;\"><a href=\"https:\/\/www.moyenagepassion.com\/wp-content\/uploads\/2017\/04\/kaamelott_cinema_trilogie_scoop_roi_arthur_interview_alexandre_astier.jpg\"><img decoding=\"async\" class=\"alignnone wp-image-11810 size-full\" src=\"https:\/\/www.moyenagepassion.com\/wp-content\/uploads\/2017\/04\/kaamelott_cinema_trilogie_scoop_roi_arthur_interview_alexandre_astier.jpg\" alt=\"kaamelott_cinema_trilogie_scoop_roi_arthur_interview_alexandre_astier\" width=\"1600\" height=\"1011\" srcset=\"https:\/\/www.moyenagepassion.com\/wp-content\/uploads\/2017\/04\/kaamelott_cinema_trilogie_scoop_roi_arthur_interview_alexandre_astier.jpg 1600w, https:\/\/www.moyenagepassion.com\/wp-content\/uploads\/2017\/04\/kaamelott_cinema_trilogie_scoop_roi_arthur_interview_alexandre_astier-300x190.jpg 300w, https:\/\/www.moyenagepassion.com\/wp-content\/uploads\/2017\/04\/kaamelott_cinema_trilogie_scoop_roi_arthur_interview_alexandre_astier-1024x647.jpg 1024w\" sizes=\"(max-width: 1600px) 100vw, 1600px\" \/><\/a><\/p>\n<h2 style=\"text-align: left;\">Une confirmation<br \/>\nbien plus qu&rsquo;une v\u00e9ritable nouveaut\u00e9<\/h2>\n<p style=\"text-align: justify;\"><img decoding=\"async\" class=\"alignleft size-full wp-image-153\" src=\"https:\/\/www.moyenagepassion.com\/wp-content\/uploads\/2015\/12\/L_lettrine_moyen_age_passion.jpg\" alt=\"L_lettrine_moyen_age_passion\" width=\"84\" height=\"103\" \/>&lsquo;information vient du <em><strong>Gros journal, <\/strong><\/em>\u00e9mission en clair de Canal+ qui recevait \u00a0l&rsquo;auteur de <em><strong>Kaamelott<\/strong><\/em>, il y a \u00a0quelques jours. Au sortir de l&rsquo;interview, ce dernier a donc confirm\u00e9 ce qu&rsquo;il avait d\u00e9j\u00e0 affirm\u00e9 maintes fois par le pass\u00e9. Oui, la trilogie <em><strong>\u00a0Kaamelott<\/strong><\/em>\u00a0 aura bien lieu.\u00a0 Elle est m\u00eame d\u00e9j\u00e0 \u00e9crite et, sans surprise, \u00a0il continuera d&rsquo;y incarner en personne, le \u00a0<em><strong>Roi Arthur<\/strong><\/em>. <a href=\"https:\/\/www.moyenagepassion.com\/wp-content\/uploads\/2017\/04\/kaamelott_cinema_trilogie_humour_alexandre_astier_news_infos_serie_culte.jpg\"><img decoding=\"async\" class=\"alignright wp-image-11732 size-full\" src=\"https:\/\/www.moyenagepassion.com\/wp-content\/uploads\/2017\/04\/kaamelott_cinema_trilogie_humour_alexandre_astier_news_infos_serie_culte.jpg\" alt=\"kaamelott_cinema_trilogie_humour_alexandre_astier_news_infos_serie_culte\" width=\"163\" height=\"304\" srcset=\"https:\/\/www.moyenagepassion.com\/wp-content\/uploads\/2017\/04\/kaamelott_cinema_trilogie_humour_alexandre_astier_news_infos_serie_culte.jpg 163w, https:\/\/www.moyenagepassion.com\/wp-content\/uploads\/2017\/04\/kaamelott_cinema_trilogie_humour_alexandre_astier_news_infos_serie_culte-161x300.jpg 161w\" sizes=\"(max-width: 163px) 100vw, 163px\" \/><\/a>Le contraire eut \u00e9t\u00e9 aussi surprenant que d\u00e9cevant. \u00a0Autre information qui nous vient du m\u00eame interview, la <em><strong>Dame du Lac<\/strong><\/em> continuera d&rsquo;\u00eatre jou\u00e9e par la tr\u00e8s belle et devenue tr\u00e8s populaire <em><strong>Audrey \u00a0Fleurot<\/strong><\/em>. \u00a0Comme aux derni\u00e8res nouvelles les Dieux l&rsquo;avaient d\u00e9chue de leur panth\u00e9on, \u00a0il reste \u00e0 esp\u00e9rer qu&rsquo;elle \u00a0ait trouv\u00e9 un moyen d&rsquo;y remonter, mais nous \u00a0avons bon espoir que oui.<\/p>\n<p style=\"text-align: justify;\">Encore une fois, \u00a0ces nouvelles\u00a0 rel\u00e8vent bien plus de la confirmation que de la vraie exclusivit\u00e9, et montrent bien, en tout cas, combien \u00a0le passage au cin\u00e9ma des l\u00e9gendes arthuriennes \u00e0 la fran\u00e7aise est attendu par les m\u00e9dias, comme par les\u00a0 fans de la s\u00e9rie. Il y a aussi de la part \u00a0d&rsquo;<em><strong>Alexandre Astier<\/strong><\/em> qui \u00a0avance, on le sent bien, dans le plus grand secret sur cette trilogie, la volont\u00e9 de \u00a0donner un petit quelque chose \u00e0 tous ceux qui pourraient penser que le projet ait pu \u00eatre abandonn\u00e9: \u00a0un \u00a0peu de\u00a0 baume au coeur\u00a0 en direction de son public donc, sans pour autant ouvrir la boite de Pandore.<\/p>\n<p><code><iframe src=\"\/\/www.dailymotion.com\/embed\/video\/x5hbla3\" width=\"560\" height=\"315\" frameborder=\"0\" allowfullscreen=\"allowfullscreen\"><\/iframe><br \/>\n<\/code><\/p>\n<p style=\"text-align: justify;\"><img decoding=\"async\" class=\"alignleft size-full wp-image-445\" src=\"https:\/\/www.moyenagepassion.com\/wp-content\/uploads\/2015\/12\/P_lettrine_moyen_age_passion-copia.jpg\" alt=\"P_lettrine_moyen_age_passion copia\" width=\"96\" height=\"103\" \/>our information, en recroisant toutes les sources et interviews de <em><strong>Alexandre Astier<\/strong><\/em>, y compris <a href=\"https:\/\/www.moyenagepassion.com\/index.php\/2016\/06\/11\/kaamelott-le-film-kaamelott-resistance-linterview-dalexandre-astier-lui-meme-et-en-personne-qui-on-dira-ce-quon-voudra-reste-tout-de-meme-le-mieux-place-pour-en-parler\/\" target=\"_blank\" rel=\"noopener noreferrer\">les plus r\u00e9centes de 2016<\/a>, il a toujours \u00e9t\u00e9 question que ce projet <em><strong>Kaamelott<\/strong><\/em> sur grand \u00e9cran se fasse. Les droits sont lib\u00e9r\u00e9s, les financements sont au rendez-vous, l&rsquo;auteur en a la volont\u00e9 et les acteurs sont l\u00e0. Il faut se <a href=\"https:\/\/www.moyenagepassion.com\/wp-content\/uploads\/2017\/04\/kaamelott_audrey_fleurot_dame_du_lac_cinema_trilogie_fan_interview_alexandre_astier.jpg\"><img decoding=\"async\" class=\"alignright wp-image-11742 size-full\" src=\"https:\/\/www.moyenagepassion.com\/wp-content\/uploads\/2017\/04\/kaamelott_audrey_fleurot_dame_du_lac_cinema_trilogie_fan_interview_alexandre_astier.jpg\" alt=\"kaamelott_audrey_fleurot_dame_du_lac_cinema_trilogie_fan_interview_alexandre_astier\" width=\"163\" height=\"304\" srcset=\"https:\/\/www.moyenagepassion.com\/wp-content\/uploads\/2017\/04\/kaamelott_audrey_fleurot_dame_du_lac_cinema_trilogie_fan_interview_alexandre_astier.jpg 163w, https:\/\/www.moyenagepassion.com\/wp-content\/uploads\/2017\/04\/kaamelott_audrey_fleurot_dame_du_lac_cinema_trilogie_fan_interview_alexandre_astier-161x300.jpg 161w\" sizes=\"(max-width: 163px) 100vw, 163px\" \/><\/a>souvenir de ses longues n\u00e9gociations avec ses anciens partenaires de production et de leur issue favorable pour mesurer sa motivation \u00e0 r\u00e9aliser cette trilogie au cin\u00e9ma. Sauf cas de force majeure qui viendrait se mettre en travers de sa route, il n&rsquo;y a donc aucune raison de douter du fait que ce projet\u00a0 verra le jour. Un petit peu de patience est requis. Rappelons-nous encore que l&rsquo;auteur aime surprendre son public et ses fans, il ne s&rsquo;en est jamais cach\u00e9.<\/p>\n<p style=\"text-align: justify;\">D&rsquo;ailleurs, rien ne dit que \u00a0le tournage n&rsquo;a pas d\u00e9j\u00e0 commenc\u00e9 dans la plus grande confidentialit\u00e9 et que l&rsquo;annonce officielle du film ne se \u00a0fera qu&rsquo;une fois le premier opus d\u00e9j\u00e0 emball\u00e9 et fini de monter. Avouez que \u00a0cela surprendrait tout le monde.<\/p>\n<p style=\"text-align: justify;\">\n<p style=\"text-align: justify;\">En vous souhaitant une belle journ\u00e9e.<\/p>\n<p style=\"text-align: justify;\">Fred<br \/>\nPour moyenagepassion.com<br \/>\n<span style=\"color: #008000;\"><em><strong>A la d\u00e9couverte du monde m\u00e9di\u00e9val sous \u00a0toutes ses formes.<\/strong><\/em><\/span><\/p>\n","protected":false},"excerpt":{"rendered":"<p>Sujet : Kaamelott, l\u00e9gendes arthuriennes, roi Arthur, humour, \u00a0com\u00e9die, s\u00e9rie t\u00e9l\u00e9vis\u00e9e culte, \u00a0actualit\u00e9, trilogie, cin\u00e9ma. interview t\u00e9l\u00e9. P\u00e9riode : moyen-\u00e2ge central, haut moyen-\u00e2ge pour la l\u00e9gende. Auteur : Alexandre \u00a0Astier Distribution : \u00a0 Regular prod (?) Bonjour \u00e0 tous, ous publions aujourd&rsquo;hui une information qui a ravi, il y a deux jours, tous les fans &hellip; <a href=\"https:\/\/www.moyenagepassion.com\/index.php\/2017\/04\/05\/trilogie-kaamelott-au-cinema-une-nouveaute-sans-surprise\/\" class=\"more-link\">Continuer la lecture de <span class=\"screen-reader-text\">Kaamelott au cin\u00e9ma: Alexandre Astier confirme le tournage de la trilogie<\/span>  <span class=\"meta-nav\">&rarr;<\/span><\/a><\/p>\n","protected":false},"author":2,"featured_media":0,"comment_status":"open","ping_status":"open","sticky":false,"template":"","format":"standard","meta":{"_monsterinsights_skip_tracking":false,"_monsterinsights_sitenote_active":false,"_monsterinsights_sitenote_note":"","_monsterinsights_sitenote_category":0,"footnotes":""},"categories":[6,10],"tags":[2457,197,735,72,2401,580,2289,779,61,1237,2170,556,346,22,182,18,85,2524,349,563,4490,1149],"class_list":["post-11728","post","type-post","status-publish","format-standard","hentry","category-films-moyen-age","category-series-televisees-moyen-age","tag-actualite","tag-alexandre-astier","tag-audrey-fleurot","tag-cinema","tag-comedie","tag-dame-du-lac","tag-fans","tag-humour","tag-humour-medieval","tag-interview","tag-kaameloot","tag-kaamelott","tag-legendes-arthuriennes","tag-medievale","tag-monde-medieval","tag-moyen-age","tag-moyen-age-central","tag-nouveaute","tag-roi-arthur","tag-serie-culte","tag-serie-tv","tag-trilogie"],"aioseo_notices":[],"_links":{"self":[{"href":"https:\/\/www.moyenagepassion.com\/index.php\/wp-json\/wp\/v2\/posts\/11728"}],"collection":[{"href":"https:\/\/www.moyenagepassion.com\/index.php\/wp-json\/wp\/v2\/posts"}],"about":[{"href":"https:\/\/www.moyenagepassion.com\/index.php\/wp-json\/wp\/v2\/types\/post"}],"author":[{"embeddable":true,"href":"https:\/\/www.moyenagepassion.com\/index.php\/wp-json\/wp\/v2\/users\/2"}],"replies":[{"embeddable":true,"href":"https:\/\/www.moyenagepassion.com\/index.php\/wp-json\/wp\/v2\/comments?post=11728"}],"version-history":[{"count":1,"href":"https:\/\/www.moyenagepassion.com\/index.php\/wp-json\/wp\/v2\/posts\/11728\/revisions"}],"predecessor-version":[{"id":34056,"href":"https:\/\/www.moyenagepassion.com\/index.php\/wp-json\/wp\/v2\/posts\/11728\/revisions\/34056"}],"wp:attachment":[{"href":"https:\/\/www.moyenagepassion.com\/index.php\/wp-json\/wp\/v2\/media?parent=11728"}],"wp:term":[{"taxonomy":"category","embeddable":true,"href":"https:\/\/www.moyenagepassion.com\/index.php\/wp-json\/wp\/v2\/categories?post=11728"},{"taxonomy":"post_tag","embeddable":true,"href":"https:\/\/www.moyenagepassion.com\/index.php\/wp-json\/wp\/v2\/tags?post=11728"}],"curies":[{"name":"wp","href":"https:\/\/api.w.org\/{rel}","templated":true}]}}