{"id":11846,"date":"2017-04-09T02:04:01","date_gmt":"2017-04-09T01:04:01","guid":{"rendered":"http:\/\/www.moyenagepassion.com\/?p=11846"},"modified":"2017-04-09T02:12:25","modified_gmt":"2017-04-09T01:12:25","slug":"la-ballade-des-menus-propos-de-francois-villon-interpretee-par-monique-morelli","status":"publish","type":"post","link":"https:\/\/www.moyenagepassion.com\/index.php\/2017\/04\/09\/la-ballade-des-menus-propos-de-francois-villon-interpretee-par-monique-morelli\/","title":{"rendered":"Fran\u00e7ois Villon chant\u00e9 par Monique Morelli: Ballade des menus propos"},"content":{"rendered":"<div id=\"moyen-671714529\" class=\"moyen-before-content moyen-entity-placement\"><script async src=\"\/\/pagead2.googlesyndication.com\/pagead\/js\/adsbygoogle.js?client=ca-pub-3035390706780632\" crossorigin=\"anonymous\"><\/script><ins class=\"adsbygoogle\" style=\"display:block;\" data-ad-client=\"ca-pub-3035390706780632\" \ndata-ad-slot=\"\" \ndata-ad-format=\"auto\"><\/ins>\n<script> \n(adsbygoogle = window.adsbygoogle || []).push({}); \n<\/script>\n<\/div><p><strong><a href=\"https:\/\/www.moyenagepassion.com\/wp-content\/uploads\/2015\/12\/fran\u00e7ois_villon_poesie_francais_moyen_age.jpg\"><img decoding=\"async\" class=\"alignleft size-thumbnail wp-image-160\" src=\"https:\/\/www.moyenagepassion.com\/wp-content\/uploads\/2015\/12\/fran\u00e7ois_villon_poesie_francais_moyen_age-150x150.jpg\" alt=\"fran\u00e7ois_villon_poesie_francais_moyen_age\" width=\"150\" height=\"150\" \/><\/a>Sujet : <\/strong>po\u00e9sie, litt\u00e9rature m\u00e9di\u00e9vale, r\u00e9aliste, \u00a0ballade, \u00a0Villon chant\u00e9, chanson.<br \/>\n<strong>P\u00e9riode<\/strong> : moyen-\u00e2ge tardif<br \/>\n<strong>Titre<\/strong> : \u00a0<em><strong>\u00ab\u00a0Ballade des menus propos\u00a0\u00bb<\/strong><\/em><br \/>\n<strong>Auteur<\/strong> : \u00a0Fran\u00e7ois Villon (1431- ?1463)<br \/>\n<strong>Interpr\u00e8tes<\/strong> : \u00a0Monique Morelli<br \/>\n<strong>Album \u00a0:<\/strong> <em>Fran\u00e7ois Villon<\/em> (1974)<\/p>\n<p style=\"text-align: justify;\"><img decoding=\"async\" class=\"alignleft size-full wp-image-36\" src=\"https:\/\/www.moyenagepassion.com\/wp-content\/uploads\/2015\/12\/C_lettrine_moyen_age_passion.jpg\" alt=\"C_lettrine_moyen_age_passion\" width=\"84\" height=\"103\" \/>&lsquo;est une voix surgie du pass\u00e9 qui entonne ici la <em>ballade des menus propos<\/em> de <em><strong>Fran\u00e7ois Villo<\/strong><\/em>n, celle d&rsquo;une chanteuse populaire dans la veine d&rsquo;une Piaf qui, dans les ann\u00e9es soixante-dix chantaient \u00a0les po\u00e8tes.<\/p>\n<p style=\"text-align: justify;\"><iframe src=\"https:\/\/www.youtube.com\/embed\/6AjgAFngg6Q\" width=\"560\" height=\"315\" frameborder=\"0\" allowfullscreen=\"allowfullscreen\"><\/iframe><\/p>\n<p style=\"text-align: justify;\">Pour ceux qui \u00a0se souviennent de la s\u00e9rie t\u00e9l\u00e9vis\u00e9e <em><strong>Mandrin<\/strong><\/em>, <em><strong>Monique Morelli<\/strong><\/em> (1923-1993) y incarnait encore \u00a0le r\u00f4le de \u00a0<i>La <a href=\"https:\/\/www.moyenagepassion.com\/wp-content\/uploads\/2017\/04\/monique_morelli_francois_villon_poesie_medievale_moyen-age_tardif.jpg\"><img decoding=\"async\" class=\"alignright wp-image-11833\" src=\"https:\/\/www.moyenagepassion.com\/wp-content\/uploads\/2017\/04\/monique_morelli_francois_villon_poesie_medievale_moyen-age_tardif.jpg\" alt=\"monique_morelli_francois_villon_poesie_medievale_moyen-age_tardif\" width=\"185\" height=\"308\" srcset=\"https:\/\/www.moyenagepassion.com\/wp-content\/uploads\/2017\/04\/monique_morelli_francois_villon_poesie_medievale_moyen-age_tardif.jpg 350w, https:\/\/www.moyenagepassion.com\/wp-content\/uploads\/2017\/04\/monique_morelli_francois_villon_poesie_medievale_moyen-age_tardif-180x300.jpg 180w\" sizes=\"(max-width: 185px) 100vw, 185px\" \/><\/a>Carline\u00a0<\/i>et c&rsquo;est elle qui pr\u00eatait aussi sa voix puissante au chant de Mandrin et \u00e0 toutes les variations narratives chant\u00e9es qui ponctuaient la s\u00e9rie. \u00a0Sans doute fut-elle une des derni\u00e8res et dignes repr\u00e9sentantes d&rsquo;une certaine fa\u00e7on de chanter.<\/p>\n<p style=\"text-align: justify;\">A partir de \u00a01962, son cabaret parisien \u00a0<em>Chez Ubu<\/em> fut un espace de cr\u00e9ation et d&rsquo;expression pour de nombreux artistes et ce n&rsquo;est pas par hasard si l&rsquo;on peut encore entrevoir une parent\u00e9 entre elle et la tr\u00e8s \u00a0cr\u00e9ative <em><strong>Brigitte Fontaine<\/strong><\/em>, dans l&rsquo;ambition litt\u00e9raire et po\u00e9tique au moins, m\u00eame si leur style vocal diff\u00e8re. Quoiqu&rsquo;il en soit, \u00e0 l&rsquo;image de <em><strong>L\u00e9o Ferr\u00e9<\/strong><\/em>, le\u00a0r\u00e9cital de <em><strong>Monique Morell<\/strong><\/em>i est rest\u00e9 ambitieux et elle \u00a0a contribu\u00e9 \u00a0\u00e0 faire conna\u00eetre de nombreux po\u00e8tes en les chantant.<\/p>\n<p style=\"text-align: justify;\"><a href=\"https:\/\/www.moyenagepassion.com\/wp-content\/uploads\/2017\/04\/poesie_medievale_francois_villon_ballade_menu_propos_monique_morelli_moyen-age_tardif.jpg\"><img decoding=\"async\" class=\"alignnone size-full wp-image-11852\" src=\"https:\/\/www.moyenagepassion.com\/wp-content\/uploads\/2017\/04\/poesie_medievale_francois_villon_ballade_menu_propos_monique_morelli_moyen-age_tardif.jpg\" alt=\"poesie_medievale_francois_villon_ballade_menu_propos_monique_morelli_moyen-age_tardif\" width=\"433\" height=\"353\" srcset=\"https:\/\/www.moyenagepassion.com\/wp-content\/uploads\/2017\/04\/poesie_medievale_francois_villon_ballade_menu_propos_monique_morelli_moyen-age_tardif.jpg 433w, https:\/\/www.moyenagepassion.com\/wp-content\/uploads\/2017\/04\/poesie_medievale_francois_villon_ballade_menu_propos_monique_morelli_moyen-age_tardif-300x245.jpg 300w\" sizes=\"(max-width: 433px) 100vw, 433px\" \/><\/a><\/p>\n<p style=\"text-align: justify;\">Pour le reste, hormis les troubadours ou trouv\u00e8res occitans, les po\u00e8tes m\u00e9di\u00e9vaux de langue d&rsquo;oil sont relativement peu chant\u00e9s dans le texte original et elle a sans doute \u00e9t\u00e9 une de celle qui a le plus explor\u00e9 le fait de mettre en chanson la po\u00e9sie de \u00a0Villon en lui d\u00e9diant un album complet.<\/p>\n<p style=\"text-align: justify;\">En vous souhaitant une belle journ\u00e9e!<\/p>\n<p>Fred<br \/>\nPour moyenagepassion.com<br \/>\n<em><strong>A la d\u00e9couverte du monde m\u00e9di\u00e9val sous toutes ses formes.<\/strong><\/em><\/p>\n","protected":false},"excerpt":{"rendered":"<p>Sujet : po\u00e9sie, litt\u00e9rature m\u00e9di\u00e9vale, r\u00e9aliste, \u00a0ballade, \u00a0Villon chant\u00e9, chanson. P\u00e9riode : moyen-\u00e2ge tardif Titre : \u00a0\u00ab\u00a0Ballade des menus propos\u00a0\u00bb Auteur : \u00a0Fran\u00e7ois Villon (1431- ?1463) Interpr\u00e8tes : \u00a0Monique Morelli Album \u00a0: Fran\u00e7ois Villon (1974) &lsquo;est une voix surgie du pass\u00e9 qui entonne ici la ballade des menus propos de Fran\u00e7ois Villon, celle d&rsquo;une chanteuse &hellip; <a href=\"https:\/\/www.moyenagepassion.com\/index.php\/2017\/04\/09\/la-ballade-des-menus-propos-de-francois-villon-interpretee-par-monique-morelli\/\" class=\"more-link\">Continuer la lecture de <span class=\"screen-reader-text\">Fran\u00e7ois Villon chant\u00e9 par Monique Morelli: Ballade des menus propos<\/span>  <span class=\"meta-nav\">&rarr;<\/span><\/a><\/p>\n","protected":false},"author":2,"featured_media":0,"comment_status":"open","ping_status":"open","sticky":false,"template":"","format":"standard","meta":{"_monsterinsights_skip_tracking":false,"_monsterinsights_sitenote_active":false,"_monsterinsights_sitenote_note":"","_monsterinsights_sitenote_category":0,"footnotes":""},"categories":[1318],"tags":[728,330,2538,169,77,1915,182,2539,18,913,80,615,688,622,2537,1599,777],"class_list":["post-11846","post","type-post","status-publish","format-standard","hentry","category-francois-villon","tag-auteur-medieval","tag-ballade","tag-ballade-menu-propos","tag-chanson","tag-francois-villon","tag-litterature-medievale","tag-monde-medieval","tag-monique-morelli","tag-moyen-age","tag-moyen-age-tardif","tag-poesie","tag-poesie-medievale","tag-poesie-satirique","tag-poete-medieval","tag-realiste","tag-satirique","tag-villon"],"aioseo_notices":[],"_links":{"self":[{"href":"https:\/\/www.moyenagepassion.com\/index.php\/wp-json\/wp\/v2\/posts\/11846"}],"collection":[{"href":"https:\/\/www.moyenagepassion.com\/index.php\/wp-json\/wp\/v2\/posts"}],"about":[{"href":"https:\/\/www.moyenagepassion.com\/index.php\/wp-json\/wp\/v2\/types\/post"}],"author":[{"embeddable":true,"href":"https:\/\/www.moyenagepassion.com\/index.php\/wp-json\/wp\/v2\/users\/2"}],"replies":[{"embeddable":true,"href":"https:\/\/www.moyenagepassion.com\/index.php\/wp-json\/wp\/v2\/comments?post=11846"}],"version-history":[{"count":0,"href":"https:\/\/www.moyenagepassion.com\/index.php\/wp-json\/wp\/v2\/posts\/11846\/revisions"}],"wp:attachment":[{"href":"https:\/\/www.moyenagepassion.com\/index.php\/wp-json\/wp\/v2\/media?parent=11846"}],"wp:term":[{"taxonomy":"category","embeddable":true,"href":"https:\/\/www.moyenagepassion.com\/index.php\/wp-json\/wp\/v2\/categories?post=11846"},{"taxonomy":"post_tag","embeddable":true,"href":"https:\/\/www.moyenagepassion.com\/index.php\/wp-json\/wp\/v2\/tags?post=11846"}],"curies":[{"name":"wp","href":"https:\/\/api.w.org\/{rel}","templated":true}]}}