{"id":11899,"date":"2017-04-13T23:05:37","date_gmt":"2017-04-13T22:05:37","guid":{"rendered":"http:\/\/www.moyenagepassion.com\/?p=11899"},"modified":"2025-04-12T22:27:08","modified_gmt":"2025-04-12T21:27:08","slug":"agenda-festivals-historiques-et-rejouissances-medievales","status":"publish","type":"post","link":"https:\/\/www.moyenagepassion.com\/index.php\/2017\/04\/13\/agenda-festivals-historiques-et-rejouissances-medievales\/","title":{"rendered":"Agenda : festivals historiques et r\u00e9jouissances m\u00e9di\u00e9vales"},"content":{"rendered":"<div id=\"moyen-702591835\" class=\"moyen-before-content moyen-entity-placement\"><script async src=\"\/\/pagead2.googlesyndication.com\/pagead\/js\/adsbygoogle.js?client=ca-pub-3035390706780632\" crossorigin=\"anonymous\"><\/script><ins class=\"adsbygoogle\" style=\"display:block;\" data-ad-client=\"ca-pub-3035390706780632\" \ndata-ad-slot=\"\" \ndata-ad-format=\"auto\"><\/ins>\n<script> \n(adsbygoogle = window.adsbygoogle || []).push({}); \n<\/script>\n<\/div><p style=\"text-align: justify;\"><strong><a href=\"https:\/\/www.moyenagepassion.com\/wp-content\/uploads\/2017\/04\/agenda_sortie_historique_festivals_fetes_ripailles_week_end_theme_medieval_moyen-age.jpg\"><img decoding=\"async\" class=\"alignleft wp-image-11936\" src=\"https:\/\/www.moyenagepassion.com\/wp-content\/uploads\/2017\/04\/agenda_sortie_historique_festivals_fetes_ripailles_week_end_theme_medieval_moyen-age-178x300.jpg\" alt=\"agenda_sortie_historique_festivals_fetes_ripailles_week_end_theme_medieval_moyen-age\" width=\"128\" height=\"215\" srcset=\"https:\/\/www.moyenagepassion.com\/wp-content\/uploads\/2017\/04\/agenda_sortie_historique_festivals_fetes_ripailles_week_end_theme_medieval_moyen-age-178x300.jpg 178w, https:\/\/www.moyenagepassion.com\/wp-content\/uploads\/2017\/04\/agenda_sortie_historique_festivals_fetes_ripailles_week_end_theme_medieval_moyen-age.jpg 332w\" sizes=\"(max-width: 128px) 100vw, 128px\" \/><\/a>Sujet<\/strong> : march\u00e9, festivit\u00e9s, festival, tournoi, m\u00e9di\u00e9val, \u00e9v\u00e9nement, agenda sortie, historique, Moyen \u00c2ge, artisanat, animations, compagnies m\u00e9di\u00e9vales.<br \/>\n<strong>Ev\u00e9nements<\/strong> : festivals et march\u00e9 m\u00e9di\u00e9vaux du week-end de P\u00e2ques<br \/>\n<strong>Lieu<\/strong> : Carcassonne, Peyrolles en Provence, \u00a0Orange, Mons<br \/>\n<strong>Dates<\/strong> : \u00a0samedi 15 et dimanche 16 avril 2017<\/p>\n<p style=\"text-align: justify;\">Bonjour \u00e0 tous,<\/p>\n<p style=\"text-align: justify;\"><img decoding=\"async\" class=\"alignleft size-full wp-image-153\" src=\"https:\/\/www.moyenagepassion.com\/wp-content\/uploads\/2015\/12\/L_lettrine_moyen_age_passion.jpg\" alt=\"L_lettrine_moyen_age_passion\" width=\"84\" height=\"103\" \/>e week end de p\u00e2ques est l&rsquo;occasion pour de nombreuses villes de c\u00e9l\u00e9brer leur histoire m\u00e9di\u00e9vale. De fait, il y \u00a0a tant d&rsquo;\u00e9v\u00e9nements autour du Moyen \u00c2ge, cette fin de semaine, que nous saurions bien en peine d&rsquo;en choisir un seul \u00e0 vous indiquer. \u00a0Nous avons donc d\u00e9cid\u00e9, pour cette fois, de vous faire un petit \u00ab\u00a0digest\u00a0\u00bb des lieux, des f\u00eates m\u00e9di\u00e9vales et des contacts. C&rsquo;est une s\u00e9lection et il y en a tr\u00e8s certainement bien d&rsquo;autres. En fonction de votre localisation, \u00a0vous trouverez, nous l&rsquo;esp\u00e9rons, \u00a0de quoi ajouter quelques couleurs m\u00e9di\u00e9vales \u00e0 votre week-end de \u00a0P\u00e2ques.<\/p>\n<p style=\"text-align: center;\">_________________________________________________<\/p>\n<h2 style=\"text-align: justify;\">Carcassonne , le tournoi de la citadelle<\/h2>\n<p style=\"text-align: justify;\"><a href=\"https:\/\/www.moyenagepassion.com\/wp-content\/uploads\/2017\/04\/tournoi_medieval_behourd_carcassonne_citatdelle_agenda_sortie_historique_histoire_medievale_2017.jpg\"><img decoding=\"async\" class=\"alignnone wp-image-11917 size-full\" src=\"https:\/\/www.moyenagepassion.com\/wp-content\/uploads\/2017\/04\/tournoi_medieval_behourd_carcassonne_citatdelle_agenda_sortie_historique_histoire_medievale_2017.jpg\" alt=\"\" width=\"1212\" height=\"429\" srcset=\"https:\/\/www.moyenagepassion.com\/wp-content\/uploads\/2017\/04\/tournoi_medieval_behourd_carcassonne_citatdelle_agenda_sortie_historique_histoire_medievale_2017.jpg 1212w, https:\/\/www.moyenagepassion.com\/wp-content\/uploads\/2017\/04\/tournoi_medieval_behourd_carcassonne_citatdelle_agenda_sortie_historique_histoire_medievale_2017-300x106.jpg 300w, https:\/\/www.moyenagepassion.com\/wp-content\/uploads\/2017\/04\/tournoi_medieval_behourd_carcassonne_citatdelle_agenda_sortie_historique_histoire_medievale_2017-1024x362.jpg 1024w\" sizes=\"(max-width: 1212px) 100vw, 1212px\" \/><\/a><\/p>\n<p style=\"text-align: justify;\">C&rsquo;est dans le cadre du grand th\u00e9\u00e2tre Jean Deschamps que se d\u00e9roulera ce tournoi qui opposera plus de cents participants, durant deux jours. Au programme, \u00a0des m\u00eal\u00e9es \u00a05vs5 notamment et gageons \u00a0encore de nombreuses autres surprises.<\/p>\n<h4 style=\"text-align: justify;\">Un grand tournoi m\u00e9di\u00e9val \u00e0 l&rsquo;ombre des remparts<\/h4>\n<p style=\"text-align: justify;\"><strong>Dates<\/strong> : \u00a0samedi 15 et dimanche 16 avril 2017<br \/>\n<strong>Lieu<\/strong> : th\u00e9\u00e2tre Jean Deschamps, Carcassonne<\/p>\n<p style=\"text-align: justify;\"><a href=\"https:\/\/www.moyenagepassion.com\/wp-content\/uploads\/2017\/04\/agenda_2017_evenement_fetes_festival_historique_tournoi_medieval_carcassonne_citadelle_.jpg\"><img decoding=\"async\" class=\"alignright wp-image-11906\" src=\"https:\/\/www.moyenagepassion.com\/wp-content\/uploads\/2017\/04\/agenda_2017_evenement_fetes_festival_historique_tournoi_medieval_carcassonne_citadelle_.jpg\" alt=\"agenda_2017_evenement_fetes_festival_historique_tournoi_medieval_carcassonne_citadelle_\" width=\"196\" height=\"281\" \/><\/a>Bien s\u00fbr, la <em><strong>F\u00e9d\u00e9ration Fran\u00e7aise de B\u00e9hourd<\/strong><\/em> sera sur place \u00a0avec le fleuron des combattants \u00a0de ces tournois en armures m\u00e9di\u00e9vales d&rsquo;\u00e9poque et armes anciennes scrupuleusement reconstitu\u00e9es.<\/p>\n<p style=\"text-align: justify;\">Comme nous l&rsquo;avons d\u00e9j\u00e0 dit dans notre article sur cet <a href=\"https:\/\/www.moyenagepassion.com\/index.php\/2017\/02\/06\/combats-en-armure-et-tournois-medievaux-sylvain-tape-dur-et-la-passion-du-behourd\/\" target=\"_blank\" rel=\"noopener noreferrer\">art martial historique<\/a> tr\u00e8s particulier, \u00a0tous les tranchants et contondants \u00a0sont \u00e9mouss\u00e9s pour \u00e9viter \u00a0les accidents.\u00a0Qu&rsquo;on se rassure, la discipline reste \u00a0\u00a0grandement spectaculaire! Pour l&rsquo;organisation de l&rsquo;ensemble de l&rsquo;\u00e9v\u00e9nement, la <em><strong>F\u00e9d\u00e9ration Fran\u00e7aise de B\u00e9hourd\u00a0<\/strong><\/em>est \u00e9troitement associ\u00e9e \u00e0 \u00a0l&rsquo;<em><strong>Association Internationale Historique de la Bataille M\u00e9di\u00e9vale<\/strong><\/em> (HMBIA) et bien s\u00fbr \u00e0 la ville de Carcassonne. \u00a0M\u00eame si le th\u00e9\u00e2tre peut accueillir plusieurs milliers de spectateurs, nous vous conseillons n\u00e9anmoins de prendre des informations sur les sites officiels autour de l&rsquo;\u00e9v\u00e9nement \u00a0et peut-\u00eatre m\u00eame de r\u00e9server vos places :<\/p>\n<p><a href=\"http:\/\/www.combatmedieval.com\" target=\"_blank\" rel=\"noopener noreferrer\">\u00a0Site de la F\u00e9d\u00e9ration Fran\u00e7aise de B\u00e9hourd<\/a>\u00a0 \u00a0 \u00a0 \u00a0 \u00a0 \u00a0 \u00a0 \u00a0 \u00a0<a href=\"https:\/\/www.billetweb.fr\/tournoi-de-la-citadelle\" target=\"_blank\" rel=\"noopener noreferrer\">\u00a0R\u00e9servation en ligne<\/a><\/p>\n<p style=\"text-align: center;\">_________________________________________________<\/p>\n<h2 style=\"text-align: justify;\">Le Rassemblement du Prince d&rsquo;Orange et son march\u00e9 de l&rsquo;Histoire<\/h2>\n<p style=\"text-align: justify;\"><a href=\"https:\/\/www.moyenagepassion.com\/wp-content\/uploads\/2017\/04\/marche_festival_festivites_rassemblement_medieval_orange_agenda_sortie_historique_histoire_medievale_2017.jpg\"><img decoding=\"async\" class=\"alignnone wp-image-11916 size-full\" src=\"https:\/\/www.moyenagepassion.com\/wp-content\/uploads\/2017\/04\/marche_festival_festivites_rassemblement_medieval_orange_agenda_sortie_historique_histoire_medievale_2017.jpg\" alt=\"marche_festival_festivites_rassemblement_medieval_orange_agenda_sortie_historique_histoire_medievale_2017\" width=\"1212\" height=\"429\" srcset=\"https:\/\/www.moyenagepassion.com\/wp-content\/uploads\/2017\/04\/marche_festival_festivites_rassemblement_medieval_orange_agenda_sortie_historique_histoire_medievale_2017.jpg 1212w, https:\/\/www.moyenagepassion.com\/wp-content\/uploads\/2017\/04\/marche_festival_festivites_rassemblement_medieval_orange_agenda_sortie_historique_histoire_medievale_2017-300x106.jpg 300w, https:\/\/www.moyenagepassion.com\/wp-content\/uploads\/2017\/04\/marche_festival_festivites_rassemblement_medieval_orange_agenda_sortie_historique_histoire_medievale_2017-1024x362.jpg 1024w\" sizes=\"(max-width: 1212px) 100vw, 1212px\" \/><\/a><\/p>\n<p style=\"text-align: justify;\"><strong>Dates<\/strong> : \u00a0samedi 15 et dimanche 16 avril 2017<br \/>\n<strong>Lieu<\/strong> : parc des expositions, Orange<\/p>\n<p style=\"text-align: justify;\">Chaque ann\u00e9e \u00a0se tient \u00e0 Orange un grand rassemblement m\u00e9di\u00e9val autour du Prince d&rsquo;Orange. Ce festival qui c\u00e9l\u00e8bre donc le moyen-\u00e2ge est organis\u00e9 par l&rsquo;Association historique Le Royaume d&rsquo;Orange en partenariat \u00e9troit avec la ville. Il y est <a href=\"https:\/\/www.moyenagepassion.com\/wp-content\/uploads\/2017\/04\/agenda_sortie_2017_evenement_fetes_festival_historique_marche_medieval_histoire_orange.jpg\"><img decoding=\"async\" class=\"alignright wp-image-11914\" src=\"https:\/\/www.moyenagepassion.com\/wp-content\/uploads\/2017\/04\/agenda_sortie_2017_evenement_fetes_festival_historique_marche_medieval_histoire_orange.jpg\" alt=\"agenda_sortie_2017_evenement_fetes_festival_historique_marche_medieval_histoire_orange\" width=\"194\" height=\"258\" srcset=\"https:\/\/www.moyenagepassion.com\/wp-content\/uploads\/2017\/04\/agenda_sortie_2017_evenement_fetes_festival_historique_marche_medieval_histoire_orange.jpg 450w, https:\/\/www.moyenagepassion.com\/wp-content\/uploads\/2017\/04\/agenda_sortie_2017_evenement_fetes_festival_historique_marche_medieval_histoire_orange-225x300.jpg 225w\" sizes=\"(max-width: 194px) 100vw, 194px\" \/><\/a>pr\u00e9vu des animations riches en couleur, campements, tournois, pr\u00e9sence de compagnies m\u00e9di\u00e9vales et s&rsquo;y tiendra aussi un March\u00e9 de l&rsquo;Histoire organis\u00e9 par l&rsquo;<a href=\"https:\/\/www.moyenagepassion.com\/index.php\/2016\/11\/18\/une-sortie-historique-pour-une-belle-fin-de-semaine-le-festival-fous-dhistoire-a-margny-les-compiegne\/\" target=\"_blank\" rel=\"noopener noreferrer\">Association pour l&rsquo;Histoire vivante<\/a> (dont nous avons d\u00e9j\u00e0 parl\u00e9 ici \u00e0 plusieurs reprises).<\/p>\n<p style=\"text-align: justify;\">L&rsquo;\u00e9v\u00e9nement se d\u00e9roulera dans et autour du parc d&rsquo;Expositions. Concernant le march\u00e9 de l&rsquo;Histoire comme tous les \u00e9v\u00e9nements \u00a0de ce type, vous pourrez y trouver \u00a0un grand nombre d&rsquo;artisans autour de la reconstitution historique, avec une grande repr\u00e9sentation de la p\u00e9riode m\u00e9di\u00e9vale.<\/p>\n<p style=\"text-align: justify;\"><a href=\"https:\/\/www.prince-orange.com\" target=\"_blank\" rel=\"noopener noreferrer\">Site de l&rsquo;\u00e9v\u00e9nement<\/a> \u00a0 \u00a0 \u00a0 <a href=\"http:\/\/www.marches-histoire.fr\/espace.php?i=artisan&amp;ville=O\" target=\"_blank\" rel=\"noopener noreferrer\">Exposants du March\u00e9 de l&rsquo;Histoire<\/a><\/p>\n<p style=\"text-align: center;\">_________________________________________________<\/p>\n<h2 style=\"text-align: justify;\">La foire m\u00e9di\u00e9vale du Roy Ren\u00e9<br \/>\nde Peyrolles en Provence<\/h2>\n<p style=\"text-align: justify;\"><strong>Dates<\/strong> : \u00a0samedi 15 et dimanche 16 avril 2017<br \/>\n<strong>Lieu<\/strong> : village de Peyrolles en Provence<\/p>\n<p style=\"text-align: justify;\">Au nord \u00a0d&rsquo;Aix en Provence, le \u00a0village m\u00e9di\u00e9val de Peyrolles organise cette ann\u00e9e la 13e \u00e9dition de sa <em><strong>F<\/strong><strong>oire du Roy Ren\u00e9<\/strong><\/em> pour y c\u00e9l\u00e9brer son histoire, son ch\u00e2teau et sa p\u00e9riode m\u00e9di\u00e9vale en hommage au bon <a href=\"https:\/\/www.moyenagepassion.com\/wp-content\/uploads\/2017\/04\/agenda_2017_evenement_fetes_festival_foire_historique_medieval_roy_rene_peyrolles.jpg\"><img decoding=\"async\" class=\"alignright wp-image-11933\" src=\"https:\/\/www.moyenagepassion.com\/wp-content\/uploads\/2017\/04\/agenda_2017_evenement_fetes_festival_foire_historique_medieval_roy_rene_peyrolles.jpg\" alt=\"agenda_2017_evenement_fetes_festival_foire_historique_medieval_roy_rene_peyrolles\" width=\"224\" height=\"314\" srcset=\"https:\/\/www.moyenagepassion.com\/wp-content\/uploads\/2017\/04\/agenda_2017_evenement_fetes_festival_foire_historique_medieval_roy_rene_peyrolles.jpg 500w, https:\/\/www.moyenagepassion.com\/wp-content\/uploads\/2017\/04\/agenda_2017_evenement_fetes_festival_foire_historique_medieval_roy_rene_peyrolles-214x300.jpg 214w\" sizes=\"(max-width: 224px) 100vw, 224px\" \/><\/a>Roy Ren\u00e9, alias <em><strong>Ren\u00e9 1er d&rsquo;Anjou<\/strong><\/em> \u00a0qui s&rsquo;\u00e9tait \u00e9tabli dans la province d&rsquo;Aix dans le milieu du XVe si\u00e8cle.<\/p>\n<p style=\"text-align: justify;\">D\u00e9fil\u00e9s et parades, animations \u00e9questres et compagnies m\u00e9di\u00e9vales th\u00e9matiques, il y aura encore plusieurs tavernes o\u00f9 se restaurer pendant ces deux jours, ainsi qu&rsquo;un march\u00e9 m\u00e9di\u00e9val et artisanal.<\/p>\n<p style=\"text-align: justify;\">L&rsquo;\u00e9v\u00e9nement n&rsquo;a sans doute pas l&rsquo;ampleur des trois autres festivals que nous vous pr\u00e9sentons dans cet article, mais la commune et de nombreux b\u00e9n\u00e9voles s&rsquo;y impliquent \u00e0 plein, en s&rsquo;attachant \u00e0 le soigner chaque ann\u00e9e. Nous ne cessons de dire ici que la passion fait quelquefois de grandes choses avec des moyens plus modestes.<\/p>\n<p style=\"text-align: justify;\">Au gr\u00e9 de vos envies, vous pourrez c\u00e9der ici aux charmes rupestres de Peyrolles, \u00e0 son cachet m\u00e9di\u00e9val, \u00e0 sa belle foire du Roy Ren\u00e9, et encore \u00e0 la pr\u00e9sence de son lac.<\/p>\n<p style=\"text-align: left;\"><a href=\"http:\/\/www.foireduroyrene.com\" target=\"_blank\" rel=\"noopener noreferrer\">Site web de la foire du Roy Ren\u00e9 et \u00a0programme<\/a><\/p>\n<p style=\"text-align: center;\">_________________________________________________<\/p>\n<h2 style=\"text-align: left;\">Mons, festival trolls et l\u00e9gendes :<br \/>\nla Belgique \u00e0 l&rsquo;heure du m\u00e9di\u00e9val fantasy<\/h2>\n<p><strong>Dates<\/strong> : vendredi 14, samedi 15 et dimanche 16 avril 2017<br \/>\n<strong>Lieu<\/strong> : Parc \u00a0Lotto Mons Expo, Mons, Belgique.<\/p>\n<p><a href=\"https:\/\/www.moyenagepassion.com\/wp-content\/uploads\/2017\/04\/festival_festivites_animations_evenement_compagnie_medieval_moyen-age_fantasy_fantastique_trolls_legendes_mons_belgique.jpg\"><img decoding=\"async\" class=\"aligncenter wp-image-11921 size-full\" src=\"https:\/\/www.moyenagepassion.com\/wp-content\/uploads\/2017\/04\/festival_festivites_animations_evenement_compagnie_medieval_moyen-age_fantasy_fantastique_trolls_legendes_mons_belgique.jpg\" alt=\"festival_festivites_animations_evenement_compagnie_medieval_moyen-age_fantasy_fantastique_trolls_legendes_mons_belgique\" width=\"404\" height=\"567\" srcset=\"https:\/\/www.moyenagepassion.com\/wp-content\/uploads\/2017\/04\/festival_festivites_animations_evenement_compagnie_medieval_moyen-age_fantasy_fantastique_trolls_legendes_mons_belgique.jpg 404w, https:\/\/www.moyenagepassion.com\/wp-content\/uploads\/2017\/04\/festival_festivites_animations_evenement_compagnie_medieval_moyen-age_fantasy_fantastique_trolls_legendes_mons_belgique-214x300.jpg 214w\" sizes=\"(max-width: 404px) 100vw, 404px\" \/><\/a><\/p>\n<p style=\"text-align: justify;\">Durant trois jours durant, la ville Belge de Mons s&rsquo;\u00e9veillera, cette fin de semaine, dans le royaume de la f\u00e9erie et des l\u00e9gendes issu du Moyen \u00c2ge \u00a0fantaisie ou fantastique (comme on pr\u00e9f\u00e8re).<\/p>\n<p style=\"text-align: justify;\"><a href=\"https:\/\/www.moyenagepassion.com\/wp-content\/uploads\/2017\/04\/fetes_rassemblement_festival_medieval_fantasy_moyen-age_fantastique_belgique_trolls_legendes.jpg\"><img decoding=\"async\" class=\"wp-image-11926 alignright\" src=\"https:\/\/www.moyenagepassion.com\/wp-content\/uploads\/2017\/04\/fetes_rassemblement_festival_medieval_fantasy_moyen-age_fantastique_belgique_trolls_legendes.jpg\" alt=\"fetes_rassemblement_festival_medieval_fantasy_moyen-age_fantastique_belgique_trolls_legendes\" width=\"236\" height=\"363\" srcset=\"https:\/\/www.moyenagepassion.com\/wp-content\/uploads\/2017\/04\/fetes_rassemblement_festival_medieval_fantasy_moyen-age_fantastique_belgique_trolls_legendes.jpg 450w, https:\/\/www.moyenagepassion.com\/wp-content\/uploads\/2017\/04\/fetes_rassemblement_festival_medieval_fantasy_moyen-age_fantastique_belgique_trolls_legendes-195x300.jpg 195w\" sizes=\"(max-width: 236px) 100vw, 236px\" \/><\/a>Ce tr\u00e8s sympathique Festival <em><strong>Trolls et L\u00e9gendes\u00a0<\/strong><\/em>\u00a0n&rsquo;en est plus \u00e0 son galop d&rsquo;essai, puisqu&rsquo;il s&rsquo;agit, cette ann\u00e9e, de sa 7\u00e8me \u00e9dition. Comme pour les pr\u00e9c\u00e9dentes, l&rsquo;ambition reste de pr\u00e9senter les \u00a0L\u00e9gendes nordiques ou celtiques et le moyen-\u00e2ge imaginaire et r\u00eav\u00e9, sous ses formes artistiques les plus diverses et vari\u00e9es : Musique, Litt\u00e9rature, BD, Expo, Jeux, Cin\u00e9ma, animations, parades, etc&#8230;<\/p>\n<p style=\"text-align: justify;\">Cette ann\u00e9e encore, ce festival promet d&rsquo;\u00eatre fantastique \u00e0 plus d&rsquo;un titre, et les organisateurs se sont \u00e9galement entour\u00e9s de la pr\u00e9sence de prestigieux invit\u00e9s d&rsquo;honneur. Ils recevront notamment cet ann\u00e9e, l&rsquo;artiste et illustrateur \u00a0<em><strong>Adrian Smith<\/strong><\/em> \u00a0qui est devenu rien moins qu&rsquo;une figure mythique dans le domaine de l&rsquo;Art et de l&rsquo;illustration M\u00e9di\u00e9val Fantaisie. Outre sa pr\u00e9sence sur place, l&rsquo;affiche du festival de l&rsquo;\u00e9dition 2017 de ce tr\u00e8s prometteur festival Trolls et L\u00e9gendes est de lui.<\/p>\n<p style=\"text-align: justify;\"><a href=\"http:\/\/www.trolls-et-legendes.be\/\" target=\"_blank\" rel=\"noopener noreferrer\">Retrouvez tout le programme de l&rsquo;\u00e9v\u00e9nement Trolls &amp; L\u00e9gendes ici<\/a><\/p>\n<p style=\"text-align: justify;\"><strong>Un peu de l&rsquo;ambiance du Festival\u00a0de l&rsquo;ann\u00e9e pr\u00e9c\u00e9dente<br \/>\n<\/strong><code><iframe src=\"https:\/\/www.youtube.com\/embed\/PHkxl89No1s\" width=\"600\" height=\"333\" frameborder=\"0\" allowfullscreen=\"allowfullscreen\"><\/iframe><\/code><\/p>\n<p style=\"text-align: justify;\">Voil\u00e0 pour le grand tour des sorties, f\u00eates et autres r\u00e9jouissances m\u00e9di\u00e9vales de cette fin de semaine, mes amis, en esp\u00e9rant que vous y trouverez de quoi vous contentez et de quoi festoyer !<\/p>\n<p>Une tr\u00e8s belle journ\u00e9e \u00e0 vous et surtout un excellent week end pascal.<\/p>\n<p>Fred<br \/>\nPour moyenagepassion.com<br \/>\n<em><strong>A la d\u00e9couverte du monde m\u00e9di\u00e9val sous toutes ses formes.<\/strong><\/em><\/p>\n","protected":false},"excerpt":{"rendered":"<p>Sujet : march\u00e9, festivit\u00e9s, festival, tournoi, m\u00e9di\u00e9val, \u00e9v\u00e9nement, agenda sortie, historique, Moyen \u00c2ge, artisanat, animations, compagnies m\u00e9di\u00e9vales. Ev\u00e9nements : festivals et march\u00e9 m\u00e9di\u00e9vaux du week-end de P\u00e2ques Lieu : Carcassonne, Peyrolles en Provence, \u00a0Orange, Mons Dates : \u00a0samedi 15 et dimanche 16 avril 2017 Bonjour \u00e0 tous, e week end de p\u00e2ques est l&rsquo;occasion pour &hellip; <a href=\"https:\/\/www.moyenagepassion.com\/index.php\/2017\/04\/13\/agenda-festivals-historiques-et-rejouissances-medievales\/\" class=\"more-link\">Continuer la lecture de <span class=\"screen-reader-text\">Agenda : festivals historiques et r\u00e9jouissances m\u00e9di\u00e9vales<\/span>  <span class=\"meta-nav\">&rarr;<\/span><\/a><\/p>\n","protected":false},"author":2,"featured_media":0,"comment_status":"open","ping_status":"open","sticky":false,"template":"","format":"standard","meta":{"_monsterinsights_skip_tracking":false,"_monsterinsights_sitenote_active":false,"_monsterinsights_sitenote_note":"","_monsterinsights_sitenote_category":0,"footnotes":""},"categories":[11],"tags":[1539,1780,1891,212,136,632,1233,2359,1382,1414,2177,1438,2519,636,207,22,182,18,2286,1379,1209,371,6364,4421,1585],"class_list":["post-11899","post","type-post","status-publish","format-standard","hentry","category-fetes-medievales-evenement","tag-agenda-medieval","tag-animations","tag-behourd","tag-compagnies-medievales","tag-festival","tag-festival-medieval","tag-festivites","tag-historique","tag-idees-sorties","tag-legendes-celtiques","tag-legendes-nordiques","tag-marche","tag-marche-de-lhistoire","tag-marche-medieval","tag-medieval-fantaisie","tag-medievale","tag-monde-medieval","tag-moyen-age","tag-moyen-age-fantastique","tag-ripailles","tag-tournoi","tag-trolls","tag-trolls-legendes","tag-trolls-et-legendes","tag-week-end"],"aioseo_notices":[],"_links":{"self":[{"href":"https:\/\/www.moyenagepassion.com\/index.php\/wp-json\/wp\/v2\/posts\/11899"}],"collection":[{"href":"https:\/\/www.moyenagepassion.com\/index.php\/wp-json\/wp\/v2\/posts"}],"about":[{"href":"https:\/\/www.moyenagepassion.com\/index.php\/wp-json\/wp\/v2\/types\/post"}],"author":[{"embeddable":true,"href":"https:\/\/www.moyenagepassion.com\/index.php\/wp-json\/wp\/v2\/users\/2"}],"replies":[{"embeddable":true,"href":"https:\/\/www.moyenagepassion.com\/index.php\/wp-json\/wp\/v2\/comments?post=11899"}],"version-history":[{"count":2,"href":"https:\/\/www.moyenagepassion.com\/index.php\/wp-json\/wp\/v2\/posts\/11899\/revisions"}],"predecessor-version":[{"id":47851,"href":"https:\/\/www.moyenagepassion.com\/index.php\/wp-json\/wp\/v2\/posts\/11899\/revisions\/47851"}],"wp:attachment":[{"href":"https:\/\/www.moyenagepassion.com\/index.php\/wp-json\/wp\/v2\/media?parent=11899"}],"wp:term":[{"taxonomy":"category","embeddable":true,"href":"https:\/\/www.moyenagepassion.com\/index.php\/wp-json\/wp\/v2\/categories?post=11899"},{"taxonomy":"post_tag","embeddable":true,"href":"https:\/\/www.moyenagepassion.com\/index.php\/wp-json\/wp\/v2\/tags?post=11899"}],"curies":[{"name":"wp","href":"https:\/\/api.w.org\/{rel}","templated":true}]}}