{"id":12646,"date":"2017-05-17T19:31:04","date_gmt":"2017-05-17T18:31:04","guid":{"rendered":"http:\/\/www.moyenagepassion.com\/?p=12646"},"modified":"2020-10-04T21:14:49","modified_gmt":"2020-10-04T20:14:49","slug":"le-centre-dhistoire-medievale-dazincourt-a-la-decouverte-des-metiers-et-artisans-du-moyen-age","status":"publish","type":"post","link":"https:\/\/www.moyenagepassion.com\/index.php\/2017\/05\/17\/le-centre-dhistoire-medievale-dazincourt-a-la-decouverte-des-metiers-et-artisans-du-moyen-age\/","title":{"rendered":"Le centre historique m\u00e9di\u00e9val d&rsquo;Azincourt \u00e0 la d\u00e9couverte des m\u00e9tiers et artisans du moyen-\u00e2ge"},"content":{"rendered":"<div id=\"moyen-1197785980\" class=\"moyen-before-content moyen-entity-placement\"><script async src=\"\/\/pagead2.googlesyndication.com\/pagead\/js\/adsbygoogle.js?client=ca-pub-3035390706780632\" crossorigin=\"anonymous\"><\/script><ins class=\"adsbygoogle\" style=\"display:block;\" data-ad-client=\"ca-pub-3035390706780632\" \ndata-ad-slot=\"\" \ndata-ad-format=\"auto\"><\/ins>\n<script> \n(adsbygoogle = window.adsbygoogle || []).push({}); \n<\/script>\n<\/div><p><strong><a href=\"https:\/\/www.moyenagepassion.com\/wp-content\/uploads\/2017\/05\/azincourt_bataille_guerre_de_cent_ans_histoire_medieval_centre_historique.jpg\"><img decoding=\"async\" class=\"wp-image-12480 alignleft\" src=\"https:\/\/www.moyenagepassion.com\/wp-content\/uploads\/2017\/05\/azincourt_bataille_guerre_de_cent_ans_histoire_medieval_centre_historique-123x300.jpg\" alt=\"azincourt_bataille_guerre_de_cent_ans_histoire_medieval_centre_historique\" width=\"77\" height=\"188\" srcset=\"https:\/\/www.moyenagepassion.com\/wp-content\/uploads\/2017\/05\/azincourt_bataille_guerre_de_cent_ans_histoire_medieval_centre_historique-123x300.jpg 123w, https:\/\/www.moyenagepassion.com\/wp-content\/uploads\/2017\/05\/azincourt_bataille_guerre_de_cent_ans_histoire_medieval_centre_historique.jpg 228w\" sizes=\"(max-width: 77px) 100vw, 77px\" \/><\/a>Sujet<\/strong> : \u00a0lieu d\u2019int\u00e9r\u00eat, mus\u00e9e, centre historique, rencontre, artisanat m\u00e9di\u00e9val, m\u00e9tiers du moyen-\u00e2ge,\u00a0atelier,\u00a0d\u00e9monstration.<br \/>\n<strong>P\u00e9riode<\/strong> : moyen-\u00e2ge central \u00e0 tardif.<br \/>\n<strong>Lieu<\/strong> : <a href=\"http:\/\/illucolor.fr\/7_vallees_comm\/Azincourt\/index.html\" target=\"_blank\" rel=\"noopener noreferrer\">Centre Historique M\u00e9di\u00e9val d\u2019Azincourt<\/a><br \/>\n22, rue Charles VI. 62310\u00a0Azincourt<br \/>\n<strong>Ev\u00e9nement<\/strong> : Artisans et Savoir-Faire du moyen-\u00e2ge<br \/>\n<strong>Date<\/strong> : Samedi 20\u00a0mai et Dimanche 21 mai 2017<\/p>\n<p style=\"text-align: justify;\">Bonjour \u00e0 tous,<\/p>\n<p style=\"text-align: justify;\"><img decoding=\"async\" class=\"alignleft size-full wp-image-59\" src=\"https:\/\/www.moyenagepassion.com\/wp-content\/uploads\/2015\/12\/A_lettrine_moyen_age_passion.jpg\" alt=\"A_lettrine_moyen_age_passion\" width=\"84\" height=\"103\" \/>u titre des \u00e9v\u00e9nements \u00e0 th\u00e8me de cette fin de semaine, le tr\u00e8s actif <a href=\"https:\/\/www.moyenagepassion.com\/index.php\/2017\/05\/10\/rencontre-thematique-autour-des-armoiries-de-1415-durant-la-grande-bataille-au-centre-historique-medieval-dazincourt\/\" target=\"_blank\" rel=\"noopener noreferrer\">Centre historique m\u00e9di\u00e9val d&rsquo;Azincourt<\/a> dont nous vous parlions dans un article pr\u00e9c\u00e9dent, organise deux journ\u00e9es \u00e0 la d\u00e9couverte <a href=\"https:\/\/www.moyenagepassion.com\/wp-content\/uploads\/2017\/05\/evenement_artisanat_metiers_moyen-age_centre_historique_medieval_azincourt.jpg\"><img decoding=\"async\" class=\"alignright wp-image-12648\" src=\"https:\/\/www.moyenagepassion.com\/wp-content\/uploads\/2017\/05\/evenement_artisanat_metiers_moyen-age_centre_historique_medieval_azincourt.jpg\" alt=\"evenement_artisanat_metiers_moyen-age_centre_historique_medieval_azincourt\" width=\"240\" height=\"334\" srcset=\"https:\/\/www.moyenagepassion.com\/wp-content\/uploads\/2017\/05\/evenement_artisanat_metiers_moyen-age_centre_historique_medieval_azincourt.jpg 647w, https:\/\/www.moyenagepassion.com\/wp-content\/uploads\/2017\/05\/evenement_artisanat_metiers_moyen-age_centre_historique_medieval_azincourt-216x300.jpg 216w\" sizes=\"(max-width: 240px) 100vw, 240px\" \/><\/a>des m\u00e9tiers et de l&rsquo;Artisanat du moyen-\u00e2ge. Les rencontres auront lieu les samedi 20 et dimanche 21 mai de 10h00 \u00e0 17h00.<\/p>\n<p style=\"text-align: justify;\">Sur site, vous pourrez partir \u00e0 la rencontre de divers artisans passionn\u00e9s de techniques m\u00e9di\u00e9vales : potier, forgeron, ferronnier, tailleur de pierre et\u00a0il y aura \u00e9galement les\u00a0repr\u00e9sentants de deux professions un peu moins connues : celle de tourneur sur bois, artisan qui, au moyen-\u00e2ge confectionnait de petits objets allant d&rsquo;ustensiles de couture ou de cuisine \u00e0 du petit mobilier et encore celle bien moins connu d&rsquo;Orf\u00e8vre-imagier ou\u00a0faiseur d&rsquo;enseignes.<\/p>\n<p style=\"text-align: justify;\"><a href=\"https:\/\/www.moyenagepassion.com\/wp-content\/uploads\/2017\/05\/centre_histoire_medievale_azincourt_artisan_medieval_metiers_moyen-age_faiseur_enseigne.jpg\"><img decoding=\"async\" class=\"alignnone wp-image-12655 size-full\" src=\"https:\/\/www.moyenagepassion.com\/wp-content\/uploads\/2017\/05\/centre_histoire_medievale_azincourt_artisan_medieval_metiers_moyen-age_faiseur_enseigne.jpg\" alt=\"centre_histoire_medievale_azincourt_artisan_medieval_metiers_moyen-age_faiseur_enseigne\" width=\"744\" height=\"603\" srcset=\"https:\/\/www.moyenagepassion.com\/wp-content\/uploads\/2017\/05\/centre_histoire_medievale_azincourt_artisan_medieval_metiers_moyen-age_faiseur_enseigne.jpg 744w, https:\/\/www.moyenagepassion.com\/wp-content\/uploads\/2017\/05\/centre_histoire_medievale_azincourt_artisan_medieval_metiers_moyen-age_faiseur_enseigne-300x243.jpg 300w\" sizes=\"(max-width: 744px) 100vw, 744px\" \/><\/a><\/p>\n<h2 style=\"text-align: justify;\">Le faiseur d&rsquo;enseignes ou orph\u00e8vre imagier<\/h2>\n<p style=\"text-align: justify;\"><img decoding=\"async\" class=\"alignleft size-full wp-image-36\" src=\"https:\/\/www.moyenagepassion.com\/wp-content\/uploads\/2015\/12\/C_lettrine_moyen_age_passion.jpg\" alt=\"C_lettrine_moyen_age_passion\" width=\"84\" height=\"103\" \/>oncernant ce dernier savoir-faire, il ne s&rsquo;agit pas d&rsquo;enseignes d&rsquo;\u00e9choppes ou de tavernes comme on pourrait le penser, \u00e0 premi\u00e8re vue. Le terme d\u00e9signe en effet \u00a0de petites pi\u00e8ces ou motifs ornementaux\u00a0 principalement \u00e0 usage vestimentaire en m\u00e9tal (plomb ou \u00e9tain) : plus que simplement d\u00e9coratives, ces \u00ab\u00a0enseignes\u00a0\u00bb pouvaient \u00eatre la marque d&rsquo;appartenance \u00e0 une profession, repr\u00e9senter le souvenir d&rsquo;un p\u00e8lerinage, et \u00eatre encore vecteurs d&rsquo;autres messages. Dans l&rsquo;esprit, leurs fonctions signal\u00e9tiques ou\u00a0signifiantes pourraient un peu les faire rapprocher de\u00a0l&rsquo;\u00e9quivalent de nos \u00ab\u00a0badges\u00a0\u00bb contemporains. De nature religieuse ou profane, elles sont demeur\u00e9es tr\u00e8s populaires du XIIe jusqu&rsquo;au XVIe si\u00e8cle et vous pourrez rencontrer sur place, <em><strong>Nicolas M\u00c9REAU<\/strong><\/em>, \u00a0artisan et passionn\u00e9 devenu v\u00e9ritable sp\u00e9cialiste de la question et qui se propose de faire revivre ce savoir-faire m\u00e9di\u00e9val.<\/p>\n<p style=\"text-align: justify;\"><img decoding=\"async\" class=\"alignnone size-full wp-image-12649\" src=\"https:\/\/www.moyenagepassion.com\/wp-content\/uploads\/2017\/05\/centre_historique_medieval_azincourt_evenement_atelier_conference_moyen-age.jpg\" alt=\"centre_historique_medieval_azincourt_evenement_atelier_conference_moyen-age\" width=\"531\" height=\"116\" srcset=\"https:\/\/www.moyenagepassion.com\/wp-content\/uploads\/2017\/05\/centre_historique_medieval_azincourt_evenement_atelier_conference_moyen-age.jpg 531w, https:\/\/www.moyenagepassion.com\/wp-content\/uploads\/2017\/05\/centre_historique_medieval_azincourt_evenement_atelier_conference_moyen-age-300x66.jpg 300w\" sizes=\"(max-width: 531px) 100vw, 531px\" \/><\/p>\n<p style=\"text-align: justify;\">Pour l&rsquo;ensemble des m\u00e9tiers repr\u00e9sent\u00e9s, des d\u00e9monstrations et r\u00e9alisations seront effectu\u00e9es afin de bien transmettre et faire comprendre toutes les \u00e9tapes de r\u00e9alisation. Aussi, si vous vous trouvez dans le Pas-de-Calais, ce week-end, et que vous souhaitez d\u00e9couvrir quelques secrets ou arcanes de l&rsquo;artisanat m\u00e9di\u00e9val en compagnie de sp\u00e9cialistes de la question, tout se passe du c\u00f4t\u00e9 du <em><strong>Centre \u00a0historique m\u00e9di\u00e9val d\u2019Azincourt<\/strong><\/em>.<\/p>\n<p style=\"text-align: justify;\">Pour plus d\u2019information, vous pouvez vous contacter directement le \u00a0au num\u00e9ro de t\u00e9l\u00e9phone suivant : 03 21 47 27 53 ou par courriel \u00e0 l\u2019adresse suivante :\u00a0<img decoding=\"async\" class=\"wp-image-12472 alignnone\" src=\"https:\/\/www.moyenagepassion.com\/wp-content\/uploads\/2017\/05\/courriel_centre_historique_medieval_azincourt_1415_guerre_de_cent_ans.jpg\" alt=\"courriel_centre_historique_medieval_azincourt_1415_guerre_de_cent_ans\" width=\"242\" height=\"30\" \/><\/p>\n<p style=\"text-align: justify;\">En vous souhaitant une tr\u00e8s belle journ\u00e9e.<\/p>\n<p>Fred<br \/>\nPour moyenagepassion.com<br \/>\n<span style=\"color: #008000;\"><em><strong>A la d\u00e9couverte du monde m\u00e9di\u00e9val sous toutes ses formes.<\/strong><\/em><\/span><\/p>\n","protected":false},"excerpt":{"rendered":"<p>Sujet : \u00a0lieu d\u2019int\u00e9r\u00eat, mus\u00e9e, centre historique, rencontre, artisanat m\u00e9di\u00e9val, m\u00e9tiers du moyen-\u00e2ge,\u00a0atelier,\u00a0d\u00e9monstration. P\u00e9riode : moyen-\u00e2ge central \u00e0 tardif. Lieu : Centre Historique M\u00e9di\u00e9val d\u2019Azincourt 22, rue Charles VI. 62310\u00a0Azincourt Ev\u00e9nement : Artisans et Savoir-Faire du moyen-\u00e2ge Date : Samedi 20\u00a0mai et Dimanche 21 mai 2017 Bonjour \u00e0 tous, u titre des \u00e9v\u00e9nements \u00e0 th\u00e8me &hellip; <a href=\"https:\/\/www.moyenagepassion.com\/index.php\/2017\/05\/17\/le-centre-dhistoire-medievale-dazincourt-a-la-decouverte-des-metiers-et-artisans-du-moyen-age\/\" class=\"more-link\">Continuer la lecture de <span class=\"screen-reader-text\">Le centre historique m\u00e9di\u00e9val d&rsquo;Azincourt \u00e0 la d\u00e9couverte des m\u00e9tiers et artisans du moyen-\u00e2ge<\/span>  <span class=\"meta-nav\">&rarr;<\/span><\/a><\/p>\n","protected":false},"author":2,"featured_media":0,"comment_status":"open","ping_status":"open","sticky":false,"template":"","format":"standard","meta":{"_monsterinsights_skip_tracking":false,"_monsterinsights_sitenote_active":false,"_monsterinsights_sitenote_note":"","_monsterinsights_sitenote_category":0,"footnotes":""},"categories":[11],"tags":[1539,2664,2521,2665,896,2663,2631,2886,1480,2666,2668,1382,106,18,85,913,2669,34,2271],"class_list":["post-12646","post","type-post","status-publish","format-standard","hentry","category-fetes-medievales-evenement","tag-agenda-medieval","tag-artisanat-medieval","tag-artisans","tag-atelier","tag-azincourt","tag-centre-historique","tag-centre-historique-medieval","tag-centre-historique-medieval-dazincourt","tag-conference","tag-demonstration","tag-faiseurs-denseigne","tag-idees-sorties","tag-metiers","tag-moyen-age","tag-moyen-age-central","tag-moyen-age-tardif","tag-orfevre-imagier","tag-passion","tag-passionne"],"aioseo_notices":[],"_links":{"self":[{"href":"https:\/\/www.moyenagepassion.com\/index.php\/wp-json\/wp\/v2\/posts\/12646"}],"collection":[{"href":"https:\/\/www.moyenagepassion.com\/index.php\/wp-json\/wp\/v2\/posts"}],"about":[{"href":"https:\/\/www.moyenagepassion.com\/index.php\/wp-json\/wp\/v2\/types\/post"}],"author":[{"embeddable":true,"href":"https:\/\/www.moyenagepassion.com\/index.php\/wp-json\/wp\/v2\/users\/2"}],"replies":[{"embeddable":true,"href":"https:\/\/www.moyenagepassion.com\/index.php\/wp-json\/wp\/v2\/comments?post=12646"}],"version-history":[{"count":1,"href":"https:\/\/www.moyenagepassion.com\/index.php\/wp-json\/wp\/v2\/posts\/12646\/revisions"}],"predecessor-version":[{"id":34640,"href":"https:\/\/www.moyenagepassion.com\/index.php\/wp-json\/wp\/v2\/posts\/12646\/revisions\/34640"}],"wp:attachment":[{"href":"https:\/\/www.moyenagepassion.com\/index.php\/wp-json\/wp\/v2\/media?parent=12646"}],"wp:term":[{"taxonomy":"category","embeddable":true,"href":"https:\/\/www.moyenagepassion.com\/index.php\/wp-json\/wp\/v2\/categories?post=12646"},{"taxonomy":"post_tag","embeddable":true,"href":"https:\/\/www.moyenagepassion.com\/index.php\/wp-json\/wp\/v2\/tags?post=12646"}],"curies":[{"name":"wp","href":"https:\/\/api.w.org\/{rel}","templated":true}]}}