{"id":12693,"date":"2017-05-19T00:51:54","date_gmt":"2017-05-18T23:51:54","guid":{"rendered":"http:\/\/www.moyenagepassion.com\/?p=12693"},"modified":"2020-10-04T19:53:45","modified_gmt":"2020-10-04T18:53:45","slug":"agenda-fetes-festivals-et-rejouissances-medievales-dici-et-dailleurs","status":"publish","type":"post","link":"https:\/\/www.moyenagepassion.com\/index.php\/2017\/05\/19\/agenda-fetes-festivals-et-rejouissances-medievales-dici-et-dailleurs\/","title":{"rendered":"Agenda: f\u00eates, festivals et r\u00e9jouissances m\u00e9di\u00e9vales d&rsquo;ici et d&rsquo;ailleurs"},"content":{"rendered":"<div id=\"moyen-1964272963\" class=\"moyen-before-content moyen-entity-placement\"><script async src=\"\/\/pagead2.googlesyndication.com\/pagead\/js\/adsbygoogle.js?client=ca-pub-3035390706780632\" crossorigin=\"anonymous\"><\/script><ins class=\"adsbygoogle\" style=\"display:block;\" data-ad-client=\"ca-pub-3035390706780632\" \ndata-ad-slot=\"\" \ndata-ad-format=\"auto\"><\/ins>\n<script> \n(adsbygoogle = window.adsbygoogle || []).push({}); \n<\/script>\n<\/div><p><strong><a href=\"https:\/\/www.moyenagepassion.com\/wp-content\/uploads\/2017\/04\/agenda_sortie_historique_festivals_fetes_ripailles_week_end_theme_medieval_moyen-age.jpg\"><img decoding=\"async\" class=\"wp-image-11936 alignleft\" src=\"https:\/\/www.moyenagepassion.com\/wp-content\/uploads\/2017\/04\/agenda_sortie_historique_festivals_fetes_ripailles_week_end_theme_medieval_moyen-age-178x300.jpg\" alt=\"agenda_sortie_historique_festivals_fetes_ripailles_week_end_theme_medieval_moyen-age\" width=\"128\" height=\"216\" srcset=\"https:\/\/www.moyenagepassion.com\/wp-content\/uploads\/2017\/04\/agenda_sortie_historique_festivals_fetes_ripailles_week_end_theme_medieval_moyen-age-178x300.jpg 178w, https:\/\/www.moyenagepassion.com\/wp-content\/uploads\/2017\/04\/agenda_sortie_historique_festivals_fetes_ripailles_week_end_theme_medieval_moyen-age.jpg 332w\" sizes=\"(max-width: 128px) 100vw, 128px\" \/><\/a>Sujet<\/strong> : f\u00eates, festivit\u00e9s m\u00e9di\u00e9vales, festival, fascination moyen-\u00e2ge, march\u00e9, compagnie m\u00e9di\u00e9vale, sortie historique,\u00a0agenda.<br \/>\n<strong>P\u00e9riode<\/strong> \u00a0: moyen-\u00e2ge central \u00e0 tardif<br \/>\n<strong>Lieu<\/strong>\u00a0:\u00a0Compiegne, Saint Quentin Fallavier, Cusset, Les Pennes Mirabeau, Sedan.<br \/>\n<strong>Ev\u00e9nements<\/strong>:\u00a0f\u00eates, r\u00e9jouissances \u00a0et festivals m\u00e9di\u00e9vaux d&rsquo;ici et d&rsquo;ailleurs.<br \/>\n<strong>Dates<\/strong> : les samedi 20\u00a0&amp; dimanche 21 mai 2017<\/p>\n<p style=\"text-align: justify;\">Bonjour \u00e0 tous,<\/p>\n<p style=\"text-align: justify;\"><img decoding=\"async\" class=\"alignleft size-full wp-image-36\" src=\"https:\/\/www.moyenagepassion.com\/wp-content\/uploads\/2015\/12\/C_lettrine_moyen_age_passion.jpg\" alt=\"C_lettrine_moyen_age_passion\" width=\"84\" height=\"103\" \/>&lsquo;est fou comme l&rsquo;agenda des sorties sur le th\u00e8me m\u00e9di\u00e9val peut se charger au fur et \u00e0 mesure de l&rsquo;approche des beaux jours. Si vous vous trouvez dans le Pas-De-Calais, nous avons d\u00e9j\u00e0 d\u00e9di\u00e9 un article aux <a href=\"https:\/\/www.moyenagepassion.com\/index.php\/2017\/05\/17\/le-centre-dhistoire-medievale-dazincourt-a-la-decouverte-des-metiers-et-artisans-du-moyen-age\/\" target=\"_blank\" rel=\"noopener noreferrer\">rencontres autour de l&rsquo;Artisanat et des m\u00e9tiers du Moyen-\u00e2ge<\/a>\u00a0que vous propose le <em><strong>Centre Historique M\u00e9di\u00e9val d&rsquo;Azincourt<\/strong><\/em>, mais pour le reste, \u00e0 vrai dire, on n&rsquo;a m\u00eame du mal \u00e0 faire une s\u00e9lection entre tous les \u00e9v\u00e9nements propos\u00e9s ici ou ailleurs ce week end.<\/p>\n<p style=\"text-align: justify;\">Jugez plut\u00f4t, cette fin de semaine, ce sont plus de vingt-cinq villes qui vous proposent des f\u00eates, c\u00e9l\u00e9brations ou autres festivals autour du moyen-\u00e2ge et, tout cela, sans compter toutes celles qui le font sans le m\u00e9diatiser ou encore les lieux et sites, et autres ch\u00e2teaux historiques qui, chaque week end, sortent leurs plus beaux atours et font les plus grands efforts pour faire revivre leurs visiteurs au rythme de leur histoire m\u00e9di\u00e9vale. Alors, cette fois-ci encore, <a href=\"https:\/\/www.moyenagepassion.com\/wp-content\/uploads\/2017\/05\/fetes_festivites_festival_moyen-age_agenda_medieval_mai_2017_pennes_mirabeau_Lou_Mirabeou.jpg\"><img decoding=\"async\" class=\"wp-image-12695 alignleft\" src=\"https:\/\/www.moyenagepassion.com\/wp-content\/uploads\/2017\/05\/fetes_festivites_festival_moyen-age_agenda_medieval_mai_2017_pennes_mirabeau_Lou_Mirabeou.jpg\" alt=\"fetes_festivites_festival_moyen-age_agenda_medieval_mai_2017_pennes_mirabeau_Lou_Mirabeou\" width=\"214\" height=\"303\" srcset=\"https:\/\/www.moyenagepassion.com\/wp-content\/uploads\/2017\/05\/fetes_festivites_festival_moyen-age_agenda_medieval_mai_2017_pennes_mirabeau_Lou_Mirabeou.jpg 596w, https:\/\/www.moyenagepassion.com\/wp-content\/uploads\/2017\/05\/fetes_festivites_festival_moyen-age_agenda_medieval_mai_2017_pennes_mirabeau_Lou_Mirabeou-212x300.jpg 212w\" sizes=\"(max-width: 214px) 100vw, 214px\" \/><\/a>comme nous l&rsquo;avons d\u00e9j\u00e0 fait, nous vous proposons un\u00a0digest de quelques f\u00eates m\u00e9di\u00e9vales choisies, entre les lignes de cet article autour de\u00a0l&rsquo;engouement pour ce genre d&rsquo;\u00e9v\u00e9nement.<\/p>\n<p style=\"text-align: left;\"><span style=\"color: #808080;\">20 \u00a0et\u00a0\u00a021 mai 2017\u00a0<\/span><br \/>\n<span style=\"color: #008000;\"><span style=\"color: #808080;\"> Festival \u00a0Lou Mirabeou-\u00a0Les-Pennes-Mirabeau \u00a0(Bouches-du-Rh\u00f4ne) avec l&rsquo;<em><strong>Association La porte des Etoiles<\/strong><\/em><a style=\"color: #808080;\" href=\"http:\/\/www.laportedesetoiles.com\/\" target=\"_blank\" rel=\"noopener noreferrer\">.<\/a>\u00a0 <\/span>\u00a0\u00a0<span style=\"text-decoration: underline;\"><a style=\"color: #008000; text-decoration: underline;\" href=\"http:\/\/www.pennes-mirabeau.org\/images\/pdf\/actu\/17-05mirabeou.pdf\" target=\"_blank\" rel=\"noopener noreferrer\">Consulter le programme \u00a0ici<\/a><\/span><\/span><\/p>\n<h2 style=\"text-align: left;\">B\u00e9n\u00e9voles, milieu associatif et passionn\u00e9s:<br \/>\nles artisans actifs de la r\u00e9ussite<\/h2>\n<p style=\"text-align: justify;\"><img decoding=\"async\" class=\"alignleft size-full wp-image-397\" src=\"https:\/\/www.moyenagepassion.com\/wp-content\/uploads\/2015\/12\/O_lettrine_moyen_age_passion.jpg\" alt=\"O_lettrine_moyen_age_passion\" width=\"96\" height=\"103\" \/>utre les compagnies professionnelles sp\u00e9cialis\u00e9es dans l&rsquo;animation, l&rsquo;\u00e9vocation ou la reconstitution historique sur\u00a0les mille ans que couvre le moyen-\u00e2ge, outre les exposants qui ne manquent jamais de venir monter leurs \u00e9choppes garnies de produits anciens et artisanaux dans des march\u00e9s m\u00e9di\u00e9vaux qui rivalisent entre eux d&rsquo;originalit\u00e9 et de couleurs, pour que toutes ces f\u00eates existent, <a href=\"https:\/\/www.moyenagepassion.com\/wp-content\/uploads\/2017\/05\/fetes_festivites_festival_moyen-age_monde_medieval_agenda_sortie_mai_2017_compiegne_jeanne_arc.jpg\"><img decoding=\"async\" class=\"alignright wp-image-12696\" src=\"https:\/\/www.moyenagepassion.com\/wp-content\/uploads\/2017\/05\/fetes_festivites_festival_moyen-age_monde_medieval_agenda_sortie_mai_2017_compiegne_jeanne_arc.jpg\" alt=\"fetes_festivites_festival_moyen-age_monde_medieval_agenda_sortie_mai_2017_compiegne_jeanne_arc\" width=\"200\" height=\"279\" srcset=\"https:\/\/www.moyenagepassion.com\/wp-content\/uploads\/2017\/05\/fetes_festivites_festival_moyen-age_monde_medieval_agenda_sortie_mai_2017_compiegne_jeanne_arc.jpg 600w, https:\/\/www.moyenagepassion.com\/wp-content\/uploads\/2017\/05\/fetes_festivites_festival_moyen-age_monde_medieval_agenda_sortie_mai_2017_compiegne_jeanne_arc-215x300.jpg 215w\" sizes=\"(max-width: 200px) 100vw, 200px\" \/><\/a>qu&rsquo;elles soient \u00e0 l&rsquo;impulsion des communes ou des collectivit\u00e9s locales, ou \u00e0 l&rsquo;initiative de passionn\u00e9s d&rsquo;histoire, il faut encore que s&rsquo;y associent des myriades de b\u00e9n\u00e9voles et de volontaires.<\/p>\n<p style=\"text-align: right;\"><span style=\"color: #008000;\"><span style=\"color: #808080;\">20 et 21 mai 2017,\u00a0Compi\u00e8gne la m\u00e9di\u00e9vale (Oise) c\u00e9l\u00e8bre Jeanne d&rsquo;Arc avec <em><strong>Les Compagnons de Jehanne<\/strong><\/em>.<\/span> <span style=\"text-decoration: underline;\"><a style=\"color: #008000; text-decoration: underline;\" href=\"http:\/\/bit.ly\/2oou75F\" target=\"_blank\" rel=\"noopener noreferrer\">Tout le Programme ici<\/a><\/span><\/span><\/p>\n<p style=\"text-align: justify;\">Dans ce domaine, le milieu associatif fait des miracles et nous avons toujours une belle pens\u00e9e pour ceux qui, dans les creux de leur temps libre, se tiennent dans l&rsquo;attente des f\u00eates et autres c\u00e9l\u00e9brations historiques auxquelles ils viendront apporter leur petite pierre, leur belle \u00e9nergie et leurs sourires pour que tout soit r\u00e9ussi. Ce sont souvent des heures de pr\u00e9paration et de temps <a href=\"https:\/\/www.moyenagepassion.com\/wp-content\/uploads\/2017\/05\/fetes_medievale_reconstitution_evocation_historique_moyen-age_2017_chateau_saint_quentin_fallavier.jpg\"><img decoding=\"async\" class=\"wp-image-12703 alignleft\" src=\"https:\/\/www.moyenagepassion.com\/wp-content\/uploads\/2017\/05\/fetes_medievale_reconstitution_evocation_historique_moyen-age_2017_chateau_saint_quentin_fallavier.jpg\" alt=\"fetes_medievale_reconstitution_evocation_historique_moyen-age_2017_chateau_saint_quentin_fallavier\" width=\"226\" height=\"319\" srcset=\"https:\/\/www.moyenagepassion.com\/wp-content\/uploads\/2017\/05\/fetes_medievale_reconstitution_evocation_historique_moyen-age_2017_chateau_saint_quentin_fallavier.jpg 679w, https:\/\/www.moyenagepassion.com\/wp-content\/uploads\/2017\/05\/fetes_medievale_reconstitution_evocation_historique_moyen-age_2017_chateau_saint_quentin_fallavier-212x300.jpg 212w\" sizes=\"(max-width: 226px) 100vw, 226px\" \/><\/a>donn\u00e9 gracieusement pour que vive l&rsquo;esprit du moyen-\u00e2ge. Sans leur passion vibrante pour l&rsquo;histoire m\u00e9di\u00e9vale de leurs villes, de leurs villages ou de leurs ch\u00e2teaux, une grande partie\u00a0de ces \u00e9v\u00e9nements ne pourraient sans doute pas voir le jour.<\/p>\n<p style=\"text-align: left;\"><span style=\"color: #999999;\"><span style=\"color: #808080;\">Animation m\u00e9di\u00e9vale au Ch\u00e2teau de Saint Quentin Fallavier (Is\u00e8re) avec <strong><em>la Cie Escossor. <\/em><\/strong><\/span><span style=\"text-decoration: underline;\"><span style=\"color: #008000; text-decoration: underline;\"><a style=\"color: #008000; text-decoration: underline;\" href=\"http:\/\/www.st-quentin-fallavier.fr\/269-compagnie-escossor.htm\" target=\"_blank\" rel=\"noopener noreferrer\">Programme \u00a0ici<\/a><\/span><\/span><\/span><\/p>\n<h2 style=\"text-align: justify;\">Entre fascination,\u00a0joie franche et ripailles,<br \/>\nle moyen-\u00e2ge, th\u00e8me festif et f\u00e9d\u00e9rateur<\/h2>\n<p style=\"text-align: justify;\"><img decoding=\"async\" class=\"alignleft size-full wp-image-59\" src=\"https:\/\/www.moyenagepassion.com\/wp-content\/uploads\/2015\/12\/A_lettrine_moyen_age_passion.jpg\" alt=\"A_lettrine_moyen_age_passion\" width=\"84\" height=\"103\" \/>lors oui, c&rsquo;est ind\u00e9niable, le moyen-\u00e2ge fascine et sans doute plus que jamais. La France n&rsquo;est pas seule \u00e0 partager cet engouement, l&rsquo;Allemagne, la Belgique, l&rsquo;Espagne, et les pays d&rsquo;Europe au sens large sont encore largement tourn\u00e9s\u00a0vers\u00a0leur pass\u00e9 m\u00e9di\u00e9val et ont \u00e0 coeur de le c\u00e9l\u00e9brer.\u00a0Au del\u00e0 de cet attrait, il faut bien faire le constat que c&rsquo;est aussi un th\u00e8me f\u00e9d\u00e9rateur. En un mot, festoyer autour de cette p\u00e9riode semble toujours mettre tout le monde d&rsquo;accord.<\/p>\n<p style=\"text-align: justify;\">L&rsquo;ombre des vielles pierres, les ripailles et les banquets, \u00a0les troubadours et leurs instruments anciens, les fac\u00e9ties des saltimbanques ou des com\u00e9diens fard\u00e9s, les tournois et les joutes <a href=\"https:\/\/www.moyenagepassion.com\/wp-content\/uploads\/2017\/05\/fete_festival_medieval_fantastique_reconstitution_evocation_moyen-age_2017_cusset_les_flamboyantes.jpg\"><img decoding=\"async\" class=\"wp-image-12705 alignright\" src=\"https:\/\/www.moyenagepassion.com\/wp-content\/uploads\/2017\/05\/fete_festival_medieval_fantastique_reconstitution_evocation_moyen-age_2017_cusset_les_flamboyantes.jpg\" alt=\"fete_festival_medieval_fantastique_reconstitution_evocation_moyen-age_2017_cusset_les_flamboyantes\" width=\"234\" height=\"331\" srcset=\"https:\/\/www.moyenagepassion.com\/wp-content\/uploads\/2017\/05\/fete_festival_medieval_fantastique_reconstitution_evocation_moyen-age_2017_cusset_les_flamboyantes.jpg 550w, https:\/\/www.moyenagepassion.com\/wp-content\/uploads\/2017\/05\/fete_festival_medieval_fantastique_reconstitution_evocation_moyen-age_2017_cusset_les_flamboyantes-212x300.jpg 212w\" sizes=\"(max-width: 234px) 100vw, 234px\" \/><\/a>entre preux chevaliers, dans tout cela nous projetons ou nous reconnaissons un sens v\u00e9ritable de la f\u00eate, et peut-\u00eatre encore une forme \u00ab\u00a0d&rsquo;insouciance\u00a0\u00bb et de joie franche que nous pr\u00eatons au moyen-\u00e2ge.<\/p>\n<p style=\"text-align: right;\"><span style=\"color: #808080;\">Les 19, 20 et 21 mai 2017<\/span><br \/>\n<span style=\"color: #008000;\"><span style=\"color: #808080;\"> Cusset (Allier) et l&rsquo;Auvergne seront plong\u00e9s dans le m\u00e9di\u00e9val fantastique<br \/>\n<\/span><\/span><span style=\"color: #008000;\"><span style=\"text-decoration: underline;\"><a style=\"color: #008000; text-decoration: underline;\" href=\"https:\/\/www.moyenagepassion.com\/wp-content\/uploads\/2017\/05\/fetes_animation_festival_medieval_fantastique_cusset_flamboyantes_2017_agenda_moyen-age.jpg\" target=\"_blank\" rel=\"noopener noreferrer\">Tout le programme ici<\/a><\/span><\/span><\/p>\n<p style=\"text-align: justify;\">A l&rsquo;\u00e9vidence, l&rsquo;antiquit\u00e9 n&rsquo;exerce pas sur nous cette force d&rsquo;attraction, ni m\u00eame les \u00ab\u00a0\u00e9vocations\u00a0\u00bb gauloises ou gallo-romaines qui, le moins qu&rsquo;on puisse dire, ne sont pas l\u00e9gions (bon \u00e7a va, je ne le referai plus), bien que peut-\u00eatre, dans nos imaginaires, il reste dans ce sens de la f\u00eate m\u00e9di\u00e9vale quelque chose de vaguement \u00ab\u00a0Gaulois\u00a0\u00bb. La Renaissance et le si\u00e8cle des lumi\u00e8res, pas d&rsquo;avantage que les suivants, ne semblent non plus avoir sur nous cet ascendant et \u00a0de toutes les f\u00eates historiques qui se donnent, chaque semaine, dans les villes et villages de France, le moyen-\u00e2ge l&#8217;emporte de loin. Il reste, \u00e0 l&rsquo;\u00e9vidence, la\u00a0p\u00e9riode \u00a0historique (r\u00e9elle ou reconstruite) propice \u00e0 faire r\u00eaver le plus grand nombre. La preuve, pour ce\u00a0week end en approche,\u00a0il ne nous reste que l&#8217;embarras du choix. Alors, ripaillez, festoyez et riez aux heures m\u00e9di\u00e9vales, du nord au sud et de l&rsquo;ouest \u00e0 l&rsquo;est des terres de France, tout est l\u00e0, \u00e0 port\u00e9e de main ou \u00e0 quelques lieues de chez vous, si le coeur vous en dit !<\/p>\n<table width=\"\u00bb475\u2033\" cellspacing=\"\u00bb0\u2033\" cellpadding=\"\u00bb0\u2033\">\n<tbody>\n<tr>\n<td><a href=\"https:\/\/www.moyenagepassion.com\/wp-content\/uploads\/2017\/05\/fetes_medievales_historiques_reconstitution_evocation_moyen-age_Sedan_tournoi_2017.jpg\"><img decoding=\"async\" class=\"alignnone wp-image-12715\" src=\"https:\/\/www.moyenagepassion.com\/wp-content\/uploads\/2017\/05\/fetes_medievales_historiques_reconstitution_evocation_moyen-age_Sedan_tournoi_2017.jpg\" alt=\"fetes_medievales_historiques_reconstitution_evocation_moyen-age_Sedan_tournoi_2017\" width=\"221\" height=\"306\" srcset=\"https:\/\/www.moyenagepassion.com\/wp-content\/uploads\/2017\/05\/fetes_medievales_historiques_reconstitution_evocation_moyen-age_Sedan_tournoi_2017.jpg 500w, https:\/\/www.moyenagepassion.com\/wp-content\/uploads\/2017\/05\/fetes_medievales_historiques_reconstitution_evocation_moyen-age_Sedan_tournoi_2017-216x300.jpg 216w\" sizes=\"(max-width: 221px) 100vw, 221px\" \/><\/a><\/td>\n<td><a href=\"https:\/\/www.moyenagepassion.com\/wp-content\/uploads\/2017\/05\/fetes_historiques_reconstitution_evocation_moyen-age_histoire_2017_sully_sur_loire.jpg\"><img decoding=\"async\" class=\"alignnone wp-image-12716\" src=\"https:\/\/www.moyenagepassion.com\/wp-content\/uploads\/2017\/05\/fetes_historiques_reconstitution_evocation_moyen-age_histoire_2017_sully_sur_loire.jpg\" alt=\"fetes_historiques_reconstitution_evocation_moyen-age_histoire_2017_sully_sur_loire\" width=\"211\" height=\"296\" srcset=\"https:\/\/www.moyenagepassion.com\/wp-content\/uploads\/2017\/05\/fetes_historiques_reconstitution_evocation_moyen-age_histoire_2017_sully_sur_loire.jpg 500w, https:\/\/www.moyenagepassion.com\/wp-content\/uploads\/2017\/05\/fetes_historiques_reconstitution_evocation_moyen-age_histoire_2017_sully_sur_loire-214x300.jpg 214w\" sizes=\"(max-width: 211px) 100vw, 211px\" \/><\/a><\/td>\n<\/tr>\n<tr>\n<td><span style=\"color: #808080;\">22e \u00a0Festival M\u00e9di\u00e9val de Sedan.<\/span><br \/>\n<span style=\"color: #808080;\"> Tournoi, march\u00e9, spectacles et<\/span><br \/>\n<span style=\"color: #808080;\"> animations autour du ch\u00e2teau.<\/span><br \/>\n<span style=\"text-decoration: underline;\"><a href=\"http:\/\/fr.calameo.com\/read\/003111644ca240f93feed?bkcode=003111644ca240f93feed\" target=\"_blank\" rel=\"noopener noreferrer\">Consultez le programme ici<\/a><\/span><\/td>\n<td><span style=\"color: #808080;\">Les grandes f\u00eates historiques de<\/span><br \/>\n<span style=\"color: #808080;\"> Sully-Sur-Loire. plus de 1000<\/span><br \/>\n<span style=\"color: #808080;\"> participants, com\u00e9diens &amp;\u00a0figurants,<\/span><br \/>\n<span style=\"text-decoration: underline;\"><span style=\"color: #008000; text-decoration: underline;\"> <a style=\"color: #008000; text-decoration: underline;\" href=\"http:\/\/www.comitedesfetesdesully.com\/heureshistorique\/Flyer_SULLY2017_bassedef_Page_1.jpg\" target=\"_blank\" rel=\"noopener noreferrer\">Consultez le Programme ici<\/a><\/span><\/span><\/td>\n<\/tr>\n<\/tbody>\n<\/table>\n<p>En vous souhaitant une tr\u00e8s belle journ\u00e9e et un excellente fin de semaine, quelque soit votre programme.<\/p>\n<p>Fred<br \/>\nPour moyenagepassion.com<br \/>\n<em><strong>A la d\u00e9couverte du monde m\u00e9di\u00e9val sous toutes ses formes.<\/strong><\/em><\/p>\n","protected":false},"excerpt":{"rendered":"<p>Sujet : f\u00eates, festivit\u00e9s m\u00e9di\u00e9vales, festival, fascination moyen-\u00e2ge, march\u00e9, compagnie m\u00e9di\u00e9vale, sortie historique,\u00a0agenda. P\u00e9riode \u00a0: moyen-\u00e2ge central \u00e0 tardif Lieu\u00a0:\u00a0Compiegne, Saint Quentin Fallavier, Cusset, Les Pennes Mirabeau, Sedan. Ev\u00e9nements:\u00a0f\u00eates, r\u00e9jouissances \u00a0et festivals m\u00e9di\u00e9vaux d&rsquo;ici et d&rsquo;ailleurs. Dates : les samedi 20\u00a0&amp; dimanche 21 mai 2017 Bonjour \u00e0 tous, &lsquo;est fou comme l&rsquo;agenda des sorties sur &hellip; <a href=\"https:\/\/www.moyenagepassion.com\/index.php\/2017\/05\/19\/agenda-fetes-festivals-et-rejouissances-medievales-dici-et-dailleurs\/\" class=\"more-link\">Continuer la lecture de <span class=\"screen-reader-text\">Agenda: f\u00eates, festivals et r\u00e9jouissances m\u00e9di\u00e9vales d&rsquo;ici et d&rsquo;ailleurs<\/span>  <span class=\"meta-nav\">&rarr;<\/span><\/a><\/p>\n","protected":false},"author":2,"featured_media":0,"comment_status":"open","ping_status":"open","sticky":false,"template":"","format":"standard","meta":{"_monsterinsights_skip_tracking":false,"_monsterinsights_sitenote_active":false,"_monsterinsights_sitenote_note":"","_monsterinsights_sitenote_category":0,"footnotes":""},"categories":[11],"tags":[1539,212,2676,2677,2671,2673,2675,136,632,2533,1380,2679,1438,22,182,18,85,913,34,2678,1837,2599,2674],"class_list":["post-12693","post","type-post","status-publish","format-standard","hentry","category-fetes-medievales-evenement","tag-agenda-medieval","tag-compagnies-medievales","tag-compiegne","tag-cusset","tag-defile","tag-digest","tag-engouement","tag-festival","tag-festival-medieval","tag-festivites-medievales","tag-fetes","tag-les-pennes-mirabeau","tag-marche","tag-medievale","tag-monde-medieval","tag-moyen-age","tag-moyen-age-central","tag-moyen-age-tardif","tag-passion","tag-saint-quentin-fallavier","tag-sorties-medievales","tag-troupe-medievale","tag-troupes-medievales"],"aioseo_notices":[],"_links":{"self":[{"href":"https:\/\/www.moyenagepassion.com\/index.php\/wp-json\/wp\/v2\/posts\/12693"}],"collection":[{"href":"https:\/\/www.moyenagepassion.com\/index.php\/wp-json\/wp\/v2\/posts"}],"about":[{"href":"https:\/\/www.moyenagepassion.com\/index.php\/wp-json\/wp\/v2\/types\/post"}],"author":[{"embeddable":true,"href":"https:\/\/www.moyenagepassion.com\/index.php\/wp-json\/wp\/v2\/users\/2"}],"replies":[{"embeddable":true,"href":"https:\/\/www.moyenagepassion.com\/index.php\/wp-json\/wp\/v2\/comments?post=12693"}],"version-history":[{"count":1,"href":"https:\/\/www.moyenagepassion.com\/index.php\/wp-json\/wp\/v2\/posts\/12693\/revisions"}],"predecessor-version":[{"id":34443,"href":"https:\/\/www.moyenagepassion.com\/index.php\/wp-json\/wp\/v2\/posts\/12693\/revisions\/34443"}],"wp:attachment":[{"href":"https:\/\/www.moyenagepassion.com\/index.php\/wp-json\/wp\/v2\/media?parent=12693"}],"wp:term":[{"taxonomy":"category","embeddable":true,"href":"https:\/\/www.moyenagepassion.com\/index.php\/wp-json\/wp\/v2\/categories?post=12693"},{"taxonomy":"post_tag","embeddable":true,"href":"https:\/\/www.moyenagepassion.com\/index.php\/wp-json\/wp\/v2\/tags?post=12693"}],"curies":[{"name":"wp","href":"https:\/\/api.w.org\/{rel}","templated":true}]}}