{"id":13289,"date":"2017-06-02T02:02:45","date_gmt":"2017-06-02T01:02:45","guid":{"rendered":"http:\/\/www.moyenagepassion.com\/?p=13289"},"modified":"2020-10-04T19:53:21","modified_gmt":"2020-10-04T18:53:21","slug":"agenda-medieval-crest-la-belle-cite-dromoise-fete-sa-pentecote-au-moyen-age","status":"publish","type":"post","link":"https:\/\/www.moyenagepassion.com\/index.php\/2017\/06\/02\/agenda-medieval-crest-la-belle-cite-dromoise-fete-sa-pentecote-au-moyen-age\/","title":{"rendered":"Agenda m\u00e9di\u00e9val : Crest, la belle dr\u00f4moise f\u00eate sa pentec\u00f4te au moyen-\u00e2ge"},"content":{"rendered":"<div id=\"moyen-1746048956\" class=\"moyen-before-content moyen-entity-placement\"><script async src=\"\/\/pagead2.googlesyndication.com\/pagead\/js\/adsbygoogle.js?client=ca-pub-3035390706780632\" crossorigin=\"anonymous\"><\/script><ins class=\"adsbygoogle\" style=\"display:block;\" data-ad-client=\"ca-pub-3035390706780632\" \ndata-ad-slot=\"\" \ndata-ad-format=\"auto\"><\/ins>\n<script> \n(adsbygoogle = window.adsbygoogle || []).push({}); \n<\/script>\n<\/div><p><strong><a href=\"https:\/\/www.moyenagepassion.com\/wp-content\/uploads\/2017\/06\/heraldique_blason_crest_drome_fete_festival_medievale_celebration_pentecote.jpg\"><img decoding=\"async\" class=\"wp-image-13296 alignleft\" src=\"https:\/\/www.moyenagepassion.com\/wp-content\/uploads\/2017\/06\/heraldique_blason_crest_drome_fete_festival_medievale_celebration_pentecote.jpg\" alt=\"heraldique_blason_crest_drome_fete_festival_medievale_celebration_pentecote\" width=\"164\" height=\"162\" srcset=\"https:\/\/www.moyenagepassion.com\/wp-content\/uploads\/2017\/06\/heraldique_blason_crest_drome_fete_festival_medievale_celebration_pentecote.jpg 566w, https:\/\/www.moyenagepassion.com\/wp-content\/uploads\/2017\/06\/heraldique_blason_crest_drome_fete_festival_medievale_celebration_pentecote-300x296.jpg 300w\" sizes=\"(max-width: 164px) 100vw, 164px\" \/><\/a>Sujet<\/strong> : f\u00eates, festivit\u00e9s m\u00e9di\u00e9vales, march\u00e9, animation, compagnie m\u00e9di\u00e9vale, sortie historique,\u00a0agenda,<br \/>\n<strong>P\u00e9riode:<\/strong> moyen-\u00e2ge<br \/>\n<strong>Lieu<\/strong>\u00a0:\u00a0Crest, Drome, Rh\u00f4ne-Alpes<br \/>\n<strong>Ev\u00e9nements<\/strong>:\u00a0Les\u00a012 m\u00e9di\u00e9vales de Crest<br \/>\n<strong>Dates<\/strong> : les 3\u00a0\u00a0&amp; \u00a04 juin 2017<\/p>\n<p>Bonjour \u00e0 tous<\/p>\n<p style=\"text-align: justify;\"><img decoding=\"async\" class=\"alignleft size-full wp-image-397\" src=\"https:\/\/www.moyenagepassion.com\/wp-content\/uploads\/2015\/12\/O_lettrine_moyen_age_passion.jpg\" alt=\"O_lettrine_moyen_age_passion\" width=\"96\" height=\"103\" \/>n a recouvert de paille les petites ruelles voil\u00e9es et pentues de la cit\u00e9, et d\u00e9j\u00e0, d\u00e8s l&rsquo;aube, la bonne humeur s&rsquo;est \u00a0peinte sur les visages de tous ceux qui pr\u00e9parent les agapes et les festivit\u00e9s des deux jours \u00e0 venir. Campements, \u00e9choppes, musiques, danses et animations, joyeuses ripailles et banquet en pr\u00e9vision, les vieux\u00a0pav\u00e9s craquellent et s&rsquo;\u00e9tirent de joie sous la caresse du soleil matinal et, du haut de sa butte, m\u00eame le vieux <a href=\"https:\/\/www.moyenagepassion.com\/wp-content\/uploads\/2017\/06\/fetes_celebrations_festival_ripailles_rejouissances_medievales_pentecote_crest_drome_moyen-age.jpg\"><img decoding=\"async\" class=\"wp-image-13291 alignright\" src=\"https:\/\/www.moyenagepassion.com\/wp-content\/uploads\/2017\/06\/fetes_celebrations_festival_ripailles_rejouissances_medievales_pentecote_crest_drome_moyen-age.jpg\" alt=\"fetes_celebrations_festival_ripailles_rejouissances_medievales_pentecote_crest_drome_moyen-age\" width=\"259\" height=\"366\" srcset=\"https:\/\/www.moyenagepassion.com\/wp-content\/uploads\/2017\/06\/fetes_celebrations_festival_ripailles_rejouissances_medievales_pentecote_crest_drome_moyen-age.jpg 509w, https:\/\/www.moyenagepassion.com\/wp-content\/uploads\/2017\/06\/fetes_celebrations_festival_ripailles_rejouissances_medievales_pentecote_crest_drome_moyen-age-212x300.jpg 212w\" sizes=\"(max-width: 259px) 100vw, 259px\" \/><\/a>donjon de pierre, encore tout \u00a0soulag\u00e9 d&rsquo;\u00eatre lib\u00e9r\u00e9 de ses cha\u00eenes, s&rsquo;est drap\u00e9, lui aussi, d&rsquo;un sourire. La pentec\u00f4te est l\u00e0. Crest, la belle dr\u00f4moise s&rsquo;appr\u00eate \u00e0\u00a0c\u00e9l\u00e9brer ses m\u00e9di\u00e9vales.<\/p>\n<p style=\"text-align: justify;\">Oyez, bonne gens, il y aura de tout\u00a0! De la vie, de la joie, des rires, de l&rsquo;\u00e9motion car quand Crest la pr\u00e9cieuse f\u00eate son moyen-\u00e2ge, \u00e0 chaque inspiration, exhalant des parfums, des saveurs, et des rires que l&rsquo;on croyait perdus, elle se d\u00e9couvre enfin et dans son bel \u00e9crin de fileuse du temps,\u00a0elle rena\u00eet au monde, comme au tout premier jour.<\/p>\n<p style=\"text-align: justify;\"><a href=\"https:\/\/www.moyenagepassion.com\/wp-content\/uploads\/2017\/06\/fetes_celebrations_medievales_crest_pentecote_agenda_sortie_historiques_moyen-age.jpg\"><img decoding=\"async\" class=\"alignnone wp-image-13294 size-full\" src=\"https:\/\/www.moyenagepassion.com\/wp-content\/uploads\/2017\/06\/fetes_celebrations_medievales_crest_pentecote_agenda_sortie_historiques_moyen-age.jpg\" alt=\"fetes_celebrations_medievales_crest_pentecote_agenda_sortie_historiques_moyen-age\" width=\"891\" height=\"585\" srcset=\"https:\/\/www.moyenagepassion.com\/wp-content\/uploads\/2017\/06\/fetes_celebrations_medievales_crest_pentecote_agenda_sortie_historiques_moyen-age.jpg 891w, https:\/\/www.moyenagepassion.com\/wp-content\/uploads\/2017\/06\/fetes_celebrations_medievales_crest_pentecote_agenda_sortie_historiques_moyen-age-300x197.jpg 300w\" sizes=\"(max-width: 891px) 100vw, 891px\" \/><\/a><\/p>\n<p style=\"text-align: justify;\"><img decoding=\"async\" class=\"alignleft size-full wp-image-202\" src=\"https:\/\/www.moyenagepassion.com\/wp-content\/uploads\/2015\/12\/R_lettrine_moyen_age_passion.jpg\" alt=\"R_lettrine_moyen_age_passion\" width=\"84\" height=\"103\" \/>iez, dansez, chantez, joutez et festoyez ! Car le temps est venu pour deux jours entiers de vous laisser guider aux portes du printemps, jusqu&rsquo;aux rives magiques d&rsquo;un monde merveilleux. Vous voil\u00e0 chevaliers, et vous voil\u00e0 princesses, valets ou \u00e9cuyers, artisans ou conteurs, visiteurs \u00e9bahis, amus\u00e9s, ripailleurs! Dans l&rsquo;ombre des Borgia ou\u00a0de Diane de Poitiers, dans celle des Arnaud, seigneurs de la cit\u00e9, Crista Arnaldorum, la\u00a0Cr\u00eate des Arnaud, \u00a0revient pour vous ici aux beaux temps m\u00e9di\u00e9vaux.<\/p>\n<h2 style=\"text-align: left;\">Un mot du programme<br \/>\nde ces 12e M\u00e9di\u00e9vales de Crest.<\/h2>\n<p style=\"text-align: justify;\"><span style=\"color: #008000;\"><em>\u2022 Alain Carr\u00e9 et Cr\u00e9ations Internationales \u2022 Carmen Debono, Cie Absolu Th\u00e9\u00e2tre \u2022 Cie Amarok \u2022 Cie les Ardans \u2022 Cie du Paladin \u2022 Cie Pescalune \u2022 Cie l\u2019Arche en sel \u2022 Clan d\u2019Helvie \u2022 \u00c9quid\u2019\u00e9vents \u2022 Le concert dans l\u2019oeuf \u2022 Le courtil des courils Les Alexandrains \u2022 Les Archers d\u2019Usson \u2022 Les lanceurs de drapeaux d\u2019Alba \u2022 L\u2019Ordre de la Tour La Malle de Gueni\u00e8vre \u2022 Marie-No\u00eblle Brugerolles \u2022 Soci\u00e9t\u00e9 arch\u00e9ologique et numismatique de la Dr\u00f4me \u2022 Sylvain Sluys<\/em><\/span><\/p>\n<p style=\"text-align: justify;\"><img decoding=\"async\" class=\"alignleft size-full wp-image-59\" src=\"https:\/\/www.moyenagepassion.com\/wp-content\/uploads\/2015\/12\/A_lettrine_moyen_age_passion.jpg\" alt=\"A_lettrine_moyen_age_passion\" width=\"84\" height=\"103\" \/>vec plus de vingt compagnies artistiques et m\u00e9di\u00e9vales sur place pour animer ces c\u00e9l\u00e9brations, avec encore la ville, les nombreux b\u00e9n\u00e9voles, les commer\u00e7ants et toutes les associations locales impliqu\u00e9es, ces \u00a0m\u00e9di\u00e9vales de Crest, d\u00e9sormais bien <a href=\"https:\/\/www.moyenagepassion.com\/wp-content\/uploads\/2017\/06\/animation_fetes_compagnies_medievales_crest_2017_agenda_sorties_historiques_pentecotes.jpg\"><img decoding=\"async\" class=\"alignright wp-image-13305\" src=\"https:\/\/www.moyenagepassion.com\/wp-content\/uploads\/2017\/06\/animation_fetes_compagnies_medievales_crest_2017_agenda_sorties_historiques_pentecotes.jpg\" alt=\"animation_fetes_compagnies_medievales_crest_2017_agenda_sorties_historiques_pentecotes\" width=\"241\" height=\"293\" srcset=\"https:\/\/www.moyenagepassion.com\/wp-content\/uploads\/2017\/06\/animation_fetes_compagnies_medievales_crest_2017_agenda_sorties_historiques_pentecotes.jpg 420w, https:\/\/www.moyenagepassion.com\/wp-content\/uploads\/2017\/06\/animation_fetes_compagnies_medievales_crest_2017_agenda_sorties_historiques_pentecotes-247x300.jpg 247w\" sizes=\"(max-width: 241px) 100vw, 241px\" \/><\/a>rod\u00e9es, s&rsquo;annoncent d\u00e9j\u00e0 comme une belle r\u00e9ussite.<\/p>\n<p style=\"text-align: left;\"><a href=\"http:\/\/www.mairie-crest.fr\/IMG\/pdf\/prog2017-web.pdf\" target=\"_blank\" rel=\"noopener noreferrer\">T\u00e9l\u00e9chargez tout le programme ici<\/a><\/p>\n<p style=\"text-align: justify;\">March\u00e9 m\u00e9di\u00e9val, grand banquet, animations en continue, d\u00e9fil\u00e9s et parades d\u00e9ambulatoire, musique, th\u00e9\u00e2tres de rue, combats\u00a0&amp; escrime m\u00e9di\u00e9vale mais encore concours de costumes anciens, \u00a0et aussi\u00a0de nombreux jeux et m\u00eame un concours de dessins bestiaire fantastique pour les enfants, \u00a0rien ne manquera pour transporter les visiteurs, du plus petit au plus grand, vers les temps anciens.<\/p>\n<p style=\"text-align: justify;\">Aussi, si vous vous trouviez en Rh\u00f4ne-Alpes ce week end, et \u00e0 plus forte raison, si vous ne connaissiez pas encore le charme incomparable de Crest avec sa grande tour \u00a0en surplomb (la plus haute de France) qui veille encore sur la cit\u00e9 et ses myriades des petites ruelles, ne ratez pas l&rsquo;occasion de ces belles r\u00e9jouissances pour\u00a0partir \u00e0 sa d\u00e9couverte.<\/p>\n<p style=\"text-align: justify;\">En vous souhaitant un excellent week end et de belles f\u00eates de fin de semaine!<\/p>\n<p style=\"text-align: justify;\">Fred<br \/>\nPour moyenagepassion.com<br \/>\n<em><strong>A la d\u00e9couverte du moyen-\u00e2ge sous toutes ses formes.<\/strong><\/em><\/p>\n","protected":false},"excerpt":{"rendered":"<p>Sujet : f\u00eates, festivit\u00e9s m\u00e9di\u00e9vales, march\u00e9, animation, compagnie m\u00e9di\u00e9vale, sortie historique,\u00a0agenda, P\u00e9riode: moyen-\u00e2ge Lieu\u00a0:\u00a0Crest, Drome, Rh\u00f4ne-Alpes Ev\u00e9nements:\u00a0Les\u00a012 m\u00e9di\u00e9vales de Crest Dates : les 3\u00a0\u00a0&amp; \u00a04 juin 2017 Bonjour \u00e0 tous n a recouvert de paille les petites ruelles voil\u00e9es et pentues de la cit\u00e9, et d\u00e9j\u00e0, d\u00e8s l&rsquo;aube, la bonne humeur s&rsquo;est \u00a0peinte sur les &hellip; <a href=\"https:\/\/www.moyenagepassion.com\/index.php\/2017\/06\/02\/agenda-medieval-crest-la-belle-cite-dromoise-fete-sa-pentecote-au-moyen-age\/\" class=\"more-link\">Continuer la lecture de <span class=\"screen-reader-text\">Agenda m\u00e9di\u00e9val : Crest, la belle dr\u00f4moise f\u00eate sa pentec\u00f4te au moyen-\u00e2ge<\/span>  <span class=\"meta-nav\">&rarr;<\/span><\/a><\/p>\n","protected":false},"author":2,"featured_media":0,"comment_status":"open","ping_status":"open","sticky":false,"template":"","format":"standard","meta":{"_monsterinsights_skip_tracking":false,"_monsterinsights_sitenote_active":false,"_monsterinsights_sitenote_note":"","_monsterinsights_sitenote_category":0,"footnotes":""},"categories":[11,13],"tags":[1539,2529,2771,212,2773,136,1380,22,18,2774,2772],"class_list":["post-13289","post","type-post","status-publish","format-standard","hentry","category-fetes-medievales-evenement","category-lieux-moyen-age-medievaux","tag-agenda-medieval","tag-animations-medievales","tag-celebration","tag-compagnies-medievales","tag-crest","tag-festival","tag-fetes","tag-medievale","tag-moyen-age","tag-pentecote","tag-sorties-historiques"],"aioseo_notices":[],"_links":{"self":[{"href":"https:\/\/www.moyenagepassion.com\/index.php\/wp-json\/wp\/v2\/posts\/13289"}],"collection":[{"href":"https:\/\/www.moyenagepassion.com\/index.php\/wp-json\/wp\/v2\/posts"}],"about":[{"href":"https:\/\/www.moyenagepassion.com\/index.php\/wp-json\/wp\/v2\/types\/post"}],"author":[{"embeddable":true,"href":"https:\/\/www.moyenagepassion.com\/index.php\/wp-json\/wp\/v2\/users\/2"}],"replies":[{"embeddable":true,"href":"https:\/\/www.moyenagepassion.com\/index.php\/wp-json\/wp\/v2\/comments?post=13289"}],"version-history":[{"count":1,"href":"https:\/\/www.moyenagepassion.com\/index.php\/wp-json\/wp\/v2\/posts\/13289\/revisions"}],"predecessor-version":[{"id":34437,"href":"https:\/\/www.moyenagepassion.com\/index.php\/wp-json\/wp\/v2\/posts\/13289\/revisions\/34437"}],"wp:attachment":[{"href":"https:\/\/www.moyenagepassion.com\/index.php\/wp-json\/wp\/v2\/media?parent=13289"}],"wp:term":[{"taxonomy":"category","embeddable":true,"href":"https:\/\/www.moyenagepassion.com\/index.php\/wp-json\/wp\/v2\/categories?post=13289"},{"taxonomy":"post_tag","embeddable":true,"href":"https:\/\/www.moyenagepassion.com\/index.php\/wp-json\/wp\/v2\/tags?post=13289"}],"curies":[{"name":"wp","href":"https:\/\/api.w.org\/{rel}","templated":true}]}}