{"id":13665,"date":"2017-06-20T10:43:18","date_gmt":"2017-06-20T09:43:18","guid":{"rendered":"http:\/\/www.moyenagepassion.com\/?p=13665"},"modified":"2021-05-01T17:06:46","modified_gmt":"2021-05-01T16:06:46","slug":"litterature-et-poesie-medievales-un-voyage-autour-de-la-notion-de-nouveaute-au-moyen-age-par-michel-zink","status":"publish","type":"post","link":"https:\/\/www.moyenagepassion.com\/index.php\/2017\/06\/20\/litterature-et-poesie-medievales-un-voyage-autour-de-la-notion-de-nouveaute-au-moyen-age-par-michel-zink\/","title":{"rendered":"litt\u00e9rature et po\u00e9sie m\u00e9di\u00e9vales : un voyage autour de la notion de nouveaut\u00e9 au moyen-\u00e2ge avec Michel Zink"},"content":{"rendered":"<div id=\"moyen-1291378567\" class=\"moyen-before-content moyen-entity-placement\"><script async src=\"\/\/pagead2.googlesyndication.com\/pagead\/js\/adsbygoogle.js?client=ca-pub-3035390706780632\" crossorigin=\"anonymous\"><\/script><ins class=\"adsbygoogle\" style=\"display:block;\" data-ad-client=\"ca-pub-3035390706780632\" \ndata-ad-slot=\"\" \ndata-ad-format=\"auto\"><\/ins>\n<script> \n(adsbygoogle = window.adsbygoogle || []).push({}); \n<\/script>\n<\/div><p><strong><a href=\"https:\/\/www.moyenagepassion.com\/wp-content\/uploads\/2017\/03\/video_conference_histoire_medievale_ecole_nationale_des_chartes.jpg\"><img decoding=\"async\" class=\"alignleft wp-image-11575\" src=\"https:\/\/www.moyenagepassion.com\/wp-content\/uploads\/2017\/03\/video_conference_histoire_medievale_ecole_nationale_des_chartes-167x300.jpg\" alt=\"video_conference_histoire_medievale_ecole_nationale_des_chartes\" width=\"142\" height=\"255\" srcset=\"https:\/\/www.moyenagepassion.com\/wp-content\/uploads\/2017\/03\/video_conference_histoire_medievale_ecole_nationale_des_chartes-167x300.jpg 167w, https:\/\/www.moyenagepassion.com\/wp-content\/uploads\/2017\/03\/video_conference_histoire_medievale_ecole_nationale_des_chartes.jpg 250w\" sizes=\"(max-width: 142px) 100vw, 142px\" \/><\/a>Sujet :<\/strong>\u00a0philologie, litt\u00e9rature, po\u00e9sie m\u00e9di\u00e9vale, \u00ab\u00a0renouvel\u00a0\u00bb, nouveaut\u00e9 m\u00e9di\u00e9vale, analyse litt\u00e9raire et s\u00e9mantique.<br \/>\n<strong>P\u00e9riode<\/strong> : moyen-\u00e2ge central<br \/>\n<strong>M\u00e9dia \u00a0<\/strong>: vid\u00e9o-conf\u00e9rence, livres.<br \/>\n<strong>Titre<\/strong> : <em><strong>La nouveaut\u00e9 au Moyen \u00c2ge comme exp\u00e9rience religieuse et po\u00e9tique<\/strong><\/em><br \/>\n<strong>Conf\u00e9rencier<\/strong> : \u00a0Michel Zink m\u00e9di\u00e9viste, philologue et \u00e9crivain.\u00a0professeur de Litt\u00e9ratures de la France m\u00e9di\u00e9vale au Coll\u00e8ge de France<br \/>\n<strong>Lieu<\/strong> : <a href=\"http:\/\/www.enc-sorbonne.fr\/\" target=\"_blank\" rel=\"noopener noreferrer\">Ecole nationale des chartes <\/a>(2016)<\/p>\n<p>Bonjour \u00e0 tous !<\/p>\n<p style=\"text-align: justify;\"><img decoding=\"async\" class=\"alignleft size-full wp-image-162\" src=\"https:\/\/www.moyenagepassion.com\/wp-content\/uploads\/2015\/12\/N_lettrine_moyen_age_passion.jpg\" alt=\"N_lettrine_moyen_age_passion\" width=\"84\" height=\"103\" \/>ous avons le plaisir aujourd&rsquo;hui de vous faire partager une conf\u00e9rence donn\u00e9e en 2016 \u00e0 l&rsquo;<em><strong><a href=\"https:\/\/www.moyenagepassion.com\/index.php\/tag\/ecole-nationale-des-chartes\/\" target=\"_blank\" rel=\"noopener noreferrer\">Ecole Nationale des Chartes<\/a><\/strong><\/em> par <em><strong><a href=\"https:\/\/www.moyenagepassion.com\/index.php\/tag\/michel-zink\/\" target=\"_blank\" rel=\"noopener noreferrer\">Michel Zink<\/a><\/strong><\/em>, m\u00e9di\u00e9viste, philologue, acad\u00e9micien des Arts et Lettres et \u00e9minent professeur de Litt\u00e9ratures de la France m\u00e9di\u00e9vale au\u00a0<em><strong>Coll\u00e8ge de France<\/strong><\/em>.<\/p>\n<p style=\"text-align: justify;\"><a href=\"https:\/\/www.moyenagepassion.com\/wp-content\/uploads\/2017\/06\/citation_moyen-age_litterature_poesie_monde_medieval_Michel_Zink_medieviste_philologue.jpg\"><img decoding=\"async\" class=\"alignnone size-full wp-image-13830\" src=\"https:\/\/www.moyenagepassion.com\/wp-content\/uploads\/2017\/06\/citation_moyen-age_litterature_poesie_monde_medieval_Michel_Zink_medieviste_philologue.jpg\" alt=\"citation_moyen-age_litterature_poesie_monde_medieval_Michel_Zink_medieviste_philologue\" width=\"1280\" height=\"563\" srcset=\"https:\/\/www.moyenagepassion.com\/wp-content\/uploads\/2017\/06\/citation_moyen-age_litterature_poesie_monde_medieval_Michel_Zink_medieviste_philologue.jpg 1280w, https:\/\/www.moyenagepassion.com\/wp-content\/uploads\/2017\/06\/citation_moyen-age_litterature_poesie_monde_medieval_Michel_Zink_medieviste_philologue-300x132.jpg 300w, https:\/\/www.moyenagepassion.com\/wp-content\/uploads\/2017\/06\/citation_moyen-age_litterature_poesie_monde_medieval_Michel_Zink_medieviste_philologue-1024x450.jpg 1024w\" sizes=\"(max-width: 1280px) 100vw, 1280px\" \/><\/a><\/p>\n<h2 style=\"text-align: justify;\">Niveaux de lecture<\/h2>\n<p style=\"text-align: justify;\">Ces conf\u00e9rences peuvent quelquefois s&rsquo;av\u00e9rer un peu ardues, mais nous les postons toujours avec un double objectif. Le premier, bien s\u00fbr, tient au contenu m\u00eame de la conf\u00e9rence et \u00e0 son objet. Sa finalit\u00e9 est ici toujours de tenter de mieux approcher et, si possible, de mieux comprendre le moyen-\u00e2ge.<\/p>\n<p style=\"text-align: justify;\"><a href=\"https:\/\/www.moyenagepassion.com\/wp-content\/uploads\/2017\/06\/conference_moyen_age_litterature_poesie_medievale_philologie_Michel-zink.jpg\"><img decoding=\"async\" class=\" wp-image-13820 alignright\" src=\"https:\/\/www.moyenagepassion.com\/wp-content\/uploads\/2017\/06\/conference_moyen_age_litterature_poesie_medievale_philologie_Michel-zink.jpg\" alt=\"conference_moyen_age_litterature_poesie_medievale_philologie_Michel-zink\" width=\"152\" height=\"494\" srcset=\"https:\/\/www.moyenagepassion.com\/wp-content\/uploads\/2017\/06\/conference_moyen_age_litterature_poesie_medievale_philologie_Michel-zink.jpg 180w, https:\/\/www.moyenagepassion.com\/wp-content\/uploads\/2017\/06\/conference_moyen_age_litterature_poesie_medievale_philologie_Michel-zink-92x300.jpg 92w\" sizes=\"(max-width: 152px) 100vw, 152px\" \/><\/a>Le deuxi\u00e8me objectif (ou niveau de lecture) est ce que l&rsquo;on pourrait appeler un \u00ab\u00a0m\u00e9ta\u00a0\u00bb niveau<span style=\"color: #008000;\">*<\/span>.\u00a0A travers ces conf\u00e9rences, l&rsquo;Histoire et ses disciplines connexes se livrent, en effet, \u00e0 nous dans leurs m\u00e9thodes, leurs modes op\u00e9ratoires, leurs angles d&rsquo;approche, etc. Au del\u00e0 des contenus historiques pr\u00e9sent\u00e9s, l&rsquo;Histoire, en tant que science, nous en apprend ainsi sur sa mani\u00e8re de \u00ab\u00a0faire de l&rsquo;Histoire\u00a0\u00bb et c&rsquo;est donc l&rsquo;occasion de mieux d\u00e9couvrir la vari\u00e9t\u00e9 de ses m\u00e9thodes d&rsquo;investigation, autant que les disciplines qui lui sont indirectement ou directement attach\u00e9es.<\/p>\n<p style=\"text-align: justify;\">Nous voil\u00e0 donc, en quelque sorte, servis deux fois. De fait, nous le sommes m\u00eame une troisi\u00e8me parce que cela nous donne toujours l&rsquo;occasion de d\u00e9couvrir un grand esprit ou un grand chercheur de notre temps.<\/p>\n<p style=\"text-align: justify;\">Nous devons ajouter encore ici, par parenth\u00e8se, qu&rsquo;il y a encore \u00e0 peine 15 ans, il aurait \u00e9t\u00e9 \u00e0 peine envisageable que certaines universit\u00e9s ou Ecoles sup\u00e9rieures nous ouvrent ainsi gracieusement leurs portes, directement et sur le web. La <em><strong>C<\/strong><strong>it\u00e9 des Sciences et de l&rsquo;Industrie<\/strong><\/em> fut sans doute pr\u00e9curseur dans ce domaine, en proposant d\u00e9j\u00e0, il y a quelques ann\u00e9es, ses cycles de conf\u00e9rences au format Real Media. Elle le fait d&rsquo;ailleurs toujours et nous ne pouvons que vous conseiller de faire un tour sur<a href=\"http:\/\/www.cite-sciences.fr\/fr\/ressources\/conferences-en-ligne\/saison-2016-2017\/\" target=\"_blank\" rel=\"noopener noreferrer\"> leur site web<\/a>, si vous \u00eates curieux de <em><strong>Sciences de l&rsquo;Homme \u00a0<\/strong><\/em>au sens large. \u00a0Il faut savoir trier le grain de l&rsquo;ivraie, dans la masse de m\u00e9dias post\u00e9s chaque jour sur le web, il y a de l&rsquo;excellence et de belles occasions d&rsquo;apprendre; pour en revenir \u00e0 notre objet du jour, les conf\u00e9rences de l&rsquo;<em><strong>Ecole Nationale des Chartes<\/strong> <\/em>visent syst\u00e9matiquement haut et fournissent toujours de belles occasions de le faire. Nous les en remercions encore ici.<\/p>\n<h2 style=\"text-align: justify;\">Un mot peut en cacher un autre<\/h2>\n<p style=\"text-align: justify;\"><span style=\"color: #008000;\"><em><strong>\u00ab\u00a0Rien de ce que le Moyen \u00c2ge exprime, rien de ce que nous croyons en comprendre, rien de ce qui nous touche ou nous rebute en lui, qui ne doive \u00eatre mis en doute, v\u00e9rifi\u00e9, \u00e9prouv\u00e9. Sa litt\u00e9rature ne veut pas dire ce que nous pensions, elle ne veut pas toucher l\u00e0 o\u00f9 \u00e0 la premi\u00e8re lecture elle nous touche, elle fourmille d&rsquo;allusions qui nous \u00e9chappent.\u00a0\u00bb<\/strong><\/em><\/span><br \/>\nMichel Zink &#8211; Bienvenue au Moyen \u00c2ge<\/p>\n<p style=\"text-align: justify;\">On trouve dans cette conf\u00e9rence de <em><strong>Michel Zink<\/strong> <\/em>sur la notion de <em><strong>nouveaut\u00e9<\/strong><\/em> au moyen-\u00e2ge, l&rsquo;illustration m\u00eame d&rsquo;une v\u00e9rit\u00e9 que les historiens m\u00e9di\u00e9vistes , et avec eux\u00a0philologues, ne cessent de ressasser: <em><strong>\u00ab\u00a0Gardons nous de juger trop vite les hommes du moyen-\u00e2ge \u00e0 l&rsquo;aulne de nos valeurs pr\u00e9sentes\u00a0\u00bb<\/strong><\/em>, et corollaire de cette \u00ab\u00a0mise en garde\u00a0\u00bb de principe :\u00a0<strong><em>\u00ab\u00a0prenons avec r\u00e9serve les r\u00e9alit\u00e9s suppos\u00e9es qui peuvent se nicher derri\u00e8re les mots\u00a0de la po\u00e9sie et de la litt\u00e9rature m\u00e9di\u00e9vale<\/em><\/strong>, m\u00eame quand ces derniers nous <a href=\"https:\/\/www.moyenagepassion.com\/wp-content\/uploads\/2017\/06\/enluminure_litterature_poesie_medievale_nouveaute_poetique_religieuse_litteraire_michel_zink_moyen-age.jpg\"><img decoding=\"async\" class=\"wp-image-13841 alignright\" src=\"https:\/\/www.moyenagepassion.com\/wp-content\/uploads\/2017\/06\/enluminure_litterature_poesie_medievale_nouveaute_poetique_religieuse_litteraire_michel_zink_moyen-age.jpg\" alt=\"enluminure_litterature_poesie_medievale_nouveaute_poetique_religieuse_litteraire_michel_zink_moyen-age\" width=\"225\" height=\"384\" srcset=\"https:\/\/www.moyenagepassion.com\/wp-content\/uploads\/2017\/06\/enluminure_litterature_poesie_medievale_nouveaute_poetique_religieuse_litteraire_michel_zink_moyen-age.jpg 550w, https:\/\/www.moyenagepassion.com\/wp-content\/uploads\/2017\/06\/enluminure_litterature_poesie_medievale_nouveaute_poetique_religieuse_litteraire_michel_zink_moyen-age-176x300.jpg 176w\" sizes=\"(max-width: 225px) 100vw, 225px\" \/><\/a>semblent si familiers et si proches que l&rsquo;on pourrait \u00eatre tent\u00e9 de\u00a0faire l&rsquo;\u00e9conomie d&rsquo;en interroger le sens.<\/p>\n<p style=\"text-align: justify;\">Fort heureusement, si nous avions encore la tentation naturelle de tomber dans ce travers,\u00a0tout cela ne saurait survenir plus avant, gr\u00e2ce \u00e0 la brillante d\u00e9monstration que nous livre ici <em><strong>Michel Zink<\/strong><\/em>. En plus de nous introduire \u00e0 un jeu de piste litt\u00e9raire et s\u00e9mantique fort plaisant, \u00e0 la poursuite d&rsquo;une \u00ab\u00a0nouveaut\u00e9\u00a0\u00bb m\u00e9di\u00e9vale, loin, bien loin de nos notions modernes de neuf et de nouveau, il nous enseigne que la qu\u00eate\u00a0du sens des mots et vocables passe n\u00e9cessairement par l&rsquo;\u00e9tude patiente et compar\u00e9e, au coeur des sources litt\u00e9raires et des textes. Finalement, ce n&rsquo;est qu&rsquo;au bout\u00a0de ce travail de reconstruction minutieux que nous pouvons esp\u00e9rer obtenir comme r\u00e9compense la possibilit\u00e9 de percevoir l&rsquo;essence m\u00eame du monde m\u00e9di\u00e9val.<\/p>\n<h2 style=\"text-align: justify;\">Nouveaut\u00e9 m\u00e9di\u00e9vale et essence du moyen-\u00e2ge :\u00a0un mot peut nous cacher un monde<\/h2>\n<p style=\"text-align: justify;\">Alors, plongeons avec ce grand sp\u00e9cialiste de litt\u00e9rature ancienne, au coeur du moyen-\u00e2ge central <img decoding=\"async\" class=\"wp-image-5961 alignright\" src=\"https:\/\/www.moyenagepassion.com\/wp-content\/uploads\/2016\/08\/deco_frise_medevial_eustache_deschamps.jpg\" alt=\"deco_frise_medevial_eustache_deschamps\" width=\"51\" height=\"460\" \/>et de ses mentalit\u00e9s, pour suivre avec lui le fil d&rsquo;une l&rsquo;aventure passionnante, celle de la \u00ab\u00a0nouveaut\u00e9\u00a0\u00bb au sens m\u00e9di\u00e9val et litt\u00e9raire du terme. Et \u00e0 la question pos\u00e9e par lui, en clin d&rsquo;oei au dicton : \u00a0<em><strong>\u00ab\u00a0qu&rsquo;y a-t-il de nouveau sous le soleil du moyen-\u00e2ge?\u00a0\u00bb<\/strong><\/em> nous pourrons alors r\u00e9pondre, <span style=\"color: #008000;\"><em><strong>\u00ab\u00a0qu&rsquo;il n&rsquo;y a de nouveau pour le monde m\u00e9di\u00e9val que l&rsquo;acuit\u00e9 de la conscience de ce qui est \u00e9ternel\u00a0\u00bb. <\/strong><\/em><\/span><\/p>\n<p style=\"text-align: justify;\"><span style=\"color: #008000;\"><span style=\"color: #333333;\">On le verra (et cette remarque est \u00e0 notre compte plus qu&rsquo;au sien), avec ce \u00ab\u00a0renouvel\u00a0\u00bb et cet \u00e9ternel recommencement m\u00e9di\u00e9val nous sommes \u00e0 large distance<\/span><\/span><span style=\"color: #333333;\">\u00a0de nos \u00ab\u00a0nouveaut\u00e9s\u00a0\u00bb <\/span>modernes qui, en osant un n\u00e9ologisme un peu laid, sont peut-\u00eatre le fruit d&rsquo;une sorte de\u00a0<em><strong>\u00ab\u00a0nouveautisme\u00a0\u00bb,<\/strong>\u00a0<\/em>id\u00e9ologie<strong>\u00a0<\/strong>h\u00e9rit\u00e9e d&rsquo;un(e) cult(ure) techniciste et post-industrielle de l&rsquo;innovation \u00e0 tout prix, et qui voudrait, par instants, voir du \u00ab\u00a0nouveau\u00a0\u00bb partout ou \u00e0 tout le moins nous en vendre l&rsquo;id\u00e9e, et ce y compris l\u00e0 o\u00f9 il n&rsquo;y en a pas. En bref, nouveaut\u00e9 m\u00e9di\u00e9vale et nouveaut\u00e9 moderne, la question reste \u00e0 jamais pos\u00e9e de ce que nous inventons vraiment.<\/p>\n<p style=\"text-align: justify;\"><em><strong>La nouveaut\u00e9 au Moyen \u00c2ge comme exp\u00e9rience religieuse et po\u00e9tique<br \/>\n<\/strong><\/em><iframe src=\"https:\/\/www.youtube.com\/embed\/96qKFIUEBYk\" width=\"600\" height=\"333\" frameborder=\"0\" allowfullscreen=\"allowfullscreen\"><\/iframe><\/p>\n<h2>Michel Zink, parcours et parutions<\/h2>\n<p style=\"text-align: justify;\">M\u00eame s&rsquo;il \u00e9volue, la plupart du temps, dans les couloirs de nos universit\u00e9s, \u00e9coles et acad\u00e9mies les plus prestigieuses, pour qui s&rsquo;int\u00e9resse \u00e0 la litt\u00e9rature et la po\u00e9sie m\u00e9di\u00e9vale il est difficile de ne pas avoir entendu parler de <em><strong>Michel Zink<\/strong><\/em> et si c&rsquo;est le cas, il faut bien vite rattraper ce retard.<\/p>\n<h3>Parcours<\/h3>\n<p style=\"text-align: justify;\">N\u00e9 en 1945 en r\u00e9gion parisienne, \u00e0 Issy-les-Moulineaux, <em><strong>Michel Zink<\/strong> <\/em>est normalien de formation et agr\u00e9g\u00e9 de lettres classiques. Apr\u00e8s avoir enseign\u00e9 dans diverses universit\u00e9s (Sorbonne, Toulouse, Paris IV), il a \u00e9t\u00e9 de 1995 \u00e0\u00a02016 en charge de la chaire de Litt\u00e9ratures de la France m\u00e9di\u00e9vale au <em><strong>Coll\u00e8ge de France<\/strong><\/em>.<\/p>\n<p style=\"text-align: justify;\">Acad\u00e9micien et attach\u00e9 sous divers titres \u00e0 de nombreuses Acad\u00e9mies en France et \u00e0 l&rsquo;\u00e9tranger, directeur de collections th\u00e9matiques dans le monde de l&rsquo;\u00e9dition, co-directeur de la revue Romania, la liste est longue des titres honorifiques qui lui sont attach\u00e9s et\u00a0des fonctions qu&rsquo;il occupe ou a pu occuper tout au long de sa carri\u00e8re. Il a \u00e9galement\u00a0re\u00e7u de nombreux prix au niveau fran\u00e7ais et europ\u00e9en pour ses travaux. Pour en prendre connaissance dans le d\u00e9tail, nous vous invitons \u00e0 consulter sa\u00a0<a href=\"http:\/\/www.college-de-france.fr\/site\/michel-zink\/index.htm#content.htm\" target=\"_blank\" rel=\"noopener noreferrer\">biographie sur les pages du Coll\u00e8ge de France<\/a>.<\/p>\n<h3>Conf\u00e9rences, publications, \u00e9mission de radios<\/h3>\n<p style=\"text-align: justify;\">Du point de vue publication et ouvrages, \u00a0on le retrouve aux commentaires, \u00e0 l&rsquo;adaptation et \u00e0 la publication de textes de grands auteurs du moyen-\u00e2ge : Rutebeuf, le Roman de Rose, Froissart, les troubadours, etc et on lui doit encore de nombreux livres d&rsquo;ordre plus g\u00e9n\u00e9ral sur la litt\u00e9rature et la po\u00e9sie m\u00e9di\u00e9vale, chr\u00e9tienne ou profane (c&rsquo;est une distinction que nous faisons ici mais qu&rsquo;il ne fait pas lui-m\u00eame). Nous vous proposons ici une s\u00e9lection de quelques unes de ses parutions.<\/p>\n<table width=\"\u00bb475\u2033\" cellspacing=\"\u00bb0\u2033\" cellpadding=\"\u00bb0\u2033\">\n<tbody>\n<tr>\n<td><a href=\"https:\/\/www.amazon.fr\/gp\/product\/B019QD0W9U\/ref=as_li_tl?ie=UTF8&amp;camp=1642&amp;creative=6746&amp;creativeASIN=B019QD0W9U&amp;linkCode=as2&amp;tag=f1266-21&amp;linkId=702394c0385e9a0b715b691514d7c025\" target=\"_blank\" rel=\"noopener noreferrer\"><img decoding=\"async\" class=\"alignnone size-full wp-image-13824\" src=\"https:\/\/www.moyenagepassion.com\/wp-content\/uploads\/2017\/06\/Michel_Zink_medieviste_historien_poesie_medievale_rutebeuf_oeuvres_T1_livres_moyen-age.jpg\" alt=\"Michel_Zink_medieviste_historien_poesie_medievale_rutebeuf_oeuvres_T1_livres_moyen-age\" width=\"295\" height=\"475\" srcset=\"https:\/\/www.moyenagepassion.com\/wp-content\/uploads\/2017\/06\/Michel_Zink_medieviste_historien_poesie_medievale_rutebeuf_oeuvres_T1_livres_moyen-age.jpg 295w, https:\/\/www.moyenagepassion.com\/wp-content\/uploads\/2017\/06\/Michel_Zink_medieviste_historien_poesie_medievale_rutebeuf_oeuvres_T1_livres_moyen-age-186x300.jpg 186w\" sizes=\"(max-width: 295px) 100vw, 295px\" \/><\/a><\/td>\n<td><a href=\"https:\/\/www.amazon.fr\/gp\/product\/2262028982\/ref=as_li_tl?ie=UTF8&amp;camp=1642&amp;creative=6746&amp;creativeASIN=2262028982&amp;linkCode=as2&amp;tag=f1266-21&amp;linkId=50f6bc771d8b93e0a1cd1d850e670c65\" target=\"_blank\" rel=\"noopener noreferrer\"><img decoding=\"async\" class=\"alignnone size-full wp-image-13848\" src=\"https:\/\/www.moyenagepassion.com\/wp-content\/uploads\/2017\/06\/Michel_Zink_medieviste_historien_poesie_medievale_les_troubadours_livres_moyen-age.jpg\" alt=\"Michel_Zink_medieviste_historien_poesie_medievale_les_troubadours_livres_moyen-age\" width=\"295\" height=\"475\" srcset=\"https:\/\/www.moyenagepassion.com\/wp-content\/uploads\/2017\/06\/Michel_Zink_medieviste_historien_poesie_medievale_les_troubadours_livres_moyen-age.jpg 295w, https:\/\/www.moyenagepassion.com\/wp-content\/uploads\/2017\/06\/Michel_Zink_medieviste_historien_poesie_medievale_les_troubadours_livres_moyen-age-186x300.jpg 186w\" sizes=\"(max-width: 295px) 100vw, 295px\" \/><\/a><\/td>\n<td><a href=\"https:\/\/www.amazon.fr\/gp\/product\/2253185914\/ref=as_li_tl?ie=UTF8&amp;camp=1642&amp;creative=6746&amp;creativeASIN=2253185914&amp;linkCode=as2&amp;tag=f1266-21&amp;linkId=1177eadf0314666e899a8ae2d646e9c4\" target=\"_blank\" rel=\"noopener noreferrer\"><img decoding=\"async\" class=\"alignnone size-full wp-image-13828\" src=\"https:\/\/www.moyenagepassion.com\/wp-content\/uploads\/2017\/06\/Michel_Zink_medieviste_historien_litterature_poesie_medievale_livres_bienvenue_moyen-age_france_inter.jpg\" alt=\"Michel_Zink_medieviste_historien_litterature_poesie_medievale_livres_bienvenue_moyen-age_france_inter\" width=\"295\" height=\"477\" srcset=\"https:\/\/www.moyenagepassion.com\/wp-content\/uploads\/2017\/06\/Michel_Zink_medieviste_historien_litterature_poesie_medievale_livres_bienvenue_moyen-age_france_inter.jpg 295w, https:\/\/www.moyenagepassion.com\/wp-content\/uploads\/2017\/06\/Michel_Zink_medieviste_historien_litterature_poesie_medievale_livres_bienvenue_moyen-age_france_inter-186x300.jpg 186w\" sizes=\"(max-width: 295px) 100vw, 295px\" \/><\/a><\/td>\n<\/tr>\n<tr>\n<td><a href=\"https:\/\/www.amazon.fr\/gp\/product\/B019QD0W9U\/ref=as_li_tl?ie=UTF8&amp;camp=1642&amp;creative=6746&amp;creativeASIN=B019QD0W9U&amp;linkCode=as2&amp;tag=f1266-21&amp;linkId=75246260fd5b26fce8d4b74155887107\" target=\"_blank\" rel=\"noopener noreferrer\">Rutebeuf Oeuvres compl\u00e8tes<\/a><img decoding=\"async\" style=\"border: none !important; margin: 0px !important;\" src=\"\/\/ir-fr.amazon-adsystem.com\/e\/ir?t=f1266-21&amp;l=am2&amp;o=8&amp;a=B019QD0W9U\" alt=\"\" width=\"1\" height=\"1\" border=\"0\" \/><br \/>\n2 Tomes &#8211; Bordas<\/td>\n<td><a href=\"https:\/\/www.amazon.fr\/gp\/product\/2262028982\/ref=as_li_tl?ie=UTF8&amp;camp=1642&amp;creative=6746&amp;creativeASIN=2262028982&amp;linkCode=as2&amp;tag=f1266-21&amp;linkId=1b42658ab49c50356738fa53575983dd\" target=\"_blank\" rel=\"noopener noreferrer\">Les troubadours<\/a><img decoding=\"async\" style=\"border: none !important; margin: 0px !important;\" src=\"\/\/ir-fr.amazon-adsystem.com\/e\/ir?t=f1266-21&amp;l=am2&amp;o=8&amp;a=2262028982\" alt=\"\" width=\"1\" height=\"1\" border=\"0\" \/><br \/>\nPour l&rsquo;Histoire<br \/>\nEditions Perrin<\/td>\n<td><a href=\"https:\/\/www.amazon.fr\/gp\/product\/2253185914\/ref=as_li_tl?ie=UTF8&amp;camp=1642&amp;creative=6746&amp;creativeASIN=2253185914&amp;linkCode=as2&amp;tag=f1266-21&amp;linkId=5a3212c73fbe7116cac8613c258688be\" target=\"_blank\" rel=\"noopener noreferrer\">Bienvenue au Moyen Age<\/a><img decoding=\"async\" style=\"border: none !important; margin: 0px !important;\" src=\"\/\/ir-fr.amazon-adsystem.com\/e\/ir?t=f1266-21&amp;l=am2&amp;o=8&amp;a=2253185914\" alt=\"\" width=\"1\" height=\"1\" border=\"0\" \/>,<br \/>\nLivre de Poche<\/td>\n<\/tr>\n<\/tbody>\n<\/table>\n<p style=\"text-align: justify;\">Outre ses publications, vous pourrez encore trouver de nombreux programmes de radios, notamment sur France Inter, dans lesquels\u00a0il est intervenu ou intervient encore. Il animait notamment, en 2014 un programme court sur <em><strong>France inter<\/strong><\/em>\u00a0 dans lequel il pr\u00e9sentait quelques r\u00e9flexions et textes courts de po\u00e9sie et de litt\u00e9rature du moyen-\u00e2ge. Ces chroniques ont donn\u00e9 lieu \u00e0 un publication sous le m\u00eame titre que l&rsquo;\u00e9mission\u00a0: <em><strong>Bienvenue au moyen \u00e2ge<\/strong><\/em>.<span style=\"color: #808080;\"> (photo et lien \u00e0 droite dans le tableau ci-dessus)<\/span>. On trouve encore sur le web quelques autres conf\u00e9rences donn\u00e9es ici ou l\u00e0 ou quelques programmes radio. Voici deux liens utiles\u00a0sur ces aspects :<\/p>\n<p><em><strong>Podcasts &#8211; Conf\u00e9rences &#8211; Emissions de radio<\/strong><\/em> \u00a0:<br \/>\n<a href=\"https:\/\/www.franceinter.fr\/emissions\/bienvenue-au-moyen-age\" target=\"_blank\" rel=\"noopener noreferrer\">France Inter <\/a>&#8211; \u00a0<a href=\"https:\/\/www.franceculture.fr\/personne-michel-zink.html\" target=\"_blank\" rel=\"noopener noreferrer\">France Culture<\/a><\/p>\n<table width=\"\u00bb475\u2033\" cellspacing=\"\u00bb0\u2033\" cellpadding=\"\u00bb0\u2033\">\n<tbody>\n<tr>\n<td><a href=\"https:\/\/www.amazon.fr\/gp\/product\/2226319034\/ref=as_li_tl?ie=UTF8&amp;camp=1642&amp;creative=6746&amp;creativeASIN=2226319034&amp;linkCode=as2&amp;tag=f1266-21&amp;linkId=9eacf1a83de17c17dbbf6b7f1a55680e\" target=\"_blank\" rel=\"noopener noreferrer\"><img decoding=\"async\" class=\"alignnone size-full wp-image-13827\" src=\"https:\/\/www.moyenagepassion.com\/wp-content\/uploads\/2017\/06\/Michel_Zink_medieviste_historien_litterature_poesie_medievale_livres_humiliation_moyen-age.jpg\" alt=\"Michel_Zink_medieviste_historien_litterature_poesie_medievale_livres_humiliation_moyen-age\" width=\"295\" height=\"459\" srcset=\"https:\/\/www.moyenagepassion.com\/wp-content\/uploads\/2017\/06\/Michel_Zink_medieviste_historien_litterature_poesie_medievale_livres_humiliation_moyen-age.jpg 295w, https:\/\/www.moyenagepassion.com\/wp-content\/uploads\/2017\/06\/Michel_Zink_medieviste_historien_litterature_poesie_medievale_livres_humiliation_moyen-age-193x300.jpg 193w\" sizes=\"(max-width: 295px) 100vw, 295px\" \/><\/a><\/td>\n<td><a href=\"https:\/\/www.amazon.fr\/gp\/product\/2213628823\/ref=as_li_tl?ie=UTF8&amp;camp=1642&amp;creative=6746&amp;creativeASIN=2213628823&amp;linkCode=as2&amp;tag=f1266-21&amp;linkId=0af58472d1ab014bb996c0814ea8b933\" target=\"_blank\" rel=\"noopener noreferrer\"><img decoding=\"async\" class=\"alignnone size-full wp-image-13825\" src=\"https:\/\/www.moyenagepassion.com\/wp-content\/uploads\/2017\/06\/Michel_Zink_medieviste_historien_litterature_poesie_nature_medievale_livres_moyen-age.jpg\" alt=\"Michel_Zink_medieviste_historien_litterature_poesie_nature_medievale_livres_moyen-age\" width=\"295\" height=\"454\" srcset=\"https:\/\/www.moyenagepassion.com\/wp-content\/uploads\/2017\/06\/Michel_Zink_medieviste_historien_litterature_poesie_nature_medievale_livres_moyen-age.jpg 295w, https:\/\/www.moyenagepassion.com\/wp-content\/uploads\/2017\/06\/Michel_Zink_medieviste_historien_litterature_poesie_nature_medievale_livres_moyen-age-195x300.jpg 195w\" sizes=\"(max-width: 295px) 100vw, 295px\" \/><\/a><\/td>\n<td><a href=\"https:\/\/www.amazon.fr\/gp\/product\/225306422X\/ref=as_li_tl?ie=UTF8&amp;camp=1642&amp;creative=6746&amp;creativeASIN=225306422X&amp;linkCode=as2&amp;tag=f1266-21&amp;linkId=acb6c5bac203030756abc0e9e8af8ad7\" target=\"_blank\" rel=\"noopener noreferrer\"><img decoding=\"async\" class=\"alignnone size-full wp-image-13826\" src=\"https:\/\/www.moyenagepassion.com\/wp-content\/uploads\/2017\/06\/Michel_Zink_medieviste_historien_litterature_france_poesie_medievale_moyen-age.jpg\" alt=\"Michel_Zink_medieviste_historien_litterature_france_poesie_medievale_moyen-age\" width=\"295\" height=\"478\" srcset=\"https:\/\/www.moyenagepassion.com\/wp-content\/uploads\/2017\/06\/Michel_Zink_medieviste_historien_litterature_france_poesie_medievale_moyen-age.jpg 295w, https:\/\/www.moyenagepassion.com\/wp-content\/uploads\/2017\/06\/Michel_Zink_medieviste_historien_litterature_france_poesie_medievale_moyen-age-185x300.jpg 185w\" sizes=\"(max-width: 295px) 100vw, 295px\" \/><\/a><\/td>\n<\/tr>\n<tr>\n<td><a href=\"https:\/\/www.amazon.fr\/gp\/product\/2226319034\/ref=as_li_tl?ie=UTF8&amp;camp=1642&amp;creative=6746&amp;creativeASIN=2226319034&amp;linkCode=as2&amp;tag=f1266-21&amp;linkId=31b74c7644507632ba1c69790ab5ba4f\" target=\"_blank\" rel=\"noopener noreferrer\">L&rsquo;humiliation, le Moyen Age et nous<\/a>,<br \/>\nA Michel<img decoding=\"async\" style=\"border: none !important; margin: 0px !important;\" src=\"\/\/ir-fr.amazon-adsystem.com\/e\/ir?t=f1266-21&amp;l=am2&amp;o=8&amp;a=2226319034\" alt=\"\" width=\"1\" height=\"1\" border=\"0\" \/><\/td>\n<td><a href=\"https:\/\/www.amazon.fr\/gp\/product\/2213628823\/ref=as_li_tl?ie=UTF8&amp;camp=1642&amp;creative=6746&amp;creativeASIN=2213628823&amp;linkCode=as2&amp;tag=f1266-21&amp;linkId=e8a4d204320b1b3f4dacaa99d591e2df\" target=\"_blank\" rel=\"noopener noreferrer\">Nature et po\u00e9sie au Moyen Age<\/a><img decoding=\"async\" style=\"border: none !important; margin: 0px !important;\" src=\"\/\/ir-fr.amazon-adsystem.com\/e\/ir?t=f1266-21&amp;l=am2&amp;o=8&amp;a=2213628823\" alt=\"\" width=\"1\" height=\"1\" border=\"0\" \/><br \/>\nFayard<\/td>\n<td><a href=\"https:\/\/www.amazon.fr\/gp\/product\/225306422X\/ref=as_li_tl?ie=UTF8&amp;camp=1642&amp;creative=6746&amp;creativeASIN=225306422X&amp;linkCode=as2&amp;tag=f1266-21&amp;linkId=1c62c84f7c71ce5d7275d499eebd4550\" target=\"_blank\" rel=\"noopener noreferrer\">Introduction a la litterature fran\u00e7aise<br \/>\ndu moyen-age<\/a><img decoding=\"async\" style=\"border: none !important; margin: 0px !important;\" src=\"\/\/ir-fr.amazon-adsystem.com\/e\/ir?t=f1266-21&amp;l=am2&amp;o=8&amp;a=225306422X\" alt=\"\" width=\"1\" height=\"1\" border=\"0\" \/>\u00a0Poche<\/td>\n<\/tr>\n<\/tbody>\n<\/table>\n<p>En vous souhaitant une tr\u00e8s belle journ\u00e9e.<\/p>\n<p>Fr\u00e9d\u00e9ric\u00a0F.<\/p>\n<p>Pour moyenagepassion.com<br \/>\n<em><strong>A la d\u00e9couverte du moyen-\u00e2ge sous toutes ses formes<\/strong><\/em><\/p>\n<p style=\"text-align: justify;\"><span style=\"color: #808080;\"><span style=\"color: #008000;\">*\u00a0\u00bb<\/span>M\u00e9ta niveau\u00a0\u00bb : en r\u00e9f\u00e9rence \u00e0 l&rsquo;anthropologue <em><strong>Gregory Bateson<\/strong><\/em> et sa \u00ab\u00a0m\u00e9ta-communication\u00a0\u00bb, soit l&rsquo;art de communiquer sur la communication.<\/span><\/p>\n","protected":false},"excerpt":{"rendered":"<p>Sujet :\u00a0philologie, litt\u00e9rature, po\u00e9sie m\u00e9di\u00e9vale, \u00ab\u00a0renouvel\u00a0\u00bb, nouveaut\u00e9 m\u00e9di\u00e9vale, analyse litt\u00e9raire et s\u00e9mantique. P\u00e9riode : moyen-\u00e2ge central M\u00e9dia \u00a0: vid\u00e9o-conf\u00e9rence, livres. Titre : La nouveaut\u00e9 au Moyen \u00c2ge comme exp\u00e9rience religieuse et po\u00e9tique Conf\u00e9rencier : \u00a0Michel Zink m\u00e9di\u00e9viste, philologue et \u00e9crivain.\u00a0professeur de Litt\u00e9ratures de la France m\u00e9di\u00e9vale au Coll\u00e8ge de France Lieu : Ecole nationale des &hellip; <a href=\"https:\/\/www.moyenagepassion.com\/index.php\/2017\/06\/20\/litterature-et-poesie-medievales-un-voyage-autour-de-la-notion-de-nouveaute-au-moyen-age-par-michel-zink\/\" class=\"more-link\">Continuer la lecture de <span class=\"screen-reader-text\">litt\u00e9rature et po\u00e9sie m\u00e9di\u00e9vales : un voyage autour de la notion de nouveaut\u00e9 au moyen-\u00e2ge avec Michel Zink<\/span>  <span class=\"meta-nav\">&rarr;<\/span><\/a><\/p>\n","protected":false},"author":2,"featured_media":0,"comment_status":"open","ping_status":"open","sticky":false,"template":"","format":"standard","meta":{"_monsterinsights_skip_tracking":false,"_monsterinsights_sitenote_active":false,"_monsterinsights_sitenote_note":"","_monsterinsights_sitenote_category":0,"footnotes":""},"categories":[1275,16],"tags":[2652,188,2865,2470,293,520,525,1641,1915,1146,22,2489,663,182,18,85,2864,2862,2839,80,615,2863,1504],"class_list":["post-13665","post","type-post","status-publish","format-standard","hentry","category-conference","category-sources-et-articles-moyen-age-periode-medievale","tag-analyse-litteraire","tag-auteur","tag-college-de-france","tag-ecole-nationale-des-chartes","tag-ecrivain","tag-histoire-medievale","tag-historien","tag-litterature","tag-litterature-medievale","tag-livres","tag-medievale","tag-medieviste","tag-michel-zink","tag-monde-medieval","tag-moyen-age","tag-moyen-age-central","tag-nouveaute-medievale","tag-philologie","tag-philologue","tag-poesie","tag-poesie-medievale","tag-renouvel","tag-video-conference"],"aioseo_notices":[],"_links":{"self":[{"href":"https:\/\/www.moyenagepassion.com\/index.php\/wp-json\/wp\/v2\/posts\/13665"}],"collection":[{"href":"https:\/\/www.moyenagepassion.com\/index.php\/wp-json\/wp\/v2\/posts"}],"about":[{"href":"https:\/\/www.moyenagepassion.com\/index.php\/wp-json\/wp\/v2\/types\/post"}],"author":[{"embeddable":true,"href":"https:\/\/www.moyenagepassion.com\/index.php\/wp-json\/wp\/v2\/users\/2"}],"replies":[{"embeddable":true,"href":"https:\/\/www.moyenagepassion.com\/index.php\/wp-json\/wp\/v2\/comments?post=13665"}],"version-history":[{"count":2,"href":"https:\/\/www.moyenagepassion.com\/index.php\/wp-json\/wp\/v2\/posts\/13665\/revisions"}],"predecessor-version":[{"id":38884,"href":"https:\/\/www.moyenagepassion.com\/index.php\/wp-json\/wp\/v2\/posts\/13665\/revisions\/38884"}],"wp:attachment":[{"href":"https:\/\/www.moyenagepassion.com\/index.php\/wp-json\/wp\/v2\/media?parent=13665"}],"wp:term":[{"taxonomy":"category","embeddable":true,"href":"https:\/\/www.moyenagepassion.com\/index.php\/wp-json\/wp\/v2\/categories?post=13665"},{"taxonomy":"post_tag","embeddable":true,"href":"https:\/\/www.moyenagepassion.com\/index.php\/wp-json\/wp\/v2\/tags?post=13665"}],"curies":[{"name":"wp","href":"https:\/\/api.w.org\/{rel}","templated":true}]}}