{"id":13702,"date":"2017-06-30T03:53:00","date_gmt":"2017-06-30T02:53:00","guid":{"rendered":"http:\/\/www.moyenagepassion.com\/?p=13702"},"modified":"2020-10-04T22:42:43","modified_gmt":"2020-10-04T21:42:43","slug":"ragnard-rock-children-of-yggdrasil-le-festival-a-la-croisee-du-pagan-rock-du-monde-medieval-et-des-legendes-nordiques","status":"publish","type":"post","link":"https:\/\/www.moyenagepassion.com\/index.php\/2017\/06\/30\/ragnard-rock-children-of-yggdrasil-le-festival-a-la-croisee-du-pagan-rock-du-monde-medieval-et-des-legendes-nordiques\/","title":{"rendered":"Ragnard-rock 2017, Children of Yggdrasil, le festival \u00e0 la crois\u00e9e du Pagan rock, du monde m\u00e9di\u00e9val et des l\u00e9gendes nordiques et celtiques"},"content":{"rendered":"<div id=\"moyen-717117992\" class=\"moyen-before-content moyen-entity-placement\"><script async src=\"\/\/pagead2.googlesyndication.com\/pagead\/js\/adsbygoogle.js?client=ca-pub-3035390706780632\" crossorigin=\"anonymous\"><\/script><ins class=\"adsbygoogle\" style=\"display:block;\" data-ad-client=\"ca-pub-3035390706780632\" \ndata-ad-slot=\"\" \ndata-ad-format=\"auto\"><\/ins>\n<script> \n(adsbygoogle = window.adsbygoogle || []).push({}); \n<\/script>\n<\/div><p><strong><a href=\"https:\/\/www.moyenagepassion.com\/wp-content\/uploads\/2017\/06\/fetes_evenement_festival_rock_metal_medieval_ragnan-rock_viking_legendes_nordiques_Yggdrasil.jpg\"><img decoding=\"async\" class=\"wp-image-14141 alignleft\" src=\"https:\/\/www.moyenagepassion.com\/wp-content\/uploads\/2017\/06\/fetes_evenement_festival_rock_metal_medieval_ragnan-rock_viking_legendes_nordiques_Yggdrasil.jpg\" alt=\"fetes_evenement_festival_rock_metal_medieval_ragnan-rock_viking_legendes_nordiques_Yggdrasil\" width=\"97\" height=\"218\" srcset=\"https:\/\/www.moyenagepassion.com\/wp-content\/uploads\/2017\/06\/fetes_evenement_festival_rock_metal_medieval_ragnan-rock_viking_legendes_nordiques_Yggdrasil.jpg 568w, https:\/\/www.moyenagepassion.com\/wp-content\/uploads\/2017\/06\/fetes_evenement_festival_rock_metal_medieval_ragnan-rock_viking_legendes_nordiques_Yggdrasil-133x300.jpg 133w, https:\/\/www.moyenagepassion.com\/wp-content\/uploads\/2017\/06\/fetes_evenement_festival_rock_metal_medieval_ragnan-rock_viking_legendes_nordiques_Yggdrasil-455x1024.jpg 455w\" sizes=\"(max-width: 97px) 100vw, 97px\" \/><\/a>Sujet<\/strong> : f\u00eates, festivit\u00e9s, festival, rock celtique, folk, neo-folk medieval, metal, animation, compagnies m\u00e9di\u00e9vales, monde viking, Norv\u00e8ge, reconstitution historiques, l\u00e9gendes nordiques. Yggdrasil.<br \/>\n<strong>P\u00e9riode:<\/strong> moyen-\u00e2ge central (an 1000)<br \/>\n<strong>Lieu<\/strong>\u00a0: Simandre sur Suran\u00a0 (Ain, Rh\u00f4ne-alpes)<br \/>\n<strong>Ev\u00e9nement<\/strong><strong>: Festival\u00a0<\/strong><em><strong>Ragnard Rock \u00a02017,<br \/>\nChildren of Yggdrasil<\/strong><\/em><br \/>\n<strong>Dates<\/strong> : du jeudi 20 au dimanche 23 \u00a0juillet 2017<\/p>\n<p>&nbsp;<\/p>\n<p><span style=\"color: #ff0000;\"><em><strong>ATTENTION ! Cet \u00e9v\u00e9nement a \u00e9t\u00e9 annul\u00e9 \u00e0 la derni\u00e8re minute!<\/strong><\/em><\/span><\/p>\n<p>&nbsp;<\/p>\n<p><a href=\"https:\/\/www.moyenagepassion.com\/wp-content\/uploads\/2017\/06\/fetes_medievales_viking_legendes_nordique_festival_ragnan_rock_pagan_folk_metal_medieval_an_mil_.jpg\"><img decoding=\"async\" class=\"alignnone size-full wp-image-14136\" src=\"https:\/\/www.moyenagepassion.com\/wp-content\/uploads\/2017\/06\/fetes_medievales_viking_legendes_nordique_festival_ragnan_rock_pagan_folk_metal_medieval_an_mil_.jpg\" alt=\"fetes_medievales_viking_legendes_nordique_festival_ragnan_rock_pagan_folk_metal_medieval_an_mil_\" width=\"586\" height=\"114\" srcset=\"https:\/\/www.moyenagepassion.com\/wp-content\/uploads\/2017\/06\/fetes_medievales_viking_legendes_nordique_festival_ragnan_rock_pagan_folk_metal_medieval_an_mil_.jpg 586w, https:\/\/www.moyenagepassion.com\/wp-content\/uploads\/2017\/06\/fetes_medievales_viking_legendes_nordique_festival_ragnan_rock_pagan_folk_metal_medieval_an_mil_-300x58.jpg 300w\" sizes=\"(max-width: 586px) 100vw, 586px\" \/><\/a><\/p>\n<p style=\"text-align: justify;\"><img decoding=\"async\" class=\"alignleft size-full wp-image-1574\" src=\"https:\/\/www.moyenagepassion.com\/wp-content\/uploads\/2016\/02\/U_lettrine_moyen_age_passion.jpg\" alt=\"U_lettrine_moyen_age_passion\" width=\"84\" height=\"103\" \/>ne vieille l\u00e9gende conte qu&rsquo;il y a fort longtemps, un forgeron vivait au milieu d&rsquo;une verte vall\u00e9e, au coeur des terres de Midgard. Les guerres\u00a0effroyables avaient d\u00e9cim\u00e9 les villageois et laiss\u00e9 l&rsquo;homme seul, pauvre et mis\u00e9reux. Au plus fort de sa solitude, jamais pourtant il ne d\u00e9sesp\u00e9ra, priant tous les jours les Dieux pour qu&rsquo;ils lui mandent une solution, de quoi faire rena\u00eetre son monde. L&rsquo;histoire dit qu&rsquo;au milieu de deux grandes batailles, Thor entendit ses pri\u00e8res et qu&rsquo;il descendit alors d&rsquo;Azgard \u00e0 sa rencontre. Il trouva l&rsquo;artisan \u00e0 l&rsquo;ouvrage, achevant de battre le fer pour forger une \u00e9p\u00e9e du plus bel alliage et il s&rsquo;adressa \u00e0 lui en ces mots :<\/p>\n<p style=\"text-align: justify;\"><a href=\"https:\/\/www.moyenagepassion.com\/wp-content\/uploads\/2017\/06\/festival_rock_metal_medieval_ragnan-rock_viking_legendes_nordiques_thor_midgard_Yggdrasil.jpg\"><img decoding=\"async\" class=\"wp-image-14132 alignright\" src=\"https:\/\/www.moyenagepassion.com\/wp-content\/uploads\/2017\/06\/festival_rock_metal_medieval_ragnan-rock_viking_legendes_nordiques_thor_midgard_Yggdrasil.jpg\" alt=\"festival_rock_metal_medieval_ragnan-rock_viking_legendes_nordiques_thor_midgard_Yggdrasil\" width=\"201\" height=\"452\" srcset=\"https:\/\/www.moyenagepassion.com\/wp-content\/uploads\/2017\/06\/festival_rock_metal_medieval_ragnan-rock_viking_legendes_nordiques_thor_midgard_Yggdrasil.jpg 568w, https:\/\/www.moyenagepassion.com\/wp-content\/uploads\/2017\/06\/festival_rock_metal_medieval_ragnan-rock_viking_legendes_nordiques_thor_midgard_Yggdrasil-133x300.jpg 133w, https:\/\/www.moyenagepassion.com\/wp-content\/uploads\/2017\/06\/festival_rock_metal_medieval_ragnan-rock_viking_legendes_nordiques_thor_midgard_Yggdrasil-455x1024.jpg 455w\" sizes=\"(max-width: 201px) 100vw, 201px\" \/><\/a>&#8211; H\u00e9, toi,\u00a0enfant de Midgard, fils de Yggdrasil, pourquoi restes-tu ici \u00e0 forger\u00a0des armes quand plus aucun guerrier n&rsquo;est l\u00e0 pour les croiser et que m\u00eame les derniers ennemis de ces terres s&rsquo;en sont, eux aussi, all\u00e9s\u00a0?<\/p>\n<p style=\"text-align: justify;\">&#8211; O grand Dieu du tonnerre ! r\u00e9pondit le forgeron qui avait reconnu Thor, au premier regard. Les Dieux m&rsquo;ont donn\u00e9 pour seul pouvoir celui de m\u00ealer le fer de la pierre au\u00a0feu afin de le changer en lames. Depuis l&rsquo;aube des temps, mon p\u00e8re, et le p\u00e8re de mon p\u00e8re et tous les siens avant lui, ont suivi ce chemin. Que pourrais-je faire d&rsquo;autre qu&#8217;emprunter la voie qu&rsquo;ils m&rsquo;ont trac\u00e9e et qui est mienne, en priant pour qu&rsquo;ils m&rsquo;envoient un jour des guerriers capables d&rsquo;honorer mes armes ou des mains pour user les outils qui sortent de ma forge.<\/p>\n<p style=\"text-align: justify;\">&#8211; Tu as bien parl\u00e9, fils de l&rsquo;homme, aussi je ferais un geste pour toi. Pose cette lame que tu tiens l\u00e0, sur l&rsquo;enclume.<\/p>\n<p style=\"text-align: justify;\"><a href=\"https:\/\/www.moyenagepassion.com\/wp-content\/uploads\/2017\/06\/festival_rock_metal_medieval_ragnan-rock_viking_legendes_nordiques_midgard_Yggdrasil.jpg\"><img decoding=\"async\" class=\"wp-image-14131 alignleft\" src=\"https:\/\/www.moyenagepassion.com\/wp-content\/uploads\/2017\/06\/festival_rock_metal_medieval_ragnan-rock_viking_legendes_nordiques_midgard_Yggdrasil.jpg\" alt=\"festival_rock_metal_medieval_ragnan-rock_viking_legendes_nordiques_midgard_Yggdrasil\" width=\"192\" height=\"432\" srcset=\"https:\/\/www.moyenagepassion.com\/wp-content\/uploads\/2017\/06\/festival_rock_metal_medieval_ragnan-rock_viking_legendes_nordiques_midgard_Yggdrasil.jpg 568w, https:\/\/www.moyenagepassion.com\/wp-content\/uploads\/2017\/06\/festival_rock_metal_medieval_ragnan-rock_viking_legendes_nordiques_midgard_Yggdrasil-133x300.jpg 133w, https:\/\/www.moyenagepassion.com\/wp-content\/uploads\/2017\/06\/festival_rock_metal_medieval_ragnan-rock_viking_legendes_nordiques_midgard_Yggdrasil-455x1024.jpg 455w\" sizes=\"(max-width: 192px) 100vw, 192px\" \/><\/a>L&rsquo;\u00e9p\u00e9e rougeoyait encore et le forgeron qui s&rsquo;appr\u00eatait \u00e0 la plonger dans l&rsquo;eau pour la refroidir, s&rsquo;ex\u00e9cuta. Thor brandit alors son immense marteau vers le ciel. La foudre irradia l&rsquo;objet\u00a0d&rsquo;un \u00e9clair de feu\u00a0et le Dieu s&rsquo;en servit pour frapper l&rsquo;\u00e9p\u00e9e du forgeron par trois fois. La lame ne se brisa pas. Elle irradia d&rsquo;une lueur bleut\u00e9e et vibrante. L&rsquo;air s&rsquo;\u00e9tait charg\u00e9e de la forte odeur de l&rsquo;ozone et, pendant un instant, tout l&rsquo;endroit cr\u00e9pita de mille pailles de feu. Puis, le calme revint. L&rsquo;\u00e9p\u00e9e brillait de l&rsquo;\u00e9clat d&rsquo;un m\u00e9tal \u00e0 nul autre pareil et le forgeron la toisa, les yeux encore plein de surprise, avant de se ressaisir :<\/p>\n<p style=\"text-align: justify;\">&#8211; Qu&rsquo;attends tu que je fasse de cette lame, \u00f4 grand Dieu ? demanda-t&rsquo;il \u00e0 Thor. Un guerrier viendra-t-il la prendre pour\u00a0faire rena\u00eetre ma\u00a0vall\u00e9e du cri des victoires, \u00a0comme \u00e0 l&rsquo;aube des premiers jours ?<\/p>\n<p style=\"text-align: justify;\">&#8211; Fils du fer et du feu, les Dieux sont las<span style=\"color: #ff0000;\">\u00a0<\/span><span style=\"color: #ff0000;\"><span style=\"color: #000000;\">des guerres et le temps est venu\u00a0pour que les hommes cessent aussi les leurs<\/span><\/span><em><span style=\"color: #ff0000;\"><span style=\"color: #000000;\">.<\/span><\/span><\/em>\u00a0Je ne vois ici qu&rsquo;un guerrier et il se tient devant moi. Comme tu changes la pierre en lames, tu utiliseras cette \u00e9p\u00e9e pour former ici, une fois l&rsquo;an, le plus grand rassemblement de tes\u00a0fr\u00e8res, \u00e0 l&rsquo;ouest de Midgard.<\/p>\n<p style=\"text-align: justify;\">&#8211; Mais comment ferais-je cela, \u00f4 grand fils d&rsquo;Odin! moi qui ne suis que \u00a0forgeron ?<\/p>\n<p style=\"text-align: justify;\"><a href=\"https:\/\/www.moyenagepassion.com\/wp-content\/uploads\/2017\/06\/fetes_evenement_festival_rock_metal_medieval_ragnan-rock_viking_legendes_nordiques_epee_midgard_Yggdrasil.jpg\"><img decoding=\"async\" class=\"wp-image-14139 alignright\" src=\"https:\/\/www.moyenagepassion.com\/wp-content\/uploads\/2017\/06\/fetes_evenement_festival_rock_metal_medieval_ragnan-rock_viking_legendes_nordiques_epee_midgard_Yggdrasil.jpg\" alt=\"fetes_evenement_festival_rock_metal_medieval_ragnan-rock_viking_legendes_nordiques_epee_midgard_Yggdrasil\" width=\"201\" height=\"452\" srcset=\"https:\/\/www.moyenagepassion.com\/wp-content\/uploads\/2017\/06\/fetes_evenement_festival_rock_metal_medieval_ragnan-rock_viking_legendes_nordiques_epee_midgard_Yggdrasil.jpg 568w, https:\/\/www.moyenagepassion.com\/wp-content\/uploads\/2017\/06\/fetes_evenement_festival_rock_metal_medieval_ragnan-rock_viking_legendes_nordiques_epee_midgard_Yggdrasil-133x300.jpg 133w, https:\/\/www.moyenagepassion.com\/wp-content\/uploads\/2017\/06\/fetes_evenement_festival_rock_metal_medieval_ragnan-rock_viking_legendes_nordiques_epee_midgard_Yggdrasil-455x1024.jpg 455w\" sizes=\"(max-width: 201px) 100vw, 201px\" \/><\/a>&#8211; Tu es cela et bien plus que cela \u00e0 la fois, fils de Yggdrasil. Quand S\u00f3l caressera les champs et les bois de ce\u00a0lieu de ses longs cheveux d&rsquo;or et \u00e0 l&rsquo;approche des beaux jours, brandis la lame haut et fort vers le ciel et des plus lointains confins des terres de Midgard, ils recevront tous ton appel et ils viendront. Oeuvre pour les accueillir, pr\u00e9pare ripailles, boissons \u00e0 flots et victuailles \u00e0 foison, musiques et jeux sans compter. Que ce rassemblement soit l&rsquo;occasion de c\u00e9l\u00e9brer l&rsquo;amiti\u00e9, le fer, le feu, l&rsquo;abondance de la terre nourrici\u00e8re, la puret\u00e9 de ses eaux et la joie des plus grandes r\u00e9unions des fils de l&rsquo;homme. Qu&rsquo;on y scelle les traditions ancestrales et que cette\u00a0belle vall\u00e9e se peuple d&rsquo;immenses cris de f\u00eate et de liesse qui r\u00e9sonneront jusqu&rsquo;aux fronti\u00e8res des neufs mondes. Voil\u00e0 \u00e0 quoi te servira l&rsquo;\u00e9p\u00e9e.<\/p>\n<p style=\"text-align: justify;\">Puis, Thor s&rsquo;en fut dans un \u00e9clair vers Azgard et\u00a0de ce jour, le forgeron sut, sans l&rsquo;ombre d&rsquo;un doute, ce qu&rsquo;il lui restait \u00e0 faire.<\/p>\n<p style=\"text-align: justify;\"><strong>Compagnons et amis, enfants d&rsquo;Yggdrasil\u00a0! Comme chaque ann\u00e9e, l&rsquo;\u00e9p\u00e9e a de nouveau \u00e9t\u00e9 brandie dans la vall\u00e9e de la l\u00e9gende et\u00a0des quatre directions de Midgard, le grand rassemblement aura lieu et vous y serez attendus.<\/strong><\/p>\n<p style=\"text-align: justify;\"><a href=\"https:\/\/www.moyenagepassion.com\/wp-content\/uploads\/2017\/06\/fetes_medievales_viking_legendes_nordique_festival_ragnan_rock_pagan_folk_metal_medieval_an_mil_.jpg\"><img decoding=\"async\" class=\"alignnone size-full wp-image-14136\" src=\"https:\/\/www.moyenagepassion.com\/wp-content\/uploads\/2017\/06\/fetes_medievales_viking_legendes_nordique_festival_ragnan_rock_pagan_folk_metal_medieval_an_mil_.jpg\" alt=\"fetes_medievales_viking_legendes_nordique_festival_ragnan_rock_pagan_folk_metal_medieval_an_mil_\" width=\"586\" height=\"114\" srcset=\"https:\/\/www.moyenagepassion.com\/wp-content\/uploads\/2017\/06\/fetes_medievales_viking_legendes_nordique_festival_ragnan_rock_pagan_folk_metal_medieval_an_mil_.jpg 586w, https:\/\/www.moyenagepassion.com\/wp-content\/uploads\/2017\/06\/fetes_medievales_viking_legendes_nordique_festival_ragnan_rock_pagan_folk_metal_medieval_an_mil_-300x58.jpg 300w\" sizes=\"(max-width: 586px) 100vw, 586px\" \/><\/a><\/p>\n<h3 style=\"text-align: justify;\">Du\u00a020 au\u00a023 \u00a0juillet 2017,\u00a0Ragnard-Rock,<br \/>\nle festival pagan rock de tous les possibles.<\/h3>\n<p style=\"text-align: justify;\">Bonjour \u00e0 tous,<\/p>\n<p style=\"text-align: justify;\"><img decoding=\"async\" class=\"alignleft size-full wp-image-394\" src=\"https:\/\/www.moyenagepassion.com\/wp-content\/uploads\/2015\/12\/Q_lettrine_moyen_age_passion.jpg\" alt=\"Q_lettrine_moyen_age_passion\" width=\"96\" height=\"103\" \/>uand le rock fusionne avec le paganisme, le folk celtique ou m\u00e9di\u00e9val, les l\u00e9gendes nordiques, les musiques traditionnelles et encore le Metal pour donner lieu au plus grand festival du genre en Europe et quand, en plus, cet \u00e9v\u00e9nement se tient sur les terres de France, cela m\u00e9rite bien une l\u00e9gende nordique \u00a0pour le c\u00e9l\u00e9brer!<\/p>\n<p style=\"text-align: justify;\"><a href=\"https:\/\/www.moyenagepassion.com\/wp-content\/uploads\/2017\/06\/fetes_festival_pagan_metal_folk_musique_camps_viking_ragnard_rock_an_mil_monde_medievall.jpg\"><img decoding=\"async\" class=\"wp-image-14180 alignright\" src=\"https:\/\/www.moyenagepassion.com\/wp-content\/uploads\/2017\/06\/fetes_festival_pagan_metal_folk_musique_camps_viking_ragnard_rock_an_mil_monde_medievall.jpg\" alt=\"fetes_festival_pagan_metal_folk_musique_camps_viking_ragnard_rock_an_mil_monde_medievall\" width=\"193\" height=\"435\" srcset=\"https:\/\/www.moyenagepassion.com\/wp-content\/uploads\/2017\/06\/fetes_festival_pagan_metal_folk_musique_camps_viking_ragnard_rock_an_mil_monde_medievall.jpg 568w, https:\/\/www.moyenagepassion.com\/wp-content\/uploads\/2017\/06\/fetes_festival_pagan_metal_folk_musique_camps_viking_ragnard_rock_an_mil_monde_medievall-133x300.jpg 133w, https:\/\/www.moyenagepassion.com\/wp-content\/uploads\/2017\/06\/fetes_festival_pagan_metal_folk_musique_camps_viking_ragnard_rock_an_mil_monde_medievall-455x1024.jpg 455w\" sizes=\"(max-width: 193px) 100vw, 193px\" \/><\/a>Du 20 au 23 juillet prochain, se tiendra en effet en plein coeur de la <em><strong>vall\u00e9e du Suran<\/strong><\/em> une nouvelle \u00e9dition du festival <em><strong>Ragnard Rock<\/strong><\/em>. Avec\u00a0plus de 45\u00a0groupes de musique de la mouvance Pagan rock attendus, l&rsquo;\u00e9v\u00e9nement se place comme un des plus grands festival du genre en Europe.<\/p>\n<p style=\"text-align: justify;\">L&rsquo;\u00e9v\u00e9nement durera trois\u00a0jours pleins et entre tous les artistes invit\u00e9s, dont le c\u00e9l\u00e8bre groupe de <a href=\"https:\/\/www.moyenagepassion.com\/index.php\/2016\/08\/22\/quand-une-chanson-ecossaise-du-xixe-siecle-sinvite-dans-le-folk-neo-medieval-allemand\/\" target=\"_blank\" rel=\"noopener noreferrer\">n\u00e9o-folk m\u00e9di\u00e9val allemand FAUN<\/a>\u00a0 ou encore les fac\u00e9tieux <a href=\"https:\/\/www.moyenagepassion.com\/index.php\/2015\/12\/15\/musique-folk-medievale-avec-les-compagnons-du-gras-jambon\/\" target=\"_blank\" rel=\"noopener noreferrer\">compagnons du Gras Jambon<\/a>\u00a0et j&rsquo;en passe, il y aura encore une sc\u00e8ne sp\u00e9ciale d\u00e9di\u00e9e \u00e0 des groupes folkloriques, neuf en tout, venus des quatre coins de l&rsquo;Europe, avec leurs instruments historiques et traditionnels pour repr\u00e9senter leurs cultures ancestrales.<\/p>\n<p style=\"text-align: justify;\">Apr\u00e8s le succ\u00e8s de l&rsquo;\u00e9dition 2016, le Ragnard-rock de cette ann\u00e9e promet encore de nombreuses surprises et du c\u00f4t\u00e9 des organisateurs, on a voulu s&rsquo;assurer que les amateurs de pagan rock, et de rock d&rsquo;inspiration celtique ou nordique, comme les passionn\u00e9s d&rsquo;histoire, de culture et de musique\u00a0y trouvent leur compte.<\/p>\n<h2>Listes des Groupes pr\u00e9sents<\/h2>\n<p style=\"text-align: justify;\">Vous pourrez retrouver toutes les infos sur la programmation sur le site officiel du Ragnard-Rock, mais voil\u00e0 une premi\u00e8re liste des groupes pr\u00e9sents sur place cette ann\u00e9e pour vous en faire une id\u00e9e.<\/p>\n<p style=\"text-align: justify;\"><a href=\"https:\/\/www.moyenagepassion.com\/wp-content\/uploads\/2017\/06\/fetes_festival_Faun_paganisme_metal_neo_folk_medieval_musique_camps_viking_ragnard_rock_an_mil_moyen_age.jpg\"><img decoding=\"async\" class=\"wp-image-14179 alignleft\" src=\"https:\/\/www.moyenagepassion.com\/wp-content\/uploads\/2017\/06\/fetes_festival_Faun_paganisme_metal_neo_folk_medieval_musique_camps_viking_ragnard_rock_an_mil_moyen_age.jpg\" alt=\"fetes_festival_Faun_paganisme_metal_neo_folk_medieval_musique_camps_viking_ragnard_rock_an_mil_moyen_age\" width=\"187\" height=\"421\" srcset=\"https:\/\/www.moyenagepassion.com\/wp-content\/uploads\/2017\/06\/fetes_festival_Faun_paganisme_metal_neo_folk_medieval_musique_camps_viking_ragnard_rock_an_mil_moyen_age.jpg 568w, https:\/\/www.moyenagepassion.com\/wp-content\/uploads\/2017\/06\/fetes_festival_Faun_paganisme_metal_neo_folk_medieval_musique_camps_viking_ragnard_rock_an_mil_moyen_age-133x300.jpg 133w, https:\/\/www.moyenagepassion.com\/wp-content\/uploads\/2017\/06\/fetes_festival_Faun_paganisme_metal_neo_folk_medieval_musique_camps_viking_ragnard_rock_an_mil_moyen_age-455x1024.jpg 455w\" sizes=\"(max-width: 187px) 100vw, 187px\" \/><\/a>ARAKIRI FOR THE SKY &#8211; KZOHH &#8211; NYTT LAND &#8211; ZNICH &#8211; KAWIR &#8211; KAMPFAR &#8211; FAUN &#8211; KHORS -MALEPESTE &#8211; LES COMPAGNONS DU GRAS JAMBON &#8211; SATYRICON &#8211; MELECHESH &#8211; ARKONA -TAAKE &#8211; SK\u00c1LM\u00d6LD &#8211; WOLFCHANT &#8211; SUIDAKRA &#8211; TENGGER CAVALRY &#8211; SAOR &#8211; GOCOO &#8211; ANGANTYR &#8211; HELHEIM &#8211; AETERNUS &#8211; UADA &#8211; MOR DAGOR &#8211; ACHERONTAS &#8211; DARKEND &#8211; BORGNE &#8211; ROMUVOS &#8211; HEAVYDEATH &#8211; HORDAK &#8211; ENISUM &#8211; ATAVISMA &#8211; \u00a0UDYR &#8211; M\u00d6HRKVLTH &#8211; GJELDRUNE &#8211; WARBELL &#8211; FIR BOLG &#8211; FORNDOM &#8211; SOWULO &#8211; THE MOON\u00a0&amp;\u00a0THE NIGHTSPIRIT &#8211; JAR &#8211; ARNICA &#8211; DAYAZELL &#8211; SHIBALBA<\/p>\n<h2>Teaser vid\u00e9o officiel Ragnard Rock 2017<\/h2>\n<p><code><iframe src=\"https:\/\/www.youtube.com\/embed\/7BkD-VeY9Ok\" width=\"600\" height=\"333\" frameborder=\"0\" allowfullscreen=\"allowfullscreen\"><\/iframe><\/code><\/p>\n<h2 style=\"text-align: justify;\">L\u00e9gendes nordiques et monde\u00a0viking :<br \/>\nla Norv\u00e8ge au coeur de la c\u00e9l\u00e9bration 2017<\/h2>\n<p style=\"text-align: justify;\"><img decoding=\"async\" class=\"alignleft size-full wp-image-36\" src=\"https:\/\/www.moyenagepassion.com\/wp-content\/uploads\/2015\/12\/C_lettrine_moyen_age_passion.jpg\" alt=\"C_lettrine_moyen_age_passion\" width=\"84\" height=\"103\" \/>ette ann\u00e9e, le festival c\u00e9l\u00e9brera la Norv\u00e8ge et sur les\u00a010 hectares de verdure d\u00e9di\u00e9s du site, se tiendront encore un grand camp Viking, ainsi qu&rsquo;un march\u00e9 m\u00e9di\u00e9val. De\u00a0nombreuses compagnies historiques seront donc au rendez-vous pour animer la f\u00eate de leurs ateliers, camps, d\u00e9monstrations artisanales ou <a href=\"https:\/\/www.moyenagepassion.com\/wp-content\/uploads\/2017\/06\/fetes_festival_rock_pagan_monde_medieval_camps_viking_ragnard_rock_an_mill.jpg\"><img decoding=\"async\" class=\"wp-image-14181 alignright\" src=\"https:\/\/www.moyenagepassion.com\/wp-content\/uploads\/2017\/06\/fetes_festival_rock_pagan_monde_medieval_camps_viking_ragnard_rock_an_mill.jpg\" alt=\"fetes_festival_rock_pagan_monde_medieval_camps_viking_ragnard_rock_an_mill\" width=\"190\" height=\"428\" srcset=\"https:\/\/www.moyenagepassion.com\/wp-content\/uploads\/2017\/06\/fetes_festival_rock_pagan_monde_medieval_camps_viking_ragnard_rock_an_mill.jpg 568w, https:\/\/www.moyenagepassion.com\/wp-content\/uploads\/2017\/06\/fetes_festival_rock_pagan_monde_medieval_camps_viking_ragnard_rock_an_mill-133x300.jpg 133w, https:\/\/www.moyenagepassion.com\/wp-content\/uploads\/2017\/06\/fetes_festival_rock_pagan_monde_medieval_camps_viking_ragnard_rock_an_mill-455x1024.jpg 455w\" sizes=\"(max-width: 190px) 100vw, 190px\" \/><\/a>encore m\u00eal\u00e9es et combats \u00e0 l&rsquo;escrime ancienne.<\/p>\n<p style=\"text-align: justify;\">On l&rsquo;aura compris, l&rsquo;Histoire vivante sera bien pr\u00e9sente sur cette partie du festival et l&rsquo;on entend bien, \u00e0 l&rsquo;aide des quelques 150 reconstituteurs ou f\u00e9rus de r\u00e9alisme historique qui se tiendront sur place, contribuer \u00e0 corriger quelques pr\u00e9jug\u00e9s sur le moyen-\u00e2ge, autant que sur le monde viking.<\/p>\n<p style=\"text-align: justify;\">Ajoutons que cet \u00e9v\u00e9nement se veut ouvert \u00e0 tous. Des espaces de jeux et activit\u00e9s ont donc \u00e9t\u00e9 pr\u00e9vus pour les enfants. Seul, en couple, entre amis ou en famille, chacun devrait donc y trouver sa f\u00e9licit\u00e9.<\/p>\n<h2>Programmation, \u00a0tarifs, et d\u00e9tails pratiques<\/h2>\n<p><a href=\"https:\/\/www.moyenagepassion.com\/wp-content\/uploads\/2017\/06\/ragnard_rock_festival_2017_fetes_pagan_folk_rock_metal_medieval_monde_viking_reconstitution_historique_legendes_nordiques.jpg\"><img decoding=\"async\" class=\"alignnone wp-image-14187 size-full\" src=\"https:\/\/www.moyenagepassion.com\/wp-content\/uploads\/2017\/06\/ragnard_rock_festival_2017_fetes_pagan_folk_rock_metal_medieval_monde_viking_reconstitution_historique_legendes_nordiques.jpg\" alt=\"\" width=\"718\" height=\"477\" srcset=\"https:\/\/www.moyenagepassion.com\/wp-content\/uploads\/2017\/06\/ragnard_rock_festival_2017_fetes_pagan_folk_rock_metal_medieval_monde_viking_reconstitution_historique_legendes_nordiques.jpg 718w, https:\/\/www.moyenagepassion.com\/wp-content\/uploads\/2017\/06\/ragnard_rock_festival_2017_fetes_pagan_folk_rock_metal_medieval_monde_viking_reconstitution_historique_legendes_nordiques-300x199.jpg 300w\" sizes=\"(max-width: 718px) 100vw, 718px\" \/><\/a><\/p>\n<p style=\"text-align: justify;\"><img decoding=\"async\" class=\"alignleft size-full wp-image-50\" src=\"https:\/\/www.moyenagepassion.com\/wp-content\/uploads\/2015\/12\/D_lettrine_moyen_age_passion.jpg\" alt=\"D_lettrine_moyen_age_passion\" width=\"84\" height=\"103\" \/>u c\u00f4t\u00e9 concerts, les acc\u00e8s\u00a0sont tr\u00e8s flexibles\u00a0: du classique Pass Festival qui vous donnera un acc\u00e8s royal \u00e0 l&rsquo;ensemble des groupes \u00e0 partir de 80 euros, jusqu&rsquo;au tr\u00e8s sp\u00e9cial Golden Pass ou \u00e0 \u00a0de simples acc\u00e8s journ\u00e9es. En plus de son aspect immersif et au vue de la diff\u00e9rence de prix, le Pass de 3 jours semble bien \u00eatre la meilleure option. Comme les dates se rapprochent et que les premiers pack \u00e0 un peu plus de 60 euros sont d\u00e9j\u00e0 tous \u00e9puis\u00e9s, nous <a href=\"https:\/\/www.moyenagepassion.com\/wp-content\/uploads\/2017\/06\/fetes_festival_Faun_paganisme_musique_metal_neo_folk_medieval_monde_viking_ragnard_rock.jpg\"><img decoding=\"async\" class=\"wp-image-14177 alignright\" src=\"https:\/\/www.moyenagepassion.com\/wp-content\/uploads\/2017\/06\/fetes_festival_Faun_paganisme_musique_metal_neo_folk_medieval_monde_viking_ragnard_rock.jpg\" alt=\"fetes_festival_Faun_paganisme_musique_metal_neo_folk_medieval_monde_viking_ragnard_rock\" width=\"204\" height=\"459\" srcset=\"https:\/\/www.moyenagepassion.com\/wp-content\/uploads\/2017\/06\/fetes_festival_Faun_paganisme_musique_metal_neo_folk_medieval_monde_viking_ragnard_rock.jpg 568w, https:\/\/www.moyenagepassion.com\/wp-content\/uploads\/2017\/06\/fetes_festival_Faun_paganisme_musique_metal_neo_folk_medieval_monde_viking_ragnard_rock-133x300.jpg 133w, https:\/\/www.moyenagepassion.com\/wp-content\/uploads\/2017\/06\/fetes_festival_Faun_paganisme_musique_metal_neo_folk_medieval_monde_viking_ragnard_rock-455x1024.jpg 455w\" sizes=\"(max-width: 204px) 100vw, 204px\" \/><\/a>ne saurions que vous conseiller de faire vite si vous voulez avoir acc\u00e8s au Pass restant. (tous les tarifs que nous vous indiquons ici sont indicatifs et non contractuels et vous pourrez les trouver actualis\u00e9s sur le site de l&rsquo;\u00e9v\u00e9nement).<\/p>\n<p style=\"text-align: justify;\">Pour plus de d\u00e9tails pratiques sur les concerts, la programmation, les possibilit\u00e9s d&rsquo;h\u00e9bergement et de camping, rendez-vous sur le <a href=\"http:\/\/www.ragnard-rock.com\/fr\/home-2\/\" target=\"_blank\" rel=\"noopener noreferrer\">site web officiel\u00a0du Festival<\/a>. Une\u00a0<a href=\"https:\/\/www.facebook.com\/Ragnard-ROCK-Festival-692544110816243\/?fref=ts\" target=\"_blank\" rel=\"noopener noreferrer\">Page Facebook sp\u00e9ciale<\/a> a \u00e9t\u00e9 \u00e9galement cr\u00e9\u00e9e pour l&rsquo;\u00e9v\u00e9nement.<\/p>\n<p style=\"text-align: justify;\">En bref, fils du nord, du sud, de l&rsquo;ouest et de l&rsquo;est, passionn\u00e9s de l\u00e9gendes nordiques ou curieux d&rsquo;en apprendre plus sur le monde viking, amateurs de musiques traditionnelles ou de pagan rock, celtique ou nordique, de n\u00e9o folk ou de folk m\u00e9di\u00e9val, ne manquez sous aucun pr\u00e9texet l&rsquo;\u00e9dition 2017 du grand festival <em><strong>Ragnard Rock<\/strong><\/em>, c&rsquo;est l\u00e0-bas que cela se passe. Il n&rsquo;y en aura qu&rsquo;un seul en France cette ann\u00e9e et c&rsquo;est celui-ci.<\/p>\n<p>En vous souhaitant une belle journ\u00e9e et un excellent festival si vous vous y rendez en juillet prochain.<\/p>\n<p>Fred<br \/>\nPour moyenagepassion.com<br \/>\n<em><strong>A la d\u00e9couverte du monde m\u00e9di\u00e9val sous toutes ses formes<\/strong><\/em><\/p>\n","protected":false},"excerpt":{"rendered":"<p>Sujet : f\u00eates, festivit\u00e9s, festival, rock celtique, folk, neo-folk medieval, metal, animation, compagnies m\u00e9di\u00e9vales, monde viking, Norv\u00e8ge, reconstitution historiques, l\u00e9gendes nordiques. Yggdrasil. P\u00e9riode: moyen-\u00e2ge central (an 1000) Lieu\u00a0: Simandre sur Suran\u00a0 (Ain, Rh\u00f4ne-alpes) Ev\u00e9nement: Festival\u00a0Ragnard Rock \u00a02017, Children of Yggdrasil Dates : du jeudi 20 au dimanche 23 \u00a0juillet 2017 &nbsp; ATTENTION ! Cet \u00e9v\u00e9nement &hellip; <a href=\"https:\/\/www.moyenagepassion.com\/index.php\/2017\/06\/30\/ragnard-rock-children-of-yggdrasil-le-festival-a-la-croisee-du-pagan-rock-du-monde-medieval-et-des-legendes-nordiques\/\" class=\"more-link\">Continuer la lecture de <span class=\"screen-reader-text\">Ragnard-rock 2017, Children of Yggdrasil, le festival \u00e0 la crois\u00e9e du Pagan rock, du monde m\u00e9di\u00e9val et des l\u00e9gendes nordiques et celtiques<\/span>  <span class=\"meta-nav\">&rarr;<\/span><\/a><\/p>\n","protected":false},"author":2,"featured_media":0,"comment_status":"open","ping_status":"open","sticky":false,"template":"","format":"standard","meta":{"_monsterinsights_skip_tracking":false,"_monsterinsights_sitenote_active":false,"_monsterinsights_sitenote_note":"","_monsterinsights_sitenote_category":0,"footnotes":""},"categories":[11],"tags":[1539,2529,2775,2915,212,1421,632,1233,142,2565,2177,636,22,2895,182,2907,85,78,1420,2908,2910,2300,2914,261,697,2917,2913,2911,2912,25,2916],"class_list":["post-13702","post","type-post","status-publish","format-standard","hentry","category-fetes-medievales-evenement","tag-agenda-medieval","tag-animations-medievales","tag-black-metal","tag-children-of-yggdrasil","tag-compagnies-medievales","tag-faun","tag-festival-medieval","tag-festivites","tag-folk","tag-folk-metal","tag-legendes-nordiques","tag-marche-medieval","tag-medievale","tag-medievalisme","tag-monde-medieval","tag-monde-viking","tag-moyen-age-central","tag-musique","tag-neo-folk-medieval","tag-norvege","tag-pagan-rock","tag-paganisme","tag-ragnard-rock","tag-reconstitution-historique","tag-rock","tag-rock-celtique","tag-simandre-sur-suran","tag-sol","tag-thor","tag-videos","tag-yggdrasil"],"aioseo_notices":[],"_links":{"self":[{"href":"https:\/\/www.moyenagepassion.com\/index.php\/wp-json\/wp\/v2\/posts\/13702"}],"collection":[{"href":"https:\/\/www.moyenagepassion.com\/index.php\/wp-json\/wp\/v2\/posts"}],"about":[{"href":"https:\/\/www.moyenagepassion.com\/index.php\/wp-json\/wp\/v2\/types\/post"}],"author":[{"embeddable":true,"href":"https:\/\/www.moyenagepassion.com\/index.php\/wp-json\/wp\/v2\/users\/2"}],"replies":[{"embeddable":true,"href":"https:\/\/www.moyenagepassion.com\/index.php\/wp-json\/wp\/v2\/comments?post=13702"}],"version-history":[{"count":1,"href":"https:\/\/www.moyenagepassion.com\/index.php\/wp-json\/wp\/v2\/posts\/13702\/revisions"}],"predecessor-version":[{"id":34092,"href":"https:\/\/www.moyenagepassion.com\/index.php\/wp-json\/wp\/v2\/posts\/13702\/revisions\/34092"}],"wp:attachment":[{"href":"https:\/\/www.moyenagepassion.com\/index.php\/wp-json\/wp\/v2\/media?parent=13702"}],"wp:term":[{"taxonomy":"category","embeddable":true,"href":"https:\/\/www.moyenagepassion.com\/index.php\/wp-json\/wp\/v2\/categories?post=13702"},{"taxonomy":"post_tag","embeddable":true,"href":"https:\/\/www.moyenagepassion.com\/index.php\/wp-json\/wp\/v2\/tags?post=13702"}],"curies":[{"name":"wp","href":"https:\/\/api.w.org\/{rel}","templated":true}]}}