{"id":13707,"date":"2017-06-16T06:43:21","date_gmt":"2017-06-16T05:43:21","guid":{"rendered":"http:\/\/www.moyenagepassion.com\/?p=13707"},"modified":"2025-09-07T23:20:18","modified_gmt":"2025-09-07T22:20:18","slug":"tournoi-medieval-et-behourd-au-palais-du-tau-de-reims-site-historique-dexception","status":"publish","type":"post","link":"https:\/\/www.moyenagepassion.com\/index.php\/2017\/06\/16\/tournoi-medieval-et-behourd-au-palais-du-tau-de-reims-site-historique-dexception\/","title":{"rendered":"Grand Tournoi M\u00e9di\u00e9val de B\u00e9hourd au Palais du Tau de Reims"},"content":{"rendered":"<div id=\"moyen-54921485\" class=\"moyen-before-content moyen-entity-placement\"><script async src=\"\/\/pagead2.googlesyndication.com\/pagead\/js\/adsbygoogle.js?client=ca-pub-3035390706780632\" crossorigin=\"anonymous\"><\/script><ins class=\"adsbygoogle\" style=\"display:block;\" data-ad-client=\"ca-pub-3035390706780632\" \ndata-ad-slot=\"\" \ndata-ad-format=\"auto\"><\/ins>\n<script> \n(adsbygoogle = window.adsbygoogle || []).push({}); \n<\/script>\n<\/div><p><strong><a href=\"https:\/\/www.moyenagepassion.com\/wp-content\/uploads\/2017\/06\/behourd_art_martial_combat_arme_armure_reconstitution_historique_tournoi_chevalerie_joute_medieval_moyen-age.jpg\"><img decoding=\"async\" class=\"wp-image-13726 alignleft\" src=\"https:\/\/www.moyenagepassion.com\/wp-content\/uploads\/2017\/06\/behourd_art_martial_combat_arme_armure_reconstitution_historique_tournoi_chevalerie_joute_medieval_moyen-age.jpg\" alt=\"behourd_art_martial_combat_arme_armure_reconstitution_historique_tournoi_chevalerie_joute_medieval_moyen-age\" width=\"101\" height=\"217\" \/><\/a>Sujet<\/strong>: B\u00e9hourd, combat, tournoi, armes et armures anciennes, chevalerie, art martial m\u00e9di\u00e9val, , reconstitution historique, lieux d&rsquo;int\u00e9r\u00eat.<br \/>\n<strong>P\u00e9riode<\/strong>: Moyen \u00c2ge central \u00e0 tardif<br \/>\n<strong>Ev\u00e9nement : <em>Tournoi\u00a0M\u00e9di\u00e9val au Palais du Tau<\/em><\/strong><br \/>\n<strong>Lieu<\/strong> \u00a0: Reims ( Marne, Grand Est)<br \/>\n<strong>Date<\/strong> : Samedi 17 juin 2017<br \/>\n<strong>Organisateurs<\/strong>\u00a0: <span style=\"color: #008000;\"><em>F\u00e9d\u00e9ration fran\u00e7aise de B\u00e9hourd <\/em>&#8211; <em>Centre des monuments nationaux<\/em>.<\/span><\/p>\n<p>Bonjour \u00e0 tous,<\/p>\n<p style=\"text-align: justify;\"><img decoding=\"async\" class=\"alignleft size-full wp-image-36\" src=\"https:\/\/www.moyenagepassion.com\/wp-content\/uploads\/2015\/12\/C_lettrine_moyen_age_passion.jpg\" alt=\"C_lettrine_moyen_age_passion\" width=\"84\" height=\"103\" \/>e samedi, le <em><strong>Palais archi\u00e9piscopal du Tau<\/strong><\/em> \u00e0 <em><strong>Reims<\/strong> <\/em>accueille, dans sa cour d&rsquo;honneur, douze \u00e9quipes venues de la France enti\u00e8re pour un <em><strong>Tournoi de B\u00e9hourd exceptionnel<\/strong><\/em>. Au programme, charges en armures et fers crois\u00e9s, durant un apr\u00e8s-midi complet, les preux combattants s&rsquo;affronteront en \u00a0m\u00eal\u00e9e de 5 VS 5.<\/p>\n<p style=\"text-align: justify;\"><a href=\"https:\/\/www.moyenagepassion.com\/wp-content\/uploads\/2017\/06\/behourd_combat_medieval_tournoi_armures_armes_anciennes_moyen-age_central_tardif_reims_palais_du_tau_HD_1080.jpg\"><img decoding=\"async\" class=\"alignnone size-full wp-image-13717\" src=\"https:\/\/www.moyenagepassion.com\/wp-content\/uploads\/2017\/06\/behourd_combat_medieval_tournoi_armures_armes_anciennes_moyen-age_central_tardif_reims_palais_du_tau_HD_1080.jpg\" alt=\"behourd_combat_medieval_tournoi_armures_armes_anciennes_moyen-age_central_tardif_reims_palais_du_tau_HD_1080\" width=\"1920\" height=\"1307\" srcset=\"https:\/\/www.moyenagepassion.com\/wp-content\/uploads\/2017\/06\/behourd_combat_medieval_tournoi_armures_armes_anciennes_moyen-age_central_tardif_reims_palais_du_tau_HD_1080.jpg 1920w, https:\/\/www.moyenagepassion.com\/wp-content\/uploads\/2017\/06\/behourd_combat_medieval_tournoi_armures_armes_anciennes_moyen-age_central_tardif_reims_palais_du_tau_HD_1080-300x204.jpg 300w, https:\/\/www.moyenagepassion.com\/wp-content\/uploads\/2017\/06\/behourd_combat_medieval_tournoi_armures_armes_anciennes_moyen-age_central_tardif_reims_palais_du_tau_HD_1080-1024x697.jpg 1024w\" sizes=\"(max-width: 1920px) 100vw, 1920px\" \/><\/a><\/p>\n<h2>Quand B\u00e9hourd &amp; combat m\u00e9di\u00e9val<br \/>\nriment avec patrimoine<\/h2>\n<p style=\"text-align: justify;\">Organis\u00e9e et encadr\u00e9e par la <em><strong><a href=\"http:\/\/www.combatmedieval.com\" target=\"_blank\" rel=\"noopener noreferrer\">F\u00e9d\u00e9ration Fran\u00e7aise de B\u00e9hourd<\/a><\/strong><\/em>, pour le <em><strong><a href=\"https:\/\/www.monuments-nationaux.fr\/\" target=\"_blank\" rel=\"noopener noreferrer\">Centre des monuments nationaux<\/a><\/strong><\/em>, l&rsquo;objectif de l&rsquo;\u00e9v\u00e9nement est \u00e0 la fois de livrer un grand spectacle de combat \u00e0 l&rsquo;arme ancienne, tout en valorisant le cadre historique et <a href=\"https:\/\/www.moyenagepassion.com\/wp-content\/uploads\/2017\/01\/deco_medievale_epee.jpg\"><img decoding=\"async\" class=\"wp-image-9986 alignright\" src=\"https:\/\/www.moyenagepassion.com\/wp-content\/uploads\/2017\/01\/deco_medievale_epee.jpg\" alt=\"deco_medievale_epee\" width=\"71\" height=\"277\" srcset=\"https:\/\/www.moyenagepassion.com\/wp-content\/uploads\/2017\/01\/deco_medievale_epee.jpg 105w, https:\/\/www.moyenagepassion.com\/wp-content\/uploads\/2017\/01\/deco_medievale_epee-77x300.jpg 77w\" sizes=\"(max-width: 71px) 100vw, 71px\" \/><\/a>patrimonial du somptueux <em><strong>Palais du Tau. <\/strong><\/em><\/p>\n<p style=\"text-align: justify;\">L&rsquo;id\u00e9e est, \u00e0 tous points de vue, excellente et en plus de ravir le public, elle ne peut que s\u00e9duire \u00e9galement les pratiquants de <a href=\"https:\/\/www.moyenagepassion.com\/index.php\/tag\/behourd\/\" target=\"_blank\" rel=\"noopener noreferrer\">B\u00e9hourd<\/a> qui sont, en g\u00e9n\u00e9ral, aussi enthousiastes \u00e0 l&rsquo;id\u00e9e d&rsquo;en d\u00e9coudre qu&rsquo;ils sont f\u00e9rus et passionn\u00e9s de moyen-\u00e2ge et de lieux charg\u00e9s d&rsquo;Histoire.<\/p>\n<p style=\"text-align: justify;\">Avant d&rsquo;aller plus loin et si vous souhaitez plus d&rsquo;information sur cet art martial qui fait revivre les combats anciens en armures et armes d&rsquo;\u00e9poque (tr\u00e8s pr\u00e9cis\u00e9ment reconstitu\u00e9es), nous vous invitons \u00e0 lire cet article:\u00a0<a href=\"https:\/\/www.moyenagepassion.com\/index.php\/2017\/02\/06\/combats-en-armure-et-tournois-medievaux-sylvain-tape-dur-et-la-passion-du-behourd\/\" target=\"_blank\" rel=\"noopener noreferrer\">Sylvain Tape-dur et la passion du B\u00e9hourd<\/a>. (au passage, comme Sylvain fait partie de l&rsquo;\u00e9quipe des hommes du Nord qui se trouvera sur place et qu&rsquo;il\u00a0contribue lui aussi sur place \u00e0 Reims, ce samedi).<\/p>\n<p style=\"text-align: justify;\"><strong><a href=\"https:\/\/www.moyenagepassion.com\/wp-content\/uploads\/2017\/06\/behourd_combat_medieval_armures_armes_anciennes_moyen-age_tournoi_Reims_Palais_monument_patrimoine.jpg\"><img decoding=\"async\" class=\"alignnone wp-image-13709 size-full\" src=\"https:\/\/www.moyenagepassion.com\/wp-content\/uploads\/2017\/06\/behourd_combat_medieval_armures_armes_anciennes_moyen-age_tournoi_Reims_Palais_monument_patrimoine.jpg\" alt=\"behourd_combat_medieval_armures_armes_anciennes_moyen-age_tournoi_Reims_Palais_monument_patrimoine\" width=\"1024\" height=\"462\" srcset=\"https:\/\/www.moyenagepassion.com\/wp-content\/uploads\/2017\/06\/behourd_combat_medieval_armures_armes_anciennes_moyen-age_tournoi_Reims_Palais_monument_patrimoine.jpg 1024w, https:\/\/www.moyenagepassion.com\/wp-content\/uploads\/2017\/06\/behourd_combat_medieval_armures_armes_anciennes_moyen-age_tournoi_Reims_Palais_monument_patrimoine-300x135.jpg 300w\" sizes=\"(max-width: 1024px) 100vw, 1024px\" \/><\/a><\/strong><\/p>\n<h2>Le Palau du Tau,<br \/>\nhaut lieu de l&rsquo;Histoire de France<\/h2>\n<p style=\"text-align: justify;\">Accol\u00e9 \u00e0 la belle cath\u00e9drale gothique, le <em><strong>Palais du Tau<\/strong><\/em>\u00a0\u00a0fut,\u00a0depuis le haut moyen-\u00e2ge et d\u00e8s le Ve si\u00e8cle, le lieu de r\u00e9sidence des \u00e9v\u00eaques et archev\u00eaques de <em><strong>Reims.<\/strong><\/em><\/p>\n<p style=\"text-align: justify;\">La pr\u00e9sence de la Sainte Ampoule, relique hautement sacr\u00e9e dont la l\u00e9gende conte qu&rsquo;une colombe l&rsquo;apporta du ciel \u00e0 <em><strong>Saint-R\u00e9mi<\/strong><\/em> afin qu&rsquo;il l&rsquo;utilisa lors de la c\u00e9r\u00e9monie de bapt\u00eame\u00a0de <em><strong>Clovis,<\/strong><\/em>\u00a0c\u00e9l\u00e8bre premier roi Franc chr\u00e9tien et personnage\u00a0mythique de l&rsquo;histoire de France, tout cela, associ\u00e9 \u00e0 la puissance politique de l&rsquo;archev\u00each\u00e9 de <a href=\"https:\/\/www.moyenagepassion.com\/wp-content\/uploads\/2017\/06\/bapteme_clovis_reims_haut_moyen-age_cathedrale_sacre_roi_de_france.jpg\"><img decoding=\"async\" class=\"alignright wp-image-13727\" src=\"https:\/\/www.moyenagepassion.com\/wp-content\/uploads\/2017\/06\/bapteme_clovis_reims_haut_moyen-age_cathedrale_sacre_roi_de_france.jpg\" alt=\"bapteme_clovis_reims_haut_moyen-age_cathedrale_sacre_roi_de_france\" width=\"233\" height=\"308\" srcset=\"https:\/\/www.moyenagepassion.com\/wp-content\/uploads\/2017\/06\/bapteme_clovis_reims_haut_moyen-age_cathedrale_sacre_roi_de_france.jpg 904w, https:\/\/www.moyenagepassion.com\/wp-content\/uploads\/2017\/06\/bapteme_clovis_reims_haut_moyen-age_cathedrale_sacre_roi_de_france-226x300.jpg 226w, https:\/\/www.moyenagepassion.com\/wp-content\/uploads\/2017\/06\/bapteme_clovis_reims_haut_moyen-age_cathedrale_sacre_roi_de_france-773x1024.jpg 773w\" sizes=\"(max-width: 233px) 100vw, 233px\" \/><\/a><em><strong>Reims<\/strong><\/em>, a\u00a0fait de l&rsquo;endroit, un lieu d&rsquo;exception et de grande importance historique depuis le haut moyen-\u00e2ge mais peut-\u00eatre plus encore, depuis le moyen-\u00e2ge central.<\/p>\n<p style=\"text-align: right;\"><span style=\"color: #808080;\">(ci-contre, d\u00e9tail,<br \/>\nle Bapt\u00eame de Clovis,<br \/>\nJean Alaux, 1825)\u00a0<\/span><\/p>\n<p style=\"text-align: justify;\">De fait, \u00e0\u00a0partir du XIe si\u00e8cle, le <em><strong>Palais du Tau<\/strong><\/em> a \u00e9galement fait office de r\u00e9sidence royale, puisque durant 800 ans, de <em><strong>Henri 1er<\/strong><\/em> en 1027 \u00e0 <em><strong>Charles X<\/strong><\/em> en 1825, la cath\u00e9drale est devenue\u00a0le lieu officiel du Sacre des monarques fran\u00e7ais. A quelques rares exceptions pr\u00e8s, le\u00a0Palais a\u00a0ainsi vu la grande majorit\u00e9 d&rsquo;entre eux y c\u00e9l\u00e9brer leur couronnement.<\/p>\n<figure id=\"attachment_13719\" aria-describedby=\"caption-attachment-13719\" style=\"width: 598px\" class=\"wp-caption alignnone\"><a href=\"https:\/\/www.moyenagepassion.com\/wp-content\/uploads\/2017\/06\/reims_histoire_medievale_sacre_rois_de_france_palais_du_tau_philippe_auguste_enluminure.jpg\"><img decoding=\"async\" class=\"size-full wp-image-13719\" src=\"https:\/\/www.moyenagepassion.com\/wp-content\/uploads\/2017\/06\/reims_histoire_medievale_sacre_rois_de_france_palais_du_tau_philippe_auguste_enluminure.jpg\" alt=\"1179, Sacre de Philippe-Auguste \u00e0 Reims - Grandes Chroniques de France par Jean Fouquet, XVe, BnF MS Fran\u00e7ais 6465\" width=\"598\" height=\"498\" srcset=\"https:\/\/www.moyenagepassion.com\/wp-content\/uploads\/2017\/06\/reims_histoire_medievale_sacre_rois_de_france_palais_du_tau_philippe_auguste_enluminure.jpg 598w, https:\/\/www.moyenagepassion.com\/wp-content\/uploads\/2017\/06\/reims_histoire_medievale_sacre_rois_de_france_palais_du_tau_philippe_auguste_enluminure-300x250.jpg 300w\" sizes=\"(max-width: 598px) 100vw, 598px\" \/><\/a><figcaption id=\"caption-attachment-13719\" class=\"wp-caption-text\">1179, Sacre de Philippe-Auguste \u00e0 Reims &#8211; Grandes Chroniques de France par Jean Fouquet, XVe, BnF MS Fran\u00e7ais 6465<\/figcaption><\/figure>\n<p style=\"text-align: justify;\">Au fil des si\u00e8cles. l&rsquo;ensemble du site qui h\u00e9berge le Palais du Tau et la cath\u00e9drale a \u00e9t\u00e9 l&rsquo;objet de nombreux am\u00e9nagements, r\u00e9novations, et reconstructions. L&rsquo;eau a coul\u00e9 sous les ponts depuis la premi\u00e8re cath\u00e9drale du Ve si\u00e8cle qui vit se baptiser de Clovis, jusqu&rsquo;\u00e0 l&rsquo;actuelle, et le palais lui-m\u00eame a connu de profondes transformations architecturales, passant du roman au gothique flamboyant du XVe si\u00e8cle, pour finir par se fixer dans une forme classique dans le courant du XVIIe si\u00e8cle.<\/p>\n<p style=\"text-align: justify;\">Son histoire architecturale ne s&rsquo;arr\u00eate pas l\u00e0 puisqu&rsquo;il a \u00e9t\u00e9 encore l&rsquo;objet d&rsquo;une campagne de restauration au d\u00e9but du XIXe,\u00a0\u00e0 l&rsquo;occasion du Sacre de <em><strong>Charles X<\/strong><\/em>. Pr\u00e8s d&rsquo;un demi-si\u00e8cle plus tard, en 1860, le c\u00e9l\u00e8bre architecte\u00a0<a href=\"https:\/\/www.moyenagepassion.com\/index.php\/tag\/eugene-viollet-le-duc\/\" target=\"_blank\" rel=\"noopener noreferrer\"><em><strong>Eug\u00e8ne Viollet-Le-Duc<\/strong><\/em><\/a> mettra lui-m\u00eame la main \u00e0 la p\u00e2te en restaurant une partie du b\u00e2timent. Par la suite, fortement endommag\u00e9 par les bombardements de la premi\u00e8re guerre <a href=\"https:\/\/www.moyenagepassion.com\/wp-content\/uploads\/2017\/06\/palais_du_tau_reims_monument_historique_patrimoine_national_residence_royale_moyen-age_central.jpg\"><img decoding=\"async\" class=\"wp-image-13722 alignright\" src=\"https:\/\/www.moyenagepassion.com\/wp-content\/uploads\/2017\/06\/palais_du_tau_reims_monument_historique_patrimoine_national_residence_royale_moyen-age_central.jpg\" alt=\"palais_du_tau_reims_monument_historique_patrimoine_national_residence_royale_moyen-age_central\" width=\"275\" height=\"322\" srcset=\"https:\/\/www.moyenagepassion.com\/wp-content\/uploads\/2017\/06\/palais_du_tau_reims_monument_historique_patrimoine_national_residence_royale_moyen-age_central.jpg 1024w, https:\/\/www.moyenagepassion.com\/wp-content\/uploads\/2017\/06\/palais_du_tau_reims_monument_historique_patrimoine_national_residence_royale_moyen-age_central-256x300.jpg 256w, https:\/\/www.moyenagepassion.com\/wp-content\/uploads\/2017\/06\/palais_du_tau_reims_monument_historique_patrimoine_national_residence_royale_moyen-age_central-875x1024.jpg 875w\" sizes=\"(max-width: 275px) 100vw, 275px\" \/><\/a>mondiale, comme le fut aussi la cath\u00e9drale, le palais connut,\u00a0au milieu de XXe si\u00e8cle, un autre vaste de chantier de reconstruction.<\/p>\n<p style=\"text-align: justify;\">Il est, depuis 1907, class\u00e9 monuments historiques et se trouve \u00e9galement inscrit, depuis 1991 au <em><strong>patrimoine mondial de l&rsquo;UNESCO,\u00a0<\/strong><\/em>tout comme la cath\u00e9drale.<\/p>\n<p style=\"text-align: justify;\">Ce samedi, c&rsquo;est donc dans la cour du palais, contempl\u00e9s par plus de mille cinq cent ans d&rsquo;Histoire et sous le regard de toute la royaut\u00e9 fran\u00e7aise pass\u00e9e, que nos valeureux combattants et guerriers du B\u00e9hourd, presque mais pas tout \u00e0 fait tout droit sortis du moyen-\u00e2ge, puisqu&rsquo;ils sont bien de notre temps, croiseront vaillamment le fer, le temps d&rsquo;un tournoi \u00e9pique.<\/p>\n<p style=\"text-align: justify;\">Pour les Informations, tarifs et d\u00e9tails pratiques sur l&rsquo;\u00e9v\u00e9nement, rendez-vous\u00a0sur le <a href=\"http:\/\/www.palais-du-tau.fr\/Actualites\/Un-grand-tournoi-medieval\" target=\"_blank\" rel=\"noopener noreferrer\">site web du centre des monuments nationaux<\/a>.<\/p>\n<p style=\"text-align: justify;\">En vous souhaitant une merveilleuse journ\u00e9e et une excellente fin de semaine !<\/p>\n<p style=\"text-align: justify;\">Fred<br \/>\nPour moyenagepassion.com<\/p>\n<p><span style=\"color: #008000;\"><em><strong>\u00ab\u00a0Pardonnez-moi, Prince, si je <span class=\"numeroLigne\">s<\/span>uis foutrement moyen\u00e2geux.\u00a0\u00bb<\/strong><\/em><\/span><br \/>\n<em><span style=\"color: #808080;\">Georges Brasssens &#8211; Le moyen\u00e2geux &#8211; \u00a01966<\/span><\/em><\/p>\n","protected":false},"excerpt":{"rendered":"<p>Sujet: B\u00e9hourd, combat, tournoi, armes et armures anciennes, chevalerie, art martial m\u00e9di\u00e9val, , reconstitution historique, lieux d&rsquo;int\u00e9r\u00eat. P\u00e9riode: Moyen \u00c2ge central \u00e0 tardif Ev\u00e9nement : Tournoi\u00a0M\u00e9di\u00e9val au Palais du Tau Lieu \u00a0: Reims ( Marne, Grand Est) Date : Samedi 17 juin 2017 Organisateurs\u00a0: F\u00e9d\u00e9ration fran\u00e7aise de B\u00e9hourd &#8211; Centre des monuments nationaux. Bonjour \u00e0 &hellip; <a href=\"https:\/\/www.moyenagepassion.com\/index.php\/2017\/06\/16\/tournoi-medieval-et-behourd-au-palais-du-tau-de-reims-site-historique-dexception\/\" class=\"more-link\">Continuer la lecture de <span class=\"screen-reader-text\">Grand Tournoi M\u00e9di\u00e9val de B\u00e9hourd au Palais du Tau de Reims<\/span>  <span class=\"meta-nav\">&rarr;<\/span><\/a><\/p>\n","protected":false},"author":2,"featured_media":0,"comment_status":"open","ping_status":"open","sticky":false,"template":"","format":"standard","meta":{"_monsterinsights_skip_tracking":false,"_monsterinsights_sitenote_active":false,"_monsterinsights_sitenote_note":"","_monsterinsights_sitenote_category":0,"footnotes":""},"categories":[11,13],"tags":[2843,1887,2846,1891,345,1679,1886,748,69,520,1826,682,22,18,85,1266,2844,261,2845,1209],"class_list":["post-13707","post","type-post","status-publish","format-standard","hentry","category-fetes-medievales-evenement","category-lieux-moyen-age-medievaux","tag-armes-et-armures-anciennes","tag-art-martial","tag-bapteme-de-clovis","tag-behourd","tag-chevalerie","tag-clovis","tag-combat-medieval","tag-eugene-viollet-le-duc","tag-haut-moyen-age","tag-histoire-medievale","tag-histoire-vivante","tag-lieux-dinteret","tag-medievale","tag-moyen-age","tag-moyen-age-central","tag-moyenageux","tag-palais-du-tau","tag-reconstitution-historique","tag-reims","tag-tournoi"],"aioseo_notices":[],"_links":{"self":[{"href":"https:\/\/www.moyenagepassion.com\/index.php\/wp-json\/wp\/v2\/posts\/13707"}],"collection":[{"href":"https:\/\/www.moyenagepassion.com\/index.php\/wp-json\/wp\/v2\/posts"}],"about":[{"href":"https:\/\/www.moyenagepassion.com\/index.php\/wp-json\/wp\/v2\/types\/post"}],"author":[{"embeddable":true,"href":"https:\/\/www.moyenagepassion.com\/index.php\/wp-json\/wp\/v2\/users\/2"}],"replies":[{"embeddable":true,"href":"https:\/\/www.moyenagepassion.com\/index.php\/wp-json\/wp\/v2\/comments?post=13707"}],"version-history":[{"count":3,"href":"https:\/\/www.moyenagepassion.com\/index.php\/wp-json\/wp\/v2\/posts\/13707\/revisions"}],"predecessor-version":[{"id":52217,"href":"https:\/\/www.moyenagepassion.com\/index.php\/wp-json\/wp\/v2\/posts\/13707\/revisions\/52217"}],"wp:attachment":[{"href":"https:\/\/www.moyenagepassion.com\/index.php\/wp-json\/wp\/v2\/media?parent=13707"}],"wp:term":[{"taxonomy":"category","embeddable":true,"href":"https:\/\/www.moyenagepassion.com\/index.php\/wp-json\/wp\/v2\/categories?post=13707"},{"taxonomy":"post_tag","embeddable":true,"href":"https:\/\/www.moyenagepassion.com\/index.php\/wp-json\/wp\/v2\/tags?post=13707"}],"curies":[{"name":"wp","href":"https:\/\/api.w.org\/{rel}","templated":true}]}}