{"id":13734,"date":"2017-06-17T02:53:09","date_gmt":"2017-06-17T01:53:09","guid":{"rendered":"http:\/\/www.moyenagepassion.com\/?p=13734"},"modified":"2020-10-04T21:29:12","modified_gmt":"2020-10-04T20:29:12","slug":"bernay-en-normandie-celebre-les-medievales-de-judith-de-bretagne","status":"publish","type":"post","link":"https:\/\/www.moyenagepassion.com\/index.php\/2017\/06\/17\/bernay-en-normandie-celebre-les-medievales-de-judith-de-bretagne\/","title":{"rendered":"Bernay en normandie c\u00e9l\u00e8bre Les M\u00e9di\u00e9vales de Judith de Bretagne"},"content":{"rendered":"<div id=\"moyen-2139566560\" class=\"moyen-before-content moyen-entity-placement\"><script async src=\"\/\/pagead2.googlesyndication.com\/pagead\/js\/adsbygoogle.js?client=ca-pub-3035390706780632\" crossorigin=\"anonymous\"><\/script><ins class=\"adsbygoogle\" style=\"display:block;\" data-ad-client=\"ca-pub-3035390706780632\" \ndata-ad-slot=\"\" \ndata-ad-format=\"auto\"><\/ins>\n<script> \n(adsbygoogle = window.adsbygoogle || []).push({}); \n<\/script>\n<\/div><p><strong><a href=\"https:\/\/www.moyenagepassion.com\/wp-content\/uploads\/2017\/06\/bernay_lieux_interet_histoire_medievale_fetes_judith_de_bretagne_moyen-age_central.jpg\"><img decoding=\"async\" class=\"wp-image-13741 alignleft\" src=\"https:\/\/www.moyenagepassion.com\/wp-content\/uploads\/2017\/06\/bernay_lieux_interet_histoire_medievale_fetes_judith_de_bretagne_moyen-age_central.jpg\" alt=\"bernay_lieux_interet_histoire_medievale_fetes_judith_de_bretagne_moyen-age_central\" width=\"166\" height=\"164\" srcset=\"https:\/\/www.moyenagepassion.com\/wp-content\/uploads\/2017\/06\/bernay_lieux_interet_histoire_medievale_fetes_judith_de_bretagne_moyen-age_central.jpg 566w, https:\/\/www.moyenagepassion.com\/wp-content\/uploads\/2017\/06\/bernay_lieux_interet_histoire_medievale_fetes_judith_de_bretagne_moyen-age_central-300x296.jpg 300w\" sizes=\"(max-width: 166px) 100vw, 166px\" \/><\/a>Sujet<\/strong> : f\u00eates, festivit\u00e9s, march\u00e9, animation, compagnies m\u00e9di\u00e9vales, sortie historique,\u00a0agenda week end,<br \/>\n<strong>P\u00e9riode:<\/strong> moyen-\u00e2ge central (an 1000)<br \/>\n<strong>Lieu<\/strong>\u00a0: <strong><em>Bernay<\/em><\/strong>\u00a0 (Eure, Normandie)<br \/>\n<strong> Ev\u00e9nements<\/strong><strong>:\u00a0<\/strong><em><strong>Les M\u00e9di\u00e9vales de Judith<\/strong><\/em><br \/>\n<strong>Dates<\/strong> : les 17\u00a0 &amp; 18\u00a0 juin 2017<\/p>\n<p>Bonjour,<\/p>\n<p style=\"text-align: justify;\"><img decoding=\"async\" class=\"alignleft size-full wp-image-162\" src=\"https:\/\/www.moyenagepassion.com\/wp-content\/uploads\/2015\/12\/N_lettrine_moyen_age_passion.jpg\" alt=\"N_lettrine_moyen_age_passion\" width=\"84\" height=\"103\" \/>ous ajoutons un \u00e9v\u00e9nement de plus \u00e0 l&rsquo;agenda des f\u00eates et r\u00e9jouissances m\u00e9di\u00e9vales de cette fin de semaine. Il se d\u00e9roule cette fois ci en Normandie, \u00e0 <em><strong>Bernay<\/strong><\/em>, et l&rsquo;on y c\u00e9l\u00e9brera les mille ans de la disparition de\u00a0<em><strong>Judith de Bretagne<\/strong><\/em>.<\/p>\n<p style=\"text-align: justify;\"><a href=\"https:\/\/www.moyenagepassion.com\/wp-content\/uploads\/2017\/06\/fetes_festivites_medievales_judith_de_bretagne_bernay_moyen-age_central.jpg\"><img decoding=\"async\" class=\"wp-image-13736 alignright\" src=\"https:\/\/www.moyenagepassion.com\/wp-content\/uploads\/2017\/06\/fetes_festivites_medievales_judith_de_bretagne_bernay_moyen-age_central.jpg\" alt=\"fetes_festivites_medievales_judith_de_bretagne_bernay_moyen-age_central\" width=\"245\" height=\"352\" srcset=\"https:\/\/www.moyenagepassion.com\/wp-content\/uploads\/2017\/06\/fetes_festivites_medievales_judith_de_bretagne_bernay_moyen-age_central.jpg 596w, https:\/\/www.moyenagepassion.com\/wp-content\/uploads\/2017\/06\/fetes_festivites_medievales_judith_de_bretagne_bernay_moyen-age_central-209x300.jpg 209w\" sizes=\"(max-width: 245px) 100vw, 245px\" \/><\/a>Inscrite depuis 2012 au label <em><strong>Villes et pays d&rsquo;art et d&rsquo;Histoire<\/strong><\/em>, <em><strong>Bernay<\/strong><\/em>\u00a0est un cit\u00e9 de charme dont l&rsquo;origine nous ram\u00e8ne aux portes du XIe si\u00e8cle et du moyen-\u00e2ge central.<\/p>\n<p style=\"text-align: justify;\">Dans les premi\u00e8res ann\u00e9es de l&rsquo;an Mil, <strong>Richard II,<\/strong> duc de Normandie, conc\u00e8de le site en douaire \u00e0 son \u00e9pouse <em><strong>Judith de Bretagne<\/strong><\/em>. Elle y fondera bient\u00f4t une abbaye et la zone, mar\u00e9cageuse avant cela, ne le demeurera gu\u00e8re longtemps. Sous la coupe des b\u00e9n\u00e9dictins, de lourds travaux d&rsquo;am\u00e9nagement et d&rsquo;assainissement y seront, en effet, entrepris ainsi que la construction d&rsquo;une abbatiale.<\/p>\n<p style=\"text-align: justify;\">A partir de l\u00e0, le site suivra son d\u00e9veloppement commercial et \u00e9conomique et \u00e0 la fin du XIIe si\u00e8cle, <em><strong>Bernay<\/strong><\/em> sera au coeur d&rsquo;une industrie du drap florissante, et ouvrira encore ses richesses et ses productions \u00e0 l&rsquo;ensemble de sa province, \u00e0 l&rsquo;occasion de foires et de grands march\u00e9s. Au XIIIe si\u00e8cle, la cit\u00e9 recevra la b\u00e9n\u00e9diction de\u00a0<em><strong>Saint Louis<\/strong><\/em> \u00a0(Louis XI) en personne qui y fondera un h\u00f4tel dieu.<\/p>\n<p style=\"text-align: justify;\"><a href=\"https:\/\/www.moyenagepassion.com\/wp-content\/uploads\/2017\/06\/bernay_histoire_medievale_lieux_interets_patrimoine_breton_normand_judith_de_bretagne.jpg\"><img decoding=\"async\" class=\"alignnone wp-image-13738 size-full\" src=\"https:\/\/www.moyenagepassion.com\/wp-content\/uploads\/2017\/06\/bernay_histoire_medievale_lieux_interets_patrimoine_breton_normand_judith_de_bretagne.jpg\" alt=\"bernay_histoire_medievale_lieux_interets_patrimoine_breton_normand_judith_de_bretagne\" width=\"800\" height=\"505\" srcset=\"https:\/\/www.moyenagepassion.com\/wp-content\/uploads\/2017\/06\/bernay_histoire_medievale_lieux_interets_patrimoine_breton_normand_judith_de_bretagne.jpg 800w, https:\/\/www.moyenagepassion.com\/wp-content\/uploads\/2017\/06\/bernay_histoire_medievale_lieux_interets_patrimoine_breton_normand_judith_de_bretagne-300x189.jpg 300w\" sizes=\"(max-width: 800px) 100vw, 800px\" \/><\/a><\/p>\n<p style=\"text-align: justify;\">Durant ce m\u00eame si\u00e8cle, la d\u00e9couverte d&rsquo;un statuette de la vierge <em>\u00ab\u00a0Notre-Dame de la Couture\u00a0\u00bb<\/em> dont la l\u00e9gende conte qu&rsquo;elle aurait \u00e9t\u00e9 d\u00e9terr\u00e9e par un mouton donnera naissance \u00e0 la construction d&rsquo;une \u00e9glise et de nombreux p\u00e8lerins accourront bient\u00f4t en nombre vers l&rsquo;endroit pour le visiter. Apr\u00e8s un XIVe si\u00e8cle mouvement\u00e9, sous les assauts de la guerre de cent ans et les changement de main, la ville sera finalement reprise et reviendra \u00e0 nouveau \u00e0 la couronne fran\u00e7aise.<\/p>\n<p style=\"text-align: justify;\"><a href=\"https:\/\/www.moyenagepassion.com\/wp-content\/uploads\/2017\/06\/animation_spectacle_medievale_fetes_festivites_medievale_bernay_compagnie_agartha.jpg\"><img decoding=\"async\" class=\"alignnone size-full wp-image-13743\" src=\"https:\/\/www.moyenagepassion.com\/wp-content\/uploads\/2017\/06\/animation_spectacle_medievale_fetes_festivites_medievale_bernay_compagnie_agartha.jpg\" alt=\"animation_spectacle_medievale_fetes_festivites_medievale_bernay_compagnie_agartha\" width=\"1024\" height=\"683\" srcset=\"https:\/\/www.moyenagepassion.com\/wp-content\/uploads\/2017\/06\/animation_spectacle_medievale_fetes_festivites_medievale_bernay_compagnie_agartha.jpg 1024w, https:\/\/www.moyenagepassion.com\/wp-content\/uploads\/2017\/06\/animation_spectacle_medievale_fetes_festivites_medievale_bernay_compagnie_agartha-300x200.jpg 300w\" sizes=\"(max-width: 1024px) 100vw, 1024px\" \/><\/a><\/p>\n<h2 style=\"text-align: justify;\">Le programme des M\u00e9di\u00e9vales de Judith<\/h2>\n<p style=\"text-align: justify;\"><a href=\"https:\/\/www.moyenagepassion.com\/wp-content\/uploads\/2015\/12\/C_lettrine_moyen_age_passion.jpg\"><img decoding=\"async\" class=\"alignleft size-full wp-image-36\" src=\"https:\/\/www.moyenagepassion.com\/wp-content\/uploads\/2015\/12\/C_lettrine_moyen_age_passion.jpg\" alt=\"C_lettrine_moyen_age_passion\" width=\"84\" height=\"103\" \/><\/a>ette fin de semaine et pour toute la dur\u00e9e du week end, c&rsquo;est donc sa fondatrice <em><strong>Judith de Bretagne<\/strong><\/em> que la cit\u00e9 se propose de c\u00e9l\u00e9brer en f\u00eatant les mille ans de sa mort, datant du\u00a016 juin 1017.<\/p>\n<p style=\"text-align: justify;\"><a href=\"https:\/\/www.moyenagepassion.com\/wp-content\/uploads\/2017\/06\/judith_de_bretagne_bernay_histoire_medievale_fetes_celebration_moyen-age.jpg\"><img decoding=\"async\" class=\"size-full wp-image-13740 alignright\" src=\"https:\/\/www.moyenagepassion.com\/wp-content\/uploads\/2017\/06\/judith_de_bretagne_bernay_histoire_medievale_fetes_celebration_moyen-age.jpg\" alt=\"judith_de_bretagne_bernay_histoire_medievale_fetes_celebration_moyen-age\" width=\"200\" height=\"314\" srcset=\"https:\/\/www.moyenagepassion.com\/wp-content\/uploads\/2017\/06\/judith_de_bretagne_bernay_histoire_medievale_fetes_celebration_moyen-age.jpg 200w, https:\/\/www.moyenagepassion.com\/wp-content\/uploads\/2017\/06\/judith_de_bretagne_bernay_histoire_medievale_fetes_celebration_moyen-age-191x300.jpg 191w\" sizes=\"(max-width: 200px) 100vw, 200px\" \/><\/a>Deux jours complets de festivit\u00e9s lui seront donc r\u00e9serv\u00e9s avec march\u00e9 m\u00e9di\u00e9val, arts, animations et\u00a0musique de rue, spectacles gratuits : contes et l\u00e9gendes, fauconnerie, meneurs de loup, spectacles \u00e9questres, et j&rsquo;en passe.<\/p>\n<p style=\"text-align: justify;\">Il y aura aussi un camp m\u00e9di\u00e9val men\u00e9 par plusieurs compagnies conjointes :\u00a0<em><span style=\"color: #008000;\">Les Galops de l\u2019histoire, La Mesnie des Chevaliers de St Georges et St Michel, La Guilde M\u00e9di\u00e9vale<\/span>.<\/em>\u00a0Au programme, vie de camp comme au moyen-\u00e2ge avec diverses \u00e9choppes effectuant devant vous force d\u00e9monstrations d&rsquo;artisanat d&rsquo;\u00e9poque. On pourra \u00e9galement s&rsquo;y\u00a0s&rsquo;initier \u00e0 l&rsquo;escrime m\u00e9di\u00e9vale, assister \u00e0 des tirs de balistes et aussi, d\u00e9couvrir les techniques de combats issus du<a href=\"https:\/\/www.moyenagepassion.com\/index.php\/2015\/12\/15\/le-manuscrit-du-maitre-darmes-hans-talhoffer-documentaire-sur-le-moyen-age\/\" target=\"_blank\" rel=\"noopener noreferrer\">\u00a0 <\/a>c\u00e9l\u00e8bre et myst\u00e9rieux<a href=\"https:\/\/www.moyenagepassion.com\/index.php\/2015\/12\/15\/le-manuscrit-du-maitre-darmes-hans-talhoffer-documentaire-sur-le-moyen-age\/\" target=\"_blank\" rel=\"noopener noreferrer\"> manuscrit de Talhoffer<\/a>. \u00a0Pr\u00e9cisons encore que tout au long de ces c\u00e9l\u00e9brations, de nombreux ateliers y ont \u00e9t\u00e9 m\u00e9nag\u00e9s pour le jeune public.<\/p>\n<p style=\"text-align: justify;\">Avant d&rsquo;en conclure, nous ne r\u00e9sistons pas \u00e0 l&rsquo;envie de vous donner un avant-go\u00fbt du spectacle de feu pr\u00e9vu le samedi en nocturne et men\u00e9 pas la <em><a href=\"http:\/\/www.compagnie-agartha.com\/\" target=\"_blank\" rel=\"noopener noreferrer\">Compagnie artistique Agartha<\/a><\/em>.<\/p>\n<p><code><iframe src=\"https:\/\/player.vimeo.com\/video\/106720798\" width=\"640\" height=\"360\" frameborder=\"0\" allowfullscreen=\"allowfullscreen\"><\/iframe><\/code><\/p>\n<p style=\"text-align: justify;\">Pour le reste, retrouvez <a href=\"http:\/\/ville-bernay27.fr\/depliant_r_v_millenaire_de_judith.pdf\" target=\"_blank\" rel=\"noopener noreferrer\">tout le programme des M\u00e9di\u00e9vales de Judith de Bretagne \u00e0 Bernay ici<\/a>.<\/p>\n<p style=\"text-align: justify;\">En vous souhaitant une excellent week end quels que soient les lieux et les joies vers lesquels vous m\u00e8nent vos pas.<\/p>\n<p style=\"text-align: justify;\">Fred<br \/>\nPour moyenagepassion.com<br \/>\n<em><strong>A la d\u00e9couverte du moyen-\u00e2ge sous toutes ses formes.<\/strong><\/em><\/p>\n","protected":false},"excerpt":{"rendered":"<p>Sujet : f\u00eates, festivit\u00e9s, march\u00e9, animation, compagnies m\u00e9di\u00e9vales, sortie historique,\u00a0agenda week end, P\u00e9riode: moyen-\u00e2ge central (an 1000) Lieu\u00a0: Bernay\u00a0 (Eure, Normandie) Ev\u00e9nements:\u00a0Les M\u00e9di\u00e9vales de Judith Dates : les 17\u00a0 &amp; 18\u00a0 juin 2017 Bonjour, ous ajoutons un \u00e9v\u00e9nement de plus \u00e0 l&rsquo;agenda des f\u00eates et r\u00e9jouissances m\u00e9di\u00e9vales de cette fin de semaine. Il se d\u00e9roule &hellip; <a href=\"https:\/\/www.moyenagepassion.com\/index.php\/2017\/06\/17\/bernay-en-normandie-celebre-les-medievales-de-judith-de-bretagne\/\" class=\"more-link\">Continuer la lecture de <span class=\"screen-reader-text\">Bernay en normandie c\u00e9l\u00e8bre Les M\u00e9di\u00e9vales de Judith de Bretagne<\/span>  <span class=\"meta-nav\">&rarr;<\/span><\/a><\/p>\n","protected":false},"author":2,"featured_media":0,"comment_status":"open","ping_status":"open","sticky":false,"template":"","format":"standard","meta":{"_monsterinsights_skip_tracking":false,"_monsterinsights_sitenote_active":false,"_monsterinsights_sitenote_note":"","_monsterinsights_sitenote_category":0,"footnotes":""},"categories":[11,13],"tags":[1539,1780,2848,212,2533,1380,520,2847,682,1438,22,18,85,681,2772,2849],"class_list":["post-13734","post","type-post","status-publish","format-standard","hentry","category-fetes-medievales-evenement","category-lieux-moyen-age-medievaux","tag-agenda-medieval","tag-animations","tag-bernay","tag-compagnies-medievales","tag-festivites-medievales","tag-fetes","tag-histoire-medievale","tag-judith-de-bretagne","tag-lieux-dinteret","tag-marche","tag-medievale","tag-moyen-age","tag-moyen-age-central","tag-normandie","tag-sorties-historiques","tag-spectacles-feu"],"aioseo_notices":[],"_links":{"self":[{"href":"https:\/\/www.moyenagepassion.com\/index.php\/wp-json\/wp\/v2\/posts\/13734"}],"collection":[{"href":"https:\/\/www.moyenagepassion.com\/index.php\/wp-json\/wp\/v2\/posts"}],"about":[{"href":"https:\/\/www.moyenagepassion.com\/index.php\/wp-json\/wp\/v2\/types\/post"}],"author":[{"embeddable":true,"href":"https:\/\/www.moyenagepassion.com\/index.php\/wp-json\/wp\/v2\/users\/2"}],"replies":[{"embeddable":true,"href":"https:\/\/www.moyenagepassion.com\/index.php\/wp-json\/wp\/v2\/comments?post=13734"}],"version-history":[{"count":1,"href":"https:\/\/www.moyenagepassion.com\/index.php\/wp-json\/wp\/v2\/posts\/13734\/revisions"}],"predecessor-version":[{"id":34430,"href":"https:\/\/www.moyenagepassion.com\/index.php\/wp-json\/wp\/v2\/posts\/13734\/revisions\/34430"}],"wp:attachment":[{"href":"https:\/\/www.moyenagepassion.com\/index.php\/wp-json\/wp\/v2\/media?parent=13734"}],"wp:term":[{"taxonomy":"category","embeddable":true,"href":"https:\/\/www.moyenagepassion.com\/index.php\/wp-json\/wp\/v2\/categories?post=13734"},{"taxonomy":"post_tag","embeddable":true,"href":"https:\/\/www.moyenagepassion.com\/index.php\/wp-json\/wp\/v2\/tags?post=13734"}],"curies":[{"name":"wp","href":"https:\/\/api.w.org\/{rel}","templated":true}]}}