{"id":14032,"date":"2017-06-26T16:06:06","date_gmt":"2017-06-26T15:06:06","guid":{"rendered":"http:\/\/www.moyenagepassion.com\/?p=14032"},"modified":"2020-10-05T00:24:34","modified_gmt":"2020-10-04T23:24:34","slug":"sauveur-ou-destructeur-figure-archetypale-de-ladversite-et-du-recommencement-linvention-du-barbare-par-bruno-dumezil","status":"publish","type":"post","link":"https:\/\/www.moyenagepassion.com\/index.php\/2017\/06\/26\/sauveur-ou-destructeur-figure-archetypale-de-ladversite-et-du-recommencement-linvention-du-barbare-par-bruno-dumezil\/","title":{"rendered":"Sauveur ou destructeur ? Figure \u00ab\u00a0arch\u00e9typale\u00a0\u00bb de l&rsquo;adversit\u00e9 et du recommencement ? \u00ab\u00a0L&rsquo;invention\u00a0\u00bb du Barbare par Bruno Dum\u00e9zil"},"content":{"rendered":"<div id=\"moyen-794137826\" class=\"moyen-before-content moyen-entity-placement\"><script async src=\"\/\/pagead2.googlesyndication.com\/pagead\/js\/adsbygoogle.js?client=ca-pub-3035390706780632\" crossorigin=\"anonymous\"><\/script><ins class=\"adsbygoogle\" style=\"display:block;\" data-ad-client=\"ca-pub-3035390706780632\" \ndata-ad-slot=\"\" \ndata-ad-format=\"auto\"><\/ins>\n<script> \n(adsbygoogle = window.adsbygoogle || []).push({}); \n<\/script>\n<\/div><p><strong><a href=\"https:\/\/www.moyenagepassion.com\/wp-content\/uploads\/2017\/06\/histoire_invasions_identites_barbares_bruno_dumezil.jpg\"><img decoding=\"async\" class=\"wp-image-14044 alignleft\" src=\"https:\/\/www.moyenagepassion.com\/wp-content\/uploads\/2017\/06\/histoire_invasions_identites_barbares_bruno_dumezil.jpg\" alt=\"histoire_invasions_identites_barbares_bruno_dumezil\" width=\"92\" height=\"196\" srcset=\"https:\/\/www.moyenagepassion.com\/wp-content\/uploads\/2017\/06\/histoire_invasions_identites_barbares_bruno_dumezil.jpg 559w, https:\/\/www.moyenagepassion.com\/wp-content\/uploads\/2017\/06\/histoire_invasions_identites_barbares_bruno_dumezil-140x300.jpg 140w, https:\/\/www.moyenagepassion.com\/wp-content\/uploads\/2017\/06\/histoire_invasions_identites_barbares_bruno_dumezil-479x1024.jpg 479w\" sizes=\"(max-width: 92px) 100vw, 92px\" \/><\/a>Sujet :<\/strong>\u00a0invasions barbares, empire romain, histoire, identit\u00e9s barbares, figure arch\u00e9typale, figure mythologique, livre, histoire.<br \/>\n<strong>P\u00e9riode<\/strong> : fin de l\u2019antiquit\u00e9, haut moyen-\u00e2ge,<br \/>\n<strong>M\u00e9dia \u00a0<\/strong>: \u00e9mission de Radio, <a href=\"https:\/\/www.franceculture.fr\" target=\"_blank\" rel=\"noopener noreferrer\">France Culture<\/a><br \/>\n<strong>Programme<\/strong> :\u00a0Concordance des temps, d\u00e9c 2016<br \/>\n<strong>Titre<\/strong> : Les barbares, vraiment diff\u00e9rents ?<br \/>\n<strong>Conf\u00e9rencier<\/strong> : Bruno Dum\u00e9zil, ma\u00eetre de conf\u00e9rences \u00e0 Paris-Ouest-Nanterre-La D\u00e9fense<\/p>\n<p>Bonjour \u00e0 tous,<\/p>\n<p style=\"text-align: justify;\"><img decoding=\"async\" class=\"alignleft size-full wp-image-59\" src=\"https:\/\/www.moyenagepassion.com\/wp-content\/uploads\/2015\/12\/A_lettrine_moyen_age_passion.jpg\" alt=\"A_lettrine_moyen_age_passion\" width=\"84\" height=\"103\" \/>\u00a0l&rsquo;aube du moyen-\u00e2ge, y-a-t&rsquo;il eu v\u00e9ritablement des mouvements et des afflux massifs de \u00ab\u00a0tribus\u00a0\u00bb, de populations ou d&rsquo;arm\u00e9es venues p\u00e9n\u00e9trer les fronti\u00e8res de l&#8217;empire romain pour le d\u00e9truire? N&rsquo;est-ce l\u00e0 qu&rsquo;une \u00ab\u00a0invention\u00a0\u00bb dramatis\u00e9e des historiens et des hommes du pass\u00e9, une \u00ab\u00a0construction\u00a0\u00bb \u00a0pour mettre un\u00a0visage sur la d\u00e9cadence et la fin d&rsquo;une civilisation ? Le \u00ab\u00a0barbare\u00a0\u00bb, coupable id\u00e9al et d\u00e9sign\u00e9.\u00a0Comme s&rsquo;il n&rsquo;\u00e9tait pas concevable que Rome se soit effondr\u00e9e sur elle-m\u00eame, sous la pression de ses propres f\u00ealures et de ses faiblesses end\u00e9miques?<\/p>\n<p style=\"text-align: justify;\"><a href=\"https:\/\/www.moyenagepassion.com\/wp-content\/uploads\/2017\/06\/invasion_invention_barbares_chute_rome_identites_barbares_figure_historique_bruno_dumezil_histoire.jpg\"><img decoding=\"async\" class=\"wp-image-14042 alignright\" src=\"https:\/\/www.moyenagepassion.com\/wp-content\/uploads\/2017\/06\/invasion_invention_barbares_chute_rome_identites_barbares_figure_historique_bruno_dumezil_histoire.jpg\" alt=\"invasion_invention_barbares_chute_rome_identites_barbares_figure_historique_bruno_dumezil_histoire\" width=\"233\" height=\"420\" srcset=\"https:\/\/www.moyenagepassion.com\/wp-content\/uploads\/2017\/06\/invasion_invention_barbares_chute_rome_identites_barbares_figure_historique_bruno_dumezil_histoire.jpg 776w, https:\/\/www.moyenagepassion.com\/wp-content\/uploads\/2017\/06\/invasion_invention_barbares_chute_rome_identites_barbares_figure_historique_bruno_dumezil_histoire-166x300.jpg 166w, https:\/\/www.moyenagepassion.com\/wp-content\/uploads\/2017\/06\/invasion_invention_barbares_chute_rome_identites_barbares_figure_historique_bruno_dumezil_histoire-568x1024.jpg 568w\" sizes=\"(max-width: 233px) 100vw, 233px\" \/><\/a>Pour faire suite \u00e0 une premi\u00e8re conf\u00e9rence de \u00a0<em><strong>Bruno Dum\u00e9zil <\/strong>que nous avions\u00a0<\/em>post\u00e9e, il y a quelques semaines, au sujet de la <a href=\"https:\/\/www.moyenagepassion.com\/index.php\/2017\/05\/16\/histoire-medievale-et-haut-moyen-age-zoom-sur-les-invasions-barbares-et-sur-leffondrement-de-lempire-romain\/\" target=\"_blank\" rel=\"noopener noreferrer\">chute de l&#8217;empire romain et la r\u00e9alit\u00e9 historique des invasions barbares<\/a>, nous retrouvons ici l&rsquo;historien dans une \u00e9mission radiophonique propos\u00e9e en d\u00e9cembre 2016 par <em><strong>France Culture<\/strong><\/em> et produite par <em><strong>Jean-No\u00ebl Jeanneney<\/strong><\/em>\u00a0(<a href=\"https:\/\/www.franceculture.fr\/emissions\/concordance-des-temps\/second-empire-le-bonapartisme-en-heritage\" target=\"_blank\" rel=\"noopener noreferrer\">lien vers le podcast ici<\/a>).<\/p>\n<p style=\"text-align: justify;\"><em><strong>Bruno Dum\u00e9zil<\/strong><\/em>\u00a0y interroge,\u00a0\u00e0 nouveau, son sujet de pr\u00e9dilection, la r\u00e9alit\u00e9 d&rsquo;invasions ayant pr\u00e9cipit\u00e9 la chute de Rome, mais plus pr\u00e9cis\u00e9ment encore, il se pose ici la question de l&rsquo;existence factuelle d&rsquo;une\u00a0\u00ab\u00a0identit\u00e9\u00a0\u00bb barbare. Plus qu&rsquo;une r\u00e9alit\u00e9, il s&rsquo;y dessine un assemblage conceptuel, une construction ou peut-\u00eatre pourrait-on dire un\u00a0barbare \u00ab\u00a0arch\u00e9typal\u00a0\u00bb : figure terrifiante de l&rsquo;alt\u00e9rit\u00e9, le sauvage, le non civilis\u00e9 hirsute, guerrier sans piti\u00e9 annonciateur de la fin des temps et paradoxalement aussi d&rsquo;un possible renouveau.<\/p>\n<p style=\"text-align: justify;\"><em><strong>Brunon Dum\u00e9zil, \u00e0 la poursuite des \u00a0identit\u00e9s \u00ab\u00a0barbares\u00a0\u00bb<\/strong><\/em><\/p>\n<p style=\"text-align: justify;\"><iframe src=\"https:\/\/www.youtube.com\/embed\/suS7ujOTc3w\" width=\"560\" height=\"315\" frameborder=\"0\" allowfullscreen=\"allowfullscreen\"><\/iframe><\/p>\n<p style=\"text-align: justify;\"><img decoding=\"async\" class=\"alignleft size-full wp-image-1421\" src=\"https:\/\/www.moyenagepassion.com\/wp-content\/uploads\/2016\/02\/F_lettrine_moyen_age_passion-copia.jpg\" alt=\"F_lettrine_moyen_age_passion-copia\" width=\"108\" height=\"103\" \/>igure punitive, dramatique et dramatis\u00e9e, venue mettre en p\u00e9ril les civilisations, \u00e9tait-il\u00a0d\u00e9j\u00e0 aux origines du monde ? Se tenait-il d\u00e9j\u00e0, depuis l&rsquo;aube des temps, \u00e0 la source m\u00eame des \u00e9ternels recommencements\u00a0?<\/p>\n<p style=\"text-align: justify;\">Brandi comme l&rsquo;\u00e9tendard de la peur par l&rsquo;homme \u00ab\u00a0civilis\u00e9\u00a0\u00bb \u00ab\u00a0sophistiqu\u00e9\u00a0\u00bb, afin d&rsquo;unir ses propres contraires ou\u00a0de prot\u00e9ger ses fronti\u00e8res et son monde, le barbare est encore celui qui ne parle pas et qui n&rsquo;use pas des m\u00eames mots. De fait, il reste m\u00eame le muet de l&rsquo;Histoire,\u00a0cet \u00ab\u00a0autre\u00a0\u00bb qui ne parle que le langage du feu et du sang et que l&rsquo;on ne peut ni raisonner, ni convaincre, sauf \u00e0 s&rsquo;unir pour y mettre toutes ses forces et\u00a0ses armes. Figure primale\u00a0? Visage d&rsquo;un anc\u00eatre commun, d&rsquo;un premier homme dormant dans nos inconscients collectifs et qui se <a href=\"https:\/\/www.amazon.fr\/gp\/product\/2130749852\/ref=as_li_tl?ie=UTF8&amp;camp=1642&amp;creative=6746&amp;creativeASIN=2130749852&amp;linkCode=as2&amp;tag=f1266-21&amp;linkId=9de38764c9e99c3d75f3f2d89036e769\" target=\"_blank\" rel=\"noopener noreferrer\"><img decoding=\"async\" class=\"wp-image-14047 alignright\" src=\"https:\/\/www.moyenagepassion.com\/wp-content\/uploads\/2017\/06\/livre_histoire_barbares_invasion_identite_historien_bruno_dumezil.jpg\" alt=\"livre_histoire_barbares_invasion_identite_historien_bruno_dumezil\" width=\"261\" height=\"392\" srcset=\"https:\/\/www.moyenagepassion.com\/wp-content\/uploads\/2017\/06\/livre_histoire_barbares_invasion_identite_historien_bruno_dumezil.jpg 550w, https:\/\/www.moyenagepassion.com\/wp-content\/uploads\/2017\/06\/livre_histoire_barbares_invasion_identite_historien_bruno_dumezil-200x300.jpg 200w\" sizes=\"(max-width: 261px) 100vw, 261px\" \/><\/a>tiendrait \u00e0 l&#8217;embuscade des f\u00ealures de nos civilisations et de leurs fragilit\u00e9s ? Existe-t&rsquo;il vraiment ou n&rsquo;est-il qu&rsquo;une ombre ? Laissons <em><strong>Bruno Dum\u00e9zil<\/strong><\/em> nous parler de ce barbare \u00ab\u00a0construit\u00a0\u00bb ou pour le dire autrement, de cette \u00ab\u00a0invention\u00a0\u00bb du barbare.<\/p>\n<p style=\"text-align: justify;\">Pour creuser le sujet, nous vous mettons \u00e0 nouveau ici le lien <a href=\"https:\/\/www.amazon.fr\/gp\/product\/2130749852\/ref=as_li_tl?ie=UTF8&amp;camp=1642&amp;creative=6746&amp;creativeASIN=2130749852&amp;linkCode=as2&amp;tag=f1266-21&amp;linkId=b2fb7bac803cf9ae58d22e52741d4e4e\" target=\"_blank\" rel=\"noopener noreferrer\"><em><strong>Les barbares,<\/strong><\/em>\u00a0\u00e9dit\u00e9 chez P.U.F.<\/a><\/p>\n<p>En vous souhaitant une excellente journ\u00e9e et une bonne \u00e9coute.<\/p>\n<p>Fr\u00e9d\u00e9ric\u00a0F.<\/p>\n<p>Pour moyenagepassion.com<br \/>\n<em><strong>A la d\u00e9couverte du moyen-\u00e2ge sous toutes ses formes<\/strong><\/em><\/p>\n","protected":false},"excerpt":{"rendered":"<p>Sujet :\u00a0invasions barbares, empire romain, histoire, identit\u00e9s barbares, figure arch\u00e9typale, figure mythologique, livre, histoire. P\u00e9riode : fin de l\u2019antiquit\u00e9, haut moyen-\u00e2ge, M\u00e9dia \u00a0: \u00e9mission de Radio, France Culture Programme :\u00a0Concordance des temps, d\u00e9c 2016 Titre : Les barbares, vraiment diff\u00e9rents ? Conf\u00e9rencier : Bruno Dum\u00e9zil, ma\u00eetre de conf\u00e9rences \u00e0 Paris-Ouest-Nanterre-La D\u00e9fense Bonjour \u00e0 tous, \u00a0l&rsquo;aube &hellip; <a href=\"https:\/\/www.moyenagepassion.com\/index.php\/2017\/06\/26\/sauveur-ou-destructeur-figure-archetypale-de-ladversite-et-du-recommencement-linvention-du-barbare-par-bruno-dumezil\/\" class=\"more-link\">Continuer la lecture de <span class=\"screen-reader-text\">Sauveur ou destructeur ? Figure \u00ab\u00a0arch\u00e9typale\u00a0\u00bb de l&rsquo;adversit\u00e9 et du recommencement ? \u00ab\u00a0L&rsquo;invention\u00a0\u00bb du Barbare par Bruno Dum\u00e9zil<\/span>  <span class=\"meta-nav\">&rarr;<\/span><\/a><\/p>\n","protected":false},"author":2,"featured_media":0,"comment_status":"open","ping_status":"open","sticky":false,"template":"","format":"standard","meta":{"_monsterinsights_skip_tracking":false,"_monsterinsights_sitenote_active":false,"_monsterinsights_sitenote_note":"","_monsterinsights_sitenote_category":0,"footnotes":""},"categories":[1275,3],"tags":[2661,2659,958,2658,2899,2900,959,69,189,520,525,2662,1326,2901,1146,18],"class_list":["post-14032","post","type-post","status-publish","format-standard","hentry","category-conference","category-livre-moyen-age-medieval-fantaisie","tag-bruno-dumezil","tag-chute-de-rome","tag-emission-radio","tag-empire-romain","tag-figure-archetypale","tag-figure-mythologique","tag-france-culture","tag-haut-moyen-age","tag-histoire","tag-histoire-medievale","tag-historien","tag-identites-barbares","tag-invasions-barbares","tag-les-barbares","tag-livres","tag-moyen-age"],"aioseo_notices":[],"_links":{"self":[{"href":"https:\/\/www.moyenagepassion.com\/index.php\/wp-json\/wp\/v2\/posts\/14032"}],"collection":[{"href":"https:\/\/www.moyenagepassion.com\/index.php\/wp-json\/wp\/v2\/posts"}],"about":[{"href":"https:\/\/www.moyenagepassion.com\/index.php\/wp-json\/wp\/v2\/types\/post"}],"author":[{"embeddable":true,"href":"https:\/\/www.moyenagepassion.com\/index.php\/wp-json\/wp\/v2\/users\/2"}],"replies":[{"embeddable":true,"href":"https:\/\/www.moyenagepassion.com\/index.php\/wp-json\/wp\/v2\/comments?post=14032"}],"version-history":[{"count":1,"href":"https:\/\/www.moyenagepassion.com\/index.php\/wp-json\/wp\/v2\/posts\/14032\/revisions"}],"predecessor-version":[{"id":34248,"href":"https:\/\/www.moyenagepassion.com\/index.php\/wp-json\/wp\/v2\/posts\/14032\/revisions\/34248"}],"wp:attachment":[{"href":"https:\/\/www.moyenagepassion.com\/index.php\/wp-json\/wp\/v2\/media?parent=14032"}],"wp:term":[{"taxonomy":"category","embeddable":true,"href":"https:\/\/www.moyenagepassion.com\/index.php\/wp-json\/wp\/v2\/categories?post=14032"},{"taxonomy":"post_tag","embeddable":true,"href":"https:\/\/www.moyenagepassion.com\/index.php\/wp-json\/wp\/v2\/tags?post=14032"}],"curies":[{"name":"wp","href":"https:\/\/api.w.org\/{rel}","templated":true}]}}