{"id":14052,"date":"2017-09-05T21:35:15","date_gmt":"2017-09-05T20:35:15","guid":{"rendered":"http:\/\/www.moyenagepassion.com\/?p=14052"},"modified":"2020-10-04T19:52:48","modified_gmt":"2020-10-04T18:52:48","slug":"anthologie-la-ballade-des-pendus-de-villon-par-reggiani","status":"publish","type":"post","link":"https:\/\/www.moyenagepassion.com\/index.php\/2017\/09\/05\/anthologie-la-ballade-des-pendus-de-villon-par-reggiani\/","title":{"rendered":"Anthologie: la ballade des pendus de Villon par Reggiani"},"content":{"rendered":"<div id=\"moyen-824051518\" class=\"moyen-before-content moyen-entity-placement\"><script async src=\"\/\/pagead2.googlesyndication.com\/pagead\/js\/adsbygoogle.js?client=ca-pub-3035390706780632\" crossorigin=\"anonymous\"><\/script><ins class=\"adsbygoogle\" style=\"display:block;\" data-ad-client=\"ca-pub-3035390706780632\" \ndata-ad-slot=\"\" \ndata-ad-format=\"auto\"><\/ins>\n<script> \n(adsbygoogle = window.adsbygoogle || []).push({}); \n<\/script>\n<\/div><p><strong><a href=\"https:\/\/www.moyenagepassion.com\/wp-content\/uploads\/2017\/09\/poesie_medievale_epitaphe_villon_ballade_pendus_freres_humains_reggiani.jpg\"><img decoding=\"async\" class=\"wp-image-15372 alignleft\" src=\"https:\/\/www.moyenagepassion.com\/wp-content\/uploads\/2017\/09\/poesie_medievale_epitaphe_villon_ballade_pendus_freres_humains_reggiani.jpg\" alt=\"poesie_medievale_epitaphe_villon_ballade_pendus_freres_humains_reggiani\" width=\"147\" height=\"197\" \/><\/a>Sujet :<\/strong>\u00a0po\u00e9sie m\u00e9di\u00e9vale, r\u00e9aliste, ballade, fr\u00e8res humains, auteur m\u00e9di\u00e9val.<br \/>\n<strong>P\u00e9riode :<\/strong>\u00a0moyen-\u00e2ge tardif, XVe<br \/>\n<strong>Auteur<\/strong> :\u00a0<strong>Fran\u00e7ois Villon<\/strong><em>\u00a0 (1431-1463)<\/em><br \/>\n<strong>Titre<\/strong>\u00a0: l&rsquo;\u00e9pitaphe \u00e0 Villon ou la Ballade des pendus<br \/>\n<strong>Interpr\u00e8te :\u00a0Serge Reggiani<br \/>\n<\/strong><strong>Album<\/strong>\u00a0: Floril\u00e8ges, po\u00e9sie XVe, XVIe (Disques Ad\u00e8s, 1960)<\/p>\n<p>Bonjour \u00e0 tous,<\/p>\n<p style=\"text-align: justify;\"><img decoding=\"async\" class=\"alignleft size-full wp-image-50\" src=\"https:\/\/www.moyenagepassion.com\/wp-content\/uploads\/2015\/12\/D_lettrine_moyen_age_passion.jpg\" alt=\"D_lettrine_moyen_age_passion\" width=\"84\" height=\"103\" \/>u grand <em><strong>Fran\u00e7ois Villon<\/strong><\/em>, nous ne pouvons pas nous r\u00e9soudre \u00e0 ne retenir ici que son <em><strong>\u00e9pitaphe, <\/strong><\/em>pour merveilleuse que puisse \u00eatre cette pri\u00e8re \u00e0 l&rsquo;attention de ses\u00a0\u00ab\u00a0<strong>f<\/strong><em><strong>r\u00e8res humains<\/strong><\/em>\u00ab\u00a0, appelant Dieu pour qu&rsquo;il les veuille (lui, ses compagnons d&rsquo;infortune et sans doute nous avec) absoudre. De fait, nous explorons souvent dans nos pages et sans bouder notre plaisir, l&rsquo;ensemble des textes l\u00e9gu\u00e9s par\u00a0le ma\u00eetre de po\u00e9sie m\u00e9di\u00e9vale, des plus ludiques aux plus dramatiques, des plus simples, en apparence, aux plus ardus mais, comme cette ent\u00eatante <em><strong>ballade des pendus<\/strong><\/em> reste de loin sa plus <a href=\"https:\/\/www.moyenagepassion.com\/wp-content\/uploads\/2017\/09\/villon_ballade_pendus_poesie_medievale_satirique_realiste_epitaphe_moyen-age.jpg\"><img decoding=\"async\" class=\" wp-image-15370 alignright\" src=\"https:\/\/www.moyenagepassion.com\/wp-content\/uploads\/2017\/09\/villon_ballade_pendus_poesie_medievale_satirique_realiste_epitaphe_moyen-age.jpg\" alt=\"villon_ballade_pendus_poesie_medievale_satirique_realiste_epitaphe_moyen-age\" width=\"148\" height=\"410\" srcset=\"https:\/\/www.moyenagepassion.com\/wp-content\/uploads\/2017\/09\/villon_ballade_pendus_poesie_medievale_satirique_realiste_epitaphe_moyen-age.jpg 325w, https:\/\/www.moyenagepassion.com\/wp-content\/uploads\/2017\/09\/villon_ballade_pendus_poesie_medievale_satirique_realiste_epitaphe_moyen-age-108x300.jpg 108w\" sizes=\"(max-width: 148px) 100vw, 148px\" \/><\/a>notoire,\u00a0nous ne r\u00e9sistons pas \u00e0 vous en proposer, aujourd&rsquo;hui, une autre interpr\u00e9tation.<\/p>\n<p style=\"text-align: justify;\">Il faut dire que ce\u00a0n&rsquo;est pas non plus un hasard si cette ballade\u00a0<em><strong>\u00a0<\/strong><\/em>longtemps \u00e9tudi\u00e9e sur les bancs des \u00e9coles (peut-\u00eatre l&rsquo;est-elle encore), a \u00e9t\u00e9 retenue, entre toute, comme un v\u00e9ritable\u00a0symbole de la po\u00e9sie de l&rsquo;auteur m\u00e9di\u00e9val.\u00a0Outre sa grande beaut\u00e9, son hyper r\u00e9alisme et ses points d&rsquo;orgue dramatiques et poignants, cet appel \u00e0 la compassion que Villon adressait \u00e0 Dieu et \u00e0 ses fr\u00e8res au nom de tous les hommes, reste une voie royale pour p\u00e9n\u00e9trer dans son univers. Elle en\u00a0contient, en effet, presque toute enti\u00e8re les cl\u00e9s et elle en est aussi le point culminant: curriculum des erreurs de parcours, parabole de leur conclusion in\u00e9vitable, po\u00e9sie d\u00e9j\u00e0 presque d&rsquo;outre-tombe empreinte de mystique, t\u00e9moignage laiss\u00e9 aux portes d&rsquo;un au-del\u00e0 qui sera finalement diff\u00e9r\u00e9, au del\u00e0 des fautes, au del\u00e0 du pardon, si la justice peut meurtrir les hommes jusque dans leurs chairs comme ces pendus qui se balancent au vent, l&rsquo;\u00e2me peut, peut-\u00eatre, elle, encore \u00eatre sauv\u00e9e.<\/p>\n<p style=\"text-align: justify;\"><code><iframe width=\"600\" height=\"333\" src=\"https:\/\/www.youtube.com\/embed\/iEP8-QvhwXM\" allow=\"accelerometer; autoplay; encrypted-media; gyroscope; picture-in-picture\" allowfullscreen><\/iframe><\/code><\/p>\n<h2 style=\"text-align: left;\">Fran\u00e7ois Villon par Reggiani dans un floril\u00e8ge po\u00e9tique des ann\u00e9es 60<\/h2>\n<p style=\"text-align: justify;\">Cette ballade\u00a0de Villon a \u00e9t\u00e9 chant\u00e9e, dite, lue un nombre incalculable de fois. Dans la interpr\u00e9tation\u00a0que nous vous <a href=\"https:\/\/www.moyenagepassion.com\/wp-content\/uploads\/2017\/09\/poesie_medievale_villon_reggiani_serge_ballade_pendus_epitaphe_moyen-age_tardif_XVe.jpg\"><img decoding=\"async\" class=\"wp-image-15359 alignleft\" src=\"https:\/\/www.moyenagepassion.com\/wp-content\/uploads\/2017\/09\/poesie_medievale_villon_reggiani_serge_ballade_pendus_epitaphe_moyen-age_tardif_XVe.jpg\" alt=\"poesie_medievale_villon_reggiani_serge_ballade_pendus_epitaphe_moyen-age_tardif_XVe\" width=\"262\" height=\"213\" srcset=\"https:\/\/www.moyenagepassion.com\/wp-content\/uploads\/2017\/09\/poesie_medievale_villon_reggiani_serge_ballade_pendus_epitaphe_moyen-age_tardif_XVe.jpg 433w, https:\/\/www.moyenagepassion.com\/wp-content\/uploads\/2017\/09\/poesie_medievale_villon_reggiani_serge_ballade_pendus_epitaphe_moyen-age_tardif_XVe-300x245.jpg 300w\" sizes=\"(max-width: 262px) 100vw, 262px\" \/><\/a>proposons aujourd&rsquo;hui, c&rsquo;est le c\u00e9l\u00e8bre chanteur et acteur\u00a0<strong>S<\/strong><em><strong>erge Reggiani<\/strong><\/em> qui lui pr\u00eatait sa belle voix, \u00e0 l&rsquo;occasion d&rsquo;un floril\u00e8ge d\u00e9di\u00e9 \u00e0 la po\u00e9sie du XVe et XVIe.<\/p>\n<p style=\"text-align: justify;\">Sorti en 1960, l&rsquo;album, un 33 tours vinyle de lectures po\u00e9tiques plus dites que chant\u00e9es, \u00e9tait d\u00e9di\u00e9 \u00e0 deux grands po\u00e8tes du XVe et du XVIe et contenait quinze titres. Sept d&rsquo;entre eux\u00a0\u00e9taient emprunt\u00e9s \u00e0 Villon et interpr\u00e9t\u00e9s par Reggiani. Il se partageait la vedette avec <em><strong>Andr\u00e9 Reybaz<\/strong><\/em>, lui-m\u00eame acteur bien connu de son temps, qui, de son c\u00f4t\u00e9, disait du Pierre de Ronsard. A ce jour, il semble que l&rsquo;album n&rsquo;est pas \u00e9t\u00e9 r\u00e9\u00e9dit\u00e9 mais, en fouillant un peu, on en trouve quelques extraits en ligne.<\/p>\n<p style=\"text-align: justify;\"><a href=\"https:\/\/www.moyenagepassion.com\/wp-content\/uploads\/2017\/09\/francois_villon_epitaphe_freres_humains_poesie_medievale_realiste_pendus_moyen-age.jpg\"><img decoding=\"async\" class=\"alignnone size-full wp-image-15376\" src=\"https:\/\/www.moyenagepassion.com\/wp-content\/uploads\/2017\/09\/francois_villon_epitaphe_freres_humains_poesie_medievale_realiste_pendus_moyen-age.jpg\" alt=\"francois_villon_epitaphe_freres_humains_poesie_medievale_realiste_pendus_moyen-age\" width=\"1248\" height=\"813\" srcset=\"https:\/\/www.moyenagepassion.com\/wp-content\/uploads\/2017\/09\/francois_villon_epitaphe_freres_humains_poesie_medievale_realiste_pendus_moyen-age.jpg 1248w, https:\/\/www.moyenagepassion.com\/wp-content\/uploads\/2017\/09\/francois_villon_epitaphe_freres_humains_poesie_medievale_realiste_pendus_moyen-age-300x195.jpg 300w, https:\/\/www.moyenagepassion.com\/wp-content\/uploads\/2017\/09\/francois_villon_epitaphe_freres_humains_poesie_medievale_realiste_pendus_moyen-age-1024x667.jpg 1024w\" sizes=\"(max-width: 1248px) 100vw, 1248px\" \/><\/a><\/p>\n<p style=\"text-align: justify;\"><a href=\"https:\/\/www.moyenagepassion.com\/index.php\/tag\/ballade-des-pendus\/\" target=\"_blank\" rel=\"noopener noreferrer\">Voir d&rsquo;autres articles ou d&rsquo;autres versions de la ballade des pendus <\/a>sur moyenagepassion.<\/p>\n<p style=\"text-align: justify;\">En vous souhaitant une belle journ\u00e9e!<br \/>\nFr\u00e9d\u00e9ric EFFE<br \/>\nPour moyenagepassion.com<br \/>\n<em><strong>A la d\u00e9couverte du moyen-\u00e2ge sous toutes ses formes.<\/strong><\/em><\/p>\n","protected":false},"excerpt":{"rendered":"<p>Sujet :\u00a0po\u00e9sie m\u00e9di\u00e9vale, r\u00e9aliste, ballade, fr\u00e8res humains, auteur m\u00e9di\u00e9val. P\u00e9riode :\u00a0moyen-\u00e2ge tardif, XVe Auteur :\u00a0Fran\u00e7ois Villon\u00a0 (1431-1463) Titre\u00a0: l&rsquo;\u00e9pitaphe \u00e0 Villon ou la Ballade des pendus Interpr\u00e8te :\u00a0Serge Reggiani Album\u00a0: Floril\u00e8ges, po\u00e9sie XVe, XVIe (Disques Ad\u00e8s, 1960) Bonjour \u00e0 tous, u grand Fran\u00e7ois Villon, nous ne pouvons pas nous r\u00e9soudre \u00e0 ne retenir ici que &hellip; <a href=\"https:\/\/www.moyenagepassion.com\/index.php\/2017\/09\/05\/anthologie-la-ballade-des-pendus-de-villon-par-reggiani\/\" class=\"more-link\">Continuer la lecture de <span class=\"screen-reader-text\">Anthologie: la ballade des pendus de Villon par Reggiani<\/span>  <span class=\"meta-nav\">&rarr;<\/span><\/a><\/p>\n","protected":false},"author":2,"featured_media":0,"comment_status":"open","ping_status":"open","sticky":false,"template":"","format":"standard","meta":{"_monsterinsights_skip_tracking":false,"_monsterinsights_sitenote_active":false,"_monsterinsights_sitenote_note":"","_monsterinsights_sitenote_category":0,"footnotes":""},"categories":[1318,9],"tags":[728,330,446,269,77,2060,22,18,913,80,615,1065,3072,777],"class_list":["post-14052","post","type-post","status-publish","format-standard","hentry","category-francois-villon","category-musique-medieval-historique-fantaisie-celtique","tag-auteur-medieval","tag-ballade","tag-ballade-des-pendus","tag-epitaphe","tag-francois-villon","tag-freres-humains","tag-medievale","tag-moyen-age","tag-moyen-age-tardif","tag-poesie","tag-poesie-medievale","tag-poesie-realiste","tag-reggiani","tag-villon"],"aioseo_notices":[],"_links":{"self":[{"href":"https:\/\/www.moyenagepassion.com\/index.php\/wp-json\/wp\/v2\/posts\/14052"}],"collection":[{"href":"https:\/\/www.moyenagepassion.com\/index.php\/wp-json\/wp\/v2\/posts"}],"about":[{"href":"https:\/\/www.moyenagepassion.com\/index.php\/wp-json\/wp\/v2\/types\/post"}],"author":[{"embeddable":true,"href":"https:\/\/www.moyenagepassion.com\/index.php\/wp-json\/wp\/v2\/users\/2"}],"replies":[{"embeddable":true,"href":"https:\/\/www.moyenagepassion.com\/index.php\/wp-json\/wp\/v2\/comments?post=14052"}],"version-history":[{"count":1,"href":"https:\/\/www.moyenagepassion.com\/index.php\/wp-json\/wp\/v2\/posts\/14052\/revisions"}],"predecessor-version":[{"id":34392,"href":"https:\/\/www.moyenagepassion.com\/index.php\/wp-json\/wp\/v2\/posts\/14052\/revisions\/34392"}],"wp:attachment":[{"href":"https:\/\/www.moyenagepassion.com\/index.php\/wp-json\/wp\/v2\/media?parent=14052"}],"wp:term":[{"taxonomy":"category","embeddable":true,"href":"https:\/\/www.moyenagepassion.com\/index.php\/wp-json\/wp\/v2\/categories?post=14052"},{"taxonomy":"post_tag","embeddable":true,"href":"https:\/\/www.moyenagepassion.com\/index.php\/wp-json\/wp\/v2\/tags?post=14052"}],"curies":[{"name":"wp","href":"https:\/\/api.w.org\/{rel}","templated":true}]}}