{"id":14118,"date":"2017-07-03T22:16:58","date_gmt":"2017-07-03T21:16:58","guid":{"rendered":"http:\/\/www.moyenagepassion.com\/?p=14118"},"modified":"2022-01-23T18:51:22","modified_gmt":"2022-01-23T17:51:22","slug":"science-medievale-et-idees-recues-terre-ronde-terre-plate-que-croyait-on-vraiment-au-moyen-age","status":"publish","type":"post","link":"https:\/\/www.moyenagepassion.com\/index.php\/2017\/07\/03\/science-medievale-et-idees-recues-terre-ronde-terre-plate-que-croyait-on-vraiment-au-moyen-age\/","title":{"rendered":"Science m\u00e9di\u00e9vale et id\u00e9es re\u00e7ues : terre ronde, terre plate, que croyait-on vraiment au moyen-\u00e2ge?"},"content":{"rendered":"<div id=\"moyen-2571304895\" class=\"moyen-before-content moyen-entity-placement\"><script async src=\"\/\/pagead2.googlesyndication.com\/pagead\/js\/adsbygoogle.js?client=ca-pub-3035390706780632\" crossorigin=\"anonymous\"><\/script><ins class=\"adsbygoogle\" style=\"display:block;\" data-ad-client=\"ca-pub-3035390706780632\" \ndata-ad-slot=\"\" \ndata-ad-format=\"auto\"><\/ins>\n<script> \n(adsbygoogle = window.adsbygoogle || []).push({}); \n<\/script>\n<\/div><p><strong><a href=\"https:\/\/www.moyenagepassion.com\/wp-content\/uploads\/2017\/07\/conference_science_medievale_moyen-age_jean_marc_mandosio_prejuges_idees_fausses_sur_le_moyen-age.jpg\"><img decoding=\"async\" class=\" wp-image-14252 alignleft\" src=\"https:\/\/www.moyenagepassion.com\/wp-content\/uploads\/2017\/07\/conference_science_medievale_moyen-age_jean_marc_mandosio_prejuges_idees_fausses_sur_le_moyen-age.jpg\" alt=\"conference_science_medievale_moyen-age_jean_marc_mandosio_prejuges_idees_fausses_sur_le_moyen-age\" width=\"108\" height=\"240\" srcset=\"https:\/\/www.moyenagepassion.com\/wp-content\/uploads\/2017\/07\/conference_science_medievale_moyen-age_jean_marc_mandosio_prejuges_idees_fausses_sur_le_moyen-age.jpg 150w, https:\/\/www.moyenagepassion.com\/wp-content\/uploads\/2017\/07\/conference_science_medievale_moyen-age_jean_marc_mandosio_prejuges_idees_fausses_sur_le_moyen-age-135x300.jpg 135w\" sizes=\"(max-width: 108px) 100vw, 108px\" \/><\/a>Sujet :<\/strong>\u00a0terre plate, terre ronde, Aristote, science, histoire m\u00e9di\u00e9vale, id\u00e9es re\u00e7ues, pr\u00e9jug\u00e9s.<br \/>\n<strong>P\u00e9riode<\/strong>\u00a0: moyen-\u00e2ge.<br \/>\n<strong>M\u00e9dia \u00a0<\/strong>: Conf\u00e9rence \u00a02014. \u00a0Caf\u00e9.Histoire.Chronos<br \/>\n<strong>Titre<\/strong>\u00a0: La forme de la Terre, un aper\u00e7u de la science m\u00e9di\u00e9vale<br \/>\n<strong>Conf\u00e9rencier<\/strong>\u00a0: <em><strong>Jean-Marc Mandosio<\/strong><\/em>, \u00a0ma\u00eetre de conf\u00e9rences\u00a0\u00e0 l&rsquo;\u00c9cole pratique des hautes \u00e9tudes\u00a0(EPHE).<\/p>\n<p>Bonjour \u00e0 tous,<\/p>\n<p style=\"text-align: justify;\"><img decoding=\"async\" class=\"alignleft size-full wp-image-414\" src=\"https:\/\/www.moyenagepassion.com\/wp-content\/uploads\/2015\/12\/T_lettrine_moyen_age_passion.jpg\" alt=\"T_lettrine_moyen_age_passion\" width=\"96\" height=\"103\" \/>ordre le cou aux pr\u00e9jug\u00e9s sur le moyen-\u00e2ge voil\u00e0 un objectif louable que finit par se fixer naturellement toute personne qui s&rsquo;int\u00e9resse de pr\u00e8s \u00e0 cette longue p\u00e9riode de l&rsquo;Histoire.<\/p>\n<p style=\"text-align: justify;\"><a href=\"https:\/\/www.moyenagepassion.com\/wp-content\/uploads\/2017\/07\/prejuges_idees_fausses_homme_medieval_sciences_encyclopedie_tresor_brunetto_latini_moyen-age_terre_ronde.jpg\"><img decoding=\"async\" class=\" wp-image-14249 alignright\" src=\"https:\/\/www.moyenagepassion.com\/wp-content\/uploads\/2017\/07\/prejuges_idees_fausses_homme_medieval_sciences_encyclopedie_tresor_brunetto_latini_moyen-age_terre_ronde.jpg\" alt=\"prejuges_idees_fausses_homme_medieval_sciences_encyclopedie_tresor_brunetto_latini_moyen-age_terre_ronde\" width=\"143\" height=\"273\" srcset=\"https:\/\/www.moyenagepassion.com\/wp-content\/uploads\/2017\/07\/prejuges_idees_fausses_homme_medieval_sciences_encyclopedie_tresor_brunetto_latini_moyen-age_terre_ronde.jpg 242w, https:\/\/www.moyenagepassion.com\/wp-content\/uploads\/2017\/07\/prejuges_idees_fausses_homme_medieval_sciences_encyclopedie_tresor_brunetto_latini_moyen-age_terre_ronde-157x300.jpg 157w\" sizes=\"(max-width: 143px) 100vw, 143px\" \/><\/a>Dans la masse de ces id\u00e9es re\u00e7ues, un nombre important sont, en r\u00e9alit\u00e9, des constructions id\u00e9ologiques que nous devons aux penseurs du si\u00e8cle des lumi\u00e8res et de la renaissance. Un certain nombre d&rsquo;entre eux\u00a0 \u00e9prouv\u00e8rent, en effet, le besoin de rabaisser l&rsquo;image des p\u00e9riodes pr\u00e9c\u00e9dentes pour mieux se d\u00e9terminer, mais aussi pour s&rsquo;\u00e9lever vis \u00e0 vis de leur pass\u00e9. ie : ils \u00e9taient le progr\u00e8s, la nouveaut\u00e9 contre ce qui les avait pr\u00e9c\u00e9d\u00e9s.<\/p>\n<p style=\"text-align: justify;\">Obscurantiste, illettr\u00e9, sale et ignorant, quand il n&rsquo;est pas en plus barbare, l&rsquo;homme m\u00e9di\u00e9val est devenu un peu \u00e0 l&rsquo;homme moderne et \u00e0 l&rsquo;Histoire, ce que l&rsquo;Homo Neanderthalensis \u00a0fut longtemps et est encore, dans une certaine mesure, au Sapiens Sapiens : une sorte de repoussoir dans lequel se mirent et se gaussent nos egos satisfaits, p\u00e9tris de belle modernit\u00e9. Ne sommes-nous pas, en effet, diff\u00e9rents de tout cela et si d\u00e9licieusement \u00e9volu\u00e9s ? Homme des cavernes, homme m\u00e9di\u00e9val, fant\u00f4mes presque jumeaux d&rsquo;un pass\u00e9 r\u00e9volu, doubles fig\u00e9s de tout ce qui n&rsquo;est plus \u00ab\u00a0nous\u00a0\u00bb, puisque nous nous en sommes si glorieusement affranchis, baign\u00e9s des lumi\u00e8res intenses du monde mat\u00e9rialiste post-industriel en marche vers le futur.<\/p>\n<p style=\"text-align: justify;\"><a href=\"https:\/\/www.moyenagepassion.com\/wp-content\/uploads\/2017\/07\/conference_prejuges_idees_fausses_homme_medieval_sciences_moyen-age_gravure_terre_plate.jpg\"><img decoding=\"async\" class=\"aligncenter wp-image-42800 size-full\" src=\"https:\/\/www.moyenagepassion.com\/wp-content\/uploads\/2017\/07\/idees-recues-prejuges-moyen-age-terre-plate-mythe-et-legendes.jpg\" alt=\"Terre plate au moyen-\u00e2ge\" width=\"600\" height=\"733\" srcset=\"https:\/\/www.moyenagepassion.com\/wp-content\/uploads\/2017\/07\/idees-recues-prejuges-moyen-age-terre-plate-mythe-et-legendes.jpg 600w, https:\/\/www.moyenagepassion.com\/wp-content\/uploads\/2017\/07\/idees-recues-prejuges-moyen-age-terre-plate-mythe-et-legendes-246x300.jpg 246w\" sizes=\"(max-width: 600px) 100vw, 600px\" \/><\/a><\/p>\n<h2 style=\"text-align: justify;\">D\u00e9construire l&rsquo;homme m\u00e9di\u00e9val<br \/>\nau sein de la mythologie post-moderne<\/h2>\n<p style=\"text-align: justify;\">Du point de vue de l&rsquo;Histoire et des sciences humaines, le XIXe si\u00e8cle n&rsquo;est pas tout \u00e0 fait parvenu \u00e0 d\u00e9construire cet homme m\u00e9di\u00e9val obscur et ignorant dont il avait encore besoin et qui finalement cadrait plut\u00f4t bien dans le sch\u00e9ma de ces th\u00e9ories \u00e9volutionnistes et racialistes alors galopantes. La figure du barbare et du bon sauvage y avaient encore la vie dure. Pourtant le romantisme avait aussi restaur\u00e9 la nostalgie d&rsquo;un certain moyen-\u00e2ge flamboyant et de ses ch\u00e2teaux. Certains auteurs louchaient vers elle pour meubler leur spleen et peut-\u00eatre faut-il faire\u00a0 justice \u00e0 ce si\u00e8cle et all\u00e9ger un peu le fardeau de ses id\u00e9ologies. La science humaine y \u00e9tait balbutiante et souffrait encore d&rsquo;un certain manque de m\u00e9thodes m\u00eame si on les cherchait activement. Le XIXe connait aussi, en nombre, de tr\u00e8s grands historiens et finalement, il pourrait faire un peu figure, dans ses \u00ab\u00a0t\u00e2tonnements\u00a0\u00bb, d&rsquo;une premi\u00e8re de p\u00e9riode de gestation significative pour une \u00ab\u00a0v\u00e9rit\u00e9 m\u00e9di\u00e9vale\u00a0\u00bb dont le XXe si\u00e8cle poursuivra l&rsquo;accouchement ; le \u00ab\u00a0travail\u00a0\u00bb est encore en cours.<\/p>\n<p style=\"text-align: justify;\"><a href=\"https:\/\/www.moyenagepassion.com\/wp-content\/uploads\/2017\/07\/monde_homme_medieval_obscurantisme_prejuges_idees_recus_jacquouille_fripouille_conference.jpg\"><img decoding=\"async\" class=\" wp-image-14241 alignright\" src=\"https:\/\/www.moyenagepassion.com\/wp-content\/uploads\/2017\/07\/monde_homme_medieval_obscurantisme_prejuges_idees_recus_jacquouille_fripouille_conference.jpg\" alt=\"monde_homme_medieval_obscurantisme_prejuges_idees_recus_jacquouille_fripouille_conference\" width=\"184\" height=\"320\" srcset=\"https:\/\/www.moyenagepassion.com\/wp-content\/uploads\/2017\/07\/monde_homme_medieval_obscurantisme_prejuges_idees_recus_jacquouille_fripouille_conference.jpg 350w, https:\/\/www.moyenagepassion.com\/wp-content\/uploads\/2017\/07\/monde_homme_medieval_obscurantisme_prejuges_idees_recus_jacquouille_fripouille_conference-173x300.jpg 173w\" sizes=\"(max-width: 184px) 100vw, 184px\" \/><\/a>Pourtant, m\u00eame si depuis, les m\u00e9di\u00e9vistes et historiens ont fait de notables efforts pour r\u00e9tablir quelques v\u00e9rit\u00e9s et remettre un peu mieux \u00e0 leur place l&rsquo;homme m\u00e9di\u00e9val et ses mentalit\u00e9s, de nombreux pr\u00e9jug\u00e9s r\u00e9sistent encore. Ils prennent leurs racines dans des mythes fondateurs d&rsquo;une modernit\u00e9 qui a tout l&rsquo;air d&rsquo;en avoir encore d\u00e9sesp\u00e9r\u00e9ment besoin, sans doute pour les m\u00eames raisons que les hommes des XVIe et XVIIe en avaient eu l&rsquo;utilit\u00e9: un peu de fard sur les paupi\u00e8res pour habiller la mari\u00e9e.<\/p>\n<h3>R\u00e9alit\u00e9s m\u00e9di\u00e9vales contre sensationnalisme<\/h3>\n<p style=\"text-align: justify;\">Au constat, \u00e0 l&rsquo;aube du XXIe, il reste encore fort \u00e0 d\u00e9construire pour approcher l&rsquo;homme m\u00e9di\u00e9val dans sa r\u00e9alit\u00e9, et bien savoir aussi que la \u00ab\u00a0rue\u00a0\u00bb et le laboratoire de recherche sont deux choses distinctes. Il faut encore ajouter qu&rsquo;en plus de raisons id\u00e9ologiques li\u00e9es \u00e0 notre modernit\u00e9, du c\u00f4t\u00e9 de l&rsquo;information de masse, les v\u00e9rit\u00e9s \u00ab\u00a0toutes plates\u00a0\u00bb ne font pas toujours vendre. Nous sommes aux temps de l&rsquo;\u00e9motionnel et du sensationnalisme. Les contrastes l&#8217;emportent sur les nuances, et les titres ravageurs font plus recette que le fait de r\u00e9tablir d&rsquo;ennuyeuses \u00e9vidences. Sans doute cela joue-t-il. En mati\u00e8re de r\u00e9alit\u00e9s historiques, le m\u00e9di\u00e9viste pourrait m\u00eame quelquefois, faire figure de rabat-joie en venant, par exemple, expliquer qu&rsquo;un <em><strong>Jacquouille la fripouille<\/strong>\u00a0(Les visiteurs, Christian Clavier)\u00a0<\/em>rigolard, repoussant et \u00e0 la limite de la d\u00e9bilit\u00e9 profonde, ou un <em><strong>Karadoc<\/strong><\/em>\u00a0(<a href=\"https:\/\/www.moyenagepassion.com\/index.php\/2016\/12\/17\/clin-doeil-kaamelott-tristan-et-karadoc-meme-combat-ou-presque-au-moment-du-bain\/\" target=\"_blank\" rel=\"noopener noreferrer\">Kaamelott<\/a>) sale, goinfre et p\u00e9teur ne sont que des constructions d\u00e9sopilantes certes, mais sans doute \u00e0 quelque distance de la r\u00e9alit\u00e9 de l&rsquo;homme m\u00e9di\u00e9val et de son \u00e9tat \u00ab\u00a0d&rsquo;\u00e9veil\u00a0\u00bb\u00a0 autant que d\u2019hygi\u00e8ne.<\/p>\n<p style=\"text-align: justify;\">Encore une fois, il est ind\u00e9niable que ces images \u00e9troitement associ\u00e9es au moyen-\u00e2ge continuent de nous faire rire. Nous nous y sommes attach\u00e9s. Elles font r\u00e9f\u00e9rence et sens, m\u00eame si cet homme m\u00e9di\u00e9val l\u00e0 a \u00e9t\u00e9 construit au fil des si\u00e8cles, quelquefois assez loin de sa r\u00e9alit\u00e9 historique. Difficile de mesurer combien \u00e0 travers nos rires, ces \u00ab\u00a0arch\u00e9types\u00a0\u00bb nous rassurent aussi sur notre propre monde, sa modernit\u00e9 et sa tangibilit\u00e9 en terme de sens.<\/p>\n<p style=\"text-align: justify;\">Alors <strong><em>\u00ab\u00a0au moyen-\u00e2ge on ne savait pas lire\u00a0\u00bb<\/em><\/strong>, <em><strong>\u00ab\u00a0au moyen-\u00e2ge on ne se lavait pas\u00a0\u00bb<\/strong><\/em>, <em><strong>\u00ab\u00a0au moyen-\u00e2ge, tout le monde mourrait \u00e0 30\u00a0ans\u00a0\u00bb<\/strong><\/em>,\u00a0<em><strong>\u00ab\u00a0au moyen-\u00e2ge, on croyait que la terre \u00e9tait plate\u00a0\u00bb <\/strong><\/em>et tant d&rsquo;autres encore. Aujourd&rsquo;hui c&rsquo;est \u00e0 ce dernier pr\u00e9jug\u00e9 que nous allons tordre le cou gr\u00e2ce \u00e0 <em><strong>Jean-Marc Mandosio<\/strong><\/em>.<\/p>\n<figure id=\"attachment_6833\" aria-describedby=\"caption-attachment-6833\" style=\"width: 635px\" class=\"wp-caption alignnone\"><a href=\"https:\/\/www.moyenagepassion.com\/wp-content\/uploads\/2016\/09\/le_livre_dou_tresor_encyclopedie_histoire_medievale_passion_moyen-age.jpg\"><img decoding=\"async\" class=\"size-full wp-image-6833\" src=\"https:\/\/www.moyenagepassion.com\/wp-content\/uploads\/2016\/09\/le_livre_dou_tresor_encyclopedie_histoire_medievale_passion_moyen-age.jpg\" alt=\"Li livres dou tresor, une encyclop\u00e9die m\u00e9di\u00e9vale du XIIIe si\u00e8cle par Brunetto Latini\" width=\"635\" height=\"403\" srcset=\"https:\/\/www.moyenagepassion.com\/wp-content\/uploads\/2016\/09\/le_livre_dou_tresor_encyclopedie_histoire_medievale_passion_moyen-age.jpg 635w, https:\/\/www.moyenagepassion.com\/wp-content\/uploads\/2016\/09\/le_livre_dou_tresor_encyclopedie_histoire_medievale_passion_moyen-age-300x190.jpg 300w\" sizes=\"(max-width: 635px) 100vw, 635px\" \/><\/a><figcaption id=\"caption-attachment-6833\" class=\"wp-caption-text\">Li livres dou tresor, une encyclop\u00e9die m\u00e9di\u00e9vale du XIIIe si\u00e8cle par Brunetto Latini<\/figcaption><\/figure>\n<h2 style=\"text-align: justify;\">Science m\u00e9di\u00e9vale et id\u00e9es re\u00e7ues:<br \/>\nla terre est ronde au moyen-\u00e2ge<\/h2>\n<p style=\"text-align: justify;\">Croyez-le ou non donc et si ce n&rsquo;est pas encore le cas, vous en serez convaincu \u00e0 l&rsquo;issu de cette conf\u00e9rence du jour, au moyen-\u00e2ge, on savait pertinemment que la terre n&rsquo;\u00e9tait pas plate et,mieux m\u00eame, on est m\u00eame tout \u00e0 fait certain qu&rsquo;elle \u00e9tait ronde ou m\u00eame plus pr\u00e9cis\u00e9ment sph\u00e9rique.<\/p>\n<p style=\"text-align: justify;\"><a href=\"https:\/\/www.moyenagepassion.com\/wp-content\/uploads\/2017\/07\/prejuges_idees_fausses_homme_medieval_sciences_moyen-age_terre_ronde.jpg\"><img decoding=\"async\" class=\"alignright wp-image-14248\" src=\"https:\/\/www.moyenagepassion.com\/wp-content\/uploads\/2017\/07\/prejuges_idees_fausses_homme_medieval_sciences_moyen-age_terre_ronde.jpg\" alt=\"prejuges_idees_fausses_homme_medieval_sciences_moyen-age_terre_ronde\" width=\"181\" height=\"181\" srcset=\"https:\/\/www.moyenagepassion.com\/wp-content\/uploads\/2017\/07\/prejuges_idees_fausses_homme_medieval_sciences_moyen-age_terre_ronde.jpg 300w, https:\/\/www.moyenagepassion.com\/wp-content\/uploads\/2017\/07\/prejuges_idees_fausses_homme_medieval_sciences_moyen-age_terre_ronde-150x150.jpg 150w\" sizes=\"(max-width: 181px) 100vw, 181px\" \/><\/a>Nous suivrons\u00a0ici <em><strong>Jean Marc Mandosio<\/strong><\/em> sur les traces de la th\u00e9orie aristot\u00e9licienne mais aussi \u00e0 la rencontre de <em>l&rsquo;encyclop\u00e9die et du livre du tr\u00e9sor<\/em>\u00a0de <em><strong>Brunetto Latini<\/strong><\/em>. On y verra que si les th\u00e9ories qui m\u00e8nent \u00e0 consid\u00e9rer la terre ronde sont encore \u00e9loign\u00e9es de nos donn\u00e9es astronomiques et physiques les conclusions sont pourtant \u00a0bien l\u00e0.<\/p>\n<p style=\"text-align: justify;\">Et si notre conf\u00e9rencier ne se prononce pas pour affirmer si, pour l&rsquo;homme de simple condition, l&rsquo;\u00e9vidence de la terre ronde est bien admise, on peut tout de m\u00eame supposer que ce fut le cas. Il n&rsquo;y a, en effet, on le verra avec lui, que quelques rares auteurs tr\u00e8s marginaux (deux en tout et pour tout) et qui ne sont pas des \u00ab\u00a0scientifiques\u00a0\u00bb pour se prononcer en d\u00e9faveur de la terre ronde, ceux l\u00e0 m\u00eame dont on s&rsquo;est servi plus tard pour fonder le mythe d&rsquo;une terre plate aux temps m\u00e9di\u00e9vaux. Dans ce contexte, on n&rsquo;a un peu de mal \u00e0 imaginer comment les hommes du moyen-\u00e2ge, quelque soit leur condition, auraient pu suivre ces deux auteurs contre tous les autres, ou \u00e9chafauder d&rsquo;eux-m\u00eames une th\u00e9orie tout \u00e0 fait contraire \u00e0 celle en vogue depuis de longs si\u00e8cles.<\/p>\n<p><strong>Conf\u00e9rence : la forme de la Terre, un aper\u00e7u de la science m\u00e9di\u00e9vale<\/strong><br \/>\n<code><iframe src=\"https:\/\/www.youtube.com\/embed\/3Kn651BrMKQ\" width=\"560\" height=\"315\" frameborder=\"0\" allowfullscreen=\"allowfullscreen\"><\/iframe><\/code><\/p>\n<h2>Jean-Marc Mandosio universitaire, pol\u00e9miste, essayiste<\/h2>\n<p style=\"text-align: justify;\">Ma\u00eetre de conf\u00e9rences \u00e0 l&rsquo;<em><strong>\u00c9cole pratique des hautes \u00e9tudes<\/strong><\/em> (EPHE), <em><strong>Jean-Marc Mandosio<\/strong><\/em> y est en charge de la Conf\u00e9rence de latin technique du XIIe si\u00e8cle au XVIIIe si\u00e8cle.<\/p>\n<p style=\"text-align: justify;\"><a href=\"https:\/\/www.moyenagepassion.com\/wp-content\/uploads\/2017\/07\/jean_marc_mandosio_conference_science_medievale_moyen-age_central_prejuges_idees_recues.jpg\"><img decoding=\"async\" class=\"wp-image-14243 alignright\" src=\"https:\/\/www.moyenagepassion.com\/wp-content\/uploads\/2017\/07\/jean_marc_mandosio_conference_science_medievale_moyen-age_central_prejuges_idees_recues.jpg\" alt=\"jean_marc_mandosio_conference_science_medievale_moyen-age_central_prejuges_idees_recues\" width=\"169\" height=\"384\" srcset=\"https:\/\/www.moyenagepassion.com\/wp-content\/uploads\/2017\/07\/jean_marc_mandosio_conference_science_medievale_moyen-age_central_prejuges_idees_recues.jpg 250w, https:\/\/www.moyenagepassion.com\/wp-content\/uploads\/2017\/07\/jean_marc_mandosio_conference_science_medievale_moyen-age_central_prejuges_idees_recues-132x300.jpg 132w\" sizes=\"(max-width: 169px) 100vw, 169px\" \/><\/a>Sp\u00e9cialis\u00e9 en litt\u00e9rature n\u00e9o-latine, ses axes de recherches vont de\u00a0l&rsquo;histoire de la philosophie et des sciences \u00e0\u00a0la classification de ces derni\u00e8res, et il est \u00e9galement vers\u00e9 dans le domaine de l&rsquo;alchimie, la magie &amp; la philosophie naturelle.<\/p>\n<p style=\"text-align: justify;\">En dehors de ses occupations universitaires, \u00a0on le connait aussi pour ses essais et sa plume de pol\u00e9miste. Il a, notamment, fait para\u00eetre de nombreux \u00e9crits aux \u00e9ditions de\u00a0 l&rsquo;<em><strong>Encyclop\u00e9die des nuisances,<\/strong><\/em> maison d&rsquo;\u00e9dition militante et engag\u00e9e, fond\u00e9e dans les ann\u00e9es 90 par <em><strong>Jaime Semprun<\/strong><\/em> et qui s&rsquo;inscrit dans un\u00a0courant \u00a0id\u00e9ologique\u00a0anti-industriel.<\/p>\n<p>En vous souhaitant une bonne conf\u00e9rence et une tr\u00e8s belle journ\u00e9e.<br \/>\nFred F<br \/>\nPour moyenagepassion.com<br \/>\n<em><strong>A la d\u00e9couverte du monde m\u00e9di\u00e9val sous toutes ses formes.<\/strong><\/em><\/p>\n","protected":false},"excerpt":{"rendered":"<p>Sujet :\u00a0terre plate, terre ronde, Aristote, science, histoire m\u00e9di\u00e9vale, id\u00e9es re\u00e7ues, pr\u00e9jug\u00e9s. P\u00e9riode\u00a0: moyen-\u00e2ge. M\u00e9dia \u00a0: Conf\u00e9rence \u00a02014. \u00a0Caf\u00e9.Histoire.Chronos Titre\u00a0: La forme de la Terre, un aper\u00e7u de la science m\u00e9di\u00e9vale Conf\u00e9rencier\u00a0: Jean-Marc Mandosio, \u00a0ma\u00eetre de conf\u00e9rences\u00a0\u00e0 l&rsquo;\u00c9cole pratique des hautes \u00e9tudes\u00a0(EPHE). Bonjour \u00e0 tous, ordre le cou aux pr\u00e9jug\u00e9s sur le moyen-\u00e2ge voil\u00e0 un &hellip; <a href=\"https:\/\/www.moyenagepassion.com\/index.php\/2017\/07\/03\/science-medievale-et-idees-recues-terre-ronde-terre-plate-que-croyait-on-vraiment-au-moyen-age\/\" class=\"more-link\">Continuer la lecture de <span class=\"screen-reader-text\">Science m\u00e9di\u00e9vale et id\u00e9es re\u00e7ues : terre ronde, terre plate, que croyait-on vraiment au moyen-\u00e2ge?<\/span>  <span class=\"meta-nav\">&rarr;<\/span><\/a><\/p>\n","protected":false},"author":2,"featured_media":42798,"comment_status":"open","ping_status":"open","sticky":false,"template":"","format":"standard","meta":{"_monsterinsights_skip_tracking":false,"_monsterinsights_sitenote_active":false,"_monsterinsights_sitenote_note":"","_monsterinsights_sitenote_category":0,"footnotes":""},"categories":[1275,16],"tags":[509,2929,2930,520,2926,2928,2931,22,182,18,2927,2069,2924,2925],"class_list":["post-14118","post","type-post","status-publish","format-standard","has-post-thumbnail","hentry","category-conference","category-sources-et-articles-moyen-age-periode-medievale","tag-aristote","tag-brunetto-latini","tag-encyclopedie-du-tresor","tag-histoire-medievale","tag-idees-recues","tag-jean-marc-mandosio","tag-livre-du-tresor","tag-medievale","tag-monde-medieval","tag-moyen-age","tag-prejuges","tag-science-medievale","tag-terre-plate","tag-terre-ronde"],"aioseo_notices":[],"_links":{"self":[{"href":"https:\/\/www.moyenagepassion.com\/index.php\/wp-json\/wp\/v2\/posts\/14118"}],"collection":[{"href":"https:\/\/www.moyenagepassion.com\/index.php\/wp-json\/wp\/v2\/posts"}],"about":[{"href":"https:\/\/www.moyenagepassion.com\/index.php\/wp-json\/wp\/v2\/types\/post"}],"author":[{"embeddable":true,"href":"https:\/\/www.moyenagepassion.com\/index.php\/wp-json\/wp\/v2\/users\/2"}],"replies":[{"embeddable":true,"href":"https:\/\/www.moyenagepassion.com\/index.php\/wp-json\/wp\/v2\/comments?post=14118"}],"version-history":[{"count":12,"href":"https:\/\/www.moyenagepassion.com\/index.php\/wp-json\/wp\/v2\/posts\/14118\/revisions"}],"predecessor-version":[{"id":42817,"href":"https:\/\/www.moyenagepassion.com\/index.php\/wp-json\/wp\/v2\/posts\/14118\/revisions\/42817"}],"wp:featuredmedia":[{"embeddable":true,"href":"https:\/\/www.moyenagepassion.com\/index.php\/wp-json\/wp\/v2\/media\/42798"}],"wp:attachment":[{"href":"https:\/\/www.moyenagepassion.com\/index.php\/wp-json\/wp\/v2\/media?parent=14118"}],"wp:term":[{"taxonomy":"category","embeddable":true,"href":"https:\/\/www.moyenagepassion.com\/index.php\/wp-json\/wp\/v2\/categories?post=14118"},{"taxonomy":"post_tag","embeddable":true,"href":"https:\/\/www.moyenagepassion.com\/index.php\/wp-json\/wp\/v2\/tags?post=14118"}],"curies":[{"name":"wp","href":"https:\/\/api.w.org\/{rel}","templated":true}]}}