{"id":14365,"date":"2017-07-09T00:52:57","date_gmt":"2017-07-08T23:52:57","guid":{"rendered":"http:\/\/www.moyenagepassion.com\/?p=14365"},"modified":"2020-10-10T23:11:13","modified_gmt":"2020-10-10T22:11:13","slug":"festival-musique-et-histoire-de-fontfroide-jordi-savall-sur-les-pas-de-laventurier-medieval-ibn-battuta-et-un-mot-de-lempire-du-mali","status":"publish","type":"post","link":"https:\/\/www.moyenagepassion.com\/index.php\/2017\/07\/09\/festival-musique-et-histoire-de-fontfroide-jordi-savall-sur-les-pas-de-laventurier-medieval-ibn-battuta-et-un-mot-de-lempire-du-mali\/","title":{"rendered":"Festival Musique et Histoire de Fontfroide : Jordi Savall sur les pas de l&rsquo;aventurier m\u00e9di\u00e9val Ibn Battuta et un mot de l&rsquo;Empire du mali"},"content":{"rendered":"<div id=\"moyen-4127371320\" class=\"moyen-before-content moyen-entity-placement\"><script async src=\"\/\/pagead2.googlesyndication.com\/pagead\/js\/adsbygoogle.js?client=ca-pub-3035390706780632\" crossorigin=\"anonymous\"><\/script><ins class=\"adsbygoogle\" style=\"display:block;\" data-ad-client=\"ca-pub-3035390706780632\" \ndata-ad-slot=\"\" \ndata-ad-format=\"auto\"><\/ins>\n<script> \n(adsbygoogle = window.adsbygoogle || []).push({}); \n<\/script>\n<\/div><p><strong><a href=\"https:\/\/www.moyenagepassion.com\/wp-content\/uploads\/2017\/03\/festival_evenement_musique_ancienne_historique_medieval_viole_gambiste_jordi_savall_.jpg\"><img decoding=\"async\" class=\"wp-image-11157 alignleft\" src=\"https:\/\/www.moyenagepassion.com\/wp-content\/uploads\/2017\/03\/festival_evenement_musique_ancienne_historique_medieval_viole_gambiste_jordi_savall_.jpg\" alt=\"festival_evenement_musique_ancienne_historique_medieval_viole_gambiste_jordi_savall_\" width=\"89\" height=\"212\" srcset=\"https:\/\/www.moyenagepassion.com\/wp-content\/uploads\/2017\/03\/festival_evenement_musique_ancienne_historique_medieval_viole_gambiste_jordi_savall_.jpg 252w, https:\/\/www.moyenagepassion.com\/wp-content\/uploads\/2017\/03\/festival_evenement_musique_ancienne_historique_medieval_viole_gambiste_jordi_savall_-126x300.jpg 126w\" sizes=\"(max-width: 89px) 100vw, 89px\" \/><\/a>Sujet <\/strong>\u00a0: \u00e9v\u00e9nement, festival, abbaye de Fontfroide, \u00a0musiques anciennes, musiques m\u00e9di\u00e9vales, Jordi Savall, Hesp\u00e8rion XXI, programme.\u00a0viole de gambe<br \/>\n<strong>Ev\u00e9nement\u00a0 :<\/strong> \u00a0<em><strong>12e Festival Musique &amp; Histoire de Fonfroide<\/strong><\/em>, organis\u00e9\u00a0par\u00a0\u00a0<em><strong>Jordi Savall<br \/>\n<\/strong><\/em><strong>Titre<\/strong> :\u00a0 C\u00e9l\u00e9brations, hommages, solidarit\u00e9 &amp; voyages insolites.<br \/>\n<strong>Dates <\/strong>\u00a0: du \u00a015 au 19 juillet 2017<br \/>\n<strong>Lieu<\/strong> :\u00a0 \u00a0<a href=\"http:\/\/www.fontfroide.com\/\" target=\"_blank\" rel=\"noopener noreferrer\">Abbaye de Fontfroide<\/a>, Narbonne<\/p>\n<p>Bonjour \u00e0 tous,<\/p>\n<p style=\"text-align: justify;\"><img decoding=\"async\" class=\"alignleft size-full wp-image-59\" src=\"https:\/\/www.moyenagepassion.com\/wp-content\/uploads\/2015\/12\/A_lettrine_moyen_age_passion.jpg\" alt=\"A_lettrine_moyen_age_passion\" width=\"84\" height=\"103\" \/>lors que nous ne sommes \u00e0 peine \u00e0 dix jours de l&rsquo;ouverture du <em><strong>Festival Musique et Histoire de Fontfroide<\/strong><\/em> organis\u00e9 par <em><strong>Jordi Savall<\/strong><\/em>, nous postons un nouvel article sur le sujet pour vous en rappeler les dates, ainsi que l&rsquo;existence. \u00a0Si vous vous trouvez dans le Sud de la France et dans la r\u00e9gion de Narbonne, n&rsquo;h\u00e9sitez pas \u00e0 vous informer sur cet \u00e9v\u00e9nement d&rsquo;exception qui se tient dans le cadre historique pr\u00e9serv\u00e9 de la belle <em><strong>abbaye de Fontfroide<\/strong><\/em> et dans\u00a0la fra\u00eecheur de \u00a0ses salles et de ses belles pierres.<\/p>\n<p style=\"text-align: justify;\"><img decoding=\"async\" class=\"size-full wp-image-12873 alignnone\" src=\"https:\/\/www.moyenagepassion.com\/wp-content\/uploads\/2017\/05\/festival_histoire_musique_ancienne_medievale_abbaye_fontfroide_2017_passion_moyen-age_jordi_savall.jpg\" alt=\"festival_histoire_musique_ancienne_medievale_abbaye_fontfroide_2017_passion_moyen-age_jordi_savall\" width=\"470\" height=\"792\" srcset=\"https:\/\/www.moyenagepassion.com\/wp-content\/uploads\/2017\/05\/festival_histoire_musique_ancienne_medievale_abbaye_fontfroide_2017_passion_moyen-age_jordi_savall.jpg 470w, https:\/\/www.moyenagepassion.com\/wp-content\/uploads\/2017\/05\/festival_histoire_musique_ancienne_medievale_abbaye_fontfroide_2017_passion_moyen-age_jordi_savall-178x300.jpg 178w\" sizes=\"(max-width: 470px) 100vw, 470px\" \/><\/p>\n<h2 style=\"text-align: left;\">Ibn Battuta, grand aventurier<br \/>\ndu moyen-\u00e2ge central<\/h2>\n<p style=\"text-align: justify;\">Comme l&rsquo;\u00e9dition 2017 du festival se situe sous le signe des \u00e9changes culturels et des voyages insolites avec, entre autre \u00e9v\u00e9nement, un concert sp\u00e9cial autour du <a href=\"https:\/\/www.moyenagepassion.com\/index.php\/2017\/06\/01\/lefabuleux-voyage-dibn-battuta-grand-aventurier-berbere-musulman-et-marocain-du-moyen-age-central\/\" target=\"_blank\" rel=\"noopener noreferrer\">grand aventurier m\u00e9di\u00e9val Ibn Battuta,<\/a>\u00a0nous en profitons pour poster un extrait du premier album que l&rsquo;artiste catalan <em><strong>Jordi Savall<\/strong> <\/em>et sa formation <em><strong>Hesp\u00e9rion XXI<\/strong> <\/em>avait d\u00e9di\u00e9, en 2015,\u00a0\u00e0 une partie du large p\u00e9riple du voyageur marocain.<\/p>\n<p style=\"text-align: justify;\"><a href=\"https:\/\/www.amazon.fr\/gp\/product\/B013JCGE7S\/ref=as_li_tl?ie=UTF8&amp;camp=1642&amp;creative=6746&amp;creativeASIN=B013JCGE7S&amp;linkCode=as2&amp;tag=f1266-21&amp;linkId=ab0962c621a3b7047fea1b2c0580e79d\" target=\"_blank\" rel=\"noopener noreferrer\"><img decoding=\"async\" class=\"alignnone size-full wp-image-14367\" src=\"https:\/\/www.moyenagepassion.com\/wp-content\/uploads\/2017\/07\/jordi_savall_hesperion_XXI_ibn_battuta_musique_medievale_orient_occident_voyageur_medieval_moyen-age_central_XIVe.jpg\" alt=\"jordi_savall_hesperion_XXI_ibn_battuta_musique_medievale_orient_occident_voyageur_medieval_moyen-age_central_XIVe\" width=\"456\" height=\"381\" srcset=\"https:\/\/www.moyenagepassion.com\/wp-content\/uploads\/2017\/07\/jordi_savall_hesperion_XXI_ibn_battuta_musique_medievale_orient_occident_voyageur_medieval_moyen-age_central_XIVe.jpg 456w, https:\/\/www.moyenagepassion.com\/wp-content\/uploads\/2017\/07\/jordi_savall_hesperion_XXI_ibn_battuta_musique_medievale_orient_occident_voyageur_medieval_moyen-age_central_XIVe-300x251.jpg 300w\" sizes=\"(max-width: 456px) 100vw, 456px\" \/><\/a><\/p>\n<p style=\"text-align: justify;\">Si l&rsquo;album vous int\u00e9resse vous trouverez plus de d\u00e9tails le concernant ici:\u00a0<a href=\"https:\/\/www.amazon.fr\/gp\/product\/B013JCGE7S\/ref=as_li_tl?ie=UTF8&amp;camp=1642&amp;creative=6746&amp;creativeASIN=B013JCGE7S&amp;linkCode=as2&amp;tag=f1266-21&amp;linkId=e802f1dce792c1d8cd02106213678d3f\" target=\"_blank\" rel=\"noopener noreferrer\">Ibn Battuta:Traveller of Islam<\/a><img decoding=\"async\" src=\"\/\/ir-fr.amazon-adsystem.com\/e\/ir?t=f1266-21&amp;l=am2&amp;o=8&amp;a=B013JCGE7S\" alt=\"\" width=\"1\" height=\"1\" border=\"0\" \/>. Vous pouvez \u00e9galement cliquer sur la pochette ci-dessus pour ouvrir le lien.<\/p>\n<h2 style=\"text-align: justify;\"><strong>1311 &#8211; 1315 .<br \/>\nApog\u00e9e de l&#8217;empire musulman du Mali<\/strong><\/h2>\n<p style=\"text-align: justify;\"><em><strong><span style=\"color: #008000;\">\u00ab\u00a0Certes j\u2019ai voyag\u00e9 dans les diff\u00e9rentes contr\u00e9es du monde\u00a0; j\u2019en ai connu les rois\u00a0; or je suis dans ton pays depuis quatre mois, et tu ne m\u2019as point trait\u00e9 comme un h\u00f4te\u00a0; tu ne m\u2019as rien donn\u00e9. Que pourrai-je dire de toi aux autres sultans\u00a0?\u00a0\u00bb<br \/>\n<\/span><\/strong><span style=\"color: #808080;\">Ibn Batt\u00fbta \u00a0au Sultan du Mali \u00ab\u00a0<em>les voyages<\/em>\u00a0\u00bb (1356)<br \/>\n<\/span><\/em><\/p>\n<p style=\"text-align: justify;\"><a href=\"https:\/\/www.moyenagepassion.com\/wp-content\/uploads\/2017\/07\/ibn_battuta_aventurier_voyageur_medieval_empire_mali_moyen-age_central.jpg\"><img decoding=\"async\" class=\" wp-image-14377 alignleft\" src=\"https:\/\/www.moyenagepassion.com\/wp-content\/uploads\/2017\/07\/ibn_battuta_aventurier_voyageur_medieval_empire_mali_moyen-age_central.jpg\" alt=\"ibn_battuta_aventurier_voyageur_medieval_empire_mali_moyen-age_central\" width=\"175\" height=\"379\" srcset=\"https:\/\/www.moyenagepassion.com\/wp-content\/uploads\/2017\/07\/ibn_battuta_aventurier_voyageur_medieval_empire_mali_moyen-age_central.jpg 260w, https:\/\/www.moyenagepassion.com\/wp-content\/uploads\/2017\/07\/ibn_battuta_aventurier_voyageur_medieval_empire_mali_moyen-age_central-139x300.jpg 139w\" sizes=\"(max-width: 175px) 100vw, 175px\" \/><\/a>Ibn Battutta fut un des premiers voyageurs\u00a0\u00e0 s&rsquo;aventurer au plus profond\u00a0de l&rsquo;Afrique centrale. De l&#8217;empire malien musulman florissant du XIVe si\u00e8cle, il a d\u00e9crit les fastes c\u00e9r\u00e9monielles, les richesses et l&rsquo;opulence. Dans quelques passages pour le moins humoristiques quand on les prend avec distance,\u00a0le voyageur se plaindra aussi de l&rsquo;avarice du Sultan du Mali, son h\u00f4te, dont les richesses apparentes lui avaient laiss\u00e9 visiblement esp\u00e9rer qu&rsquo;il allait se retrouver recouvert d&rsquo;or, en guise de cadeau de bienvenue. Trois pains ronds et un bout de viande ne suffirent visiblement pas \u00e0 le contenter. Comme il finit par s&rsquo;en plaindre plus tard ouvertement au Sultan, celui-ci lui fera bient\u00f4t honneur en esp\u00e8ces et en num\u00e9raires et tout rentrera finalement\u00a0dans l&rsquo;ordre.<\/p>\n<p style=\"text-align: justify;\">Cette belle pi\u00e8ce musicale d&rsquo;<em><strong>Hesp\u00e9rion XXI<\/strong><\/em>, tir\u00e9e de l&rsquo;album susmentionn\u00e9 est donc\u00a0d\u00e9di\u00e9e aux fastes de ce riche Mali m\u00e9di\u00e9val.<\/p>\n<h2><code><iframe src=\"https:\/\/www.youtube.com\/embed\/_6w2OUQOzUw\" width=\"600\" height=\"333\" frameborder=\"0\" allowfullscreen=\"allowfullscreen\"><\/iframe><\/code><\/h2>\n<h2><strong>Jordi Savall : Le Voyage d&rsquo;Ibn Battuta<\/strong><\/h2>\n<p>En\u00a0prime, nous ajoutons une vid\u00e9o de pr\u00e9sentation d&rsquo;<em><strong>Ibn Battuta<\/strong><\/em> par <em><strong>Jordi Savall<\/strong><\/em> en personne. L&rsquo;interview\u00a0date de 2016<\/p>\n<p><code><iframe src=\"https:\/\/www.youtube.com\/embed\/YObO3Bd-ttQ\" width=\"600\" height=\"333\" frameborder=\"0\" allowfullscreen=\"allowfullscreen\"><\/iframe><\/code><\/p>\n<p style=\"text-align: justify;\">En vous souhaitant une belle journ\u00e9e et un excellent festival Musique et Histoire si vous vous y rendez.<\/p>\n<p style=\"text-align: justify;\">Si vous n&rsquo;avez pas encore r\u00e9serv\u00e9, il pourrait \u00eatre sage de consulter le<a href=\"http:\/\/www.fontfroide.com\/xiieme-festival-musique-histoire\/\" target=\"_blank\" rel=\"noopener noreferrer\"> site de l&rsquo;abbaye de Fontfroide <\/a>pour savoir s&rsquo;il reste des places.<\/p>\n<p>Pour \u00a0le reste, vous pouvez retrouver le <a href=\"https:\/\/www.moyenagepassion.com\/index.php\/2017\/05\/23\/xiie-festival-musique-et-histoire-de-fontfroide-un-programme-exceptionnel\/\" target=\"_blank\" rel=\"noopener noreferrer\">programme d\u00e9taill\u00e9 du festival Musique et Histoire de Fontfroide ici<\/a>.<\/p>\n<p>Fred<br \/>\nPour moyenagepassion.com<br \/>\n<em><strong>A la d\u00e9couverte du monde m\u00e9di\u00e9val sous toutes ses formes<\/strong><\/em><\/p>\n","protected":false},"excerpt":{"rendered":"<p>Sujet \u00a0: \u00e9v\u00e9nement, festival, abbaye de Fontfroide, \u00a0musiques anciennes, musiques m\u00e9di\u00e9vales, Jordi Savall, Hesp\u00e8rion XXI, programme.\u00a0viole de gambe Ev\u00e9nement\u00a0 : \u00a012e Festival Musique &amp; Histoire de Fonfroide, organis\u00e9\u00a0par\u00a0\u00a0Jordi Savall Titre :\u00a0 C\u00e9l\u00e9brations, hommages, solidarit\u00e9 &amp; voyages insolites. Dates \u00a0: du \u00a015 au 19 juillet 2017 Lieu :\u00a0 \u00a0Abbaye de Fontfroide, Narbonne Bonjour \u00e0 tous, lors &hellip; <a href=\"https:\/\/www.moyenagepassion.com\/index.php\/2017\/07\/09\/festival-musique-et-histoire-de-fontfroide-jordi-savall-sur-les-pas-de-laventurier-medieval-ibn-battuta-et-un-mot-de-lempire-du-mali\/\" class=\"more-link\">Continuer la lecture de <span class=\"screen-reader-text\">Festival Musique et Histoire de Fontfroide : Jordi Savall sur les pas de l&rsquo;aventurier m\u00e9di\u00e9val Ibn Battuta et un mot de l&rsquo;Empire du mali<\/span>  <span class=\"meta-nav\">&rarr;<\/span><\/a><\/p>\n","protected":false},"author":2,"featured_media":0,"comment_status":"open","ping_status":"open","sticky":false,"template":"","format":"standard","meta":{"_monsterinsights_skip_tracking":false,"_monsterinsights_sitenote_active":false,"_monsterinsights_sitenote_note":"","_monsterinsights_sitenote_category":0,"footnotes":""},"categories":[11,2768],"tags":[2431,155,2945,136,2701,1449,2703,2689,1173,22,182,18,85,78,79,883,2944,2687,2772,4247,2765],"class_list":["post-14365","post","type-post","status-publish","format-standard","hentry","category-fetes-medievales-evenement","category-ibn-battuta","tag-abbaye-de-fontfroide","tag-citation","tag-empire-du-mali","tag-festival","tag-festival-musique-et-histoire","tag-hesperion-xxi","tag-ibn-batoutah","tag-ibn-battuta","tag-jordi-savall","tag-medievale","tag-monde-medieval","tag-moyen-age","tag-moyen-age-central","tag-musique","tag-musique-medievale","tag-musiques-anciennes","tag-narbonne","tag-programme","tag-sorties-historiques","tag-viole-de-gambe","tag-voyages"],"aioseo_notices":[],"_links":{"self":[{"href":"https:\/\/www.moyenagepassion.com\/index.php\/wp-json\/wp\/v2\/posts\/14365"}],"collection":[{"href":"https:\/\/www.moyenagepassion.com\/index.php\/wp-json\/wp\/v2\/posts"}],"about":[{"href":"https:\/\/www.moyenagepassion.com\/index.php\/wp-json\/wp\/v2\/types\/post"}],"author":[{"embeddable":true,"href":"https:\/\/www.moyenagepassion.com\/index.php\/wp-json\/wp\/v2\/users\/2"}],"replies":[{"embeddable":true,"href":"https:\/\/www.moyenagepassion.com\/index.php\/wp-json\/wp\/v2\/comments?post=14365"}],"version-history":[{"count":3,"href":"https:\/\/www.moyenagepassion.com\/index.php\/wp-json\/wp\/v2\/posts\/14365\/revisions"}],"predecessor-version":[{"id":35052,"href":"https:\/\/www.moyenagepassion.com\/index.php\/wp-json\/wp\/v2\/posts\/14365\/revisions\/35052"}],"wp:attachment":[{"href":"https:\/\/www.moyenagepassion.com\/index.php\/wp-json\/wp\/v2\/media?parent=14365"}],"wp:term":[{"taxonomy":"category","embeddable":true,"href":"https:\/\/www.moyenagepassion.com\/index.php\/wp-json\/wp\/v2\/categories?post=14365"},{"taxonomy":"post_tag","embeddable":true,"href":"https:\/\/www.moyenagepassion.com\/index.php\/wp-json\/wp\/v2\/tags?post=14365"}],"curies":[{"name":"wp","href":"https:\/\/api.w.org\/{rel}","templated":true}]}}