{"id":14407,"date":"2017-07-12T04:53:48","date_gmt":"2017-07-12T03:53:48","guid":{"rendered":"http:\/\/www.moyenagepassion.com\/?p=14407"},"modified":"2020-10-04T21:19:33","modified_gmt":"2020-10-04T20:19:33","slug":"le-rassemblement-du-corbeau","status":"publish","type":"post","link":"https:\/\/www.moyenagepassion.com\/index.php\/2017\/07\/12\/le-rassemblement-du-corbeau\/","title":{"rendered":"Le rassemblement du corbeau : un festival sur mesure pour tous les fans de la s\u00e9rie Kaamelott"},"content":{"rendered":"<div id=\"moyen-242210333\" class=\"moyen-before-content moyen-entity-placement\"><script async src=\"\/\/pagead2.googlesyndication.com\/pagead\/js\/adsbygoogle.js?client=ca-pub-3035390706780632\" crossorigin=\"anonymous\"><\/script><ins class=\"adsbygoogle\" style=\"display:block;\" data-ad-client=\"ca-pub-3035390706780632\" \ndata-ad-slot=\"\" \ndata-ad-format=\"auto\"><\/ins>\n<script> \n(adsbygoogle = window.adsbygoogle || []).push({}); \n<\/script>\n<\/div><p><strong><a href=\"https:\/\/www.moyenagepassion.com\/wp-content\/uploads\/2017\/07\/rassemblement_corbeau_kaamelott_fan_fetes_medievales.jpg\"><img decoding=\"async\" class=\"wp-image-14425 alignleft\" src=\"https:\/\/www.moyenagepassion.com\/wp-content\/uploads\/2017\/07\/rassemblement_corbeau_kaamelott_fan_fetes_medievales.jpg\" alt=\"rassemblement_corbeau_kaamelott_fan_fetes_medievales\" width=\"112\" height=\"185\" srcset=\"https:\/\/www.moyenagepassion.com\/wp-content\/uploads\/2017\/07\/rassemblement_corbeau_kaamelott_fan_fetes_medievales.jpg 450w, https:\/\/www.moyenagepassion.com\/wp-content\/uploads\/2017\/07\/rassemblement_corbeau_kaamelott_fan_fetes_medievales-181x300.jpg 181w\" sizes=\"(max-width: 112px) 100vw, 112px\" \/><\/a>Sujet<\/strong>\u00a0: f\u00eates m\u00e9di\u00e9vales, \u00e9v\u00e9nement, festival, fan, s\u00e9rie t\u00e9l\u00e9vis\u00e9e, <a href=\"https:\/\/www.moyenagepassion.com\/index.php\/tag\/kaamelott\/\" target=\"_blank\" rel=\"noopener noreferrer\">Kaamelott,<\/a>\u00a0Alexandre Astier, m\u00e9di\u00e9valisme,\u00a0l\u00e9gendes arthuriennes, concerts.<br \/>\n<strong>P\u00e9riode<\/strong>\u00a0: moyen-\u00e2ge central et haut moyen-\u00e2ge<br \/>\n<b>Ev\u00e9nement\u00a0: \u00a0<em>Le rassemblement \u00a0du Corbeau<br \/>\n<\/em>Lieu :<em> Br\u00e9h\u00e9mont<\/em> <\/b>(Centre-Val de Loire)<b><br \/>\nDates : <\/b>les samedis 12\u00a0&amp; dimanche 13 aout 2017<\/p>\n<p><b><br \/>\n<\/b>Bonjour \u00e0 tous,<\/p>\n<p style=\"text-align: justify;\"><span style=\"color: #008000;\"><strong><em>\u00ab\u00a0Et c&rsquo;est ainsi que leur d\u00e9cision prise, les preux chevaliers du Buffet \u00e0 Vaisselle mand\u00e8rent les plus vaillants messagers du royaume de Logres pour aller allumer les immenses\u00a0feux sur les plus hautes collines, afin que depuis l&rsquo;horizon et jusqu&rsquo;aux terres les plus recul\u00e9es de Bretagne et de France, on sache que le grand rassemblement aurait lieu.\u00a0\u00bb<\/em><\/strong><\/span><\/p>\n<p style=\"text-align: justify;\"><img decoding=\"async\" class=\"alignleft size-full wp-image-59\" src=\"https:\/\/www.moyenagepassion.com\/wp-content\/uploads\/2015\/12\/A_lettrine_moyen_age_passion.jpg\" alt=\"A_lettrine_moyen_age_passion\" width=\"84\" height=\"103\" \/>pr\u00e8s les <em><strong>Kaap\u00e9ros<\/strong><\/em>, les nombreux fans de la s\u00e9rie t\u00e9l\u00e9vis\u00e9e <em><strong>Kaamelott<\/strong> <\/em>peuvent se r\u00e9jouir! Voil\u00e0 en effet que s&rsquo;organise en Indre et Loire\u00a0et en la cit\u00e9 de <em><strong>Br\u00e9h\u00e9mont,<\/strong><\/em>\u00a0\u00e0 quelques encablures de la capitale, un festival tr\u00e8s sp\u00e9cial ayant pour th\u00e8me la c\u00e9l\u00e8bre l\u00e9gende\u00a0du<em><strong> roi Arthur<\/strong> <\/em>et du Graal, \u00e0 la fa\u00e7on d&rsquo;<em><strong>Alexandre Astier<\/strong><\/em>.<\/p>\n<p><a href=\"https:\/\/www.moyenagepassion.com\/wp-content\/uploads\/2017\/07\/kaamelott_fan_fetes_medievales_rassemblement_corbeau_serie_televisee_culte.jpg\"><img decoding=\"async\" class=\"alignnone size-full wp-image-14412\" src=\"https:\/\/www.moyenagepassion.com\/wp-content\/uploads\/2017\/07\/kaamelott_fan_fetes_medievales_rassemblement_corbeau_serie_televisee_culte.jpg\" alt=\"kaamelott_fan_fetes_medievales_rassemblement_corbeau_serie_televisee_culte\" width=\"480\" height=\"678\" srcset=\"https:\/\/www.moyenagepassion.com\/wp-content\/uploads\/2017\/07\/kaamelott_fan_fetes_medievales_rassemblement_corbeau_serie_televisee_culte.jpg 480w, https:\/\/www.moyenagepassion.com\/wp-content\/uploads\/2017\/07\/kaamelott_fan_fetes_medievales_rassemblement_corbeau_serie_televisee_culte-212x300.jpg 212w\" sizes=\"(max-width: 480px) 100vw, 480px\" \/><\/a><\/p>\n<h2>Au programme<br \/>\ndu Rassemblement du Corbeau<\/h2>\n<p style=\"text-align: justify;\"><img decoding=\"async\" class=\"alignleft size-full wp-image-36\" src=\"https:\/\/www.moyenagepassion.com\/wp-content\/uploads\/2015\/12\/C_lettrine_moyen_age_passion.jpg\" alt=\"C_lettrine_moyen_age_passion\" width=\"84\" height=\"103\" \/>r\u00e9\u00e9 \u00e0 l&rsquo;initiative d&rsquo;un groupe de fans regroup\u00e9s en association, l&rsquo;\u00e9v\u00e9nement est donc une premi\u00e8re. Il se pr\u00e9sente sous la forme d&rsquo;un festival qui d\u00e9butera le samedi 12 ao\u00fbt pour se terminer le dimanche 13 ao\u00fbt 2017, en d\u00e9but d&rsquo;apr\u00e8s-midi, avec comme\u00a0grand temps fort une <em><strong>Nuit enti\u00e8re d\u00e9di\u00e9e \u00e0 Kaamelott,\u00a0<\/strong><\/em>le samedi.<\/p>\n<p style=\"text-align: justify;\">Le programme complet et d\u00e9taill\u00e9 est en cours de finalisation, mais nous avons d\u00e9j\u00e0 glan\u00e9 pour vous\u00a0quelques informations exclusives \u00a0aupr\u00e8s des organisateurs.<\/p>\n<h4>Jeux, concours et animations autour de kaamelott<\/h4>\n<p style=\"text-align: justify;\">Jeux et concours vari\u00e9s, dont l&rsquo;incontournable cul de chouette, reprises aussi de sc\u00e8nes cultes, impro et jeux th\u00e9\u00e2traux pour\u00a0ceux <img decoding=\"async\" class=\"wp-image-14422 alignleft\" src=\"https:\/\/www.moyenagepassion.com\/wp-content\/uploads\/2017\/07\/kaamelott_fan_festival_medieval_rassemblement_corbeau_serie_televisee.jpg\" alt=\"kaamelott_fan_festival_medieval_rassemblement_corbeau_serie_televisee\" width=\"231\" height=\"382\" srcset=\"https:\/\/www.moyenagepassion.com\/wp-content\/uploads\/2017\/07\/kaamelott_fan_festival_medieval_rassemblement_corbeau_serie_televisee.jpg 450w, https:\/\/www.moyenagepassion.com\/wp-content\/uploads\/2017\/07\/kaamelott_fan_festival_medieval_rassemblement_corbeau_serie_televisee-181x300.jpg 181w\" sizes=\"(max-width: 231px) 100vw, 231px\" \/>que l&rsquo;envie tentera, mais encore tournois d&rsquo;armes factices (pr\u00e9parez vos plus belles \u00e9p\u00e9es en mousse!)\u00a0ou faux Mariages \u00a0\u00e0 la sauce <em><strong>Kaamelott<\/strong><\/em>\u00a0(largement arros\u00e9s de bi\u00e8re et de saucisson), \u00a0les organisateurs qui connaissent eux-m\u00eame la s\u00e9rie sur le bout des doigts, se sont mis en quatre pour vous concocter les animations les plus d\u00e9brid\u00e9es.<\/p>\n<p style=\"text-align: justify;\">Nous n&rsquo;en donnons ici que quelques unes pour ne pas tout d\u00e9voiler, mais\u00a0bien d&rsquo;autres surprises attendent les fans de la s\u00e9rie \u00e0 l&rsquo;occasion de ce <em><strong>Rassemblement du Corbeau (<\/strong><\/em>qui contrairement \u00e0 celui de la s\u00e9rie, ne sera pas sans alcool). En bref, pas de temps mort et l&#8217;embarras du choix dans les activit\u00e9s; il\u00a0y aura des divertissements en continu tout au long du festival autour des th\u00e8mes de la s\u00e9rie. Pour ceux qui voudront mener le grand bal du samedi soir \u00e0 la fa\u00e7on des seigneurs, chevaliers ou m\u00eame p\u00e9cores du moyen-\u00e2ge, un\u00a0atelier de danses m\u00e9di\u00e9vales est m\u00eame\u00a0pr\u00e9vu !<\/p>\n<p style=\"text-align: justify;\"><a href=\"https:\/\/www.moyenagepassion.com\/wp-content\/uploads\/2017\/07\/fetes_festival_medievales_fan_kaamelott_rassemblement_corbeau_serie_televisee_legendes_arthuriennes.jpg\" target=\"_blank\" rel=\"noopener noreferrer\"><img decoding=\"async\" class=\"aligncenter wp-image-31603 size-full\" src=\"https:\/\/www.moyenagepassion.com\/wp-content\/uploads\/2017\/07\/fetes_festival_medievales_fan_kaamelott_rassemblement_corbeau_serie_televisee_legendes_arthuriennes-s.jpg\" alt=\"\" width=\"700\" height=\"479\" srcset=\"https:\/\/www.moyenagepassion.com\/wp-content\/uploads\/2017\/07\/fetes_festival_medievales_fan_kaamelott_rassemblement_corbeau_serie_televisee_legendes_arthuriennes-s.jpg 700w, https:\/\/www.moyenagepassion.com\/wp-content\/uploads\/2017\/07\/fetes_festival_medievales_fan_kaamelott_rassemblement_corbeau_serie_televisee_legendes_arthuriennes-s-300x205.jpg 300w\" sizes=\"(max-width: 700px) 100vw, 700px\" \/><\/a><\/p>\n<h4 style=\"text-align: justify;\">Conf\u00e9rences<\/h4>\n<p style=\"text-align: justify;\">Pour r\u00e9fl\u00e9chir et \u00e9changer, des conf\u00e9rences\/d\u00e9bats seront propos\u00e9es dans la journ\u00e9e du samedi. On y abordera le th\u00e8me des l\u00e9gendes arthuriennes et \u00ab\u00a0kaamelotiennes\u00a0\u00bb,\u00a0mais aussi des th\u00e8mes plus vastes comme la musique et les instruments m\u00e9di\u00e9vaux, ou m\u00eame encore le moyen-\u00e2ge au sens large.<\/p>\n<h4 style=\"text-align: justify;\">Soir\u00e9e Concerts, Bal et Grande Nuit Kaamelott<\/h4>\n<p><img decoding=\"async\" class=\"wp-image-14423 alignright\" src=\"https:\/\/www.moyenagepassion.com\/wp-content\/uploads\/2017\/07\/kaamelott_fan_festival_fetes_medieval_rassemblement_corbeau_serie_televisee.jpg\" alt=\"kaamelott_fan_festival_fetes_medieval_rassemblement_corbeau_serie_televisee\" width=\"235\" height=\"388\" srcset=\"https:\/\/www.moyenagepassion.com\/wp-content\/uploads\/2017\/07\/kaamelott_fan_festival_fetes_medieval_rassemblement_corbeau_serie_televisee.jpg 450w, https:\/\/www.moyenagepassion.com\/wp-content\/uploads\/2017\/07\/kaamelott_fan_festival_fetes_medieval_rassemblement_corbeau_serie_televisee-181x300.jpg 181w\" sizes=\"(max-width: 235px) 100vw, 235px\" \/>Du point de vue de l&rsquo;animation musicale, quatre\u00a0groupes sont dors et d\u00e9j\u00e0 confirm\u00e9s:<\/p>\n<p style=\"text-align: justify;\"><em><a href=\"https:\/\/www.facebook.com\/Rive-gauche-207384076078453\/\" target=\"_blank\" rel=\"noopener noreferrer\">Rive Gauche<\/a>\u00a0(Chanson fran\u00e7aise r\u00e9aliste) &#8211; \u00a0<a href=\"https:\/\/www.facebook.com\/js.cedilla\/\" target=\"_blank\" rel=\"noopener noreferrer\">Cedilla<\/a> (Pop folk acoustique) &#8211; \u00a0<a href=\"https:\/\/www.facebook.com\/Diszident\/\" target=\"_blank\" rel=\"noopener noreferrer\">Diszident<\/a> (Punk Pop Grrrrrrly) &#8211;\u00a0<a href=\"http:\/\/www.zicmeup.com\/artiste\/jeanleger\/\" target=\"_blank\" rel=\"noopener noreferrer\">Jean Leger<\/a> (Vielle a roue)<\/em><\/p>\n<p style=\"text-align: justify;\">Apr\u00e8s les concerts, la grande Nuit <em><strong>Kaamelott<\/strong><\/em> se poursuivra par un \u00a0bal, suvi jusqu&rsquo;\u00e0 l&rsquo;aube, par des projections audio-visuelles autour de la s\u00e9rie. Des collations seront, bien s\u00fbr, pr\u00e9vues \u00e0 intervalles r\u00e9guliers durant toute la nuit, \u00e0\u00a0la fa\u00e7on de <em><strong>Karadoc;\u00a0<\/strong>a<\/em>ucun fan digne de ce nom, les organisateurs de ce festival compris, ne saurait en effet oublier que <em><strong>\u00ab\u00a0<span style=\"color: #008000;\">le gras c&rsquo;est la vie<\/span>\u00a0\u00bb <\/strong><\/em>et nul ne prendrait ici le risque de vous laisser\u00a0dess\u00e9cher!<\/p>\n<p style=\"text-align: justify;\">Pour plus d&rsquo;informations sur les tarifs, l&rsquo;achat de billets (d\u00e9j\u00e0 ouvert) et d&rsquo;autres d\u00e9tails sur l&rsquo;\u00e9v\u00e9nement, voil\u00e0 la <a href=\"https:\/\/www.facebook.com\/groups\/1908764632728694\/?multi_permalinks=1908851986053292&amp;notif_t=group_activity&amp;notif_id=1499809469853854\" target=\"_blank\" rel=\"noopener noreferrer\">page facebook<\/a> cr\u00e9\u00e9e\u00a0\u00e0 cet effet.<\/p>\n<p style=\"text-align: justify;\">De notre c\u00f4t\u00e9, nous souhaitons une belle r\u00e9ussite aux organisateurs ainsi qu&rsquo;une grande f\u00eate et un joyeux divertissement \u00e0 tous les fans qui se rendront \u00e0 ce rassemblement pas tout \u00e0 fait \u00ab\u00a0m\u00e9di\u00e9val\u00a0\u00bb, ni tout \u00e0 fait comme les autres.<\/p>\n<p style=\"text-align: justify;\">En vous souhaitant une excellente journ\u00e9e!<\/p>\n<p>Fred<br \/>\nPour moyenagepassion.com<br \/>\n<em><strong>A la d\u00e9couverte du moyen-\u00e2ge sous toutes ses formes.<\/strong><\/em><\/p>\n","protected":false},"excerpt":{"rendered":"<p>Sujet\u00a0: f\u00eates m\u00e9di\u00e9vales, \u00e9v\u00e9nement, festival, fan, s\u00e9rie t\u00e9l\u00e9vis\u00e9e, Kaamelott,\u00a0Alexandre Astier, m\u00e9di\u00e9valisme,\u00a0l\u00e9gendes arthuriennes, concerts. P\u00e9riode\u00a0: moyen-\u00e2ge central et haut moyen-\u00e2ge Ev\u00e9nement\u00a0: \u00a0Le rassemblement \u00a0du Corbeau Lieu : Br\u00e9h\u00e9mont (Centre-Val de Loire) Dates : les samedis 12\u00a0&amp; dimanche 13 aout 2017 Bonjour \u00e0 tous, \u00ab\u00a0Et c&rsquo;est ainsi que leur d\u00e9cision prise, les preux chevaliers du Buffet \u00e0 &hellip; <a href=\"https:\/\/www.moyenagepassion.com\/index.php\/2017\/07\/12\/le-rassemblement-du-corbeau\/\" class=\"more-link\">Continuer la lecture de <span class=\"screen-reader-text\">Le rassemblement du corbeau : un festival sur mesure pour tous les fans de la s\u00e9rie Kaamelott<\/span>  <span class=\"meta-nav\">&rarr;<\/span><\/a><\/p>\n","protected":false},"author":2,"featured_media":0,"comment_status":"open","ping_status":"open","sticky":false,"template":"","format":"standard","meta":{"_monsterinsights_skip_tracking":false,"_monsterinsights_sitenote_active":false,"_monsterinsights_sitenote_note":"","_monsterinsights_sitenote_category":0,"footnotes":""},"categories":[11,10],"tags":[197,2529,2289,136,632,2170,556,346,22,2895,18,78,2955,349,4490,1837],"class_list":["post-14407","post","type-post","status-publish","format-standard","hentry","category-fetes-medievales-evenement","category-series-televisees-moyen-age","tag-alexandre-astier","tag-animations-medievales","tag-fans","tag-festival","tag-festival-medieval","tag-kaameloot","tag-kaamelott","tag-legendes-arthuriennes","tag-medievale","tag-medievalisme","tag-moyen-age","tag-musique","tag-rassemblement-du-corbeau","tag-roi-arthur","tag-serie-tv","tag-sorties-medievales"],"aioseo_notices":[],"_links":{"self":[{"href":"https:\/\/www.moyenagepassion.com\/index.php\/wp-json\/wp\/v2\/posts\/14407"}],"collection":[{"href":"https:\/\/www.moyenagepassion.com\/index.php\/wp-json\/wp\/v2\/posts"}],"about":[{"href":"https:\/\/www.moyenagepassion.com\/index.php\/wp-json\/wp\/v2\/types\/post"}],"author":[{"embeddable":true,"href":"https:\/\/www.moyenagepassion.com\/index.php\/wp-json\/wp\/v2\/users\/2"}],"replies":[{"embeddable":true,"href":"https:\/\/www.moyenagepassion.com\/index.php\/wp-json\/wp\/v2\/comments?post=14407"}],"version-history":[{"count":1,"href":"https:\/\/www.moyenagepassion.com\/index.php\/wp-json\/wp\/v2\/posts\/14407\/revisions"}],"predecessor-version":[{"id":34048,"href":"https:\/\/www.moyenagepassion.com\/index.php\/wp-json\/wp\/v2\/posts\/14407\/revisions\/34048"}],"wp:attachment":[{"href":"https:\/\/www.moyenagepassion.com\/index.php\/wp-json\/wp\/v2\/media?parent=14407"}],"wp:term":[{"taxonomy":"category","embeddable":true,"href":"https:\/\/www.moyenagepassion.com\/index.php\/wp-json\/wp\/v2\/categories?post=14407"},{"taxonomy":"post_tag","embeddable":true,"href":"https:\/\/www.moyenagepassion.com\/index.php\/wp-json\/wp\/v2\/tags?post=14407"}],"curies":[{"name":"wp","href":"https:\/\/api.w.org\/{rel}","templated":true}]}}