{"id":14465,"date":"2017-07-14T02:40:00","date_gmt":"2017-07-14T01:40:00","guid":{"rendered":"http:\/\/www.moyenagepassion.com\/?p=14465"},"modified":"2020-10-04T21:29:12","modified_gmt":"2020-10-04T20:29:12","slug":"agenda-festival-medieval-saint-ambroix-loccitane-sous-laile-du-volo-biu","status":"publish","type":"post","link":"https:\/\/www.moyenagepassion.com\/index.php\/2017\/07\/14\/agenda-festival-medieval-saint-ambroix-loccitane-sous-laile-du-volo-biu\/","title":{"rendered":"Agenda festival m\u00e9di\u00e9val : Saint-Ambroix l&rsquo;occitane sous l&rsquo;aile du Volo Bi\u00f9"},"content":{"rendered":"<div id=\"moyen-1403122097\" class=\"moyen-before-content moyen-entity-placement\"><script async src=\"\/\/pagead2.googlesyndication.com\/pagead\/js\/adsbygoogle.js?client=ca-pub-3035390706780632\" crossorigin=\"anonymous\"><\/script><ins class=\"adsbygoogle\" style=\"display:block;\" data-ad-client=\"ca-pub-3035390706780632\" \ndata-ad-slot=\"\" \ndata-ad-format=\"auto\"><\/ins>\n<script> \n(adsbygoogle = window.adsbygoogle || []).push({}); \n<\/script>\n<\/div><p><strong><img decoding=\"async\" class=\"wp-image-14471 alignleft\" src=\"https:\/\/www.moyenagepassion.com\/wp-content\/uploads\/2017\/07\/saint-ambroix_volo_biou_fetes_medievales_heraldique_blason_armoirie.jpg\" alt=\"saint-ambroix_volo_biou_fetes_medievales_heraldique_blason_armoirie\" width=\"204\" height=\"201\" srcset=\"https:\/\/www.moyenagepassion.com\/wp-content\/uploads\/2017\/07\/saint-ambroix_volo_biou_fetes_medievales_heraldique_blason_armoirie.jpg 566w, https:\/\/www.moyenagepassion.com\/wp-content\/uploads\/2017\/07\/saint-ambroix_volo_biou_fetes_medievales_heraldique_blason_armoirie-300x296.jpg 300w\" sizes=\"(max-width: 204px) 100vw, 204px\" \/>Sujet<\/strong>\u00a0: f\u00eates m\u00e9di\u00e9vales, festivit\u00e9s, animation , agenda week end, sorties, \u00a0l\u00e9gende volo bio\u00f9,<br \/>\n<strong>Lieu<\/strong>\u00a0: Saint-Ambroix, Gard, \u00a0Occitanie<br \/>\n<strong>Ev\u00e9nement<\/strong><strong>:\u00a0<\/strong>F\u00eates M\u00e9di\u00e9vales de La l\u00e9gende du Volo Bi\u00f2u<br \/>\n<strong>Dates<\/strong>\u00a0:\u00a0du 12\u00a0au 14\u00a0juillet 2017<\/p>\n<p>Bonjour \u00e0 tous,<\/p>\n<p style=\"text-align: justify;\"><img decoding=\"async\" class=\"alignleft size-full wp-image-394\" src=\"https:\/\/www.moyenagepassion.com\/wp-content\/uploads\/2015\/12\/Q_lettrine_moyen_age_passion.jpg\" alt=\"Q_lettrine_moyen_age_passion\" width=\"96\" height=\"103\" \/>uand arriv\u00e9 \u00e0 la hauteur niveau de <em><strong>Boll\u00e8ne<\/strong><\/em> et de <em><strong>Pont-Saint-Esprit<\/strong><\/em>, on s&rsquo;\u00e9loigne un peu \u00e0 l&rsquo;ouest de l&rsquo;axe rhodanien pour partir du c\u00f4t\u00e9 du massif c\u00e9venol, \u00a0on trouve \u00e0 quelques lieues de l\u00e0, en <em><strong>pays de C\u00e8ze<\/strong><\/em>, une belle cit\u00e9 du nom de <em><strong>Saint Ambroix<\/strong><\/em>.<\/p>\n<p style=\"text-align: justify;\"><a href=\"https:\/\/www.moyenagepassion.com\/wp-content\/uploads\/2017\/07\/fetes_festival_medievales_agenda_week_end_saint-ambroix_gard_volo_biou_legendes_votives.jpg\"><img decoding=\"async\" class=\"alignnone size-full wp-image-14473\" src=\"https:\/\/www.moyenagepassion.com\/wp-content\/uploads\/2017\/07\/fetes_festival_medievales_agenda_week_end_saint-ambroix_gard_volo_biou_legendes_votives.jpg\" alt=\"fetes_festival_medievales_agenda_week_end_saint-ambroix_gard_volo_biou_legendes_votives\" width=\"490\" height=\"364\" srcset=\"https:\/\/www.moyenagepassion.com\/wp-content\/uploads\/2017\/07\/fetes_festival_medievales_agenda_week_end_saint-ambroix_gard_volo_biou_legendes_votives.jpg 490w, https:\/\/www.moyenagepassion.com\/wp-content\/uploads\/2017\/07\/fetes_festival_medievales_agenda_week_end_saint-ambroix_gard_volo_biou_legendes_votives-300x223.jpg 300w\" sizes=\"(max-width: 490px) 100vw, 490px\" \/><\/a><\/p>\n<h2>Terre d&rsquo;Histoire<\/h2>\n<p style=\"text-align: justify;\"><a href=\"https:\/\/www.moyenagepassion.com\/wp-content\/uploads\/2017\/07\/saint_ambroix_fetes_cite_medievale_pays_de_ceze_ceyvennes.jpg\"><img decoding=\"async\" class=\"wp-image-14476 alignleft\" src=\"https:\/\/www.moyenagepassion.com\/wp-content\/uploads\/2017\/07\/saint_ambroix_fetes_cite_medievale_pays_de_ceze_ceyvennes.jpg\" alt=\"saint_ambroix_fetes_cite_medievale_pays_de_ceze_ceyvennes\" width=\"178\" height=\"345\" \/><\/a>Domin\u00e9 par un piton rocheux fortifi\u00e9, durant l&rsquo;antiquit\u00e9, le site a vu passer les romains et m\u00eame les celtes. Ces derniers\u00a0ont d&rsquo;ailleurs laiss\u00e9 une trace \u00e9tonnante.\u00a0Le point culminant de la cit\u00e9, le<em><strong> plateau du Dugas<\/strong> <\/em>fut, en effet, un haut lieu de culte celte et on y a retrouv\u00e9 la trace d&rsquo;un oppidum mais aussi d&rsquo;un autel \u00e0 sacrifices humains.<\/p>\n<p style=\"text-align: justify;\">Devenue ville fortifi\u00e9e dans le courant du moyen-\u00e2ge, <em><strong>Saint-Ambroix<\/strong><\/em>\u00a0en a gard\u00e9 la marque ind\u00e9l\u00e9bile \u00a0et quelques tr\u00e8s beaux remparts. Elle fut aussi longtemps une cit\u00e9 florissante et, durant plusieurs si\u00e8cles, on y donnait, dit-on, de grandes foires et d&rsquo;opulents march\u00e9s. Au XIXe si\u00e8cle, elle se montra encore active\u00a0dans l&rsquo;industrie de la soie perp\u00e9tuant ainsi sa vocation de centre commercial et \u00e9conomique.<\/p>\n<p style=\"text-align: justify;\">Sur ces belles terres du Gard, les pieds tremp\u00e9s dans les berges sinueuses \u00a0de la C\u00e8ze, <em><strong>Saint-Ambroix<\/strong><\/em> est encore la th\u00e9\u00e2tre d&rsquo;une curieuse l\u00e9gende locale, celle qui nous int\u00e9resse aujourd&rsquo;hui. On la c\u00e9l\u00e8bre chaque ann\u00e9e depuis plus de 30\u00a0ans, et elle donne l&rsquo;occasion de grandes agapes et r\u00e9jouissances m\u00e9di\u00e9vales : la l\u00e9gendes du Volo Bio\u00f9.<\/p>\n<h2>La l\u00e9gende du Volo Bio\u00f9, le boeuf qui vole.<\/h2>\n<p style=\"text-align: justify;\"><img decoding=\"async\" class=\"alignleft size-full wp-image-397\" src=\"https:\/\/www.moyenagepassion.com\/wp-content\/uploads\/2015\/12\/O_lettrine_moyen_age_passion.jpg\" alt=\"O_lettrine_moyen_age_passion\" width=\"96\" height=\"103\" \/>n conte que jadis, en des temps recul\u00e9s, il y eut une ann\u00e9e o\u00f9 les vignes de <em><strong>Saint-Ambroix<\/strong><\/em> avaient produit du raisin \u00e0 foison, bien vite transform\u00e9 en <a href=\"https:\/\/www.moyenagepassion.com\/wp-content\/uploads\/2017\/07\/fetes_festival_saint_ambroix_gard_cite_medievale_legendes_volo_biou_fete_votive_agenda_2017.jpg\"><img decoding=\"async\" class=\"alignright wp-image-14478\" src=\"https:\/\/www.moyenagepassion.com\/wp-content\/uploads\/2017\/07\/fetes_festival_saint_ambroix_gard_cite_medievale_legendes_volo_biou_fete_votive_agenda_2017.jpg\" alt=\"fetes_festival_saint_ambroix_gard_cite_medievale_legendes_volo_biou_fete_votive_agenda_2017\" width=\"205\" height=\"409\" srcset=\"https:\/\/www.moyenagepassion.com\/wp-content\/uploads\/2017\/07\/fetes_festival_saint_ambroix_gard_cite_medievale_legendes_volo_biou_fete_votive_agenda_2017.jpg 398w, https:\/\/www.moyenagepassion.com\/wp-content\/uploads\/2017\/07\/fetes_festival_saint_ambroix_gard_cite_medievale_legendes_volo_biou_fete_votive_agenda_2017-151x300.jpg 151w\" sizes=\"(max-width: 205px) 100vw, 205px\" \/><\/a>vin \u00e0 la grande joie de tous. L\u00e0s ! Le fin nectar de Bacchus commen\u00e7a \u00e0 se piquer, mena\u00e7ant de \u00a0tourner au vinaigre, changeant ainsi la fortune d&rsquo;une belle r\u00e9colte en ruine. Lors, pour \u00e9viter que tout ne se gaspille, on eut l&rsquo;id\u00e9e de faire mander des messagers dans toute la r\u00e9gion pour y faire annoncer un \u00e9v\u00e9nement aussi in\u00e9dit que surprenant : pour la premi\u00e8re fois, en effet, un boeuf volerait \u00e0<em><strong> Saint Ambroix<\/strong><\/em>.<\/p>\n<p style=\"text-align: justify;\">Le r\u00e9sultat ne se fit pas attendre et de tous les coins de la province, les gens vinrent par milliers pour voir le miracle s&rsquo;accomplir. Il fit grand soif cet \u00e9t\u00e9 l\u00e0, sous le soleil torride du mois de juillet, et avant m\u00eame que le\u00a0boeuf ne s&rsquo;envole du plus haut point de la cit\u00e9, l&rsquo;histoire conte qu&rsquo;il ne restait d\u00e9j\u00e0 plus, dans toute la cit\u00e9, une seule goutte du nectar des vignes. Le vin \u00e9tait vendu sans avoir eu le temps de se piquer. La cit\u00e9 \u00e9tait sauv\u00e9e.<\/p>\n<p><a href=\"https:\/\/www.moyenagepassion.com\/wp-content\/uploads\/2017\/07\/fetes_festival_saint_ambroix_cite_medievale_legendes_volo_biou_fete_votive_agenda_juillet_gard.jpg\"><img decoding=\"async\" class=\"alignnone size-full wp-image-14475\" src=\"https:\/\/www.moyenagepassion.com\/wp-content\/uploads\/2017\/07\/fetes_festival_saint_ambroix_cite_medievale_legendes_volo_biou_fete_votive_agenda_juillet_gard.jpg\" alt=\"fetes_festival_saint_ambroix_cite_medievale_legendes_volo_biou_fete_votive_agenda_juillet_gard\" width=\"860\" height=\"744\" srcset=\"https:\/\/www.moyenagepassion.com\/wp-content\/uploads\/2017\/07\/fetes_festival_saint_ambroix_cite_medievale_legendes_volo_biou_fete_votive_agenda_juillet_gard.jpg 860w, https:\/\/www.moyenagepassion.com\/wp-content\/uploads\/2017\/07\/fetes_festival_saint_ambroix_cite_medievale_legendes_volo_biou_fete_votive_agenda_juillet_gard-300x260.jpg 300w\" sizes=\"(max-width: 860px) 100vw, 860px\" \/><\/a><\/p>\n<h2>Programme des festivit\u00e9s<\/h2>\n<p style=\"text-align: justify;\"><img decoding=\"async\" class=\"alignleft size-full wp-image-148\" src=\"https:\/\/www.moyenagepassion.com\/wp-content\/uploads\/2015\/12\/E_lettrine_moyen_age_passion.jpg\" alt=\"E_lettrine_moyen_age_passion\" width=\"84\" height=\"103\" \/>n r\u00e9alit\u00e9, il s&rsquo;agit l\u00e0 de la 31e \u00e9dition officielle des f\u00eates m\u00e9di\u00e9vales de<em><strong> Saint-Ambroix<\/strong> <\/em>autour du \u00a0<em><strong>Volo Bio\u00f9.<\/strong><\/em>\u00a0Pour en donner la mesure, il faut retenir que ces c\u00e9l\u00e9brations sont, \u00e0 ce jour, consid\u00e9r\u00e9es comme parmi\u00a0les plus belles f\u00eates votives de France. Elles d\u00e9butent d\u00e8s le mercredi 12\u00a0au soir et se poursuivent \u00a0jusqu&rsquo;au 14 juillet inclus, en faisant grand train.<\/p>\n<p style=\"text-align: justify;\">En plus du traditionnel march\u00e9 d&rsquo;\u00e9poque, vous retrouverez sur places des d\u00e9monstration d&rsquo;artisanat, de classiques camps m\u00e9di\u00e9vaux et bien s\u00fbr des spectacles et activit\u00e9s permanentes tout au long de l&rsquo;\u00e9v\u00e9nement. En plus des acteurs, compagnies et b\u00e9n\u00e9voles locaux impliqu\u00e9s dans la f\u00eate, de nombreuses compagnies <a href=\"https:\/\/www.moyenagepassion.com\/wp-content\/uploads\/2017\/07\/fetes_festival_saint_ambroix_cite_medievale_legendes_volo_biou_fete_votive_agenda_juillet_2017_gard.jpg\"><img decoding=\"async\" class=\"wp-image-14477 alignright\" src=\"https:\/\/www.moyenagepassion.com\/wp-content\/uploads\/2017\/07\/fetes_festival_saint_ambroix_cite_medievale_legendes_volo_biou_fete_votive_agenda_juillet_2017_gard.jpg\" alt=\"fetes_festival_saint_ambroix_cite_medievale_legendes_volo_biou_fete_votive_agenda_juillet_2017_gard\" width=\"201\" height=\"400\" srcset=\"https:\/\/www.moyenagepassion.com\/wp-content\/uploads\/2017\/07\/fetes_festival_saint_ambroix_cite_medievale_legendes_volo_biou_fete_votive_agenda_juillet_2017_gard.jpg 398w, https:\/\/www.moyenagepassion.com\/wp-content\/uploads\/2017\/07\/fetes_festival_saint_ambroix_cite_medievale_legendes_volo_biou_fete_votive_agenda_juillet_2017_gard-151x300.jpg 151w\" sizes=\"(max-width: 201px) 100vw, 201px\" \/><\/a>et troupes m\u00e9di\u00e9vales, historiques, th\u00e9\u00e2trales, musicales et festives ont \u00e9t\u00e9 cette ann\u00e9e encore,\u00a0invit\u00e9es pour animer les rue de la ville. En voici quelques unes :<\/p>\n<p><strong>Compagnies m\u00e9di\u00e9vales, musicales et historiques\u00a0<\/strong><strong>pr\u00e9sentes:<\/strong><\/p>\n<p style=\"text-align: justify;\"><span style=\"color: #008000;\"><em>Tornais et Ibrahim Hassan (danses jonglerie) &#8211; Le gueux &#8211; Promenades en dromadaire &#8211; Cradem Aventure &#8211; Les Dragons du Cormyr &#8211; Aouta et Phil\u00e9as Khan, fakir &#8211; Macabra &#8211; Les Baladins de M\u00e9liador &#8211; Cie Kervan &#8211; Cie Art Circus &#8211; Cie Via Cane &#8211;\u00a0Le R\u00eave d\u2019Epial\u00e8s &#8211; marionnettes\u00a0Bosch et Bruegel &#8211; \u00a0Cie Desmodium &#8211; Les Archers \u00a0de Dugas &#8211; Poterie \u00e0 la corde &#8211; Compement des archers &#8211; Campement de vie m\u00e9di\u00e9vale &#8211; Jeux occitans &#8211; Cie la t\u00eate en friche. Bambouseraie -ferme g\u00e9ante) &#8211; Cie Cradem<\/em><\/span><\/p>\n<p style=\"text-align: justify;\">Comme il se doit dans toute bonne f\u00eate m\u00e9di\u00e9vale et historique digne de ce nom, les ripailleurs et amateurs de bonne ch\u00e8re n&rsquo;ont pas \u00e9t\u00e9 oubli\u00e9s et une grand taverne, m\u00e9nag\u00e9e pour l&rsquo;occasion, \u00a0servira, de mani\u00e8re permanente, belles viandes grill\u00e9s et r\u00f4tis \u00e0 la braise, arros\u00e9 de bon vin ou forces boissons fra\u00eeches, Apr\u00e8s un d\u00e9fil\u00e9 parade au coeur de la ville, le Volo Bi\u00f2u s&rsquo;envolera dans la soir\u00e9e du vendredi, en nocturne dans une apoth\u00e9ose de feu d&rsquo;artifices !<\/p>\n<p><span style=\"text-decoration: underline;\"><a href=\"https:\/\/www.volo-biou.com\/\" target=\"_blank\" rel=\"noopener noreferrer\">Retrouvez tout le programme 2017 des f\u00eates du\u00a0Volo Bio\u00f9 ici<\/a>,<\/span><\/p>\n<p>En vous souhaitant une excellente\u00a0journ\u00e9e.<\/p>\n<p>Fred<br \/>\nPour moyenagepassion.com<br \/>\n<em><strong>A la d\u00e9couverte du monde m\u00e9di\u00e9val sous toutes ses formes.<\/strong><\/em><\/p>\n","protected":false},"excerpt":{"rendered":"<p>Sujet\u00a0: f\u00eates m\u00e9di\u00e9vales, festivit\u00e9s, animation , agenda week end, sorties, \u00a0l\u00e9gende volo bio\u00f9, Lieu\u00a0: Saint-Ambroix, Gard, \u00a0Occitanie Ev\u00e9nement:\u00a0F\u00eates M\u00e9di\u00e9vales de La l\u00e9gende du Volo Bi\u00f2u Dates\u00a0:\u00a0du 12\u00a0au 14\u00a0juillet 2017 Bonjour \u00e0 tous, uand arriv\u00e9 \u00e0 la hauteur niveau de Boll\u00e8ne et de Pont-Saint-Esprit, on s&rsquo;\u00e9loigne un peu \u00e0 l&rsquo;ouest de l&rsquo;axe rhodanien pour partir du &hellip; <a href=\"https:\/\/www.moyenagepassion.com\/index.php\/2017\/07\/14\/agenda-festival-medieval-saint-ambroix-loccitane-sous-laile-du-volo-biu\/\" class=\"more-link\">Continuer la lecture de <span class=\"screen-reader-text\">Agenda festival m\u00e9di\u00e9val : Saint-Ambroix l&rsquo;occitane sous l&rsquo;aile du Volo Bi\u00f9<\/span>  <span class=\"meta-nav\">&rarr;<\/span><\/a><\/p>\n","protected":false},"author":2,"featured_media":0,"comment_status":"open","ping_status":"open","sticky":false,"template":"","format":"standard","meta":{"_monsterinsights_skip_tracking":false,"_monsterinsights_sitenote_active":false,"_monsterinsights_sitenote_note":"","_monsterinsights_sitenote_category":0,"footnotes":""},"categories":[11],"tags":[1539,2872,1780,2964,212,1233,2963,2962,189,1382,2960,22,182,1369,2596,2961],"class_list":["post-14465","post","type-post","status-publish","format-standard","hentry","category-fetes-medievales-evenement","tag-agenda-medieval","tag-agenda-week-end","tag-animations","tag-celebration-medievale","tag-compagnies-medievales","tag-festivites","tag-fetes-votives","tag-gard","tag-histoire","tag-idees-sorties","tag-legende-volo-biou","tag-medievale","tag-monde-medieval","tag-occitanie","tag-pays-de-ceze","tag-saint-ambroix"],"aioseo_notices":[],"_links":{"self":[{"href":"https:\/\/www.moyenagepassion.com\/index.php\/wp-json\/wp\/v2\/posts\/14465"}],"collection":[{"href":"https:\/\/www.moyenagepassion.com\/index.php\/wp-json\/wp\/v2\/posts"}],"about":[{"href":"https:\/\/www.moyenagepassion.com\/index.php\/wp-json\/wp\/v2\/types\/post"}],"author":[{"embeddable":true,"href":"https:\/\/www.moyenagepassion.com\/index.php\/wp-json\/wp\/v2\/users\/2"}],"replies":[{"embeddable":true,"href":"https:\/\/www.moyenagepassion.com\/index.php\/wp-json\/wp\/v2\/comments?post=14465"}],"version-history":[{"count":1,"href":"https:\/\/www.moyenagepassion.com\/index.php\/wp-json\/wp\/v2\/posts\/14465\/revisions"}],"predecessor-version":[{"id":34414,"href":"https:\/\/www.moyenagepassion.com\/index.php\/wp-json\/wp\/v2\/posts\/14465\/revisions\/34414"}],"wp:attachment":[{"href":"https:\/\/www.moyenagepassion.com\/index.php\/wp-json\/wp\/v2\/media?parent=14465"}],"wp:term":[{"taxonomy":"category","embeddable":true,"href":"https:\/\/www.moyenagepassion.com\/index.php\/wp-json\/wp\/v2\/categories?post=14465"},{"taxonomy":"post_tag","embeddable":true,"href":"https:\/\/www.moyenagepassion.com\/index.php\/wp-json\/wp\/v2\/tags?post=14465"}],"curies":[{"name":"wp","href":"https:\/\/api.w.org\/{rel}","templated":true}]}}