{"id":14584,"date":"2017-07-20T22:35:26","date_gmt":"2017-07-20T21:35:26","guid":{"rendered":"http:\/\/www.moyenagepassion.com\/?p=14584"},"modified":"2020-10-04T19:53:02","modified_gmt":"2020-10-04T18:53:02","slug":"agenda-medieval-les-fetes-historiques-de-mirepoix-en-ariege","status":"publish","type":"post","link":"https:\/\/www.moyenagepassion.com\/index.php\/2017\/07\/20\/agenda-medieval-les-fetes-historiques-de-mirepoix-en-ariege\/","title":{"rendered":"Agenda m\u00e9di\u00e9val : les f\u00eates historiques de Mirepoix en Ari\u00e8ge"},"content":{"rendered":"<div id=\"moyen-3080009878\" class=\"moyen-before-content moyen-entity-placement\"><script async src=\"\/\/pagead2.googlesyndication.com\/pagead\/js\/adsbygoogle.js?client=ca-pub-3035390706780632\" crossorigin=\"anonymous\"><\/script><ins class=\"adsbygoogle\" style=\"display:block;\" data-ad-client=\"ca-pub-3035390706780632\" \ndata-ad-slot=\"\" \ndata-ad-format=\"auto\"><\/ins>\n<script> \n(adsbygoogle = window.adsbygoogle || []).push({}); \n<\/script>\n<\/div><p><strong><img decoding=\"async\" class=\"wp-image-5120 alignleft\" src=\"https:\/\/www.moyenagepassion.com\/wp-content\/uploads\/2016\/07\/mirepoix_fetes_festivals_medievale_historiques_histoires.jpg\" alt=\"mirepoix_fetes_festivals_medievale_historiques_histoires\" width=\"146\" height=\"146\" srcset=\"https:\/\/www.moyenagepassion.com\/wp-content\/uploads\/2016\/07\/mirepoix_fetes_festivals_medievale_historiques_histoires.jpg 240w, https:\/\/www.moyenagepassion.com\/wp-content\/uploads\/2016\/07\/mirepoix_fetes_festivals_medievale_historiques_histoires-150x150.jpg 150w\" sizes=\"(max-width: 146px) 100vw, 146px\" \/>Sujet<\/strong>\u00a0: agenda, sorties historiques, f\u00eates m\u00e9di\u00e9vales, festivals, \u00e9v\u00e9nements festifs moyen-\u00e2ge, march\u00e9 m\u00e9di\u00e9val.<br \/>\n<strong>Ev\u00e9nement<\/strong> : les f\u00eates historiques 2017<br \/>\n<strong>Date<\/strong>\u00a0: du\u00a021 au \u00a024 juillet 2017<br \/>\n<strong>Lieu<\/strong>\u00a0: Mirepoix, Ari\u00e8ge, Occitanie.<\/p>\n<p>Bonjour \u00e0 tous,<\/p>\n<p style=\"text-align: justify;\"><img decoding=\"async\" class=\"alignleft size-full wp-image-36\" src=\"https:\/\/www.moyenagepassion.com\/wp-content\/uploads\/2015\/12\/C_lettrine_moyen_age_passion.jpg\" alt=\"C_lettrine_moyen_age_passion\" width=\"84\" height=\"103\" \/>omme chaque ann\u00e9e autour de la troisi\u00e8me semaine du mois de juillet, la cit\u00e9 de <em><strong>Mirepoix<\/strong> <\/em>en <em><strong>Ari\u00e8ge<\/strong><\/em> vous propose ce week-end ses f\u00eates historiques et \u00a0m\u00e9di\u00e9vales.<\/p>\n<p style=\"text-align: justify;\">A l&rsquo;habitude, c&rsquo;est l&rsquo;<em><strong>Association M.A.M.E.T.<\/strong> <\/em>qui organise ces c\u00e9l\u00e9brations 2017, comme elle le fait depuis sa date de cr\u00e9ation en 1979. On ne change pas une \u00e9quipe qui gagne, avec plus de 35 ans d&rsquo;exp\u00e9rience dans ce domaine, les b\u00e9n\u00e9voles autant que les commer\u00e7ants et acteurs locaux impliqu\u00e9s dans l&rsquo;\u00e9v\u00e9nement ont depuis longtemps fait leurs preuves.<\/p>\n<p><a href=\"https:\/\/www.moyenagepassion.com\/wp-content\/uploads\/2017\/07\/agenda_fetes_medievales_festival_historique_mirepoix_2017_ariege_.jpg\"><img decoding=\"async\" class=\"alignnone size-full wp-image-14587\" src=\"https:\/\/www.moyenagepassion.com\/wp-content\/uploads\/2017\/07\/agenda_fetes_medievales_festival_historique_mirepoix_2017_ariege_.jpg\" alt=\"agenda_fetes_medievales_festival_historique_mirepoix_2017_ariege_\" width=\"469\" height=\"652\" srcset=\"https:\/\/www.moyenagepassion.com\/wp-content\/uploads\/2017\/07\/agenda_fetes_medievales_festival_historique_mirepoix_2017_ariege_.jpg 469w, https:\/\/www.moyenagepassion.com\/wp-content\/uploads\/2017\/07\/agenda_fetes_medievales_festival_historique_mirepoix_2017_ariege_-216x300.jpg 216w\" sizes=\"(max-width: 469px) 100vw, 469px\" \/><\/a><\/p>\n<h2 style=\"text-align: justify;\">Au programme des r\u00e9jouissances<\/h2>\n<p style=\"text-align: justify;\"><a href=\"https:\/\/www.moyenagepassion.com\/wp-content\/uploads\/2015\/12\/C_lettrine_moyen_age_passion.jpg\"><img decoding=\"async\" class=\"alignleft size-full wp-image-36\" src=\"https:\/\/www.moyenagepassion.com\/wp-content\/uploads\/2015\/12\/C_lettrine_moyen_age_passion.jpg\" alt=\"C_lettrine_moyen_age_passion\" width=\"84\" height=\"103\" \/><\/a>ette ann\u00e9e, pour paraphraser Fran\u00e7ois Villon, ce sont les \u00ab\u00a0neiges d&rsquo;antan\u00a0\u00bb qui sont \u00e0 l&rsquo;honneur, soit<em><strong> les femmes c\u00e9l\u00e8bres de l&rsquo;Histoire<\/strong> <\/em>ou qui l&rsquo;ont marqu\u00e9e. Un grand d\u00e9fil\u00e9 en costumes d&rsquo;\u00e9poque leur sera d&rsquo;ailleurs enti\u00e8rement d\u00e9di\u00e9.<\/p>\n<p><strong><a href=\"https:\/\/www.moyenagepassion.com\/wp-content\/uploads\/2017\/07\/agenda_sorties_juillet_fetes_historiques_medievales_mirepoix_2017_ariege_occitanie.jpg\"><img decoding=\"async\" class=\" wp-image-14596 alignright\" src=\"https:\/\/www.moyenagepassion.com\/wp-content\/uploads\/2017\/07\/agenda_sorties_juillet_fetes_historiques_medievales_mirepoix_2017_ariege_occitanie.jpg\" alt=\"agenda_sorties_juillet_fetes_historiques_medievales_mirepoix_2017_ariege_occitanie\" width=\"178\" height=\"318\" srcset=\"https:\/\/www.moyenagepassion.com\/wp-content\/uploads\/2017\/07\/agenda_sorties_juillet_fetes_historiques_medievales_mirepoix_2017_ariege_occitanie.jpg 226w, https:\/\/www.moyenagepassion.com\/wp-content\/uploads\/2017\/07\/agenda_sorties_juillet_fetes_historiques_medievales_mirepoix_2017_ariege_occitanie-168x300.jpg 168w\" sizes=\"(max-width: 178px) 100vw, 178px\" \/><\/a>Compagnies pr\u00e9sentes pour l&rsquo;animation musicale et spectacle<br \/>\n<\/strong>(hors animations pr\u00e9vues par les b\u00e9n\u00e9voles et acteurs locaux)<\/p>\n<p style=\"text-align: justify;\"><span style=\"color: #008000;\"><em>Le Mat du Perroquet &#8211; Le club d&rsquo;Escrime Chaurien &#8211; Les tanneurs du Drac &#8211; Les Jouet d&rsquo;Oc &#8211; Cie Sikinis &#8211; Cie Le Mascaret de Riols &#8211; The Bawling Cats &#8211; Jovial Guiguinche &#8211; La passion Cathare\u00a0<\/em><\/span><\/p>\n<p style=\"text-align: justify;\">March\u00e9 artisanal, camp m\u00e9di\u00e9val, animations musicales, th\u00e9\u00e2trales et festives en continue dans les rues de la ville durant ces quatre jours et jusqu&rsquo;\u00e0 la nuit tomb\u00e9e, il y aura encore,\u00a0en plus des bals nocturnes, des spectacles de feu et m\u00eame un op\u00e9ra rock sur le th\u00e8me de la Passion Cathare, le vendredi soir.<\/p>\n<p style=\"text-align: justify;\"><a href=\"https:\/\/www.moyenagepassion.com\/wp-content\/uploads\/2017\/07\/agenda_juillet_fetes_historiques_medievales_mirepoix_2017_ariege_occitanie.jpg\"><img decoding=\"async\" class=\"alignnone size-full wp-image-14591\" src=\"https:\/\/www.moyenagepassion.com\/wp-content\/uploads\/2017\/07\/agenda_juillet_fetes_historiques_medievales_mirepoix_2017_ariege_occitanie.jpg\" alt=\"agenda_juillet_fetes_historiques_medievales_mirepoix_2017_ariege_occitanie\" width=\"585\" height=\"453\" srcset=\"https:\/\/www.moyenagepassion.com\/wp-content\/uploads\/2017\/07\/agenda_juillet_fetes_historiques_medievales_mirepoix_2017_ariege_occitanie.jpg 585w, https:\/\/www.moyenagepassion.com\/wp-content\/uploads\/2017\/07\/agenda_juillet_fetes_historiques_medievales_mirepoix_2017_ariege_occitanie-300x232.jpg 300w\" sizes=\"(max-width: 585px) 100vw, 585px\" \/><\/a><\/p>\n<p style=\"text-align: justify;\">Voir le programme sur <a href=\"https:\/\/www.facebook.com\/medievales.mirepoix\" target=\"_blank\" rel=\"noopener noreferrer\">la page Facebook des m\u00e9di\u00e9vales de Mirepoix<\/a>.<\/p>\n<p style=\"text-align: justify;\">A l&rsquo;occasion des m\u00e9di\u00e9vales\u00a0pr\u00e9c\u00e9dentes nous avions d\u00e9j\u00e0 d\u00e9di\u00e9 ici un long <a href=\"https:\/\/www.moyenagepassion.com\/index.php\/2016\/07\/21\/mirepoix-cinq-jours-de-fetes-medievales-au-coeur-de-lariege-et-sur-la-route-des-cathares\/\" target=\"_blank\" rel=\"noopener noreferrer\">article sur le patrimoine et \u00e0 l&rsquo;histoire de Mirepoix<\/a>. Vous pouvez valablement le consulter pour en savoir plus.<\/p>\n<p>En vous souhaitant une tr\u00e8s belle journ\u00e9e et une belle fin de semaine puisqu&rsquo;elle est en approche.<br \/>\nFred<\/p>\n<p>Pour moyenagepassion.com<br \/>\n<em><strong>A la d\u00e9couverte du monde m\u00e9di\u00e9val sous toutes ses formes<\/strong><\/em><\/p>\n","protected":false},"excerpt":{"rendered":"<p>Sujet\u00a0: agenda, sorties historiques, f\u00eates m\u00e9di\u00e9vales, festivals, \u00e9v\u00e9nements festifs moyen-\u00e2ge, march\u00e9 m\u00e9di\u00e9val. Ev\u00e9nement : les f\u00eates historiques 2017 Date\u00a0: du\u00a021 au \u00a024 juillet 2017 Lieu\u00a0: Mirepoix, Ari\u00e8ge, Occitanie. Bonjour \u00e0 tous, omme chaque ann\u00e9e autour de la troisi\u00e8me semaine du mois de juillet, la cit\u00e9 de Mirepoix en Ari\u00e8ge vous propose ce week-end ses f\u00eates &hellip; <a href=\"https:\/\/www.moyenagepassion.com\/index.php\/2017\/07\/20\/agenda-medieval-les-fetes-historiques-de-mirepoix-en-ariege\/\" class=\"more-link\">Continuer la lecture de <span class=\"screen-reader-text\">Agenda m\u00e9di\u00e9val : les f\u00eates historiques de Mirepoix en Ari\u00e8ge<\/span>  <span class=\"meta-nav\">&rarr;<\/span><\/a><\/p>\n","protected":false},"author":2,"featured_media":0,"comment_status":"open","ping_status":"open","sticky":false,"template":"","format":"standard","meta":{"_monsterinsights_skip_tracking":false,"_monsterinsights_sitenote_active":false,"_monsterinsights_sitenote_note":"","_monsterinsights_sitenote_category":0,"footnotes":""},"categories":[11],"tags":[1539,1350,136,1339,22,2895,1338,182,1369,2772],"class_list":["post-14584","post","type-post","status-publish","format-standard","hentry","category-fetes-medievales-evenement","tag-agenda-medieval","tag-ariege","tag-festival","tag-fetes-historiques","tag-medievale","tag-medievalisme","tag-mirepoix","tag-monde-medieval","tag-occitanie","tag-sorties-historiques"],"aioseo_notices":[],"_links":{"self":[{"href":"https:\/\/www.moyenagepassion.com\/index.php\/wp-json\/wp\/v2\/posts\/14584"}],"collection":[{"href":"https:\/\/www.moyenagepassion.com\/index.php\/wp-json\/wp\/v2\/posts"}],"about":[{"href":"https:\/\/www.moyenagepassion.com\/index.php\/wp-json\/wp\/v2\/types\/post"}],"author":[{"embeddable":true,"href":"https:\/\/www.moyenagepassion.com\/index.php\/wp-json\/wp\/v2\/users\/2"}],"replies":[{"embeddable":true,"href":"https:\/\/www.moyenagepassion.com\/index.php\/wp-json\/wp\/v2\/comments?post=14584"}],"version-history":[{"count":1,"href":"https:\/\/www.moyenagepassion.com\/index.php\/wp-json\/wp\/v2\/posts\/14584\/revisions"}],"predecessor-version":[{"id":34410,"href":"https:\/\/www.moyenagepassion.com\/index.php\/wp-json\/wp\/v2\/posts\/14584\/revisions\/34410"}],"wp:attachment":[{"href":"https:\/\/www.moyenagepassion.com\/index.php\/wp-json\/wp\/v2\/media?parent=14584"}],"wp:term":[{"taxonomy":"category","embeddable":true,"href":"https:\/\/www.moyenagepassion.com\/index.php\/wp-json\/wp\/v2\/categories?post=14584"},{"taxonomy":"post_tag","embeddable":true,"href":"https:\/\/www.moyenagepassion.com\/index.php\/wp-json\/wp\/v2\/tags?post=14584"}],"curies":[{"name":"wp","href":"https:\/\/api.w.org\/{rel}","templated":true}]}}