{"id":14787,"date":"2017-08-02T06:07:48","date_gmt":"2017-08-02T05:07:48","guid":{"rendered":"http:\/\/www.moyenagepassion.com\/?p=14787"},"modified":"2020-10-04T19:52:49","modified_gmt":"2020-10-04T18:52:49","slug":"villon-fragments-poetiques-priere","status":"publish","type":"post","link":"https:\/\/www.moyenagepassion.com\/index.php\/2017\/08\/02\/villon-fragments-poetiques-priere\/","title":{"rendered":"Villon, fragments po\u00e9tiques et pri\u00e8re du grand testament"},"content":{"rendered":"<div id=\"moyen-400729903\" class=\"moyen-before-content moyen-entity-placement\"><script async src=\"\/\/pagead2.googlesyndication.com\/pagead\/js\/adsbygoogle.js?client=ca-pub-3035390706780632\" crossorigin=\"anonymous\"><\/script><ins class=\"adsbygoogle\" style=\"display:block;\" data-ad-client=\"ca-pub-3035390706780632\" \ndata-ad-slot=\"\" \ndata-ad-format=\"auto\"><\/ins>\n<script> \n(adsbygoogle = window.adsbygoogle || []).push({}); \n<\/script>\n<\/div><p><strong><a href=\"https:\/\/www.moyenagepassion.com\/wp-content\/uploads\/2016\/07\/poesie_medievale_epitaphe_villon_ballade_pendu_erik_satie_lecture_audio.jpg\"><img decoding=\"async\" class=\"wp-image-5298 alignleft\" src=\"https:\/\/www.moyenagepassion.com\/wp-content\/uploads\/2016\/07\/poesie_medievale_epitaphe_villon_ballade_pendu_erik_satie_lecture_audio.jpg\" alt=\"poesie_medievale_epitaphe_villon_ballade_pendu_erik_satie_lecture_audio\" width=\"118\" height=\"147\" \/><\/a>Sujet<\/strong>\u00a0: po\u00e9sie m\u00e9di\u00e9vale, po\u00e9sie r\u00e9aliste, auteur m\u00e9di\u00e9val. mort, extrait, pri\u00e8re, po\u00e8mes mystiques.<br \/>\n<strong>Auteur<\/strong>\u00a0: Fran\u00e7ois Villon\u00a0(1431-?1463)<br \/>\n<strong>P\u00e9riode<\/strong>\u00a0: moyen-\u00e2ge tardif, XVe si\u00e8cle.<br \/>\n<strong>Ouvrage<\/strong><em><strong>\u00a0:<\/strong>\u00a0e<\/em>xtrait du grand Testament.<\/p>\n<p>Bonjour \u00e0 tous,<\/p>\n<p style=\"text-align: justify;\"><img decoding=\"async\" class=\"alignleft size-full wp-image-201\" src=\"https:\/\/www.moyenagepassion.com\/wp-content\/uploads\/2015\/12\/B_lettrine_moyen_age_passion.jpg\" alt=\"B_lettrine_moyen_age_passion\" width=\"84\" height=\"103\" \/>ien qu&rsquo;il serait sans doute plus simple de publier, d&rsquo;un coup d&rsquo;un seul, toute l&rsquo;oeuvre po\u00e9tique de <em><strong>Fran\u00e7ois Villon<\/strong><\/em> ou m\u00eame tout <em><strong>le<\/strong> <strong>Grand testament<\/strong><\/em> puisque c&rsquo;est ce dont il s&rsquo;agit ici, sa publication par fragments ou extraits offre l&rsquo;avantage de prendre toute la mesure\u00a0de la force et la\u00a0beaut\u00e9 du verbe de ce po\u00e8te m\u00e9di\u00e9val \u00e0 nul autre pareil.<\/p>\n<p><a href=\"https:\/\/www.moyenagepassion.com\/wp-content\/uploads\/2017\/06\/deco_frise.jpg\"><img decoding=\"async\" class=\"alignnone size-full wp-image-13632\" src=\"https:\/\/www.moyenagepassion.com\/wp-content\/uploads\/2017\/06\/deco_frise.jpg\" alt=\"deco_frise\" width=\"500\" height=\"76\" srcset=\"https:\/\/www.moyenagepassion.com\/wp-content\/uploads\/2017\/06\/deco_frise.jpg 500w, https:\/\/www.moyenagepassion.com\/wp-content\/uploads\/2017\/06\/deco_frise-300x46.jpg 300w\" sizes=\"(max-width: 500px) 100vw, 500px\" \/><\/a><\/p>\n<p style=\"text-align: center;\"><span style=\"color: #008000;\"><em><strong>\u00ab\u00a0Si prie au beno\u00eet Fils de Dieu,<\/strong><\/em><\/span><br \/>\n<span style=\"color: #008000;\"> <em><strong> Qu\u2019\u00e0 tous mes besoins je r\u00e9clame,<\/strong><\/em><\/span><br \/>\n<span style=\"color: #008000;\"> <em><strong> Que ma pauvre pri\u00e8re ait lieu<\/strong><\/em><\/span><br \/>\n<span style=\"color: #008000;\"> <em><strong> Vers lui, de qui tiens corps et \u00e2me,<\/strong><\/em><\/span><br \/>\n<span style=\"color: #008000;\"> <em><strong> Qui m\u2019a pr\u00e9serv\u00e9 de maint bl\u00e2me<\/strong><\/em><\/span><br \/>\n<span style=\"color: #008000;\"> <em><strong> Et franchi de vile puissance.<\/strong><\/em><\/span><br \/>\n<span style=\"color: #008000;\"> <em><strong> Lou\u00e9 soit-il, et Notre Dame,<\/strong><\/em><\/span><br \/>\n<span style=\"color: #008000;\"> <em><strong> Et Louis, le bon roi de France !\u00a0\u00bb<\/strong><\/em><\/span><\/p>\n<p><a href=\"https:\/\/www.moyenagepassion.com\/wp-content\/uploads\/2017\/06\/deco_frise.jpg\"><img decoding=\"async\" class=\"alignnone size-full wp-image-13632\" src=\"https:\/\/www.moyenagepassion.com\/wp-content\/uploads\/2017\/06\/deco_frise.jpg\" alt=\"deco_frise\" width=\"500\" height=\"76\" srcset=\"https:\/\/www.moyenagepassion.com\/wp-content\/uploads\/2017\/06\/deco_frise.jpg 500w, https:\/\/www.moyenagepassion.com\/wp-content\/uploads\/2017\/06\/deco_frise-300x46.jpg 300w\" sizes=\"(max-width: 500px) 100vw, 500px\" \/><\/a><\/p>\n<p style=\"text-align: justify;\">Bien s\u00fbr, le drame qui sous-tend de nombreux passages du grand testament et tout le d\u00e9sespoir qu&rsquo;ils portent viennent encore lui donner ce regain de puissance qui font de ce texte un pi\u00e8ce unique et si particuli\u00e8re dans l&rsquo;histoire de la po\u00e9sie m\u00e9di\u00e9vale \u00a0fran\u00e7aise.<\/p>\n<p style=\"text-align: justify;\"><a href=\"https:\/\/www.moyenagepassion.com\/wp-content\/uploads\/2017\/08\/poesie_auteur_medieval_francois_villon_prison_priere_mort_moyen-age_tardif.jpg\"><img decoding=\"async\" class=\"aligncenter wp-image-14789 size-full\" src=\"https:\/\/www.moyenagepassion.com\/wp-content\/uploads\/2017\/08\/poesie_auteur_medieval_francois_villon_prison_priere_mort_moyen-age_tardif.jpg\" alt=\"poesie_auteur_medieval_francois_villon_prison_priere_mort_moyen-age_tardif\" width=\"800\" height=\"529\" srcset=\"https:\/\/www.moyenagepassion.com\/wp-content\/uploads\/2017\/08\/poesie_auteur_medieval_francois_villon_prison_priere_mort_moyen-age_tardif.jpg 800w, https:\/\/www.moyenagepassion.com\/wp-content\/uploads\/2017\/08\/poesie_auteur_medieval_francois_villon_prison_priere_mort_moyen-age_tardif-300x198.jpg 300w\" sizes=\"(max-width: 800px) 100vw, 800px\" \/><\/a><\/p>\n<p style=\"text-align: justify;\">Du fond de cette <a href=\"https:\/\/www.moyenagepassion.com\/index.php\/2016\/05\/30\/lay-de-francois-villon-au-retour-de-prison\/\" target=\"_blank\" rel=\"noopener noreferrer\">prison froide et hostile<\/a>, soumis \u00e0 la torture, <em><strong>Villon<\/strong> <\/em>le mauvais gar\u00e7on repenti, l&rsquo;homme, le po\u00e8te et le croyant sont tous \u00e0 la fois r\u00e9unis\u00a0dans un\u00a0cri et presque d\u00e9j\u00e0 morts. Contre toute attente et par la gr\u00e2ce d&rsquo;un roi, l&rsquo;auteur m\u00e9di\u00e9val ne rencontrera pourtant pas son destin dans cette ge\u00f4le et elle\u00a0ne lui sera pas fatale, mais il en r\u00e9sultera son\u00a0plus grand legs po\u00e9tique, un h\u00e9ritage\u00a0empreint \u00e0 jamais de peur, de repentir, de souffrance et de mysticisme profond.<\/p>\n<h2><strong><span style=\"color: #333333;\">Lectures\u00a0po\u00e9tiques, fragments: extrait du Grand testament par Gilbert Robin<\/span><\/strong><\/h2>\n<p><iframe src=\"https:\/\/www.youtube.com\/embed\/Uku5U6NbLXw\" width=\"600\" height=\"333\" frameborder=\"0\" allowfullscreen=\"allowfullscreen\"><\/iframe><\/p>\n<p style=\"text-align: justify;\"><img decoding=\"async\" class=\"alignleft size-full wp-image-148\" src=\"https:\/\/www.moyenagepassion.com\/wp-content\/uploads\/2015\/12\/E_lettrine_moyen_age_passion.jpg\" alt=\"E_lettrine_moyen_age_passion\" width=\"84\" height=\"103\" \/>n 1962, la <em><strong>Biblioth\u00e8que Nationale de France,<\/strong><\/em> en collaboration avec le label <em><strong>Believe digital,<\/strong><\/em> proposaient \u00e0 la distribution un disque \u00a0dans lequel on pouvait retrouver des <a href=\"https:\/\/www.moyenagepassion.com\/wp-content\/uploads\/2017\/08\/lecture_poetique_gilbert_robin_villon_grand_testament_poesie_medievale.jpg\"><img decoding=\"async\" class=\"wp-image-14797 alignright\" src=\"https:\/\/www.moyenagepassion.com\/wp-content\/uploads\/2017\/08\/lecture_poetique_gilbert_robin_villon_grand_testament_poesie_medievale.jpg\" alt=\"lecture_poetique_gilbert_robin_villon_grand_testament_poesie_medievale\" width=\"90\" height=\"130\" \/><\/a><em><strong>po\u00e8mes mystiques<\/strong><\/em>\u00a0choisis de <em><strong>Fran\u00e7ois Villon<\/strong><\/em>, lus par divers com\u00e9diens, sur une mise en musique de l&rsquo;<em><strong>Ensemble Guillaume-Dufay<\/strong><\/em>. L&rsquo;extrait ci-dessus, lu par le com\u00e9dien <em><strong>Gilbert Robin<\/strong><\/em> <span style=\"color: #999999;\">(portrait ci-contre)<\/span> est tir\u00e9 de ce disque.<\/p>\n<p style=\"text-align: justify;\"><img decoding=\"async\" class=\"wp-image-14791 size-full aligncenter\" src=\"https:\/\/www.moyenagepassion.com\/wp-content\/uploads\/2017\/08\/lecture_poesie_medievale_francois_villon_grand_testament_bnf.jpg\" alt=\"lecture_poesie_medievale_francois_villon_grand_testament_bnf\" width=\"416\" height=\"327\" srcset=\"https:\/\/www.moyenagepassion.com\/wp-content\/uploads\/2017\/08\/lecture_poesie_medievale_francois_villon_grand_testament_bnf.jpg 416w, https:\/\/www.moyenagepassion.com\/wp-content\/uploads\/2017\/08\/lecture_poesie_medievale_francois_villon_grand_testament_bnf-300x236.jpg 300w\" sizes=\"(max-width: 416px) 100vw, 416px\" \/><\/p>\n<p><span style=\"color: #008000;\"><em><strong> \u00a0<\/strong><\/em><\/span>En vous souhaitant une tr\u00e8s belle journ\u00e9e.<br \/>\nFred<\/p>\n<p>Pour moyenagepassion.com<br \/>\n<em><strong>A la d\u00e9couverte du moyen-\u00e2ge sous toutes ses formes.<\/strong><\/em><\/p>\n","protected":false},"excerpt":{"rendered":"<p>Sujet\u00a0: po\u00e9sie m\u00e9di\u00e9vale, po\u00e9sie r\u00e9aliste, auteur m\u00e9di\u00e9val. mort, extrait, pri\u00e8re, po\u00e8mes mystiques. Auteur\u00a0: Fran\u00e7ois Villon\u00a0(1431-?1463) P\u00e9riode\u00a0: moyen-\u00e2ge tardif, XVe si\u00e8cle. Ouvrage\u00a0:\u00a0extrait du grand Testament. Bonjour \u00e0 tous, ien qu&rsquo;il serait sans doute plus simple de publier, d&rsquo;un coup d&rsquo;un seul, toute l&rsquo;oeuvre po\u00e9tique de Fran\u00e7ois Villon ou m\u00eame tout le Grand testament puisque c&rsquo;est ce &hellip; <a href=\"https:\/\/www.moyenagepassion.com\/index.php\/2017\/08\/02\/villon-fragments-poetiques-priere\/\" class=\"more-link\">Continuer la lecture de <span class=\"screen-reader-text\">Villon, fragments po\u00e9tiques et pri\u00e8re du grand testament<\/span>  <span class=\"meta-nav\">&rarr;<\/span><\/a><\/p>\n","protected":false},"author":2,"featured_media":0,"comment_status":"open","ping_status":"open","sticky":false,"template":"","format":"standard","meta":{"_monsterinsights_skip_tracking":false,"_monsterinsights_sitenote_active":false,"_monsterinsights_sitenote_note":"","_monsterinsights_sitenote_category":0,"footnotes":""},"categories":[1318,9],"tags":[728,1634,77,2785,22,18,677,913,94,3004,80,615,1065,622,1063,777],"class_list":["post-14787","post","type-post","status-publish","format-standard","hentry","category-francois-villon","category-musique-medieval-historique-fantaisie-celtique","tag-auteur-medieval","tag-extrait","tag-francois-villon","tag-grand-testament","tag-medievale","tag-moyen-age","tag-moyen-age-chretien","tag-moyen-age-tardif","tag-mystique-chretienne","tag-poemes-mystiques","tag-poesie","tag-poesie-medievale","tag-poesie-realiste","tag-poete-medieval","tag-priere","tag-villon"],"aioseo_notices":[],"_links":{"self":[{"href":"https:\/\/www.moyenagepassion.com\/index.php\/wp-json\/wp\/v2\/posts\/14787"}],"collection":[{"href":"https:\/\/www.moyenagepassion.com\/index.php\/wp-json\/wp\/v2\/posts"}],"about":[{"href":"https:\/\/www.moyenagepassion.com\/index.php\/wp-json\/wp\/v2\/types\/post"}],"author":[{"embeddable":true,"href":"https:\/\/www.moyenagepassion.com\/index.php\/wp-json\/wp\/v2\/users\/2"}],"replies":[{"embeddable":true,"href":"https:\/\/www.moyenagepassion.com\/index.php\/wp-json\/wp\/v2\/comments?post=14787"}],"version-history":[{"count":1,"href":"https:\/\/www.moyenagepassion.com\/index.php\/wp-json\/wp\/v2\/posts\/14787\/revisions"}],"predecessor-version":[{"id":34407,"href":"https:\/\/www.moyenagepassion.com\/index.php\/wp-json\/wp\/v2\/posts\/14787\/revisions\/34407"}],"wp:attachment":[{"href":"https:\/\/www.moyenagepassion.com\/index.php\/wp-json\/wp\/v2\/media?parent=14787"}],"wp:term":[{"taxonomy":"category","embeddable":true,"href":"https:\/\/www.moyenagepassion.com\/index.php\/wp-json\/wp\/v2\/categories?post=14787"},{"taxonomy":"post_tag","embeddable":true,"href":"https:\/\/www.moyenagepassion.com\/index.php\/wp-json\/wp\/v2\/tags?post=14787"}],"curies":[{"name":"wp","href":"https:\/\/api.w.org\/{rel}","templated":true}]}}