{"id":15097,"date":"2017-08-24T18:55:44","date_gmt":"2017-08-24T17:55:44","guid":{"rendered":"http:\/\/www.moyenagepassion.com\/?p=15097"},"modified":"2025-08-20T22:02:49","modified_gmt":"2025-08-20T21:02:49","slug":"saint-louis-revient-a-aigues-mortes-pour-la-32e-edition-dune-grande-fete-medievale","status":"publish","type":"post","link":"https:\/\/www.moyenagepassion.com\/index.php\/2017\/08\/24\/saint-louis-revient-a-aigues-mortes-pour-la-32e-edition-dune-grande-fete-medievale\/","title":{"rendered":"Saint Louis revient \u00e0 Aigues-Mortes pour la 32e \u00e9dition d&rsquo;une grande f\u00eate m\u00e9di\u00e9vale"},"content":{"rendered":"<div id=\"moyen-3912143765\" class=\"moyen-before-content moyen-entity-placement\"><script async src=\"\/\/pagead2.googlesyndication.com\/pagead\/js\/adsbygoogle.js?client=ca-pub-3035390706780632\" crossorigin=\"anonymous\"><\/script><ins class=\"adsbygoogle\" style=\"display:block;\" data-ad-client=\"ca-pub-3035390706780632\" \ndata-ad-slot=\"\" \ndata-ad-format=\"auto\"><\/ins>\n<script> \n(adsbygoogle = window.adsbygoogle || []).push({}); \n<\/script>\n<\/div><p><strong><a href=\"https:\/\/www.moyenagepassion.com\/wp-content\/uploads\/2016\/08\/heraldique_aigues_mortes_camargues_ville_medievale_saint_martin.jpg\"><img decoding=\"async\" class=\"alignleft wp-image-5908\" src=\"https:\/\/www.moyenagepassion.com\/wp-content\/uploads\/2016\/08\/heraldique_aigues_mortes_camargues_ville_medievale_saint_martin-300x296.jpg\" alt=\"heraldique_aigues_mortes_camargues_ville_medievale_saint_martin\" width=\"165\" height=\"163\" srcset=\"https:\/\/www.moyenagepassion.com\/wp-content\/uploads\/2016\/08\/heraldique_aigues_mortes_camargues_ville_medievale_saint_martin-300x296.jpg 300w, https:\/\/www.moyenagepassion.com\/wp-content\/uploads\/2016\/08\/heraldique_aigues_mortes_camargues_ville_medievale_saint_martin.jpg 566w\" sizes=\"(max-width: 165px) 100vw, 165px\" \/><\/a>Sujet<\/strong>\u00a0: f\u00eates, animations m\u00e9di\u00e9vales, Saint-Louis, festival, sortie \u00a0historique, compagnies m\u00e9di\u00e9vales, cit\u00e9 m\u00e9di\u00e9vale.<br \/>\n<strong>Ev\u00e9nement<\/strong>\u00a0: 32e f\u00eate de la Saint-Louis,<br \/>\n<strong>P\u00e9riode<\/strong> : Moyen \u00c2ge central, XIIIe si\u00e8cle.<br \/>\n<strong>Lieu<\/strong>\u00a0: Aigues-Mortes (Camargue, Gard)<br \/>\n<strong>Dates<\/strong>: Samedi 26 et\u00a0dimanche 27 ao\u00fbt 2017<\/p>\n<p>Bonjour \u00e0 tous,<\/p>\n<p style=\"text-align: justify;\"><img decoding=\"async\" class=\"alignleft size-full wp-image-162\" src=\"https:\/\/www.moyenagepassion.com\/wp-content\/uploads\/2015\/12\/N_lettrine_moyen_age_passion.jpg\" alt=\"N_lettrine_moyen_age_passion\" width=\"84\" height=\"103\" \/>ous avions d\u00e9di\u00e9 un long article \u00e0 l&rsquo;\u00e9dition pr\u00e9c\u00e9dente et voil\u00e0 qu&rsquo;elle revient la grande f\u00eate que la cit\u00e9 m\u00e9di\u00e9vale d&rsquo;<em><strong>Aigues-Mortes<\/strong><\/em> d\u00e9die, chaque ann\u00e9e depuis plus de trente ans, \u00e0 son bienfaiteur : le Roi Saint Louis.<\/p>\n<p style=\"text-align: justify;\"><a href=\"https:\/\/www.moyenagepassion.com\/wp-content\/uploads\/2017\/08\/fete_animation_medievale_saint-Louis_Aigues-Mortes_gard_camargues_festival_historique.jpg\"><img decoding=\"async\" class=\"alignright wp-image-15099\" src=\"https:\/\/www.moyenagepassion.com\/wp-content\/uploads\/2017\/08\/fete_animation_medievale_saint-Louis_Aigues-Mortes_gard_camargues_festival_historique.jpg\" alt=\"fete_animation_medievale_saint-Louis_Aigues-Mortes_gard_camargues_festival_historique\" width=\"244\" height=\"355\" srcset=\"https:\/\/www.moyenagepassion.com\/wp-content\/uploads\/2017\/08\/fete_animation_medievale_saint-Louis_Aigues-Mortes_gard_camargues_festival_historique.jpg 750w, https:\/\/www.moyenagepassion.com\/wp-content\/uploads\/2017\/08\/fete_animation_medievale_saint-Louis_Aigues-Mortes_gard_camargues_festival_historique-206x300.jpg 206w, https:\/\/www.moyenagepassion.com\/wp-content\/uploads\/2017\/08\/fete_animation_medievale_saint-Louis_Aigues-Mortes_gard_camargues_festival_historique-704x1024.jpg 704w\" sizes=\"(max-width: 244px) 100vw, 244px\" \/><\/a>Dans le courant du XIIIe si\u00e8cle, le souverain infl\u00e9chit, en effet, \u00e0 jamais le\u00a0destin de ce site naturel unique pour en faire un grand\u00a0port de d\u00e9part vers le Sud, vers l&rsquo;aventure et plus que tout vers les croisades. Marseille n&rsquo;\u00e9tait alors pas \u00e0 la main de Louis IX et il fallait bien qu&rsquo;une ouverture sur la mer fut cr\u00e9\u00e9e pour servir la couronne et ses ambitions sans doute autant \u00e9conomiques que religieuses.<\/p>\n<p style=\"text-align: justify;\">Au passage, si vous aviez manqu\u00e9 l&rsquo;<a href=\"https:\/\/www.moyenagepassion.com\/index.php\/2016\/08\/26\/celebration-et-festivites-medievales-aigues-mortes-fete-saint-louis\/\" target=\"_blank\" rel=\"noopener noreferrer\">article sur l&rsquo;Histoire m\u00e9di\u00e9vale de la cit\u00e9 d&rsquo;Aigues-Mortes, <span style=\"text-decoration: underline;\">tout se trouve ici<\/span><\/a>.<\/p>\n<h2>Au programme des F\u00eates de la Saint-Louis<\/h2>\n<p style=\"text-align: justify;\">Il s&rsquo;agit l\u00e0 de la 32e f\u00eate de la Saint-Louis organis\u00e9e et propos\u00e9e par la belle <em><strong>Aigues-Mortes<\/strong><\/em>.\u00a0Comme pour chaque \u00e9dition, les d\u00e9files historiques et parades d\u00e9ambulatoires auront une belle part dans l&rsquo;\u00e9v\u00e9nement, de la remise des cl\u00e9s de la ville au roi\u00a0Saint-Louis, \u00e0 son d\u00e9part pour une\u00a0derni\u00e8re croisade dont il ne revint pas vivant. Mais s&rsquo;ils ponctueront l&rsquo;\u00e9v\u00e9nement comme des temps forts, de l&rsquo;ouverture jusqu&rsquo;\u00e0 la fermeture dans un grand <a href=\"https:\/\/www.moyenagepassion.com\/wp-content\/uploads\/2017\/08\/fete_medievale_saint_louis_aigues_mortes_agenda_sortie_moyen-age_festival_historique.jpg\"><img decoding=\"async\" class=\"alignleft wp-image-15110\" src=\"https:\/\/www.moyenagepassion.com\/wp-content\/uploads\/2017\/08\/fete_medievale_saint_louis_aigues_mortes_agenda_sortie_moyen-age_festival_historique.jpg\" alt=\"fete_medievale_saint_louis_aigues_mortes_agenda_sortie_moyen-age_festival_historique\" width=\"244\" height=\"396\" srcset=\"https:\/\/www.moyenagepassion.com\/wp-content\/uploads\/2017\/08\/fete_medievale_saint_louis_aigues_mortes_agenda_sortie_moyen-age_festival_historique.jpg 497w, https:\/\/www.moyenagepassion.com\/wp-content\/uploads\/2017\/08\/fete_medievale_saint_louis_aigues_mortes_agenda_sortie_moyen-age_festival_historique-185x300.jpg 185w\" sizes=\"(max-width: 244px) 100vw, 244px\" \/><\/a>spectacle pyrotechnique et symphonique, ces d\u00e9fil\u00e9s ne seront pas seuls de la f\u00eate et il faudra encore compter avec de nombreuses animations permanentes dans les rues de la cit\u00e9, tout au long de ces deux jours.<\/p>\n<p style=\"text-align: left;\"><strong>Compagnies m\u00e9di\u00e9vales pr\u00e9sentes sur site<\/strong><\/p>\n<p style=\"text-align: justify;\"><span style=\"color: #008000;\"><em>La Dame des Aigues &#8211; la Guilde de la Grenouille &#8211; Chevalier d&rsquo;Aigues &#8211; Gruppo Storico Sbandieratori Fonovo &#8211; Turba Musica &#8211; Ventouresco &#8211; Jean Charles Andrieux &#8211; Les Hospitaliers de Terre d&rsquo;Oc &#8211; Les blancs Manteaux &#8211; Gamela Nostra &#8211; La ferme Kreninger &#8211; Les Gueux de Volonne &#8211; Cie Merces &#8211; Cie de la Nouvelle Cigale &#8211; Les Djinjols &#8211; Osco &#8211; Douves et Donjons<\/em><\/span><\/p>\n<p style=\"text-align: justify;\"><a href=\"https:\/\/www.moyenagepassion.com\/wp-content\/uploads\/2017\/08\/fete_medievale_saint_louis_aigues_mortes_festival_historique_depart_croisade.jpg\"><img decoding=\"async\" class=\"alignnone size-full wp-image-15106\" src=\"https:\/\/www.moyenagepassion.com\/wp-content\/uploads\/2017\/08\/fete_medievale_saint_louis_aigues_mortes_festival_historique_depart_croisade.jpg\" alt=\"fete_medievale_saint_louis_aigues_mortes_festival_historique_depart_croisade\" width=\"718\" height=\"554\" srcset=\"https:\/\/www.moyenagepassion.com\/wp-content\/uploads\/2017\/08\/fete_medievale_saint_louis_aigues_mortes_festival_historique_depart_croisade.jpg 718w, https:\/\/www.moyenagepassion.com\/wp-content\/uploads\/2017\/08\/fete_medievale_saint_louis_aigues_mortes_festival_historique_depart_croisade-300x231.jpg 300w\" sizes=\"(max-width: 718px) 100vw, 718px\" \/><\/a><\/p>\n<p style=\"text-align: justify;\">Grand march\u00e9 m\u00e9di\u00e9val \u00e0 l&rsquo;ombre des remparts, camps m\u00e9di\u00e9vaux reconstituant sous vos yeux artisanat et savoir-faire du Moyen \u00c2ge (cuisine, \u00e9tuves et hygi\u00e8ne, calligraphie, tissages, etc&#8230;), mais aussi combats \u00e0 l&rsquo;ancienne, \u00e0 l&rsquo;\u00e9p\u00e9e ou \u00e0 l&rsquo;arc, il y aura \u00e9galement, dans les rues de la ville, force bateleurs, troubadours et musiciens pour se joindre \u00e0 la f\u00eate. Dans les temps forts, il faudra encore compter sur un tournoi de chevalerie, men\u00e9 par les <span style=\"color: #008000;\"><em>Cavaliers Voltigeurs de France<\/em><\/span>, mais aussi des pi\u00e8ces de th\u00e9\u00e2tre m\u00e9di\u00e9vales avec la <a href=\"https:\/\/www.moyenagepassion.com\/wp-content\/uploads\/2017\/08\/fete_medievale_saint_louis_aigues_mortes_agenda_festival_sorties_historiques.jpg\"><img decoding=\"async\" class=\"wp-image-15108 alignright\" src=\"https:\/\/www.moyenagepassion.com\/wp-content\/uploads\/2017\/08\/fete_medievale_saint_louis_aigues_mortes_agenda_festival_sorties_historiques.jpg\" alt=\"fete_medievale_saint_louis_aigues_mortes_agenda_festival_sorties_historiques\" width=\"231\" height=\"375\" srcset=\"https:\/\/www.moyenagepassion.com\/wp-content\/uploads\/2017\/08\/fete_medievale_saint_louis_aigues_mortes_agenda_festival_sorties_historiques.jpg 497w, https:\/\/www.moyenagepassion.com\/wp-content\/uploads\/2017\/08\/fete_medievale_saint_louis_aigues_mortes_agenda_festival_sorties_historiques-185x300.jpg 185w\" sizes=\"(max-width: 231px) 100vw, 231px\" \/><\/a><span style=\"color: #008000;\"><em>Compagnie La nouvelle Cigale.\u00a0<\/em><\/span><\/p>\n<p style=\"text-align: justify;\"><a href=\"http:\/\/ot-aiguesmortes.com\/wp-content\/uploads\/2015\/07\/FLY-SAINT-LOUIS-2017-web.pdf\" target=\"_blank\" rel=\"noopener noreferrer\">T\u00e9l\u00e9chargez le programme complet des f\u00eates de la Saint-Louis ici<\/a><\/p>\n<p style=\"text-align: justify;\">Pour clore le tout, ajoutons que les acteurs du milieu associatif, mais aussi les commer\u00e7ants, les restaurateurs, et encore bien d&rsquo;autres b\u00e9n\u00e9voles de la belle cit\u00e9 m\u00e9di\u00e9vale d&rsquo;<em><strong>Aigues-Mortes<\/strong> <\/em>seront associ\u00e9s \u00e0 cette grande c\u00e9l\u00e9bration historique pour l&rsquo;animer de tout leur coeur et y apporter leur touche.<\/p>\n<p style=\"text-align: justify;\">En vous souhaitant une tr\u00e8s belle journ\u00e9e.<br \/>\nFred<br \/>\nPour Moyenagepassion.com<br \/>\n<em><strong>A la d\u00e9couverte du Monde M\u00e9di\u00e9val sous toutes ses formes.<\/strong><\/em><\/p>\n","protected":false},"excerpt":{"rendered":"<p>Sujet\u00a0: f\u00eates, animations m\u00e9di\u00e9vales, Saint-Louis, festival, sortie \u00a0historique, compagnies m\u00e9di\u00e9vales, cit\u00e9 m\u00e9di\u00e9vale. Ev\u00e9nement\u00a0: 32e f\u00eate de la Saint-Louis, P\u00e9riode : Moyen \u00c2ge central, XIIIe si\u00e8cle. Lieu\u00a0: Aigues-Mortes (Camargue, Gard) Dates: Samedi 26 et\u00a0dimanche 27 ao\u00fbt 2017 Bonjour \u00e0 tous, ous avions d\u00e9di\u00e9 un long article \u00e0 l&rsquo;\u00e9dition pr\u00e9c\u00e9dente et voil\u00e0 qu&rsquo;elle revient la grande f\u00eate &hellip; <a href=\"https:\/\/www.moyenagepassion.com\/index.php\/2017\/08\/24\/saint-louis-revient-a-aigues-mortes-pour-la-32e-edition-dune-grande-fete-medievale\/\" class=\"more-link\">Continuer la lecture de <span class=\"screen-reader-text\">Saint Louis revient \u00e0 Aigues-Mortes pour la 32e \u00e9dition d&rsquo;une grande f\u00eate m\u00e9di\u00e9vale<\/span>  <span class=\"meta-nav\">&rarr;<\/span><\/a><\/p>\n","protected":false},"author":2,"featured_media":0,"comment_status":"open","ping_status":"open","sticky":false,"template":"","format":"standard","meta":{"_monsterinsights_skip_tracking":false,"_monsterinsights_sitenote_active":false,"_monsterinsights_sitenote_note":"","_monsterinsights_sitenote_category":0,"footnotes":""},"categories":[11],"tags":[1539,1486,2529,3049,3048,1339,168,22,182,18,5587,85,167],"class_list":["post-15097","post","type-post","status-publish","format-standard","hentry","category-fetes-medievales-evenement","tag-agenda-medieval","tag-aigues-mortes","tag-animations-medievales","tag-celebration-historique","tag-fetes-de-la-saint-louis","tag-fetes-historiques","tag-louis-ix","tag-medievale","tag-monde-medieval","tag-moyen-age","tag-moyen-age-2","tag-moyen-age-central","tag-saint-louis"],"aioseo_notices":[],"_links":{"self":[{"href":"https:\/\/www.moyenagepassion.com\/index.php\/wp-json\/wp\/v2\/posts\/15097"}],"collection":[{"href":"https:\/\/www.moyenagepassion.com\/index.php\/wp-json\/wp\/v2\/posts"}],"about":[{"href":"https:\/\/www.moyenagepassion.com\/index.php\/wp-json\/wp\/v2\/types\/post"}],"author":[{"embeddable":true,"href":"https:\/\/www.moyenagepassion.com\/index.php\/wp-json\/wp\/v2\/users\/2"}],"replies":[{"embeddable":true,"href":"https:\/\/www.moyenagepassion.com\/index.php\/wp-json\/wp\/v2\/comments?post=15097"}],"version-history":[{"count":2,"href":"https:\/\/www.moyenagepassion.com\/index.php\/wp-json\/wp\/v2\/posts\/15097\/revisions"}],"predecessor-version":[{"id":52116,"href":"https:\/\/www.moyenagepassion.com\/index.php\/wp-json\/wp\/v2\/posts\/15097\/revisions\/52116"}],"wp:attachment":[{"href":"https:\/\/www.moyenagepassion.com\/index.php\/wp-json\/wp\/v2\/media?parent=15097"}],"wp:term":[{"taxonomy":"category","embeddable":true,"href":"https:\/\/www.moyenagepassion.com\/index.php\/wp-json\/wp\/v2\/categories?post=15097"},{"taxonomy":"post_tag","embeddable":true,"href":"https:\/\/www.moyenagepassion.com\/index.php\/wp-json\/wp\/v2\/tags?post=15097"}],"curies":[{"name":"wp","href":"https:\/\/api.w.org\/{rel}","templated":true}]}}