{"id":15113,"date":"2017-08-24T23:37:13","date_gmt":"2017-08-24T22:37:13","guid":{"rendered":"http:\/\/www.moyenagepassion.com\/?p=15113"},"modified":"2017-08-27T06:51:30","modified_gmt":"2017-08-27T05:51:30","slug":"les-medievales-festives-et-participatives-de-folleville-en-picardie","status":"publish","type":"post","link":"https:\/\/www.moyenagepassion.com\/index.php\/2017\/08\/24\/les-medievales-festives-et-participatives-de-folleville-en-picardie\/","title":{"rendered":"Les M\u00e9di\u00e9vales festives et participatives du Ch\u00e2teau de Folleville, en Picardie"},"content":{"rendered":"<div id=\"moyen-1278000508\" class=\"moyen-before-content moyen-entity-placement\"><script async src=\"\/\/pagead2.googlesyndication.com\/pagead\/js\/adsbygoogle.js?client=ca-pub-3035390706780632\" crossorigin=\"anonymous\"><\/script><ins class=\"adsbygoogle\" style=\"display:block;\" data-ad-client=\"ca-pub-3035390706780632\" \ndata-ad-slot=\"\" \ndata-ad-format=\"auto\"><\/ins>\n<script> \n(adsbygoogle = window.adsbygoogle || []).push({}); \n<\/script>\n<\/div><p><strong><img decoding=\"async\" class=\"alignleft wp-image-15118\" src=\"https:\/\/www.moyenagepassion.com\/wp-content\/uploads\/2017\/08\/heraldique_armoirie_blason_chateau_folleville_picardie_.jpg\" alt=\"heraldique_armoirie_blason_chateau_folleville_picardie_\" width=\"155\" height=\"153\" srcset=\"https:\/\/www.moyenagepassion.com\/wp-content\/uploads\/2017\/08\/heraldique_armoirie_blason_chateau_folleville_picardie_.jpg 566w, https:\/\/www.moyenagepassion.com\/wp-content\/uploads\/2017\/08\/heraldique_armoirie_blason_chateau_folleville_picardie_-300x296.jpg 300w\" sizes=\"(max-width: 155px) 100vw, 155px\" \/>Sujet<\/strong>\u00a0: f\u00eates m\u00e9di\u00e9vales, f\u00eates historiques, animations m\u00e9di\u00e9vales, ch\u00e2teau, agenda sortie, histoire vivante, reconstitution.<br \/>\n<strong>Lieu<\/strong>\u00a0: Folleville, Haut de France, Somme,<br \/>\n<strong>Ev\u00e9nement\u00a0<\/strong><strong>:\u00a0<\/strong><em>Les M\u00e9di\u00e9vales de Folleville<\/em><br \/>\n<strong>Dates<\/strong>\u00a0: les\u00a026\u00a0et 27 ao\u00fbt\u00a02017<\/p>\n<p>Bonjour \u00e0 tous,<\/p>\n<p style=\"text-align: justify;\"><img decoding=\"async\" class=\"alignleft size-full wp-image-59\" src=\"https:\/\/www.moyenagepassion.com\/wp-content\/uploads\/2015\/12\/A_lettrine_moyen_age_passion.jpg\" alt=\"A_lettrine_moyen_age_passion\" width=\"84\" height=\"103\" \/>u titre des \u00e9v\u00e9nements de ce week end, il nous faut ajouter des M\u00e9di\u00e9vales particuli\u00e8rement originales organis\u00e9es au Sud d&rsquo;Amiens sur le site picard du <em><strong>ch\u00e2teau de Folleville<\/strong><\/em>.<\/p>\n<p style=\"text-align: justify;\"><a href=\"https:\/\/www.moyenagepassion.com\/wp-content\/uploads\/2017\/08\/folleville_chateau_fetes_medievale_compagnies_reconstitution_historique_histoire_vivante.jpg\"><img decoding=\"async\" class=\" wp-image-15123 alignright\" src=\"https:\/\/www.moyenagepassion.com\/wp-content\/uploads\/2017\/08\/folleville_chateau_fetes_medievale_compagnies_reconstitution_historique_histoire_vivante.jpg\" alt=\"folleville_chateau_fetes_medievale_compagnies_reconstitution_historique_histoire_vivante\" width=\"243\" height=\"341\" srcset=\"https:\/\/www.moyenagepassion.com\/wp-content\/uploads\/2017\/08\/folleville_chateau_fetes_medievale_compagnies_reconstitution_historique_histoire_vivante.jpg 660w, https:\/\/www.moyenagepassion.com\/wp-content\/uploads\/2017\/08\/folleville_chateau_fetes_medievale_compagnies_reconstitution_historique_histoire_vivante-214x300.jpg 214w\" sizes=\"(max-width: 243px) 100vw, 243px\" \/><\/a>Il s&rsquo;agit l\u00e0 de la 15e \u00e9dition de ces festivit\u00e9s initi\u00e9es en 2002 par le\u00a0groupe de passionn\u00e9s d&rsquo;Histoire et de moyen-\u00e2ge, de\u00a0l&rsquo;association <a href=\"https:\/\/www.facebook.com\/Site-de-Folleville-249614195105748\/\" target=\"_blank\">\u00ab\u00a0<i>Le Site de Folleville<\/i>\u00ab\u00a0<\/a> et ayant en charge le maintien et l&rsquo;animation du site du ch\u00e2teau.<\/p>\n<p style=\"text-align: justify;\">Au d\u00e9part, ils n&rsquo;\u00e9taient qu&rsquo;une simple poign\u00e9e de b\u00e9n\u00e9voles, et les voil\u00e0 d\u00e9sormais plus de 300 \u00e0 s&rsquo;affairer durant toute l&rsquo;ann\u00e9e autour de ces m\u00e9di\u00e9vales de Folleville\u00a0pour en assurer la p\u00e9rennit\u00e9 et la r\u00e9ussite.<\/p>\n<p style=\"text-align: justify;\">Au programme animations et divertissements de qualit\u00e9, le tout avec un v\u00e9ritable parti-pris\u00a0de reconstitution et d&rsquo;Histoire vivante, de nombreux camps sont install\u00e9s autour des restes de la forteresse et de nombreuses animations sont pr\u00e9vues pour\u00a0une f\u00eate de deux jours pleins qui se veut r\u00e9solument participative. Il s&rsquo;agit bien ici et sans conteste de partager et de faire vivre une v\u00e9ritable\u00a0passion pour le monde m\u00e9di\u00e9val. Le concept ne pouvait bien s\u00fbr pas nous laisser indiff\u00e9rent et les visiteurs ne s&rsquo;y sont d&rsquo;ailleurs pas tromp\u00e9s qui accourent plus nombreux d&rsquo;ann\u00e9e en ann\u00e9e pour se joindre \u00e0 la f\u00eate.<\/p>\n<h2 style=\"text-align: justify;\">Demandez le programme<\/h2>\n<p style=\"text-align: justify;\"><img decoding=\"async\" class=\"alignleft size-full wp-image-840\" src=\"https:\/\/www.moyenagepassion.com\/wp-content\/uploads\/2016\/01\/J_lettrine_moyen_age_passion.jpg\" alt=\"J_lettrine_moyen_age_passion\" width=\"78\" height=\"103\" \/>outes \u00e9questres et lices \u00e0 la fa\u00e7on du moyen-\u00e2ge, combats \u00e0\u00a0pied, d\u00e9monstrations de fauconnerie et encore tirs \u00e0 la machine de si\u00e8ge, les camps et reconstituteurs venus sur place, donneront encore l&rsquo;occasion de d\u00e9couvrir maints autres aspects de la vie m\u00e9di\u00e9vale, de ses exigences, comme son artisanat, ses joies et ses fastes aussi.\u00a0Le samedi, la f\u00eate se prolongera encore en soir\u00e9e avec du th\u00e9\u00e2tre et un grand bal m\u00e9di\u00e9val.<\/p>\n<p style=\"text-align: justify;\"><strong>Compagnies, camps, troupes m\u00e9di\u00e9vales\u00a0et reconstituteurs *<\/strong><\/p>\n<p style=\"text-align: justify;\"><span style=\"color: #008000;\"><em>Sikinis &#8211; Celestiaes &#8211; Milles bonjours &#8211; Grand bourdon &#8211; Maisnie hellequin &#8211; \u00a0Mesnie Enguerran &#8211; Compagnie de l&rsquo;anneau \u2013 Armoises &#8211; Compagnie du griffon &#8211; Ste barbe &#8211; Chevaliers du Comte de Boulogne \u2013 Crepuscule &#8211; Via Historiae \u2013 Ganecoux \u2013 Rougemont &#8211; Compaings de Lastours &#8211; Mesnie de la Licorne &#8211; Leus du Val de Loyre &#8211; Francs Compaings &#8211; Compagnie de la Griffe &#8211; Guerriers du Moyen-age &#8211; Ordonnance St Michel &#8211; Chevalerie Initiatique &#8211; Vita Karoli &#8211; Machina Silente &#8211; Les Regrattiers<\/em><\/span><\/p>\n<p>(* liste non exhaustive et sous r\u00e9serve de changement)<\/p>\n<p><a href=\"https:\/\/www.moyenagepassion.com\/wp-content\/uploads\/2017\/08\/fetes_festival_medievale_de_folleville_chateau_agenda_sortie_historique_moyen-age.jpg\"><img decoding=\"async\" class=\"alignnone size-full wp-image-15125\" src=\"https:\/\/www.moyenagepassion.com\/wp-content\/uploads\/2017\/08\/fetes_festival_medievale_de_folleville_chateau_agenda_sortie_historique_moyen-age.jpg\" alt=\"fetes_festival_medievale_de_folleville_chateau_agenda_sortie_historique_moyen-age\" width=\"1075\" height=\"1003\" srcset=\"https:\/\/www.moyenagepassion.com\/wp-content\/uploads\/2017\/08\/fetes_festival_medievale_de_folleville_chateau_agenda_sortie_historique_moyen-age.jpg 1075w, https:\/\/www.moyenagepassion.com\/wp-content\/uploads\/2017\/08\/fetes_festival_medievale_de_folleville_chateau_agenda_sortie_historique_moyen-age-300x280.jpg 300w, https:\/\/www.moyenagepassion.com\/wp-content\/uploads\/2017\/08\/fetes_festival_medievale_de_folleville_chateau_agenda_sortie_historique_moyen-age-1024x955.jpg 1024w\" sizes=\"(max-width: 1075px) 100vw, 1075px\" \/><\/a><\/p>\n<p style=\"text-align: justify;\">Un march\u00e9 m\u00e9di\u00e9val sera \u00e9galement de la f\u00eate et, l\u00e0 encore, la volont\u00e9 des organisateurs de proposer un \u00e9v\u00e9nement de qualit\u00e9 prend le pas pour s&rsquo;assurer que les produits soient d&rsquo;\u00e9poque et que ceux qui les proposent en soient les artisans et pas uniquement les revendeurs. On l&rsquo;aura compris, \u00e0 Folleville, le souci de proposer deux jours de c\u00e9l\u00e9bration et de r\u00e9jouissance au plus pr\u00e8s de l&rsquo;Histoire vivante se niche jusque dans le moindre d\u00e9tail. Au passage, \u00a0pr\u00e8s de 60 exposants sont attendus sur cette partie de l&rsquo;\u00e9v\u00e9nement, et plus de 450 m\u00e9di\u00e9vistes sur le reste des animations.<\/p>\n<p><a href=\"https:\/\/www.folleville-chateau-medieval.fr\/\" target=\"_blank\">Pour plus d&rsquo;information sur le programme, les tarifs et acc\u00e8s, <span style=\"text-decoration: underline;\">consultez le site officiel du ch\u00e2teau et \u00a0des m\u00e9di\u00e9vales de Folleville<\/span><\/a>.<\/p>\n<h2>Le Ch\u00e2teau de Folleville : un mot d&rsquo;Histoire<\/h2>\n<p style=\"text-align: justify;\"><img decoding=\"async\" class=\"alignleft size-full wp-image-36\" src=\"https:\/\/www.moyenagepassion.com\/wp-content\/uploads\/2015\/12\/C_lettrine_moyen_age_passion.jpg\" alt=\"C_lettrine_moyen_age_passion\" width=\"84\" height=\"103\" \/>lass\u00e9 monument historique en \u00a01862, \u00a0le site du ch\u00e2teau connut, durant le moyen-\u00e2ge central \u00e0 tardif une histoire relativement mouvement\u00e9e. Construit au d\u00e9part au XIVe, assi\u00e9g\u00e9 par <a href=\"https:\/\/www.moyenagepassion.com\/index.php\/2016\/08\/18\/spectacle-la-bataille-de-castillon-une-occasion-unique-de-revivre-la-fin-de-la-guerre-de-cent-ans\/\" target=\"_blank\">Talbot <\/a>en personne pendant la guerre de cent ans et au milieu du XVe <a href=\"https:\/\/www.moyenagepassion.com\/wp-content\/uploads\/2017\/08\/fetes_medievales_de_folleville_histoire_vivante_chateau_agenda_sortie_historique_moyen-age.jpg\"><img decoding=\"async\" class=\"wp-image-15127 alignright\" src=\"https:\/\/www.moyenagepassion.com\/wp-content\/uploads\/2017\/08\/fetes_medievales_de_folleville_histoire_vivante_chateau_agenda_sortie_historique_moyen-age.jpg\" alt=\"fetes_medievales_de_folleville_histoire_vivante_chateau_agenda_sortie_historique_moyen-age\" width=\"217\" height=\"352\" srcset=\"https:\/\/www.moyenagepassion.com\/wp-content\/uploads\/2017\/08\/fetes_medievales_de_folleville_histoire_vivante_chateau_agenda_sortie_historique_moyen-age.jpg 497w, https:\/\/www.moyenagepassion.com\/wp-content\/uploads\/2017\/08\/fetes_medievales_de_folleville_histoire_vivante_chateau_agenda_sortie_historique_moyen-age-185x300.jpg 185w\" sizes=\"(max-width: 217px) 100vw, 217px\" \/><\/a>si\u00e8cle, \u00a0il fut ensuite d\u00e9mantel\u00e9 par les bourguignons afin d&rsquo;\u00e9viter que ces m\u00eames anglais ne s&rsquo;en servent de place forte.<\/p>\n<p style=\"text-align: justify;\">Plus tard, un peu avant la fin de ce m\u00eame XVe, autour de 1478, \u00a0le ch\u00e2teau sera reconstruit et verra m\u00eame passer des rois, venus y faire des s\u00e9jours : <em><strong>Louis XI<\/strong><\/em>, <em><strong>Charles VII<\/strong><\/em> et m\u00eame <em><strong>Francois 1er<\/strong><\/em> dans le courant du XVIe si\u00e8cle. L&rsquo;\u00e9difice changera de main par la suite jusqu&rsquo;au XVIIIe, si\u00e8cle durant lequel il fut abandonn\u00e9 et m\u00eame \u00e0 demi d\u00e9mantel\u00e9, ses pierres utilis\u00e9es pour la construction d&rsquo;un autre ch\u00e2teau au style moins \u00ab\u00a0m\u00e9di\u00e9val\u00a0\u00bb, celui de\u00a0<em><strong>Mailly-Raineval<\/strong><\/em>.<\/p>\n<p style=\"text-align: justify;\">Comme de nombreux \u00e9difices du moyen-\u00e2ge, il faudra attendre le XIXe si\u00e8cle pour que les vis\u00e9es patrimoniales viennent \u00e0 sa rescousse, m\u00eame si le mal \u00e9tait en grande partie fait. Il ne demeure aujourd&rsquo;hui de l&rsquo;\u00e9difice qu&rsquo;une haute tour de Guet et quelques murs debout\u00a0: le charme incomparable des ruines, pourrait-on dire, et de chers vestiges que la\u00a0<em><strong>Communaut\u00e9 de communes du Val de Noye<\/strong><\/em>\u00a0qui en est propri\u00e9taire, ainsi que\u00a0les amis du site de Folleville, organisateurs entre autres activit\u00e9s sur place, des M\u00e9di\u00e9vales de cette fin de semaine, sont bien d\u00e9cid\u00e9s \u00e0 maintenir pour la post\u00e9rit\u00e9.<\/p>\n<p>En vous souhaitant une belle journ\u00e9e et des M\u00e9di\u00e9vales de Folleville tr\u00e8s r\u00e9ussies si vous vous y rendez.<\/p>\n<p>Fred<br \/>\nPour moyenagepassion.com<br \/>\n<em><strong>A la d\u00e9couverte du monde m\u00e9di\u00e9val sous toutes ses formes.<\/strong><\/em><\/p>\n","protected":false},"excerpt":{"rendered":"<p>Sujet\u00a0: f\u00eates m\u00e9di\u00e9vales, f\u00eates historiques, animations m\u00e9di\u00e9vales, ch\u00e2teau, agenda sortie, histoire vivante, reconstitution. Lieu\u00a0: Folleville, Haut de France, Somme, Ev\u00e9nement\u00a0:\u00a0Les M\u00e9di\u00e9vales de Folleville Dates\u00a0: les\u00a026\u00a0et 27 ao\u00fbt\u00a02017 Bonjour \u00e0 tous, u titre des \u00e9v\u00e9nements de ce week end, il nous faut ajouter des M\u00e9di\u00e9vales particuli\u00e8rement originales organis\u00e9es au Sud d&rsquo;Amiens sur le site picard du &hellip; <a href=\"https:\/\/www.moyenagepassion.com\/index.php\/2017\/08\/24\/les-medievales-festives-et-participatives-de-folleville-en-picardie\/\" class=\"more-link\">Continuer la lecture de <span class=\"screen-reader-text\">Les M\u00e9di\u00e9vales festives et participatives du Ch\u00e2teau de Folleville, en Picardie<\/span>  <span class=\"meta-nav\">&rarr;<\/span><\/a><\/p>\n","protected":false},"author":2,"featured_media":0,"comment_status":"open","ping_status":"open","sticky":false,"template":"","format":"standard","meta":{"_monsterinsights_skip_tracking":false,"_monsterinsights_sitenote_active":false,"_monsterinsights_sitenote_note":"","_monsterinsights_sitenote_category":0,"footnotes":""},"categories":[11,13],"tags":[2529,3050,212,189,520,1826,3053,682,3051,231,230,1536,3052,261,1209],"class_list":["post-15113","post","type-post","status-publish","format-standard","hentry","category-fetes-medievales-evenement","category-lieux-moyen-age-medievaux","tag-animations-medievales","tag-chateau-de-folleville","tag-compagnies-medievales","tag-histoire","tag-histoire-medievale","tag-histoire-vivante","tag-lice","tag-lieux-dinteret","tag-medievales-de-folleville","tag-monument-classe","tag-monument-historique","tag-patrimoine","tag-picardie","tag-reconstitution-historique","tag-tournoi"],"aioseo_notices":[],"_links":{"self":[{"href":"https:\/\/www.moyenagepassion.com\/index.php\/wp-json\/wp\/v2\/posts\/15113"}],"collection":[{"href":"https:\/\/www.moyenagepassion.com\/index.php\/wp-json\/wp\/v2\/posts"}],"about":[{"href":"https:\/\/www.moyenagepassion.com\/index.php\/wp-json\/wp\/v2\/types\/post"}],"author":[{"embeddable":true,"href":"https:\/\/www.moyenagepassion.com\/index.php\/wp-json\/wp\/v2\/users\/2"}],"replies":[{"embeddable":true,"href":"https:\/\/www.moyenagepassion.com\/index.php\/wp-json\/wp\/v2\/comments?post=15113"}],"version-history":[{"count":0,"href":"https:\/\/www.moyenagepassion.com\/index.php\/wp-json\/wp\/v2\/posts\/15113\/revisions"}],"wp:attachment":[{"href":"https:\/\/www.moyenagepassion.com\/index.php\/wp-json\/wp\/v2\/media?parent=15113"}],"wp:term":[{"taxonomy":"category","embeddable":true,"href":"https:\/\/www.moyenagepassion.com\/index.php\/wp-json\/wp\/v2\/categories?post=15113"},{"taxonomy":"post_tag","embeddable":true,"href":"https:\/\/www.moyenagepassion.com\/index.php\/wp-json\/wp\/v2\/tags?post=15113"}],"curies":[{"name":"wp","href":"https:\/\/api.w.org\/{rel}","templated":true}]}}