{"id":15386,"date":"2017-09-07T01:25:03","date_gmt":"2017-09-07T00:25:03","guid":{"rendered":"http:\/\/www.moyenagepassion.com\/?p=15386"},"modified":"2020-10-04T19:52:47","modified_gmt":"2020-10-04T18:52:47","slug":"les-medievales-de-cremieu-fetent-leurs-15-ans","status":"publish","type":"post","link":"https:\/\/www.moyenagepassion.com\/index.php\/2017\/09\/07\/les-medievales-de-cremieu-fetent-leurs-15-ans\/","title":{"rendered":"Agenda : les M\u00e9di\u00e9vales de Cr\u00e9mieu f\u00eatent leurs 15 ans"},"content":{"rendered":"<div id=\"moyen-623548676\" class=\"moyen-before-content moyen-entity-placement\"><script async src=\"\/\/pagead2.googlesyndication.com\/pagead\/js\/adsbygoogle.js?client=ca-pub-3035390706780632\" crossorigin=\"anonymous\"><\/script><ins class=\"adsbygoogle\" style=\"display:block;\" data-ad-client=\"ca-pub-3035390706780632\" \ndata-ad-slot=\"\" \ndata-ad-format=\"auto\"><\/ins>\n<script> \n(adsbygoogle = window.adsbygoogle || []).push({}); \n<\/script>\n<\/div><p><strong><a href=\"https:\/\/www.moyenagepassion.com\/wp-content\/uploads\/2016\/09\/cremieu_blason_ville_medievale_festival_festivites_moyen-age_idees_sorties.jpg\"><img decoding=\"async\" class=\"wp-image-6279 alignleft\" src=\"https:\/\/www.moyenagepassion.com\/wp-content\/uploads\/2016\/09\/cremieu_blason_ville_medievale_festival_festivites_moyen-age_idees_sorties.jpg\" alt=\"cremieu_blason_ville_medievale_festival_festivites_moyen-age_idees_sorties\" width=\"165\" height=\"162\" srcset=\"https:\/\/www.moyenagepassion.com\/wp-content\/uploads\/2016\/09\/cremieu_blason_ville_medievale_festival_festivites_moyen-age_idees_sorties.jpg 566w, https:\/\/www.moyenagepassion.com\/wp-content\/uploads\/2016\/09\/cremieu_blason_ville_medievale_festival_festivites_moyen-age_idees_sorties-300x296.jpg 300w\" sizes=\"(max-width: 165px) 100vw, 165px\" \/><\/a>Sujet :<\/strong>\u00a0agenda, f\u00eates m\u00e9di\u00e9vales, animations historiques, moyen-\u00e2ge festif. march\u00e9 m\u00e9di\u00e9val.<br \/>\n<strong>Lieu :<\/strong>\u00a0Cr\u00e9mieu,\u00a0Is\u00e8re, Rh\u00f4ne-Alpes<br \/>\n<strong>Ev\u00e9nement<\/strong> ; <em>les 15e M\u00e9di\u00e9vales de Cr\u00e9mieu \u00a0&#8211; \u00a0<\/em><a href=\"http:\/\/www.medievales-cremieu.fr\/\" target=\"_blank\" rel=\"noopener noreferrer\">Site officiel\u00a0<\/a><a href=\"http:\/\/www.medievales-cremieu.fr\/\" target=\"_blank\" rel=\"noopener noreferrer\"><br \/>\n<\/a><strong>Date :<\/strong><a href=\"http:\/\/www.medievales-cremieu.fr\/\" target=\"_blank\" rel=\"noopener noreferrer\">\u00a09 et 10 septembre 2017<br \/>\n<\/a><\/p>\n<p>Bonjour \u00e0 tous,<\/p>\n<p style=\"text-align: justify;\"><img decoding=\"async\" class=\"alignleft size-full wp-image-36\" src=\"https:\/\/www.moyenagepassion.com\/wp-content\/uploads\/2015\/12\/C_lettrine_moyen_age_passion.jpg\" alt=\"C_lettrine_moyen_age_passion\" width=\"84\" height=\"103\" \/>e n&rsquo;est pas parce que c&rsquo;est la rentr\u00e9e, que nous souhaitons par ailleurs joyeuse, enthousiaste et r\u00e9ussie \u00e0 tous les \u00e9tudiants, lyc\u00e9ens, coll\u00e9giens de France et de Navarre et \u00e0 leurs enseignants, qu&rsquo;il faut pour autant se laisser aller \u00e0 la morosit\u00e9. Si vous du c\u00f4t\u00e9 de la r\u00e9gion Rh\u00f4ne-Alpes ce prochain week end, voici donc, d\u00e9j\u00e0 ici, une occasion de vous y divertir, \u00a0<a href=\"https:\/\/www.moyenagepassion.com\/wp-content\/uploads\/2017\/09\/fetes_medievales_agenda_moyenage_festif_animations_historiques_Cr\u00e9mieu_Rhone_alpes.jpg\"><img decoding=\"async\" class=\"wp-image-15388 alignright\" src=\"https:\/\/www.moyenagepassion.com\/wp-content\/uploads\/2017\/09\/fetes_medievales_agenda_moyenage_festif_animations_historiques_Cr\u00e9mieu_Rhone_alpes.jpg\" alt=\"fetes_medievales_agenda_moyenage_festif_animations_historiques_Cr\u00e9mieu_Rhone_alpes\" width=\"245\" height=\"349\" srcset=\"https:\/\/www.moyenagepassion.com\/wp-content\/uploads\/2017\/09\/fetes_medievales_agenda_moyenage_festif_animations_historiques_Cr\u00e9mieu_Rhone_alpes.jpg 543w, https:\/\/www.moyenagepassion.com\/wp-content\/uploads\/2017\/09\/fetes_medievales_agenda_moyenage_festif_animations_historiques_Cr\u00e9mieu_Rhone_alpes-210x300.jpg 210w\" sizes=\"(max-width: 245px) 100vw, 245px\" \/><\/a>puisque le moyen-\u00e2ge festif sera de retour, en la cit\u00e9 historique de\u00a0Cr\u00e9mieu.<\/p>\n<p style=\"text-align: justify;\">Cette ann\u00e9e, c&rsquo;est la\u00a015e \u00e9dition des M\u00e9di\u00e9vales que l&rsquo;on c\u00e9l\u00e9brera \u00a0dans la belle ville dauphinoise et, \u00e0 l&rsquo;image des pr\u00e9c\u00e9dentes, la f\u00eate, d\u00e9sormais bien\u00a0rod\u00e9e, promet d&rsquo;\u00eatre de taille. Outre le grand march\u00e9 \u00a0m\u00e9di\u00e9val et ses quelques 80 exposants, ce sont, en effet, pr\u00e8s de 300 artistes, entre troupes professionnels et b\u00e9n\u00e9voles, qui investiront la cit\u00e9 pour la faire revivre \u00e0 l&rsquo;heure du moyen-\u00e2ge.<\/p>\n<h2 style=\"text-align: justify;\">Le Programme des M\u00e9di\u00e9vales\u00a02017<\/h2>\n<p style=\"text-align: justify;\">En plus des camps m\u00e9di\u00e9vaux, de leurs chevaliers, artisans et combattants d&rsquo;\u00e9poque, les animations continues prendront joyeusement possession des rues de\u00a0Cr\u00e9mieu entre parades et d\u00e9ambulations, sayn\u00e8tes, farces et contes, d\u00e9monstrations de combats anciens, spectacles de chevalerie, et bien s\u00fbr, musiques, danses anciennes, et autres concerts de troubadours et m\u00e9nestrels. De <a href=\"https:\/\/www.moyenagepassion.com\/wp-content\/uploads\/2017\/09\/fetes_marche_medievales__cremieu_agenda_sorties_animations_historiques_moyen-age_rhone-alpes.jpg\"><img decoding=\"async\" class=\"wp-image-15396 alignleft\" src=\"https:\/\/www.moyenagepassion.com\/wp-content\/uploads\/2017\/09\/fetes_marche_medievales__cremieu_agenda_sorties_animations_historiques_moyen-age_rhone-alpes.jpg\" alt=\"fetes_marche_medievales__cremieu_agenda_sorties_animations_historiques_moyen-age_rhone-alpes\" width=\"209\" height=\"339\" srcset=\"https:\/\/www.moyenagepassion.com\/wp-content\/uploads\/2017\/09\/fetes_marche_medievales__cremieu_agenda_sorties_animations_historiques_moyen-age_rhone-alpes.jpg 497w, https:\/\/www.moyenagepassion.com\/wp-content\/uploads\/2017\/09\/fetes_marche_medievales__cremieu_agenda_sorties_animations_historiques_moyen-age_rhone-alpes-185x300.jpg 185w\" sizes=\"(max-width: 209px) 100vw, 209px\" \/><\/a>divertissements en surprises, au hasard de vos fl\u00e2neries dans cette tr\u00e8s agr\u00e9able cit\u00e9, vous pourrez \u00e9galement\u00a0partir \u00e0 la d\u00e9couverte\u00a0d&rsquo;une exposition d&rsquo;instruments de musique anciens ou\u00a0m\u00eame encore d&rsquo;ateliers de pr\u00e9sentation de m\u00e9tiers et de savoir-faire d&rsquo;antan.<\/p>\n<p style=\"text-align: left;\"><strong>Liste des compagnies m\u00e9di\u00e9vales, musiciens, artistes \u00a0&amp; mesnies pr\u00e9sentes \u00a0ce week end.<\/strong><\/p>\n<p style=\"text-align: justify;\"><em><span style=\"color: #008000;\">Cie Gueule de Loup &#8211; Noir Cremu &#8211; Waraok Musique Bretonne &#8211; Cie de Danse Marazula &#8211; Merlenchanteuse contes &#8211; La Menestrandie Musique &#8211; Gaspard et les siens &#8211; Le Lunantroll &#8211; Les troubadours de Tormis &#8211; La ptite Flamble menestrels et bouffons &#8211; Medio Evo saynetes &#8211; Songe d&rsquo;une Nuit d&rsquo;\u00e9p\u00e9e &#8211; Claveyson Cantores &#8211; Yalkoo et Saltabraz &#8211; Ad\u00e9la\u00efde troubadour &#8211; Gruppo Storico e sbandieratori &#8211; Chorale de la Bouche \u00e0 l&rsquo;Oreille &#8211; Cie Musicale l&rsquo;Harmonie Eolienne de Pont &#8211; Mesnie Chantelame &#8211; Pierre et les oies &#8211; Mesnie des Dauphins de Feu &#8211; Cendreloup &#8211; Entre Chiens et jeux<\/span><\/em><\/p>\n<p style=\"text-align: justify;\">Pour le reste, tradition oblige, le samedi soir consacrera une fois de plus,\u00a0le\u00a0grand banquet m\u00e9di\u00e9val et festif, anim\u00e9 par force troubadours et saltimbanques, qui se tiendra, comme \u00e0 l&rsquo;habitude, <a href=\"https:\/\/www.moyenagepassion.com\/wp-content\/uploads\/2017\/09\/fetes_cremieu_les_medievales_agenda_animations_historique_moyen-age_rhone-alpes.jpg\"><img decoding=\"async\" class=\"alignright wp-image-15397\" src=\"https:\/\/www.moyenagepassion.com\/wp-content\/uploads\/2017\/09\/fetes_cremieu_les_medievales_agenda_animations_historique_moyen-age_rhone-alpes.jpg\" alt=\"fetes_cremieu_les_medievales_agenda_animations_historique_moyen-age_rhone-alpes\" width=\"251\" height=\"407\" srcset=\"https:\/\/www.moyenagepassion.com\/wp-content\/uploads\/2017\/09\/fetes_cremieu_les_medievales_agenda_animations_historique_moyen-age_rhone-alpes.jpg 497w, https:\/\/www.moyenagepassion.com\/wp-content\/uploads\/2017\/09\/fetes_cremieu_les_medievales_agenda_animations_historique_moyen-age_rhone-alpes-185x300.jpg 185w\" sizes=\"(max-width: 251px) 100vw, 251px\" \/><\/a>sous la superbe <a href=\"https:\/\/www.moyenagepassion.com\/index.php\/2016\/01\/05\/les-halles-de-marche-heritage-de-larchitecture-et-de-la-charpenterie-medievale\/\" target=\"_blank\" rel=\"noopener noreferrer\">halle historique<\/a>\u00a0de la cit\u00e9, monument du XVe notable par sa taille, dot\u00e9 d&rsquo;une charpente \u00e0 couper le souffle.<\/p>\n<p style=\"text-align: justify;\"><span style=\"text-decoration: underline;\"><a href=\"http:\/\/www.medievales-cremieu.fr\/templates\/1\/documents\/Programme-2017-web-sh-final-.pdf\" target=\"_blank\" rel=\"noopener noreferrer\">T\u00e9l\u00e9chargez le programme complet des M\u00e9di\u00e9vales de Cr\u00e9mieu<\/a><\/span>.<\/p>\n<p style=\"text-align: justify;\">Pour en savoir plus sur l&rsquo;<a href=\"https:\/\/www.moyenagepassion.com\/index.php\/2016\/09\/09\/idees-sortie-les-medievales-de-cremieu-sous-le-signe-du-loup\/\" target=\"_blank\" rel=\"noopener noreferrer\">Histoire m\u00e9di\u00e9vale de Cr\u00e9mieu et son patrimoine<\/a>, nous vous invitons \u00e0 consulter l&rsquo;article que nous lui avions d\u00e9di\u00e9 \u00e0 l&rsquo;occasion des \u00a0M\u00e9di\u00e9vales de l&rsquo;ann\u00e9e derni\u00e8re.<\/p>\n<p>En vous souhaitant une tr\u00e8s belle journ\u00e9e.<\/p>\n<p>Fred<br \/>\nPour moyenagepassion.com<br \/>\n<em><strong>A la d\u00e9couverte du moyen-\u00e2ge sous toutes ses formes.<\/strong><\/em><\/p>\n","protected":false},"excerpt":{"rendered":"<p>Sujet :\u00a0agenda, f\u00eates m\u00e9di\u00e9vales, animations historiques, moyen-\u00e2ge festif. march\u00e9 m\u00e9di\u00e9val. Lieu :\u00a0Cr\u00e9mieu,\u00a0Is\u00e8re, Rh\u00f4ne-Alpes Ev\u00e9nement ; les 15e M\u00e9di\u00e9vales de Cr\u00e9mieu \u00a0&#8211; \u00a0Site officiel\u00a0 Date :\u00a09 et 10 septembre 2017 Bonjour \u00e0 tous, e n&rsquo;est pas parce que c&rsquo;est la rentr\u00e9e, que nous souhaitons par ailleurs joyeuse, enthousiaste et r\u00e9ussie \u00e0 tous les \u00e9tudiants, lyc\u00e9ens, coll\u00e9giens &hellip; <a href=\"https:\/\/www.moyenagepassion.com\/index.php\/2017\/09\/07\/les-medievales-de-cremieu-fetent-leurs-15-ans\/\" class=\"more-link\">Continuer la lecture de <span class=\"screen-reader-text\">Agenda : les M\u00e9di\u00e9vales de Cr\u00e9mieu f\u00eatent leurs 15 ans<\/span>  <span class=\"meta-nav\">&rarr;<\/span><\/a><\/p>\n","protected":false},"author":2,"featured_media":0,"comment_status":"open","ping_status":"open","sticky":false,"template":"","format":"standard","meta":{"_monsterinsights_skip_tracking":false,"_monsterinsights_sitenote_active":false,"_monsterinsights_sitenote_note":"","_monsterinsights_sitenote_category":0,"footnotes":""},"categories":[11],"tags":[1539,1780,1534,212,1533,1380,1339,636,22,1227,3073,18,3063],"class_list":["post-15386","post","type-post","status-publish","format-standard","hentry","category-fetes-medievales-evenement","tag-agenda-medieval","tag-animations","tag-banquet-medieval","tag-compagnies-medievales","tag-cremieu","tag-fetes","tag-fetes-historiques","tag-marche-medieval","tag-medievale","tag-medievales","tag-mesnies","tag-moyen-age","tag-moyen-age-festif"],"aioseo_notices":[],"_links":{"self":[{"href":"https:\/\/www.moyenagepassion.com\/index.php\/wp-json\/wp\/v2\/posts\/15386"}],"collection":[{"href":"https:\/\/www.moyenagepassion.com\/index.php\/wp-json\/wp\/v2\/posts"}],"about":[{"href":"https:\/\/www.moyenagepassion.com\/index.php\/wp-json\/wp\/v2\/types\/post"}],"author":[{"embeddable":true,"href":"https:\/\/www.moyenagepassion.com\/index.php\/wp-json\/wp\/v2\/users\/2"}],"replies":[{"embeddable":true,"href":"https:\/\/www.moyenagepassion.com\/index.php\/wp-json\/wp\/v2\/comments?post=15386"}],"version-history":[{"count":1,"href":"https:\/\/www.moyenagepassion.com\/index.php\/wp-json\/wp\/v2\/posts\/15386\/revisions"}],"predecessor-version":[{"id":34391,"href":"https:\/\/www.moyenagepassion.com\/index.php\/wp-json\/wp\/v2\/posts\/15386\/revisions\/34391"}],"wp:attachment":[{"href":"https:\/\/www.moyenagepassion.com\/index.php\/wp-json\/wp\/v2\/media?parent=15386"}],"wp:term":[{"taxonomy":"category","embeddable":true,"href":"https:\/\/www.moyenagepassion.com\/index.php\/wp-json\/wp\/v2\/categories?post=15386"},{"taxonomy":"post_tag","embeddable":true,"href":"https:\/\/www.moyenagepassion.com\/index.php\/wp-json\/wp\/v2\/tags?post=15386"}],"curies":[{"name":"wp","href":"https:\/\/api.w.org\/{rel}","templated":true}]}}