{"id":15485,"date":"2017-09-11T02:06:34","date_gmt":"2017-09-11T01:06:34","guid":{"rendered":"http:\/\/www.moyenagepassion.com\/?p=15485"},"modified":"2020-10-05T01:03:51","modified_gmt":"2020-10-05T00:03:51","slug":"passion-et-couleurs-du-monde-medieval-selon-johan-huizinga","status":"publish","type":"post","link":"https:\/\/www.moyenagepassion.com\/index.php\/2017\/09\/11\/passion-et-couleurs-du-monde-medieval-selon-johan-huizinga\/","title":{"rendered":"passion et couleurs du monde m\u00e9di\u00e9val (XVe) selon Johan Huizinga"},"content":{"rendered":"<div id=\"moyen-3803477927\" class=\"moyen-before-content moyen-entity-placement\"><script async src=\"\/\/pagead2.googlesyndication.com\/pagead\/js\/adsbygoogle.js?client=ca-pub-3035390706780632\" crossorigin=\"anonymous\"><\/script><ins class=\"adsbygoogle\" style=\"display:block;\" data-ad-client=\"ca-pub-3035390706780632\" \ndata-ad-slot=\"\" \ndata-ad-format=\"auto\"><\/ins>\n<script> \n(adsbygoogle = window.adsbygoogle || []).push({}); \n<\/script>\n<\/div><p><strong><a href=\"https:\/\/www.moyenagepassion.com\/wp-content\/uploads\/2016\/09\/citations_medievales_.jpg\"><img decoding=\"async\" class=\"wp-image-6797 alignleft\" src=\"https:\/\/www.moyenagepassion.com\/wp-content\/uploads\/2016\/09\/citations_medievales_.jpg\" alt=\"citations_medievales_\" width=\"81\" height=\"81\" srcset=\"https:\/\/www.moyenagepassion.com\/wp-content\/uploads\/2016\/09\/citations_medievales_.jpg 250w, https:\/\/www.moyenagepassion.com\/wp-content\/uploads\/2016\/09\/citations_medievales_-150x150.jpg 150w\" sizes=\"(max-width: 81px) 100vw, 81px\" \/><\/a>Sujet<\/strong> : Histoire m\u00e9di\u00e9vale, citations moyen-\u00e2ge,<br \/>\n<strong>Auteur<\/strong> : Johan HUIZINGA<br \/>\n<strong>P\u00e9riode<\/strong> : moyen-\u00e2ge tardif, XVe si\u00e8cle<br \/>\n<strong>Ouvrage<\/strong> : l&rsquo;automne (ou le d\u00e9clin) du Moyen-\u00e2ge<\/p>\n<p><a href=\"https:\/\/www.moyenagepassion.com\/wp-content\/uploads\/2017\/09\/citation_moyen-age_histoire_johan_huizinga_declin_moyen-age_monde_medieval_XVe.jpg\"><img decoding=\"async\" class=\"alignnone size-full wp-image-15491\" src=\"https:\/\/www.moyenagepassion.com\/wp-content\/uploads\/2017\/09\/citation_moyen-age_histoire_johan_huizinga_declin_moyen-age_monde_medieval_XVe.jpg\" alt=\"citation_moyen-age_histoire_johan_huizinga_declin_moyen-age_monde_medieval_XVe\" width=\"1280\" height=\"602\" srcset=\"https:\/\/www.moyenagepassion.com\/wp-content\/uploads\/2017\/09\/citation_moyen-age_histoire_johan_huizinga_declin_moyen-age_monde_medieval_XVe.jpg 1280w, https:\/\/www.moyenagepassion.com\/wp-content\/uploads\/2017\/09\/citation_moyen-age_histoire_johan_huizinga_declin_moyen-age_monde_medieval_XVe-300x141.jpg 300w, https:\/\/www.moyenagepassion.com\/wp-content\/uploads\/2017\/09\/citation_moyen-age_histoire_johan_huizinga_declin_moyen-age_monde_medieval_XVe-1024x482.jpg 1024w\" sizes=\"(max-width: 1280px) 100vw, 1280px\" \/><\/a><\/p>\n<p style=\"text-align: justify;\"><span style=\"color: #008000;\"><strong><em>\u00ab\u00a0Il y avait, dans la vie quotidienne, une capacit\u00e9 illimit\u00e9e le passion et de fantaisie. L\u2019historien du moyen-\u00e2ge qui, vu le manque de v\u00e9racit\u00e9 des chroniques, puise le plus possible aux sources officielles, risque de temps \u00e0 autre de commettre une faute grave. Les documents ne nous montrent gu\u00e8re la diff\u00e9rence de couleur qui distingue cette \u00e9poque de la n\u00f4tre. Ils nous font perdre de vue le violent pathos de la vie m\u00e9di\u00e9vale. De toutes les passions qui l\u2019ont anim\u00e9e, ils ne mentionnent que l\u2019avidit\u00e9 et la violence. Qui ne s\u2019est \u00e9tonn\u00e9 de la fr\u00e9quence avec laquelle avidit\u00e9, querelles, vengeances se r\u00e9p\u00e8tent dans les sources officielles ? Mais une fois mis en rapport avec la passion g\u00e9n\u00e9rale qui animait toute la vie, ces traits nous deviennent compr\u00e9hensibles et acceptables. \u00ab\u00a0<\/em><\/strong><\/span><\/p>\n<p>Johan HUIZINGA, historien m\u00e9di\u00e9viste (1872-1945)<br \/>\nLe d\u00e9clin (l\u2019Automne) du Moyen-Age (1919)<\/p>\n","protected":false},"excerpt":{"rendered":"<p>Sujet : Histoire m\u00e9di\u00e9vale, citations moyen-\u00e2ge, Auteur : Johan HUIZINGA P\u00e9riode : moyen-\u00e2ge tardif, XVe si\u00e8cle Ouvrage : l&rsquo;automne (ou le d\u00e9clin) du Moyen-\u00e2ge \u00ab\u00a0Il y avait, dans la vie quotidienne, une capacit\u00e9 illimit\u00e9e le passion et de fantaisie. L\u2019historien du moyen-\u00e2ge qui, vu le manque de v\u00e9racit\u00e9 des chroniques, puise le plus possible aux &hellip; <a href=\"https:\/\/www.moyenagepassion.com\/index.php\/2017\/09\/11\/passion-et-couleurs-du-monde-medieval-selon-johan-huizinga\/\" class=\"more-link\">Continuer la lecture de <span class=\"screen-reader-text\">passion et couleurs du monde m\u00e9di\u00e9val (XVe) selon Johan Huizinga<\/span>  <span class=\"meta-nav\">&rarr;<\/span><\/a><\/p>\n","protected":false},"author":2,"featured_media":0,"comment_status":"open","ping_status":"open","sticky":false,"template":"","format":"standard","meta":{"_monsterinsights_skip_tracking":false,"_monsterinsights_sitenote_active":false,"_monsterinsights_sitenote_note":"","_monsterinsights_sitenote_category":0,"footnotes":""},"categories":[154],"tags":[155,3080,525,3079,2489,182,18,913,34],"class_list":["post-15485","post","type-post","status-publish","format-standard","hentry","category-citations-moyen-age-medievales","tag-citation","tag-declin-du-moyen-age","tag-historien","tag-johan-huizinga","tag-medieviste","tag-monde-medieval","tag-moyen-age","tag-moyen-age-tardif","tag-passion"],"aioseo_notices":[],"_links":{"self":[{"href":"https:\/\/www.moyenagepassion.com\/index.php\/wp-json\/wp\/v2\/posts\/15485"}],"collection":[{"href":"https:\/\/www.moyenagepassion.com\/index.php\/wp-json\/wp\/v2\/posts"}],"about":[{"href":"https:\/\/www.moyenagepassion.com\/index.php\/wp-json\/wp\/v2\/types\/post"}],"author":[{"embeddable":true,"href":"https:\/\/www.moyenagepassion.com\/index.php\/wp-json\/wp\/v2\/users\/2"}],"replies":[{"embeddable":true,"href":"https:\/\/www.moyenagepassion.com\/index.php\/wp-json\/wp\/v2\/comments?post=15485"}],"version-history":[{"count":1,"href":"https:\/\/www.moyenagepassion.com\/index.php\/wp-json\/wp\/v2\/posts\/15485\/revisions"}],"predecessor-version":[{"id":34752,"href":"https:\/\/www.moyenagepassion.com\/index.php\/wp-json\/wp\/v2\/posts\/15485\/revisions\/34752"}],"wp:attachment":[{"href":"https:\/\/www.moyenagepassion.com\/index.php\/wp-json\/wp\/v2\/media?parent=15485"}],"wp:term":[{"taxonomy":"category","embeddable":true,"href":"https:\/\/www.moyenagepassion.com\/index.php\/wp-json\/wp\/v2\/categories?post=15485"},{"taxonomy":"post_tag","embeddable":true,"href":"https:\/\/www.moyenagepassion.com\/index.php\/wp-json\/wp\/v2\/tags?post=15485"}],"curies":[{"name":"wp","href":"https:\/\/api.w.org\/{rel}","templated":true}]}}