{"id":15501,"date":"2017-09-12T03:18:17","date_gmt":"2017-09-12T02:18:17","guid":{"rendered":"http:\/\/www.moyenagepassion.com\/?p=15501"},"modified":"2020-10-04T19:52:35","modified_gmt":"2020-10-04T18:52:35","slug":"la-poesie-medievale-politique-et-satirique-de-jean-meschinot-poete","status":"publish","type":"post","link":"https:\/\/www.moyenagepassion.com\/index.php\/2017\/09\/12\/la-poesie-medievale-politique-et-satirique-de-jean-meschinot-poete\/","title":{"rendered":"La po\u00e9sie m\u00e9di\u00e9vale politique et satirique de Jean Meschinot"},"content":{"rendered":"<div id=\"moyen-165480586\" class=\"moyen-before-content moyen-entity-placement\"><script async src=\"\/\/pagead2.googlesyndication.com\/pagead\/js\/adsbygoogle.js?client=ca-pub-3035390706780632\" crossorigin=\"anonymous\"><\/script><ins class=\"adsbygoogle\" style=\"display:block;\" data-ad-client=\"ca-pub-3035390706780632\" \ndata-ad-slot=\"\" \ndata-ad-format=\"auto\"><\/ins>\n<script> \n(adsbygoogle = window.adsbygoogle || []).push({}); \n<\/script>\n<\/div><p><strong><a href=\"https:\/\/www.moyenagepassion.com\/wp-content\/uploads\/2017\/09\/manuscrit_24314_jean_Meschinot_poete_breton_medieval_poesie_politique_satirique_moyen-age_tardif.jpg\"><img decoding=\"async\" class=\"wp-image-15534 alignleft\" src=\"https:\/\/www.moyenagepassion.com\/wp-content\/uploads\/2017\/09\/manuscrit_24314_jean_Meschinot_poete_breton_medieval_poesie_politique_satirique_moyen-age_tardif.jpg\" alt=\"manuscrit_24314_jean_Meschinot_poete_breton_medieval_poesie_politique_satirique_moyen-age_tardif\" width=\"81\" height=\"138\" srcset=\"https:\/\/www.moyenagepassion.com\/wp-content\/uploads\/2017\/09\/manuscrit_24314_jean_Meschinot_poete_breton_medieval_poesie_politique_satirique_moyen-age_tardif.jpg 240w, https:\/\/www.moyenagepassion.com\/wp-content\/uploads\/2017\/09\/manuscrit_24314_jean_Meschinot_poete_breton_medieval_poesie_politique_satirique_moyen-age_tardif-176x300.jpg 176w\" sizes=\"(max-width: 81px) 100vw, 81px\" \/><\/a>Sujet<\/strong> : po\u00e9sie satirique, politique, morale, po\u00e9sie m\u00e9di\u00e9vale, biographie, portrait, po\u00e8te breton.<br \/>\n<strong>P\u00e9riode<\/strong> : moyen-\u00e2ge tardif, XVe si\u00e8cle<br \/>\n<strong>Auteur<\/strong> : Jean (Jehan) Meschinot (1420 &#8211; 1491)<br \/>\n<strong>Manuscrit ancien<\/strong> : MS fran\u00e7ais 24314 bnf<br \/>\n<strong>Ouvrage<\/strong> : <em>Les lunettes des Princes<\/em>\u00a0&amp;\u00a0po\u00e9sies diverses.<\/p>\n<p>Bonjour \u00e0 tous,<\/p>\n<p style=\"text-align: justify;\"><img decoding=\"async\" class=\"alignleft size-full wp-image-162\" src=\"https:\/\/www.moyenagepassion.com\/wp-content\/uploads\/2015\/12\/N_lettrine_moyen_age_passion.jpg\" alt=\"N_lettrine_moyen_age_passion\" width=\"84\" height=\"103\" \/>ous partons aujourd&rsquo;hui sur les routes de la Bretagne du moyen-\u00e2ge tardif, en compagnie d&rsquo;un gentilhomme, po\u00e8te et homme d&rsquo;armes du XVe si\u00e8cle du nom de<em><strong> Jean <\/strong><\/em>(ou Jehan)<em><strong> Meschinot<\/strong><\/em>. Contemporain de <em><strong><a href=\"https:\/\/www.moyenagepassion.com\/index.php\/moyen-age\/musique-medieval-historique-fantaisie-celtique\/francois-villon\/\">Fran\u00e7ois Villon<\/a><\/strong><\/em> et de<strong> Charles d&rsquo;Orleans<\/strong>, cet auteur s&rsquo;exer\u00e7a \u00e0 une po\u00e9sie morale, politique et satirique aux accents, par endroits, m\u00e9lancoliques ou fatalistes, qui n&rsquo;est pas sans rappeler celle d&rsquo;un <em><strong><a href=\"https:\/\/www.moyenagepassion.com\/index.php\/moyen-age\/musique-medieval-historique-fantaisie-celtique\/eustache-deschamps\/\" target=\"_blank\" rel=\"noopener noreferrer\">Eustache Deschamps<\/a><\/strong><\/em>, quelques temps apr\u00e8s ce dernier.<\/p>\n<figure id=\"attachment_15515\" aria-describedby=\"caption-attachment-15515\" style=\"width: 452px\" class=\"wp-caption aligncenter\"><a href=\"https:\/\/www.moyenagepassion.com\/wp-content\/uploads\/2017\/09\/poesie_medievale_breton_jean_meschinot_manuscrit_ancien_24314_XVe_miniature_moyen-age_tardif.jpg\"><img decoding=\"async\" class=\"wp-image-15515 \" src=\"https:\/\/www.moyenagepassion.com\/wp-content\/uploads\/2017\/09\/poesie_medievale_breton_jean_meschinot_manuscrit_ancien_24314_XVe_miniature_moyen-age_tardif.jpg\" alt=\"poesie_medievale_breton_jean_meschinot_manuscrit_ancien_24314_XVe_miniature_moyen-age_tardif\" width=\"452\" height=\"282\" srcset=\"https:\/\/www.moyenagepassion.com\/wp-content\/uploads\/2017\/09\/poesie_medievale_breton_jean_meschinot_manuscrit_ancien_24314_XVe_miniature_moyen-age_tardif.jpg 1392w, https:\/\/www.moyenagepassion.com\/wp-content\/uploads\/2017\/09\/poesie_medievale_breton_jean_meschinot_manuscrit_ancien_24314_XVe_miniature_moyen-age_tardif-300x187.jpg 300w, https:\/\/www.moyenagepassion.com\/wp-content\/uploads\/2017\/09\/poesie_medievale_breton_jean_meschinot_manuscrit_ancien_24314_XVe_miniature_moyen-age_tardif-1024x639.jpg 1024w\" sizes=\"(max-width: 452px) 100vw, 452px\" \/><\/a><figcaption id=\"caption-attachment-15515\" class=\"wp-caption-text\">Manuscrit MS Fr 24314 BnF, oeuvres de Jehan (Jean) Meschinot, XV. Langueur, fureur et courroux rendent visite au po\u00e8te breton<\/figcaption><\/figure>\n<h2 style=\"text-align: left;\">Un po\u00e8te, gentilhomme et homme d&rsquo;armes breton du XVe<\/h2>\n<p style=\"text-align: justify;\">Est-ce, comme l&rsquo;avan\u00e7ait l&rsquo;historien <em><strong>Johan Huizinga<\/strong><\/em>\u00a0en citant quelques vers de\u00a0<em><strong>Jean Meschinot<\/strong> <\/em>dans son <em><strong>Automne du Moyen-\u00e2ge<\/strong><\/em>, un signe des temps que cette d\u00e9sesp\u00e9rance du XVe si\u00e8cle ? Il faut dire que le po\u00e8te breton a connu aussi de son vivant quelques pertes brutales notamment du c\u00f4t\u00e9 des seigneurs qu&rsquo;il servait, auxquels il faut ajouter quelques \u00e9pisodes de revers financiers et encore de notables\u00a0d\u00e9boires de sant\u00e9.<\/p>\n<p style=\"text-align: justify;\"><span style=\"color: #008000;\"><strong><em><img decoding=\"async\" class=\"alignright wp-image-15527\" src=\"https:\/\/www.moyenagepassion.com\/wp-content\/uploads\/2017\/09\/deco_medieval_bretagne.jpg\" alt=\"deco_medieval_bretagne\" width=\"100\" height=\"430\" srcset=\"https:\/\/www.moyenagepassion.com\/wp-content\/uploads\/2017\/09\/deco_medieval_bretagne.jpg 115w, https:\/\/www.moyenagepassion.com\/wp-content\/uploads\/2017\/09\/deco_medieval_bretagne-70x300.jpg 70w\" sizes=\"(max-width: 100px) 100vw, 100px\" \/>\u00ab\u00a0Mis\u00e9rable et tr\u00e8s dolente vie!&#8230; <\/em><\/strong><\/span><br \/>\n<span style=\"color: #008000;\"> <strong><em>La guerre avons, mortalit\u00e9, famine ; <\/em><\/strong><\/span><br \/>\n<span style=\"color: #008000;\"> <strong><em>Le froid, le chaud, le jour, la nuit nous mine; <\/em><\/strong><\/span><br \/>\n<span style=\"color: #008000;\"> <strong><em>Puces, cirons et tant d&rsquo;autre vermine <\/em><\/strong><\/span><br \/>\n<span style=\"color: #008000;\"> <strong><em>Nous guerroyent. Bref, mis\u00e8re domine <\/em><\/strong><\/span><br \/>\n<span style=\"color: #008000;\"> <strong><em>Noz meschans corps, dont le vivre est tr\u00e8s court &#8230; \u00ab\u00a0<\/em><\/strong><\/span><br \/>\n<span style=\"color: #808080;\">Jehan MESCHINOT (1420 &#8211; 1491)<\/span><\/p>\n<p style=\"text-align: justify;\">Dans le courant de sa vie, cette d\u00e9sesp\u00e9rance prendra chez <strong>Jean Meschinot<\/strong>, une forme aigu\u00eb, au point m\u00eame de le conduire, lors d&rsquo;une p\u00e9riode particuli\u00e8rement difficile, pr\u00e8s\u00a0des rives peu chr\u00e9tiennes du suicide. Il ne le commettra toutefois pas et se repentira m\u00eame devant Dieu d&rsquo;en avoir caresser l&rsquo;id\u00e9e.\u00a0On pourrait \u00eatre tent\u00e9 d&rsquo;all\u00e9guer que c&rsquo;est le po\u00e8te dans son errance imaginaire et non l&rsquo;homme qui fut confront\u00e9 \u00e0 l&rsquo;\u00e9preuve, mais cet auteur, \u00e0 l&rsquo;image d&rsquo;<em><strong>Eustache Deschamps<\/strong><\/em> est fait d&rsquo;un seul\u00a0tenant\u00a0et, si l&rsquo;on ne peut \u00e9carter qu&rsquo;il en rajoute parfois, comme tous les po\u00e8tes ou les auteurs pour se pr\u00eater \u00e0 l&rsquo;exercice de la licence po\u00e9tique, on peut, avec l&rsquo;accord de ses biographes, avancer que cela se produisit vraiment.\u00a0M\u00eame si l&rsquo;id\u00e9e seule peut surprendre dans le contexte d&rsquo;un moyen-\u00e2ge tardif encore largement impr\u00e9gn\u00e9 de christianisme, l\u00e0 encore, on peut appeler \u00e0 la rescousse,\u00a0<em><strong>Johan Huizinga. <\/strong><\/em>Dans l&rsquo;opus d\u00e9j\u00e0 cit\u00e9, ce dernier fera, en effet, le constat, \u00e0 l&rsquo;appui d&rsquo;autres auteurs m\u00e9di\u00e9vaux de la m\u00eame p\u00e9riode, que, sans aller aussi loin que de vouloir abr\u00e9ger eux-m\u00eame leur propre vie, en appeler \u00e0 la mort pour mettre fin \u00e0 leur d\u00e9sespoir est une id\u00e9e qui revient, quelquefois, dans la po\u00e9sie de ce courant de XVe si\u00e8cle. \u00a0Tout cela \u00e9tant dit, le legs po\u00e9tique de <em><strong>Jean Meschinot<\/strong> <\/em>va bien au del\u00e0 de cette simple anecdote qui ne vaut d&rsquo;\u00eatre\u00a0mentionn\u00e9e que pour mesurer jusqu&rsquo;o\u00f9\u00a0la m\u00e9lancolie ou le d\u00e9sespoir ont\u00a0pu aller chez lui, \u00a0au moins durant un court \u00a0\u00e9pisode de son existence,<\/p>\n<p style=\"text-align: justify;\">Pour revenir \u00e0 sa biographie concr\u00e8te, au cours de sa vie, le po\u00e8te breton, originaire de Nantes et issu de petite noblesse, est un homme d&rsquo;armes. On le retrouvera mentionn\u00e9 \u00e0 plusieurs reprises comme \u00e9cuyer ou servant dans les garnisons rapproch\u00e9es de diff\u00e9rents ducs de Bretagne : <em><strong>Jean V<\/strong><\/em>, <em><strong>Fran\u00e7ois 1er<\/strong><\/em>, puis <em><strong>Pierre II<\/strong><\/em>, <em><strong>Arthur III<\/strong><\/em>. On peut notamment le retrouver cit\u00e9 \u00a0\u00e0 l&rsquo;occasion de missions d&rsquo;escorte p\u00e9rilleuses et \u00e0 des moments o\u00f9 les ducs souhaitaient s&rsquo;entourer d&rsquo;une poign\u00e9e d&rsquo;hommes pour parer \u00e0 l&rsquo;\u00e9ventualit\u00e9 de quelques embuscades, sur les routes p\u00e9rilleuses de la guerre de cent <a href=\"https:\/\/www.moyenagepassion.com\/wp-content\/uploads\/2017\/09\/poesie_medievale_XV_Jean_Meschinot_poete_breton_manuscrit_ancien_miniature_enluminure_MS_fr_24314.jpg\"><img decoding=\"async\" class=\"wp-image-15516 alignleft\" src=\"https:\/\/www.moyenagepassion.com\/wp-content\/uploads\/2017\/09\/poesie_medievale_XV_Jean_Meschinot_poete_breton_manuscrit_ancien_miniature_enluminure_MS_fr_24314.jpg\" alt=\"poesie_medievale_XV_Jean_Meschinot_poete_breton_manuscrit_ancien_miniature_enluminure_MS_fr_24314\" width=\"244\" height=\"393\" srcset=\"https:\/\/www.moyenagepassion.com\/wp-content\/uploads\/2017\/09\/poesie_medievale_XV_Jean_Meschinot_poete_breton_manuscrit_ancien_miniature_enluminure_MS_fr_24314.jpg 497w, https:\/\/www.moyenagepassion.com\/wp-content\/uploads\/2017\/09\/poesie_medievale_XV_Jean_Meschinot_poete_breton_manuscrit_ancien_miniature_enluminure_MS_fr_24314-187x300.jpg 187w\" sizes=\"(max-width: 244px) 100vw, 244px\" \/><\/a>ans.\u00a0C&rsquo;est l\u00e0 la marque ind\u00e9niable de la confiance port\u00e9e \u00e0 ses qualit\u00e9s d&rsquo;armes, qualit\u00e9s dont il sera d&rsquo;ailleurs r\u00e9compens\u00e9 et lou\u00e9, \u00e0 plusieurs reprises, comme les comptes de tr\u00e9sorerie du duch\u00e9 de Bretagne l&rsquo;attestent.<\/p>\n<p style=\"text-align: left;\"><span style=\"color: #808080;\">Le Manuscrit fr 24314 du XVe comprend les oeuvres de Meschinot et quelques autres anonymes.<\/span><\/p>\n<p style=\"text-align: justify;\">Au moyen-\u00e2ge, et ceux qui connaissent un tant soit peu cette p\u00e9riode ou qui suivent nos articles\u00a0le savent bien, l&rsquo;exercice de la po\u00e9sie n&rsquo;est pas incompatible avec les valeurs guerri\u00e8res, loin s&rsquo;en faut. Ainsi, la\u00a0reconnaissance des valeurs militaires du gentilhomme breton se couplera, sans anicroche, avec celle de ses qualit\u00e9s de po\u00e8te. Il voyagera, \u00e0 plusieurs reprises, en compagnie des Ducs vers des cours prestigieuses, comme en 1458, o\u00f9 il se rendra \u00e0 la cour de <em><strong>Charles d&rsquo;Orl\u00e9ans<\/strong><\/em>\u00a0et aura l&rsquo;occasion d&rsquo;y rencontrer maintes autres po\u00e8tes. Longtemps affect\u00e9 \u00e0 la carri\u00e8re, il\u00a0sera encore gentilhomme de la Garde, sous <em><strong>Fran\u00e7ois II de Bretagne,<\/strong><\/em>\u00a0et c&rsquo;est, \u00e0 ce titre, qu&rsquo;il servira encore la maison de Laval. Bien plus tard, il a alors pr\u00e8s de 68 ans, on le retrouvera encore mentionn\u00e9 dans les archives, au service d&rsquo;<em><strong>Anne de Bretagne,<\/strong><\/em> cette fois-ci, comme ma\u00eetre d\u2019h\u00f4tel.<\/p>\n<p style=\"text-align: justify;\"><img decoding=\"async\" class=\"wp-image-15527 alignright\" src=\"https:\/\/www.moyenagepassion.com\/wp-content\/uploads\/2017\/09\/deco_medieval_bretagne.jpg\" alt=\"deco_medieval_bretagne\" width=\"100\" height=\"430\" srcset=\"https:\/\/www.moyenagepassion.com\/wp-content\/uploads\/2017\/09\/deco_medieval_bretagne.jpg 115w, https:\/\/www.moyenagepassion.com\/wp-content\/uploads\/2017\/09\/deco_medieval_bretagne-70x300.jpg 70w\" sizes=\"(max-width: 100px) 100vw, 100px\" \/>Du point de vue des titres, <em><strong>Jean Meschinot<\/strong><\/em> fut aussi, en tant que seigneur de Mortiers, \u00e0 la t\u00eate d&rsquo;un domaine rural de taille acceptable, mais les frais aff\u00e9rant \u00e0 la gestion de ses terres, sa solde de soldat autant que les obligations de sa charge, tendent \u00e0\u00a0\u00e9tablir assez clairement qu&rsquo;il ne d\u00e9bordait pas de richesses. De fait, il semble\u00a0aussi avoir connu quelques ann\u00e9es moins fastes que d&rsquo;autres, notamment sous Fran\u00e7ois II. Il s&rsquo;en plaindra d&rsquo;ailleurs, \u00e0 plusieurs reprises,\u00a0dans quelques vers autobiographiques dont voici un exemple :<\/p>\n<p style=\"text-align: justify;\"><span style=\"color: #008000;\"><strong><em>\u00ab\u00a0Les jeux passez me sont bien cher vendus : <\/em><\/strong><\/span><br \/>\n<span style=\"color: #008000;\"><strong><em>J&rsquo;avois apprins coucher en litz tendus, <\/em><\/strong><\/span><br \/>\n<span style=\"color: #008000;\"><strong><em>Jouer aux detz, aux cartes, \u00e0 la paume; <\/em><\/strong><\/span><br \/>\n<span style=\"color: #008000;\"><strong><em>Que me vaut ce, mes cas bien entendus ? <\/em><\/strong><\/span><br \/>\n<span style=\"color: #008000;\"><strong><em>Tous mes esbatz sont pie\u00e7a despendus, <\/em><\/strong><\/span><br \/>\n<span style=\"color: #008000;\"><strong><em>Et me convient reposer sur la chaulme. \u00ab\u00a0<\/em><\/strong><\/span><br \/>\n<span style=\"color: #808080;\">Jehan Meschinot (1420 &#8211; 1491)<\/span><\/p>\n<p style=\"text-align: justify;\">Rappelant tr\u00e8s justement la pr\u00e9carit\u00e9 des po\u00e8tes et \u00e9crivains du moyen-\u00e2ge central \u00e0 tardif et les remettant en perspective avec leur\u00a0temps, un de ses biographes, <em><strong>Edouard L. De Kerdaniel<\/strong><\/em>\u00a0parlera \u00e0 son\u00a0sujet <span style=\"color: #008000;\"><em><strong>\u00ab\u00a0d&rsquo;honorable m\u00e9diocrit\u00e9\u00a0\u00bb<\/strong><\/em><\/span>. Se souvenant effectivement des mis\u00e8res d&rsquo;un <em><strong>Villon<\/strong><\/em>\u00a0et constatant encore qu&rsquo;\u00e0 l&rsquo;image d&rsquo;<em><strong>Eustache Deschamps<\/strong><\/em>, notre gentilhomme breton ne d\u00e9pend pas de sa po\u00e9sie pour vivre, on peut, sans doute, \u00e0 l&rsquo;exclusion de quelques \u00e9pisodes difficiles qu&rsquo;il connut, se ranger \u00e0\u00a0ce point de vue, en comprenant m\u00eame ici m\u00e9diocrit\u00e9 dans son sens ancien et non n\u00e9cessairement p\u00e9joratif : celui d&rsquo;une\u00a0voie qui se tient \u00ab\u00a0dans la moyenne\u00a0\u00bb (<a href=\"https:\/\/www.moyenagepassion.com\/index.php\/2016\/10\/23\/eustache-deschamps-une-ballade-sur-la-voie-du-juste-milieu-et-la-mediocrite-doree\/\" target=\"_blank\" rel=\"noopener noreferrer\">Voir Aurea Mediocritas<\/a>).<\/p>\n<h2>Une\u00a0po\u00e9sie politique et satirique, m\u00e2tin\u00e9e de d\u00e9sesp\u00e9rance<\/h2>\n<p style=\"text-align: justify;\">Un autre des biographes de <em><strong>Jean Meschinot, <\/strong><\/em>le plus c\u00e9l\u00e8bre,\u00a0<em><strong>Arnaud de la Borderie<\/strong><\/em> parlera de lui\u00a0comme un po\u00e8te <span style=\"color: #008000;\">\u00ab\u00a0<strong><em>moraliste, s\u00e9v\u00e8re, grondeur\u00a0\u00bb<\/em><\/strong><\/span>\u00a0et le d\u00e9crira encore comme <span style=\"color: #008000;\"><em><strong>\u00ab\u00a0un petit gentilhomme tout confit dans les vieilles moeurs, tout imbu du sentiment de devoirs sociaux, politiques et religieux\u00a0\u00bb<\/strong><\/em><\/span>. Pour le dire de mani\u00e8re un peu moins abrupte et connot\u00e9e, il demeure ind\u00e9niable que le\u00a0gentilhomme nantais\u00a0est de la veine des po\u00e8tes \u00a0qui aiment user de leurs plumes pour haranguer leurs contemporains et notamment, pour ce qui concerne notre breton, les princes et les puissants et pas les moindres; une po\u00e9sie satirique qui ira m\u00eame jusqu&rsquo;aux pamphlets politiques.<\/p>\n<p style=\"text-align: center;\"><span style=\"color: #008000;\"><strong><em>\u00ab\u00a0Combien doibt-on un grant prince blasmer, <\/em><\/strong><\/span><br \/>\n<span style=\"color: #008000;\"><strong><em>Quant il se faict partout cruel nommer <\/em><\/strong><\/span><br \/>\n<span style=\"color: #008000;\"><strong><em>Et sans vouloir \u00e0 bont\u00e9 revenir ! <\/em><\/strong><\/span><br \/>\n<span style=\"color: #008000;\"><strong><em>Qui poss\u00e8de de biens toute une mer. <\/em><\/strong><\/span><br \/>\n<span style=\"color: #008000;\"><strong><em>Dont le peuple est souvent presqu&rsquo;\u00e0 pasmer <\/em><\/strong><\/span><br \/>\n<span style=\"color: #008000;\"><strong><em>Par pouvret\u00e9, quant le deust maintenir <\/em><\/strong><\/span><br \/>\n<span style=\"color: #008000;\"><strong><em>En seure paix, sans lui faire blessure ! <\/em><\/strong><\/span><br \/>\n<span style=\"color: #008000;\"><strong><em>C&rsquo;est grand piti\u00e9, par ma foy, je vous jure, <\/em><\/strong><\/span><br \/>\n<span style=\"color: #008000;\"><strong><em>Qu&rsquo;ung tel seigneur, soit d\u2019Escoce ou Savoye, <\/em><\/strong><\/span><br \/>\n<span style=\"color: #008000;\"><strong><em>Ayt autant d&rsquo;or qu&rsquo;est grant le Puy de Domme, <\/em><\/strong><\/span><br \/>\n<span style=\"color: #008000;\"><strong><em>Il ne vault pas qu&rsquo;on le prise une pomme, <\/em><\/strong><\/span><br \/>\n<span style=\"color: #008000;\"><strong><em>Ne que le ciel lui preste umbre ne voye. \u00ab\u00a0<\/em><\/strong><\/span><br \/>\n<span style=\"color: #999999;\">Jehan Meschinot (1420 &#8211; 1491)<\/span><\/p>\n<p style=\"text-align: justify;\">Parmi les \u00e9v\u00e9nements politiques marquants de la vie de l&rsquo;auteur, on peut assur\u00e9ment compter le r\u00e8gne de <em><strong>Louis XI<\/strong><\/em> et le conflit qui opposa ce dernier \u00e0 ses vassaux en g\u00e9n\u00e9ral et \u00e0 la Bretagne en particulier, autant que ses ambitions de conqu\u00eate et la pression fiscale qu&rsquo;il y adjoint. Au temps de la <em><strong>L<\/strong><strong>igue du Bien Public<\/strong><\/em>, conflit orchestr\u00e9 par les grands f\u00e9odaux qui se soulev\u00e8rent contre\u00a0la couronne, on retrouva naturellement <em><strong>Meschinot<\/strong><\/em> du c\u00f4t\u00e9 du duch\u00e9 de Bretagne\u00a0et contre <em><strong>Louis XI<\/strong><\/em><img decoding=\"async\" class=\" wp-image-2130 alignright\" src=\"https:\/\/www.moyenagepassion.com\/wp-content\/uploads\/2016\/02\/louis_XI_roi_de_france_monde_medieval_bas_moyen_age.jpg\" alt=\"louis_XI_roi_de_france_monde_medieval_bas_moyen_age\" width=\"192\" height=\"292\" srcset=\"https:\/\/www.moyenagepassion.com\/wp-content\/uploads\/2016\/02\/louis_XI_roi_de_france_monde_medieval_bas_moyen_age.jpg 240w, https:\/\/www.moyenagepassion.com\/wp-content\/uploads\/2016\/02\/louis_XI_roi_de_france_monde_medieval_bas_moyen_age-198x300.jpg 198w\" sizes=\"(max-width: 192px) 100vw, 192px\" \/>. Le po\u00e8te r\u00e9digea m\u00eame\u00a0quelques vingt-cinq ballades caustiques et politiques qui visaient de mani\u00e8re directe et sans laisser place au doute, le roi de France, comme put l&rsquo;\u00e9tablir avec force exemples\u00a0<em><strong>Arnaud de la Borderie <\/strong><\/em>dans sa biographie de l&rsquo;int\u00e9ress\u00e9. Ces ballades furent \u00e9crites en quelque sorte \u00e0 deux mains puisque leurs envois provenaient de la plume d&rsquo;un po\u00e8te bourguignon contemporain de l&rsquo;auteur nantais\u00a0: <em><strong>Georges Chastelain<\/strong><\/em>.<\/p>\n<h2 style=\"text-align: justify;\">Reconnu de ses contemporains,<br \/>\noubli\u00e9 de l&rsquo;Histoire<\/h2>\n<p style=\"text-align: justify;\">L&rsquo;histoire litt\u00e9raire a d&rsquo;abord oubli\u00e9 <em><strong>Jean Meschinot<\/strong><\/em>, avant de s&rsquo;en souvenir quelque peu, \u00e0 nouveau, sans pour autant que ce dernier entre jamais tout \u00e0 fait dans la post\u00e9rit\u00e9. Rien de comparable en tout \u00a0cas \u00e0 un <strong>Villon<\/strong>, \u00a0un <em><strong>Charles d&rsquo;Orl\u00e9ans<\/strong><\/em> ou encore\u00a0un <em><strong><a href=\"https:\/\/www.moyenagepassion.com\/index.php\/moyen-age\/musique-medieval-historique-fantaisie-celtique\/clement-marot\/\" target=\"_blank\" rel=\"noopener noreferrer\">Cl\u00e9ment Marot<\/a><\/strong><\/em>. Le po\u00e8te m\u00e9di\u00e9val breton eut pourtant, de\u00a0son temps et avec son recueil\u00a0le plus connu <em><strong>\u00ab\u00a0Les lunettes des Princes\u00a0\u00bb<\/strong><\/em>, presque qu&rsquo;autant de succ\u00e8s que le <em><strong>Testament de Villon\u00a0<\/strong><\/em><strong>;<\/strong><em><strong>\u00a0<\/strong><\/em>les nombreuses r\u00e9\u00e9ditions de son ouvrage en attestent, plus nombreuses m\u00eame de son temps que celles du Testament.\u00a0<img decoding=\"async\" class=\"wp-image-15527 alignright\" src=\"https:\/\/www.moyenagepassion.com\/wp-content\/uploads\/2017\/09\/deco_medieval_bretagne.jpg\" alt=\"deco_medieval_bretagne\" width=\"100\" height=\"430\" srcset=\"https:\/\/www.moyenagepassion.com\/wp-content\/uploads\/2017\/09\/deco_medieval_bretagne.jpg 115w, https:\/\/www.moyenagepassion.com\/wp-content\/uploads\/2017\/09\/deco_medieval_bretagne-70x300.jpg 70w\" sizes=\"(max-width: 100px) 100vw, 100px\" \/>Sur le\u00a0talent de <strong>Meschinot<\/strong>, <em><strong>Cl\u00e9ment Marot<\/strong>\u00a0<\/em>\u00a0ne s&rsquo;y trompa d&rsquo;ailleurs pas et le citera m\u00eame dans une po\u00e9sie\u00a0o\u00f9 il liste les meilleurs po\u00e8tes fran\u00e7ais et leur province : <em><strong>l&rsquo;\u00e9pigramme \u00e0 Hugues Salel<\/strong><\/em>.<\/p>\n<p style=\"text-align: justify;\">Avec le recul du temps et sans la juger \u00e0 l&rsquo;aulne difficile et pour tout dire presque impitoyable parce que si \u00e9lev\u00e9e d&rsquo;un <em><strong>Fran\u00e7ois\u00a0<\/strong><strong>Villon<\/strong><\/em>, la po\u00e9sie de <em><strong>Jean Meschinot<\/strong><\/em> reste fort agr\u00e9able \u00e0 lire, d&rsquo;un beau style et tr\u00e8s fluide. Il se fend m\u00eame souvent de jeux de mots complexes sur ses fins de rimes qui d\u00e9montrent une virtuosit\u00e9 qu&rsquo;il serait injuste de ne pas reconna\u00eetre.<\/p>\n<p style=\"text-align: justify;\">Au del\u00e0 de ses qualit\u00e9s de plume, les valeurs de courage qu&rsquo;ils livrent dans son\u00a0\u00e9criture satirique et pamphl\u00e9taire, autant que le t\u00e9moignage politique de son temps, sont encore de ces choses qui pourront vous le faire aimer et qui nous le font, en tout cas, appr\u00e9cier. Au temps o\u00f9 l&rsquo;on savait encore combien la po\u00e9sie pouvait \u00eatre une arme, le gentilhomme breton en usait comme d&rsquo;une lance pour haranguer les plus grands. Les devoirs des princes, m\u00eame s&rsquo;ils sont d\u00e9sormais \u00e9lus, ont-ils tellement chang\u00e9 ? Les valeurs de temp\u00e9rance, justice, force et prudence dont<em><strong> Meschinot<\/strong><\/em> nous parlaient valent-elles encore qu&rsquo;on s&rsquo;y penche ? Cette mise en ab\u00eeme de l&rsquo;exercice du pouvoir \u00a0qui r\u00e9sonne jusqu&rsquo;\u00e0 nous, \u00e0 travers les si\u00e8cles,\u00a0rend encore sa po\u00e9sie f\u00e9conde et\u00a0propice \u00e0 la r\u00e9flexion.<\/p>\n<h2 style=\"text-align: justify;\">Des devoirs des princes<\/h2>\n<p style=\"text-align: justify;\">Pour ce premier article, autour de la biographie du po\u00e8te m\u00e9di\u00e9val, nous vous livrons encore un court extrait de ses <em><strong>Lunettes des Princes<\/strong><\/em>. \u00a0Nous aurons l&rsquo;occasion de revenir sur cet ouvrage qui contient aussi des \u00e9l\u00e9ments autobiographiques sur l&rsquo;auteur mais pour en dire un mot, il nous y entretient des devoirs des princes, des puissants, des juges et m\u00eame des papes. Il le fait sans grand m\u00e9nagement au moment d&rsquo;adresser les responsabilit\u00e9s qui leur incombent. autant qu&rsquo;au moment d&rsquo;affirmer que tous les hommes sont \u00e9gaux devant Dieu et devant leurs actes. C&rsquo;est un court passage de cette veine que nous partageons ici.<\/p>\n<p style=\"text-align: center;\"><span style=\"color: #008000;\"><strong><em>Par desplaisir, faim et froidure<\/em><\/strong><\/span><br \/>\n<span style=\"color: #008000;\"><strong><em>Les pouvres gens meurent souvent<\/em><\/strong><\/span><br \/>\n<span style=\"color: #008000;\"><strong><em>Et sont, tant que chaud et froid dure.<\/em><\/strong><\/span><br \/>\n<span style=\"color: #008000;\"><strong><em>Aux champs nuds soubz pluie et soubz vent;<\/em><\/strong><\/span><br \/>\n<span style=\"color: #008000;\"><strong><em>Puis ont, en leur pouvre convent*, <\/em><\/strong><span style=\"color: #808080;\"><em>(m\u00e9nage)<\/em><\/span><\/span><br \/>\n<span style=\"color: #008000;\"><strong><em>N\u00e9cessit\u00e9 qui les bat tant,<\/em><\/strong><\/span><br \/>\n<span style=\"color: #008000;\"><strong><em>Quant seigneurs se vont esbatant.<\/em><\/strong><\/span><\/p>\n<p style=\"text-align: center;\"><span style=\"color: #008000;\"><strong><em>Inhumains et dommageux<\/em><\/strong><\/span><br \/>\n<span style=\"color: #008000;\"><strong><em>Qui portez nom de seigneurie,<\/em><\/strong><\/span><br \/>\n<span style=\"color: #008000;\"><strong><em>Vous prenez les pleurs d&rsquo;homme \u00e0 jeux ; <\/em><\/strong><\/span><br \/>\n<span style=\"color: #008000;\"><strong><em>Mais n&rsquo;est pas temps que seigneur rie<\/em><\/strong><\/span><br \/>\n<span style=\"color: #008000;\"><strong><em>Quant on voit charit\u00e9 p\u00e9rie.<\/em><\/strong><\/span><br \/>\n<span style=\"color: #008000;\"><strong><em>Qui est des vertus la maistresse : <\/em><\/strong><\/span><br \/>\n<span style=\"color: #008000;\"><strong><em>Pouvres gens ont trop de destresse !<\/em><\/strong><\/span><\/p>\n<p style=\"text-align: center;\"><span style=\"color: #008000;\"><strong><em>Du propre labeur de leurs mains,<\/em><\/strong><\/span><br \/>\n<span style=\"color: #008000;\"><strong><em>Qui dust tourner \u00e0 leur usage.<\/em><\/strong><\/span><br \/>\n<span style=\"color: #008000;\"><strong><em>Ilz en ont petit, voire mains*\u00a0<\/em><\/strong><span style=\"color: #808080;\"><em>(moins)<\/em><\/span><\/span><br \/>\n<span style=\"color: #008000;\"><strong><em>Qu&rsquo;il n&rsquo;est mestier pour leur mesnage.<\/em><\/strong><\/span><br \/>\n<span style=\"color: #008000;\"><strong><em>Vous l&rsquo;avez, malgr\u00e9 leur visage, <span style=\"color: #808080;\">(1)<\/span><br \/>\n<\/em><\/strong><\/span><span style=\"color: #008000;\"><strong><em>Souvent sans cause : Dieu le voit I <\/em><\/strong><\/span><br \/>\n<span style=\"color: #008000;\"><strong><em>Qui se damne est villain renoit*<\/em><\/strong><span style=\"color: #808080;\"><em>(ren\u00e9gat)<span style=\"color: #008000;\">.<\/span><\/em><\/span><\/span><\/p>\n<p style=\"text-align: center;\"><span style=\"color: #008000;\"><strong><em>Combien que vous nommez villains<\/em><\/strong><\/span><br \/>\n<span style=\"color: #008000;\"><strong><em>Ceux qui vostre vie soustiennent,<\/em><\/strong><\/span><br \/>\n<span style=\"color: #008000;\"><strong><em>Le bonhomme* <\/em><\/strong><span style=\"color: #808080;\"><em>(paysan)<\/em><\/span><strong><em> n&rsquo;est pas vil, \u2014 ains<\/em><\/strong><\/span><br \/>\n<span style=\"color: #008000;\"><strong><em>Ses faicts en vertu se maintiennent&#8230;<\/em><\/strong><\/span><br \/>\n<span style=\"color: #008000;\"><strong><em>Je vous nomme loups ravisseurs<\/em><\/strong><\/span><br \/>\n<span style=\"color: #008000;\"><strong><em>Ou lions, si tout d\u00e9vorez !&#8230;.<\/em><\/strong><\/span><\/p>\n<p style=\"text-align: justify;\"><em><span style=\"color: #808080;\"><strong>(1) <\/strong>Quelque soit le fruit de leur labeur, qui devrait leur profiter il ne leur en reste que peu et m\u00eame moins, car vous leur prenez \u00ab\u00a0\u00e0 leur visage\u00a0\u00bb autrement dit sans vous en cacher.<\/span><\/em><\/p>\n<p style=\"text-align: justify;\">En vous souhaitant une tr\u00e8s belle journ\u00e9e.<\/p>\n<p>Fr\u00e9d\u00e9ric EFFE.<br \/>\nPour moyenagepassion.com<br \/>\n<em><strong>A la d\u00e9couverte du moyen-\u00e2ge sous toutes ses formes.<\/strong><\/em><\/p>\n<p>_________________________________________________________<br \/>\n<span style=\"color: #008000;\"><strong>Sources<\/strong> :<\/span><br \/>\n<span style=\"color: #000000;\"> <em>Un soldat-po\u00e8te du XVe si\u00e8cle, Jehan Meschinot<\/em>,<\/span><br \/>\n<span style=\"color: #999999;\"> par Edouard L. De Kerdaniel (1915)<\/span><br \/>\n<span style=\"color: #999999;\"><span style=\"color: #000000;\"> <em>Jean Meschinot Sa vie et ses oeuvres, ses satires contre Louis XI<\/em><\/span>,<\/span><br \/>\n<span style=\"color: #999999;\"> Par Arthur de La Borderie (1896)<\/span><br \/>\n<span style=\"color: #000000;\"> <em>Jean Meschinot Les Lunettes des Princes<\/em>,<\/span><br \/>\n<span style=\"color: #999999;\"> publi\u00e9 et comment\u00e9 par Olivier de Gourcuff (1890)<\/span><br \/>\n<span style=\"color: #000000;\"> <em>Manuscrit fran\u00e7ais 24314, bnf, d\u00e9partements des manuscrits.<br \/>\n<\/em><\/span><em>Les lunettes des princes. Vingt-cinq ballades. Comm\u00e9moration de la passion<\/em>.\u00a0<span style=\"color: #999999;\">Par Etienne Larcher, (1493)<br \/>\n<span style=\"color: #000000;\"><em>L&rsquo;Automne du Moyen-\u00e2ge<\/em><\/span> Johan Huizinga (1919)<\/span><\/p>\n","protected":false},"excerpt":{"rendered":"<p>Sujet : po\u00e9sie satirique, politique, morale, po\u00e9sie m\u00e9di\u00e9vale, biographie, portrait, po\u00e8te breton. P\u00e9riode : moyen-\u00e2ge tardif, XVe si\u00e8cle Auteur : Jean (Jehan) Meschinot (1420 &#8211; 1491) Manuscrit ancien : MS fran\u00e7ais 24314 bnf Ouvrage : Les lunettes des Princes\u00a0&amp;\u00a0po\u00e9sies diverses. Bonjour \u00e0 tous, ous partons aujourd&rsquo;hui sur les routes de la Bretagne du moyen-\u00e2ge tardif, &hellip; <a href=\"https:\/\/www.moyenagepassion.com\/index.php\/2017\/09\/12\/la-poesie-medievale-politique-et-satirique-de-jean-meschinot-poete\/\" class=\"more-link\">Continuer la lecture de <span class=\"screen-reader-text\">La po\u00e9sie m\u00e9di\u00e9vale politique et satirique de Jean Meschinot<\/span>  <span class=\"meta-nav\">&rarr;<\/span><\/a><\/p>\n","protected":false},"author":2,"featured_media":0,"comment_status":"open","ping_status":"open","sticky":false,"template":"","format":"standard","meta":{"_monsterinsights_skip_tracking":false,"_monsterinsights_sitenote_active":false,"_monsterinsights_sitenote_note":"","_monsterinsights_sitenote_category":0,"footnotes":""},"categories":[3081,9],"tags":[1710,3089,3087,3088,3083,1773,1142,3082,22,3084,18,913,3086,615,1922,688,294,3085,622,1071,2168],"class_list":["post-15501","post","type-post","status-publish","format-standard","hentry","category-jean-meschinot","category-musique-medieval-historique-fantaisie-celtique","tag-biographie","tag-devoir-des-princes","tag-ecuyer-poete","tag-gentilhomme-poete","tag-jean-meschinot","tag-jehan","tag-louis-xi","tag-lunettes-des-princes","tag-medievale","tag-meschinot","tag-moyen-age","tag-moyen-age-tardif","tag-pamphlet","tag-poesie-medievale","tag-poesie-politique","tag-poesie-satirique","tag-poete","tag-poete-breton","tag-poete-medieval","tag-portrait","tag-xve-siecle"],"aioseo_notices":[],"_links":{"self":[{"href":"https:\/\/www.moyenagepassion.com\/index.php\/wp-json\/wp\/v2\/posts\/15501"}],"collection":[{"href":"https:\/\/www.moyenagepassion.com\/index.php\/wp-json\/wp\/v2\/posts"}],"about":[{"href":"https:\/\/www.moyenagepassion.com\/index.php\/wp-json\/wp\/v2\/types\/post"}],"author":[{"embeddable":true,"href":"https:\/\/www.moyenagepassion.com\/index.php\/wp-json\/wp\/v2\/users\/2"}],"replies":[{"embeddable":true,"href":"https:\/\/www.moyenagepassion.com\/index.php\/wp-json\/wp\/v2\/comments?post=15501"}],"version-history":[{"count":1,"href":"https:\/\/www.moyenagepassion.com\/index.php\/wp-json\/wp\/v2\/posts\/15501\/revisions"}],"predecessor-version":[{"id":33684,"href":"https:\/\/www.moyenagepassion.com\/index.php\/wp-json\/wp\/v2\/posts\/15501\/revisions\/33684"}],"wp:attachment":[{"href":"https:\/\/www.moyenagepassion.com\/index.php\/wp-json\/wp\/v2\/media?parent=15501"}],"wp:term":[{"taxonomy":"category","embeddable":true,"href":"https:\/\/www.moyenagepassion.com\/index.php\/wp-json\/wp\/v2\/categories?post=15501"},{"taxonomy":"post_tag","embeddable":true,"href":"https:\/\/www.moyenagepassion.com\/index.php\/wp-json\/wp\/v2\/tags?post=15501"}],"curies":[{"name":"wp","href":"https:\/\/api.w.org\/{rel}","templated":true}]}}