{"id":15889,"date":"2017-09-23T03:19:46","date_gmt":"2017-09-23T02:19:46","guid":{"rendered":"http:\/\/www.moyenagepassion.com\/?p=15889"},"modified":"2020-10-05T01:21:26","modified_gmt":"2020-10-05T00:21:26","slug":"lhistoire-des-couleurs-par-michel-pastoureau-du-vert-empoisonne-au-vert-salvateur","status":"publish","type":"post","link":"https:\/\/www.moyenagepassion.com\/index.php\/2017\/09\/23\/lhistoire-des-couleurs-par-michel-pastoureau-du-vert-empoisonne-au-vert-salvateur\/","title":{"rendered":"L&rsquo;histoire des couleurs par Michel Pastoureau: du Vert empoisonn\u00e9 au Vert salvateur"},"content":{"rendered":"<div id=\"moyen-1256077081\" class=\"moyen-before-content moyen-entity-placement\"><script async src=\"\/\/pagead2.googlesyndication.com\/pagead\/js\/adsbygoogle.js?client=ca-pub-3035390706780632\" crossorigin=\"anonymous\"><\/script><ins class=\"adsbygoogle\" style=\"display:block;\" data-ad-client=\"ca-pub-3035390706780632\" \ndata-ad-slot=\"\" \ndata-ad-format=\"auto\"><\/ins>\n<script> \n(adsbygoogle = window.adsbygoogle || []).push({}); \n<\/script>\n<\/div><p><strong><a href=\"https:\/\/www.moyenagepassion.com\/wp-content\/uploads\/2017\/09\/conference_monde_medieval_couleurs_du_moyen-age_vert_michel_pastoureau.jpg\"><img decoding=\"async\" class=\"wp-image-15891 alignleft\" src=\"https:\/\/www.moyenagepassion.com\/wp-content\/uploads\/2017\/09\/conference_monde_medieval_couleurs_du_moyen-age_vert_michel_pastoureau.jpg\" alt=\"conference_monde_medieval_couleurs_du_moyen-age_vert_michel_pastoureau\" width=\"95\" height=\"190\" srcset=\"https:\/\/www.moyenagepassion.com\/wp-content\/uploads\/2017\/09\/conference_monde_medieval_couleurs_du_moyen-age_vert_michel_pastoureau.jpg 160w, https:\/\/www.moyenagepassion.com\/wp-content\/uploads\/2017\/09\/conference_monde_medieval_couleurs_du_moyen-age_vert_michel_pastoureau-150x300.jpg 150w\" sizes=\"(max-width: 95px) 100vw, 95px\" \/><\/a>Sujet<\/strong>\u00a0: couleur, symbolique, anthropologie, histoire m\u00e9di\u00e9vale, histoire des couleurs.<br \/>\n<strong>P\u00e9riode<\/strong>\u00a0: de l\u2019antiquit\u00e9 \u00e0 nos jours<br \/>\n<strong>Livre<\/strong>\u00a0: \u00ab\u00a0Vert, Histoire d&rsquo;une Couleur\u00a0\u00bb (2013)<br \/>\n<strong>Auteur<\/strong>\u00a0: <a href=\"https:\/\/www.moyenagepassion.com\/?s=pastoureau\" target=\"_blank\" rel=\"noopener noreferrer\"><em><strong>Michel Pastoureau<\/strong><\/em><\/a><br \/>\n<strong>M\u00e9dia<\/strong>\u00a0: \u00e9mission radio,\u00a0livre, \u00ab\u00a0conf\u00e9rence\u00a0\u00bb<br \/>\n<strong>Titre<\/strong>\u00a0: \u00ab\u00a0Des go\u00fbts et des couleurs : le vert\u00bb<br \/>\n<strong>Radio<\/strong>\u00a0:\u00a0<em><a href=\"https:\/\/www.franceculture.fr\/\" target=\"_blank\" rel=\"noopener noreferrer\">France Culture<\/a>, \u00ab\u00a0Hors Champs\u00a0\u00bb, Laure Adler<\/em><\/p>\n<p style=\"text-align: justify;\">Bonjour \u00e0 tous,<\/p>\n<p style=\"text-align: justify;\"><img decoding=\"async\" class=\"alignleft size-full wp-image-162\" src=\"https:\/\/www.moyenagepassion.com\/wp-content\/uploads\/2015\/12\/N_lettrine_moyen_age_passion.jpg\" alt=\"N_lettrine_moyen_age_passion\" width=\"84\" height=\"103\" \/>ous reprenons aujourd&rsquo;hui le fil du cycle d&rsquo;entretiens propos\u00e9s par <em><strong>France-Culture<\/strong><\/em> et <em><strong>Laure Adler<\/strong><\/em>, autour de <em><strong>Michel Pastoureau<\/strong><\/em> et son histoire des couleurs. Apr\u00e8s le bleu, le rouge et le noir, c&rsquo;est donc au tour du vert d&rsquo;\u00eatre pass\u00e9 au crible par l&rsquo;Historien, couleur dont il confesse, par ailleurs, qu&rsquo;elle est depuis toujours sa pr\u00e9f\u00e9r\u00e9e.\u00a0L\u00e0 encore et \u00e0 son habitude, l&rsquo;historien d\u00e9passera de loin la dimension sensorielle et perceptive de son objet d&rsquo;\u00e9tude &#8211; Le vert -pour le mieux cerner dans sa dimension historique et l&rsquo;approcher\u00a0de mani\u00e8re culturelle, symbolique et anthropologique.<\/p>\n<p style=\"text-align: justify;\"><strong><em><span style=\"color: #008000;\">\u00ab\u00a0La couleur n\u2019est pas seulement un ph\u00e9nom\u00e8ne physique et perceptif ; c\u2019est aussi une construction culturelle complexe, rebelle \u00e0 toute <a href=\"https:\/\/www.moyenagepassion.com\/wp-content\/uploads\/2017\/09\/histoire_couleur_vert_michel_pastoureau_historien_medieviste_conference_programme_radio_interview.jpg\"><img decoding=\"async\" class=\"alignright wp-image-15894\" src=\"https:\/\/www.moyenagepassion.com\/wp-content\/uploads\/2017\/09\/histoire_couleur_vert_michel_pastoureau_historien_medieviste_conference_programme_radio_interview.jpg\" alt=\"histoire_couleur_vert_michel_pastoureau_historien_medieviste_conference_programme_radio_interview\" width=\"149\" height=\"235\" srcset=\"https:\/\/www.moyenagepassion.com\/wp-content\/uploads\/2017\/09\/histoire_couleur_vert_michel_pastoureau_historien_medieviste_conference_programme_radio_interview.jpg 285w, https:\/\/www.moyenagepassion.com\/wp-content\/uploads\/2017\/09\/histoire_couleur_vert_michel_pastoureau_historien_medieviste_conference_programme_radio_interview-190x300.jpg 190w\" sizes=\"(max-width: 149px) 100vw, 149px\" \/><\/a>g\u00e9n\u00e9ralisation, sinon \u00e0 toute analyse. Elle met en jeu des probl\u00e8mes nombreux et difficiles. (&#8230;) La couleur est d\u2019abord un fait\u00a0de soci\u00e9t\u00e9. Il n\u2019y a pas de v\u00e9rit\u00e9 transculturelle de la couleur, comme voudraient le faire croire\u00a0certains livres appuy\u00e9s sur un savoir neurobiologique mal dig\u00e9r\u00e9 ou \u2013 pire \u2013 versant dans une psychologie \u00e9sot\u00e9risante de pacotille.\u00a0\u00bb<\/span><\/em><br \/>\n<\/strong><span style=\"color: #808080;\"><em>Michel Pastoureau, Communication 2005, Acad\u00e9mie des Beaux-Arts<\/em><\/span><\/p>\n<h2 style=\"text-align: justify;\">Stigmates : d&rsquo;une instabilit\u00e9 chimique<br \/>\n\u00e0 une ambivalence\u00a0symbolique<\/h2>\n<p style=\"text-align: justify;\">Couleur embl\u00e9matique et sacr\u00e9e de l&rsquo;Islam, il semble que le vert ait connu un destin plus houleux et moins consensuel du c\u00f4t\u00e9 de l&rsquo;occident antique et m\u00e9di\u00e9val. Est-ce la pr\u00e9sence dans le colorant dont on use pour la produire d&rsquo;un poison, le vert de gris, qui <a href=\"https:\/\/www.moyenagepassion.com\/wp-content\/uploads\/2017\/09\/histoire_couleurs_vert_michel_pastoureau_livres_conferences_videos.jpg\"><img decoding=\"async\" class=\"wp-image-15921 alignleft\" src=\"https:\/\/www.moyenagepassion.com\/wp-content\/uploads\/2017\/09\/histoire_couleurs_vert_michel_pastoureau_livres_conferences_videos.jpg\" alt=\"histoire_couleurs_vert_michel_pastoureau_livres_conferences_videos\" width=\"91\" height=\"358\" srcset=\"https:\/\/www.moyenagepassion.com\/wp-content\/uploads\/2017\/09\/histoire_couleurs_vert_michel_pastoureau_livres_conferences_videos.jpg 176w, https:\/\/www.moyenagepassion.com\/wp-content\/uploads\/2017\/09\/histoire_couleurs_vert_michel_pastoureau_livres_conferences_videos-76x300.jpg 76w\" sizes=\"(max-width: 91px) 100vw, 91px\" \/><\/a>l&rsquo;explique ou m\u00eame \u00a0les difficult\u00e9s en teinture, une fois le vert obtenu, de le maintenir\u00a0et de le faire durer? Sans doute cela a-t-il pu y contribuer.<\/p>\n<p style=\"text-align: justify;\">M\u00eame si le fait n&rsquo;\u00e9puise pas, \u00e0 lui seul, l&rsquo;Histoire symbolique de cette couleur \u00e0 travers les \u00e2ges et les r\u00e9serves qu&rsquo;on a pu \u00e9mettre sur son usage, notamment dans le champ du textile et du v\u00eatement, il demeure fascinant de penser que la difficult\u00e9 de le fixer chimiquement ait pu en faire une couleur dont on s&rsquo;est souvent d\u00e9fi\u00e9 et qui semble, du m\u00eame coup, r\u00e9sister \u00e0 se laisser figer, une fois pour toute, dans des symboles clairs. Selon <em><strong>Michel Pastoureau<\/strong><\/em>, elle reste en effet, \u00e0 travers l&rsquo;Histoire la couleur de l&rsquo;instabilit\u00e9, de l&rsquo;ambivalence, du changement et les premiers t\u00e2tonnements chimiques pour la ma\u00eetriser, autant que sa nature \u00ab\u00a0empoisonn\u00e9e\u00a0\u00bb l&rsquo;ont charg\u00e9s, pour longtemps, de superstitions tenaces.<\/p>\n<p><code><iframe src=\"https:\/\/www.franceculture.fr\/player\/export-reecouter?content=f83f378d-40ab-11e3-af2e-782bcb73ed47\" width=\"481\" height=\"137\" scrolling=\"no\"><\/iframe><\/code><\/p>\n<p><span style=\"color: #808080;\"><a style=\"color: #808080;\" href=\"https:\/\/www.franceculture.fr\/emissions\/hors-champs\/des-gouts-et-des-couleurs-avec-michel-pastoureau-le-vert-45\" target=\"_blank\" rel=\"noopener noreferrer\">Lien vers ce m\u00eame podcast sur le site officiel de France-Culture<\/a><\/span><\/p>\n<p style=\"text-align: justify;\"><strong><em><span style=\"color: #008000;\"><img decoding=\"async\" class=\"alignleft size-full wp-image-15918\" src=\"https:\/\/www.moyenagepassion.com\/wp-content\/uploads\/2017\/09\/D_lettrine_verte_moyen_age_passion.jpg\" alt=\"D_lettrine_verte_moyen_age_passion\" width=\"84\" height=\"103\" \/>urant des si\u00e8cles, on a \u00e9galement cru que le vert portait malheur, car, pour le fabriquer, on a utilis\u00e9 des produits extr\u00eamement dangereux. (&#8230;)\u00a0Autrefois, comme on avait du mal \u00e0 teindre les tissus en vert, on portait des v\u00eatements peints avec du vert-de-gris et selon une tradition qui n\u2019a pas \u00e9t\u00e9 v\u00e9rifi\u00e9e, Moli\u00e8re aurait rendu l\u2019\u00e2me un jour o\u00f9 il \u00e9tait habill\u00e9 de vert, les vapeurs de vert-de-gris pouvant entra\u00eener la mort. \u00a0<\/span><\/em><\/strong><span style=\"color: #808080;\"><em>Michel Pastoureau, Vert : Histoire d&rsquo;une couleur.<\/em><\/span><\/p>\n<p style=\"text-align: justify;\"><em><strong>Moli\u00e8re<\/strong><\/em> ? Peut-\u00eatre m\u00eame <em><strong>Napol\u00e9on,<\/strong><\/em> emport\u00e9 par le vert et l&rsquo;arsenic contenu dans les murs qu&rsquo;il avait fait repeindre de la couleur qui lui \u00e9tait si ch\u00e8re? Vert empoisonn\u00e9, vert turbulent et rebelle, vert de la fortune comme\u00a0des \u00ab\u00a0revers\u00a0\u00bb du sort, elle sera encore, au moyen-\u00e2ge tardif, la <a href=\"https:\/\/www.moyenagepassion.com\/wp-content\/uploads\/2017\/09\/histoire_couleurs_vert_michel_pastoureau_livres_conferences_videos.jpg\"><img decoding=\"async\" class=\"wp-image-15921 alignright\" src=\"https:\/\/www.moyenagepassion.com\/wp-content\/uploads\/2017\/09\/histoire_couleurs_vert_michel_pastoureau_livres_conferences_videos.jpg\" alt=\"histoire_couleurs_vert_michel_pastoureau_livres_conferences_videos\" width=\"91\" height=\"358\" srcset=\"https:\/\/www.moyenagepassion.com\/wp-content\/uploads\/2017\/09\/histoire_couleurs_vert_michel_pastoureau_livres_conferences_videos.jpg 176w, https:\/\/www.moyenagepassion.com\/wp-content\/uploads\/2017\/09\/histoire_couleurs_vert_michel_pastoureau_livres_conferences_videos-76x300.jpg 76w\" sizes=\"(max-width: 91px) 100vw, 91px\" \/><\/a>couleur des d\u00e9mons et des diables tapis dans l&rsquo;ombre, peut-\u00eatre encore celle des for\u00eats profondes et myst\u00e9rieuses et des \u00eatres magiques qui s&rsquo;y nichent.<\/p>\n<p style=\"text-align: justify;\">Du vert consid\u00e9r\u00e9 comme la couleur du \u00ab\u00a0barbare\u00a0\u00bb chez les romains, elle conna\u00eetra tout de m\u00eame quelques succ\u00e8s dans la chevalerie et la litt\u00e9rature courtoise au moyen-\u00e2ge central, pour perdre \u00e0 nouveau quelques galons du XIVe au XVIe en devant la couleur attitr\u00e9e du Diable. On se souvient encore qu&rsquo;elle sera le symbole de l&rsquo;inconstance et de la femme facile, comme nous en avions parl\u00e9 \u00e0 l&rsquo;occasion de l&rsquo;article sur <a href=\"https:\/\/www.moyenagepassion.com\/index.php\/2016\/10\/08\/lady-greensleeves-une-ballade-folk-traditionnelle-anglaise-en-provenance-de-la-fin-du-moyen-age\/\" target=\"_blank\" rel=\"noopener noreferrer\">la c\u00e9l\u00e8bre chanson anglaise GreenSleeves<\/a>. Elle aura tout de m\u00eame, entre temps, conquis les fonds marins et le monde aquatique dans les repr\u00e9sentations picturales et graphiques, avant de reprendre, \u00e0 travers le temps, sa marche symbolique hasardeuse, faite de d\u00e9nigrement et de \u00ab\u00a0ti\u00e8des\u00a0\u00bb promotions.<\/p>\n<p><a href=\"https:\/\/www.moyenagepassion.com\/wp-content\/uploads\/2017\/09\/michel_pastoureau_historien_medieviste_histoire_couleurs_vert_conference_programme_radio_entretien.jpg\"><img decoding=\"async\" class=\"alignnone size-full wp-image-15906\" src=\"https:\/\/www.moyenagepassion.com\/wp-content\/uploads\/2017\/09\/michel_pastoureau_historien_medieviste_histoire_couleurs_vert_conference_programme_radio_entretien.jpg\" alt=\"michel_pastoureau_historien_medieviste_histoire_couleurs_vert_conference_programme_radio_entretien\" width=\"1024\" height=\"527\" srcset=\"https:\/\/www.moyenagepassion.com\/wp-content\/uploads\/2017\/09\/michel_pastoureau_historien_medieviste_histoire_couleurs_vert_conference_programme_radio_entretien.jpg 1024w, https:\/\/www.moyenagepassion.com\/wp-content\/uploads\/2017\/09\/michel_pastoureau_historien_medieviste_histoire_couleurs_vert_conference_programme_radio_entretien-300x154.jpg 300w\" sizes=\"(max-width: 1024px) 100vw, 1024px\" \/><\/a><\/p>\n<h2>Du d\u00e9nigrement \u00e0 la promotion :<br \/>\nLe Vert pour sauver le monde<\/h2>\n<p><span style=\"color: #008000;\"><em><strong>\u00ab\u00a0On lui a donn\u00e9 le feu vert, et m\u00eame confi\u00e9 une mission de taille : sauver la plan\u00e8te ! C&rsquo;est devenu une id\u00e9ologie : l&rsquo;\u00e9cologie \u00a0\u00bb<br \/>\n<\/strong><span style=\"color: #808080;\">Michel Pastoureau, <span style=\"text-decoration: underline; color: #999999;\"><a style=\"color: #999999; text-decoration: underline;\" href=\"http:\/\/www.telerama.fr\/idees\/le-vert-aux-origines-d-une-couleur-rebelle,104955.php\" target=\"_blank\" rel=\"noopener noreferrer\">Entretien, Telerama, Propos recueillis par Juliette Cerf<\/a><\/span><\/span><\/em><\/span><\/p>\n<p style=\"text-align: justify;\"><img decoding=\"async\" class=\"alignleft size-full wp-image-36\" src=\"https:\/\/www.moyenagepassion.com\/wp-content\/uploads\/2015\/12\/C_lettrine_moyen_age_passion.jpg\" alt=\"C_lettrine_moyen_age_passion\" width=\"84\" height=\"103\" \/>omme il demeure \u00e9tonnant de penser, en suivant les pas de <em><strong>Michel Pastoureau<\/strong><\/em>, que la nature ait\u00a0pu attendre le XVIIIe si\u00e8cle pour devenir \u00ab\u00a0verte\u00a0\u00bb, d\u00e9montrant bien, l\u00e0 encore, la dimension culturelle et symbolique des couleurs. Aujourd&rsquo;hui couleur hygi\u00e9niste et sanitaire &#8211; le vert de la nature, le vert de la propret\u00e9 &#8211; elle\u00a0est aussi pratiquement confisqu\u00e9e politiquement, comme le rouge le fut (et l&rsquo;est peut-\u00eatre encore s\u00fbrement d&rsquo;ailleurs), dans les esprits. Il souffle aussi sur le vert un vent de libert\u00e9 reconquise, mais peut-\u00eatre l\u00e0 encore, contient-il ce vent l\u00e0, une touche d\u00a0\u00bbanticonformisme, une libert\u00e9 en forme de retour \u00e0 la nature, hors <a href=\"https:\/\/www.moyenagepassion.com\/wp-content\/uploads\/2017\/09\/histoire_couleurs_vert_michel_pastoureau_livres_conferences_videos.jpg\"><img decoding=\"async\" class=\"wp-image-15921 alignleft\" src=\"https:\/\/www.moyenagepassion.com\/wp-content\/uploads\/2017\/09\/histoire_couleurs_vert_michel_pastoureau_livres_conferences_videos.jpg\" alt=\"histoire_couleurs_vert_michel_pastoureau_livres_conferences_videos\" width=\"91\" height=\"358\" srcset=\"https:\/\/www.moyenagepassion.com\/wp-content\/uploads\/2017\/09\/histoire_couleurs_vert_michel_pastoureau_livres_conferences_videos.jpg 176w, https:\/\/www.moyenagepassion.com\/wp-content\/uploads\/2017\/09\/histoire_couleurs_vert_michel_pastoureau_livres_conferences_videos-76x300.jpg 76w\" sizes=\"(max-width: 91px) 100vw, 91px\" \/><\/a>du social et hors des villes. La belle couleur indomptable essaierait-elle encore d&rsquo;\u00e9chapper par ce biais aux soci\u00e9t\u00e9s et aux cultures qui pr\u00e9tendent la saisir et l&rsquo;instrumentaliser, en gardant son double tranchant?<\/p>\n<p style=\"text-align: justify;\">Au final,\u00a0on suivra l\u00e0 encore avec int\u00e9r\u00eat et fascination le projet entrepris par <em><strong>Michel Pastoureau<\/strong><\/em> pour\u00a0faire des couleurs un v\u00e9ritable objet d&rsquo;\u00e9tude historique. Peut-\u00eatre fallait-il qu&rsquo;il compte dans sa famille trois oncles peintres, un p\u00e8re passionn\u00e9 d&rsquo;art qui le m\u00e8ne tout jeune au mus\u00e9e, et qu&rsquo;il se soit lui-m\u00eame essay\u00e9 quelques temps aux toiles et aux pinceaux.\u00a0pour devenir, pour notre plus grand plaisir, d&rsquo;un historien passionn\u00e9, un chasseur de couleurs ?<\/p>\n<h2>Le vert : plus qu&rsquo;un beau livre d&rsquo;Histoire,<br \/>\nun beau livre d&rsquo;Art<\/h2>\n<p style=\"text-align: justify;\">Au del\u00e0 du programme radio et de l&rsquo;article que nous pr\u00e9sentons ici, il faut vraiment souligner la grande qualit\u00e9 des ouvrages de <em><strong>Michel Pastoureau<\/strong><\/em> sur les couleurs, dans leur \u00a0\u00e9dition originale ( au Seuil ). Au del\u00e0 de sa nature informative et acad\u00e9mique, cette histoire de la couleur verte est un superbe objet qui se situe, \u00e0 mi chemin entre le livre d&rsquo;Histoire et le livre d&rsquo;art. Vous pouvez cliquer sur l&rsquo;image ci-dessous pour en avoir un aper\u00e7u.<\/p>\n<p><a href=\"https:\/\/www.moyenagepassion.com\/wp-content\/uploads\/2017\/09\/michel_pastoureau_historien_vert_histoire_couleur_beaux_livres_entretien_conferences.jpg\"><img decoding=\"async\" class=\"alignnone size-full wp-image-15916\" src=\"https:\/\/www.moyenagepassion.com\/wp-content\/uploads\/2017\/09\/michel_pastoureau_historien_vert_histoire_couleur_beaux_livres_entretien_conferences.jpg\" alt=\"michel_pastoureau_historien_vert_histoire_couleur_beaux_livres_entretien_conferences\" width=\"1600\" height=\"593\" srcset=\"https:\/\/www.moyenagepassion.com\/wp-content\/uploads\/2017\/09\/michel_pastoureau_historien_vert_histoire_couleur_beaux_livres_entretien_conferences.jpg 1600w, https:\/\/www.moyenagepassion.com\/wp-content\/uploads\/2017\/09\/michel_pastoureau_historien_vert_histoire_couleur_beaux_livres_entretien_conferences-300x111.jpg 300w, https:\/\/www.moyenagepassion.com\/wp-content\/uploads\/2017\/09\/michel_pastoureau_historien_vert_histoire_couleur_beaux_livres_entretien_conferences-1024x380.jpg 1024w\" sizes=\"(max-width: 1600px) 100vw, 1600px\" \/><\/a><\/p>\n<p style=\"text-align: justify;\">L&rsquo;ouvrage\u00a0est toujours disponible \u00e0 la vente en ligne, dans son\u00a0\u00e9dition originale; en voici le lien : <a href=\"https:\/\/www.amazon.fr\/gp\/product\/2021093255\/ref=as_li_tl?ie=UTF8&amp;camp=1642&amp;creative=6746&amp;creativeASIN=2021093255&amp;linkCode=as2&amp;tag=f1266-21&amp;linkId=4db4dbe7d04e6297d20b649205ce5341\" target=\"_blank\" rel=\"noopener noreferrer\">Vert. Histoire d&rsquo;une couleur<\/a>\u00a0(reli\u00e9)<img decoding=\"async\" style=\"border: none !important; margin: 0px !important;\" src=\"\/\/ir-fr.amazon-adsystem.com\/e\/ir?t=f1266-21&amp;l=am2&amp;o=8&amp;a=2021093255\" alt=\"\" width=\"1\" height=\"1\" border=\"0\" \/>. Pour les bourses plus modestes, il est aussi paru\u00a0dans un format poche, chez Points :<a href=\"https:\/\/www.amazon.fr\/gp\/product\/2757867318\/ref=as_li_tl?ie=UTF8&amp;camp=1642&amp;creative=6746&amp;creativeASIN=2757867318&amp;linkCode=as2&amp;tag=f1266-21&amp;linkId=507b3bfcde2d94fe3aad311b1be561a9\" target=\"_blank\" rel=\"noopener noreferrer\">Vert &#8211; Histoire d&rsquo;une couleur<\/a><img decoding=\"async\" style=\"border: none !important; margin: 0px !important;\" src=\"\/\/ir-fr.amazon-adsystem.com\/e\/ir?t=f1266-21&amp;l=am2&amp;o=8&amp;a=2757867318\" alt=\"\" width=\"1\" height=\"1\" border=\"0\" \/>.<\/p>\n<p>En vous souhaitant une tr\u00e8s belle journ\u00e9e.<\/p>\n<p>Fr\u00e9d\u00e9ric EFFE<br \/>\nPour moyenagepassion.com<br \/>\n<em><strong>A la d\u00e9couverte du moyen-\u00e2ge sous toutes ses formes.<\/strong><\/em><\/p>\n","protected":false},"excerpt":{"rendered":"<p>Sujet\u00a0: couleur, symbolique, anthropologie, histoire m\u00e9di\u00e9vale, histoire des couleurs. P\u00e9riode\u00a0: de l\u2019antiquit\u00e9 \u00e0 nos jours Livre\u00a0: \u00ab\u00a0Vert, Histoire d&rsquo;une Couleur\u00a0\u00bb (2013) Auteur\u00a0: Michel Pastoureau M\u00e9dia\u00a0: \u00e9mission radio,\u00a0livre, \u00ab\u00a0conf\u00e9rence\u00a0\u00bb Titre\u00a0: \u00ab\u00a0Des go\u00fbts et des couleurs : le vert\u00bb Radio\u00a0:\u00a0France Culture, \u00ab\u00a0Hors Champs\u00a0\u00bb, Laure Adler Bonjour \u00e0 tous, ous reprenons aujourd&rsquo;hui le fil du cycle d&rsquo;entretiens propos\u00e9s &hellip; <a href=\"https:\/\/www.moyenagepassion.com\/index.php\/2017\/09\/23\/lhistoire-des-couleurs-par-michel-pastoureau-du-vert-empoisonne-au-vert-salvateur\/\" class=\"more-link\">Continuer la lecture de <span class=\"screen-reader-text\">L&rsquo;histoire des couleurs par Michel Pastoureau: du Vert empoisonn\u00e9 au Vert salvateur<\/span>  <span class=\"meta-nav\">&rarr;<\/span><\/a><\/p>\n","protected":false},"author":2,"featured_media":0,"comment_status":"open","ping_status":"open","sticky":false,"template":"","format":"standard","meta":{"_monsterinsights_skip_tracking":false,"_monsterinsights_sitenote_active":false,"_monsterinsights_sitenote_note":"","_monsterinsights_sitenote_category":0,"footnotes":""},"categories":[1275,3],"tags":[1945,155,3136,2088,958,3138,959,189,2090,525,1146,1943,18,3137,3135],"class_list":["post-15889","post","type-post","status-publish","format-standard","hentry","category-conference","category-livre-moyen-age-medieval-fantaisie","tag-anthropologie","tag-citation","tag-couleur-verte","tag-couleurs","tag-emission-radio","tag-entretien","tag-france-culture","tag-histoire","tag-histoire-des-couleurs","tag-historien","tag-livres","tag-michel-pastoureau","tag-moyen-age","tag-symbolisme","tag-vert"],"aioseo_notices":[],"_links":{"self":[{"href":"https:\/\/www.moyenagepassion.com\/index.php\/wp-json\/wp\/v2\/posts\/15889"}],"collection":[{"href":"https:\/\/www.moyenagepassion.com\/index.php\/wp-json\/wp\/v2\/posts"}],"about":[{"href":"https:\/\/www.moyenagepassion.com\/index.php\/wp-json\/wp\/v2\/types\/post"}],"author":[{"embeddable":true,"href":"https:\/\/www.moyenagepassion.com\/index.php\/wp-json\/wp\/v2\/users\/2"}],"replies":[{"embeddable":true,"href":"https:\/\/www.moyenagepassion.com\/index.php\/wp-json\/wp\/v2\/comments?post=15889"}],"version-history":[{"count":1,"href":"https:\/\/www.moyenagepassion.com\/index.php\/wp-json\/wp\/v2\/posts\/15889\/revisions"}],"predecessor-version":[{"id":34727,"href":"https:\/\/www.moyenagepassion.com\/index.php\/wp-json\/wp\/v2\/posts\/15889\/revisions\/34727"}],"wp:attachment":[{"href":"https:\/\/www.moyenagepassion.com\/index.php\/wp-json\/wp\/v2\/media?parent=15889"}],"wp:term":[{"taxonomy":"category","embeddable":true,"href":"https:\/\/www.moyenagepassion.com\/index.php\/wp-json\/wp\/v2\/categories?post=15889"},{"taxonomy":"post_tag","embeddable":true,"href":"https:\/\/www.moyenagepassion.com\/index.php\/wp-json\/wp\/v2\/tags?post=15889"}],"curies":[{"name":"wp","href":"https:\/\/api.w.org\/{rel}","templated":true}]}}