{"id":1601,"date":"2016-02-16T00:05:52","date_gmt":"2016-02-15T23:05:52","guid":{"rendered":"http:\/\/www.moyenagepassion.com\/?p=1601"},"modified":"2020-10-04T19:58:20","modified_gmt":"2020-10-04T18:58:20","slug":"le-prince-dorange-chanson-populaire-du-xvie-siecle","status":"publish","type":"post","link":"https:\/\/www.moyenagepassion.com\/index.php\/2016\/02\/16\/le-prince-dorange-chanson-populaire-du-xvie-siecle\/","title":{"rendered":"Le prince d&rsquo;Orange, chanson populaire du XVIe si\u00e8cle"},"content":{"rendered":"<div id=\"moyen-1836331559\" class=\"moyen-before-content moyen-entity-placement\"><script async src=\"\/\/pagead2.googlesyndication.com\/pagead\/js\/adsbygoogle.js?client=ca-pub-3035390706780632\" crossorigin=\"anonymous\"><\/script><ins class=\"adsbygoogle\" style=\"display:block;\" data-ad-client=\"ca-pub-3035390706780632\" \ndata-ad-slot=\"\" \ndata-ad-format=\"auto\"><\/ins>\n<script> \n(adsbygoogle = window.adsbygoogle || []).push({}); \n<\/script>\n<\/div><p><iframe src=\"https:\/\/www.youtube.com\/embed\/lAaSj0RPqFw\" width=\"560\" height=\"315\" frameborder=\"0\" allowfullscreen=\"allowfullscreen\"><\/iframe><\/p>\n<p><strong>Sujet :<\/strong> chanson, musique moyen-\u00e2ge, troubadours, trouv\u00e8res<br \/>\n<strong>P\u00e9riode :<\/strong> haut moyen-\u00e2ge, fin du moyen-\u00e2ge, XVIe si\u00e8cle (1544)<br \/>\n<strong>Auteur de la chanson :<\/strong> non connu, chant populaire<br \/>\n<strong>Interpr\u00e8tes<\/strong> : Malicorne<br \/>\n<strong>Extrait de l&rsquo;album :<\/strong> Pierre de Grenoble sortie en\u00a01973<\/p>\n<h2 style=\"text-align: justify;\"><strong>Malicorne, troubadours &amp; \u00a0folk des 70&rsquo;s<\/strong><\/h2>\n<p style=\"text-align: justify;\"><a href=\"https:\/\/www.moyenagepassion.com\/wp-content\/uploads\/2016\/02\/G_lettrine_moyen_age_passion.jpg\"><br \/>\n<img decoding=\"async\" class=\"alignleft size-full wp-image-1547\" src=\"https:\/\/www.moyenagepassion.com\/wp-content\/uploads\/2016\/02\/G_lettrine_moyen_age_passion.jpg\" alt=\"G_lettrine_moyen_age_passion\" width=\"90\" height=\"103\" \/><\/a>roupe folk mythique des ann\u00e9es 1970, Malicorne s&rsquo;est fait conna\u00eetre pour avoir repris et fait conna\u00eetre un r\u00e9pertoire de chansons populaires anciennes qui, pour la plupart, se situe \u00e0 la toute fin du moyen-\u00e2ge, sinon un peu apr\u00e8s.<\/p>\n<p style=\"text-align: justify;\"><img decoding=\"async\" class=\"alignright wp-image-1616\" src=\"https:\/\/www.moyenagepassion.com\/wp-content\/uploads\/2016\/02\/prince_orange_troubadour_trouvere_folk_moyen_age_passion-300x250.jpg\" alt=\"prince_orange_troubadour_trouvere_folk_moyen_age_passion\" width=\"144\" height=\"120\" srcset=\"https:\/\/www.moyenagepassion.com\/wp-content\/uploads\/2016\/02\/prince_orange_troubadour_trouvere_folk_moyen_age_passion-300x250.jpg 300w, https:\/\/www.moyenagepassion.com\/wp-content\/uploads\/2016\/02\/prince_orange_troubadour_trouvere_folk_moyen_age_passion.jpg 600w\" sizes=\"(max-width: 144px) 100vw, 144px\" \/>Passionn\u00e9s \u00a0d&rsquo;instruments anciens et de musique folk, le groupe dispose aussi des talents vocaux uniques\u00a0et de la belle sensibilit\u00e9\u00a0de ses interpr\u00e8tes principaux : <a href=\"http:\/\/www.gabrielyacoub.com\/\" target=\"_blank\" rel=\"noopener noreferrer\">Gabriel Yacoub<\/a> et <a href=\"http:\/\/www.musicme.com\/Marie-Sauvet\/\" target=\"_blank\" rel=\"noopener noreferrer\">Marie Sauvet<\/a> <span style=\"color: #999999;\">(photo ci dessous de ces deux artistes)<\/span>. De fait, on leur doit des titres aux\u00a0r\u00e9sonances magiques qui ont remis au go\u00fbt du jour un certain nombre de complaintes et de textes anciens. A <img decoding=\"async\" class=\"alignleft wp-image-1617\" src=\"https:\/\/www.moyenagepassion.com\/wp-content\/uploads\/2016\/02\/gabriel_yacoub_prince_orange_troubadour_malicorne-300x295.jpg\" alt=\"gabriel_yacoub_prince_orange_troubadour_malicorne\" width=\"170\" height=\"167\" srcset=\"https:\/\/www.moyenagepassion.com\/wp-content\/uploads\/2016\/02\/gabriel_yacoub_prince_orange_troubadour_malicorne-300x295.jpg 300w, https:\/\/www.moyenagepassion.com\/wp-content\/uploads\/2016\/02\/gabriel_yacoub_prince_orange_troubadour_malicorne.jpg 350w\" sizes=\"(max-width: 170px) 100vw, 170px\" \/>l&rsquo;appel de leurs fans et pour\u00a0leur plus grand plaisir, le groupe mythique s&rsquo;est reform\u00e9 en 2010, \u00e0 l&rsquo;occasion d&rsquo;un concert aux Francofolies de la Rochelle.<\/p>\n<p style=\"text-align: justify;\">Concernant la chanson \u00ab\u00a0le prince d&rsquo;Orange\u00a0\u00bb, en dehors du\u00a0groupe Malicorne, qui l&rsquo;a rendue populaire, \u00e0 nouveau, par le grand succ\u00e8s rencontr\u00e9 avec\u00a0l&rsquo;album Pierre de Grenoble, dans les ann\u00e9es soixante-dix, il faut noter qu&rsquo;elle a \u00e9t\u00e9 reprise et est encore au<img decoding=\"async\" class=\"alignright wp-image-1618\" src=\"https:\/\/www.moyenagepassion.com\/wp-content\/uploads\/2016\/02\/marie_sauvet_prince_orange_troubadour_malicorne-287x300.jpg\" alt=\"marie_sauvet_prince_orange_troubadour_malicorne\" width=\"163\" height=\"170\" srcset=\"https:\/\/www.moyenagepassion.com\/wp-content\/uploads\/2016\/02\/marie_sauvet_prince_orange_troubadour_malicorne-287x300.jpg 287w, https:\/\/www.moyenagepassion.com\/wp-content\/uploads\/2016\/02\/marie_sauvet_prince_orange_troubadour_malicorne.jpg 350w\" sizes=\"(max-width: 163px) 100vw, 163px\" \/> r\u00e9pertoire de nombreux groupes de folks ou de troubadours des temps modernes qui sillonnent les nombreuses f\u00eates et festivals d\u00e9di\u00e9s au monde m\u00e9di\u00e9val et au moyen-\u00e2ge sur notre bonne terre de\u00a0France. A ce qu&rsquo;il semble, la plupart\u00a0s&rsquo;inspire du m\u00eame texte que celui de Malicorne; on doit donc bien supposer une certaine influence, \u00e0 d\u00e9faut d&rsquo;une filiation ouvertement revendiqu\u00e9e.<\/p>\n<h2><strong>L&rsquo;histoire de \u00a0la chanson du\u00a0 Prince d&rsquo;Orange.<\/strong><\/h2>\n<p style=\"text-align: justify;\">La chanson \u00ab\u00a0Le prince d&rsquo;Orange\u00a0\u00bb \u00a0est suppos\u00e9e dat\u00e9e de 1544. Nous sommes donc pratiquement \u00e0 la toute fin du moyen-\u00e2ge. En r\u00e9alit\u00e9, il y a forc\u00e9ment une confusion quelque part concernant ce chant et son histoire, car s&rsquo;il est bien dat\u00e9 de 1544, ce sur quoi on semble s&rsquo;accorder dans des ouvrages m\u00eame anciens, il ne peut, en aucun cas, comme on le trouve affirm\u00e9 en certains endroits, conter la mort du c\u00e9l\u00e8bre\u00a0 Guillaume de Nassau, prince d&rsquo;Orange, (1533-1584) appel\u00e9 \u00e9galement \u00ab\u00a0Guillaume le Taciturne\u00a0\u00bb qui, lui, ne mourra que cinquante ans plus tard et pas du tout sur le champ de bataille, mais assassin\u00e9 par un fanatique comtois.<\/p>\n<p style=\"text-align: justify;\"><img decoding=\"async\" class=\"alignright wp-image-1629\" src=\"https:\/\/www.moyenagepassion.com\/wp-content\/uploads\/2016\/02\/prince_orange_blason_troubadour_moyen_age_passion.jpg\" alt=\"prince_orange_blason_troubadour_moyen_age_passion\" width=\"174\" height=\"174\" srcset=\"https:\/\/www.moyenagepassion.com\/wp-content\/uploads\/2016\/02\/prince_orange_blason_troubadour_moyen_age_passion.jpg 240w, https:\/\/www.moyenagepassion.com\/wp-content\/uploads\/2016\/02\/prince_orange_blason_troubadour_moyen_age_passion-150x150.jpg 150w\" sizes=\"(max-width: 174px) 100vw, 174px\" \/>Comme on s&rsquo;en doute, il y a eu dans l&rsquo;histoire de nombreux\u00a0\u00a0princes d&rsquo;Orange, \u00a0et tant de Guillaume(s) en plus de cela qu&rsquo;il est bien difficile de faire le tri. On en compte plus de vingt auquel on ajoute pas toujours le chiffre en latin quand on les cite! Imaginez que l&rsquo;on ne parle que de Louis de France sans mentionner le I, le II, le IX etc, cela vous donne \u00e0 peu pr\u00e8s une id\u00e9e de la situation. Donc, rien \u00e0 voir l\u00e0 non plus avec le c\u00e9l\u00e8bre troubadour Guillaume d&rsquo;Aquitaine (1071-1126) qui nous aura \u00e9pargn\u00e9 d&rsquo;\u00eatre, lui aussi, comte d&rsquo;Orange pour ne point ajouter \u00e0 notre confusion, ce dont nous lui rendons gr\u00e2ce ici, m\u00eame s&rsquo;il y a eu aussi un autre Guillaume d&rsquo;Orange (1155-1218), troubadour mais il s&rsquo;agissait cette fois-ci de Guillaume de Baux.<\/p>\n<h2 style=\"text-align: justify;\">Bon mais alors quoi ?<\/h2>\n<p style=\"text-align: justify;\">En g\u00e9n\u00e9ral, on s&rsquo;accorde plut\u00f4t \u00e0 dire que cette chanson conte la mort de Ren\u00e9 de Chalon (1519-1544), prince d&rsquo;Orange, comte de Nassau et seigneur de Br\u00e9da, oncle et anc\u00eatre direct de Guillaume 1er d&rsquo;Orange. Ren\u00e9 de Chalon, donc, serait mort en 1544, emport\u00e9 \u00e0 vingt cinq ans par une blessure re\u00e7ue sur le champ de bataille, durant le si\u00e8ge de Saint-Dizier <span style=\"color: #808080;\">(portrait ci dessous)<\/span>. Cette\u00a0chanson aurait \u00e9t\u00e9 \u00e9crite en son hommage et l&rsquo;ann\u00e9e de cette m\u00eame mort. Voil\u00e0 qui est plus coh\u00e9rent cette fois-ci au niveau des dates au moins. Oui, mais voil\u00e0, si c&rsquo;est bien de ce prince<img decoding=\"async\" class=\"alignright size-full wp-image-1625\" src=\"https:\/\/www.moyenagepassion.com\/wp-content\/uploads\/2016\/02\/prince_orange_chanson_medievale_troubadour_trouvere_moyen-age_passion.jpg\" alt=\"prince_orange_chanson_medievale_troubadour_trouvere_moyen-age_passion\" width=\"188\" height=\"190\" \/> d&rsquo;Orange l\u00e0 dont cette chanson nous parle, que viennent faire ici\u00a0les anglais et la guerre de cent ans? \u00a0La r\u00e9ponse est: \u00ab\u00a0absolument rien du tout\u00a0\u00bb, puisque, m\u00eame si les tensions franco-anglaises ont eu la vie dure au fil des alliances ou d\u00e9s-alliances entre les deux royaumes, apr\u00e8s cette m\u00eame guerre de cent ans, cette derni\u00e8re est r\u00e9put\u00e9e finie plus d&rsquo;un si\u00e8cle avant que cette chanson ne soit \u00e9crite.<\/p>\n<p style=\"text-align: justify;\">En r\u00e9alit\u00e9, le si\u00e8ge de Saint Dizier, durant lequel Ren\u00e9 de Chalon trouva la mort, est une bataille qui fait partie de la Neuvi\u00e8me Guerre d&rsquo;Italie. Cette guerre a oppos\u00e9 l&#8217;empereur du Saint Empire romain germanique, Charles Quint, soucieux d&rsquo;unifier son royaume, au roi de France d&rsquo;alors, Fran\u00e7ois 1er, qui refusait de c\u00e9der son tr\u00f4ne. Et si, encore une fois comme nous le dit l&rsquo;Histoire, Ren\u00e9 de Chalon \u00e9tait un proche de l&#8217;empereur Charles Quint qui l&rsquo;aurait m\u00eame veill\u00e9 sur son lit de mort, c&rsquo;est \u00e0 l&rsquo;appel de cet empereur que notre prince d&rsquo;Orange s&rsquo;en f\u00fbt en guerre pour guerroyer donc contre le roi de France.\u00a0 <a href=\"https:\/\/www.moyenagepassion.com\/wp-content\/uploads\/2016\/02\/rene_de_chalon_prince_orange_chanson_troubadour_medieval.jpg\"><img decoding=\"async\" class=\"alignleft wp-image-1622 size-medium\" src=\"https:\/\/www.moyenagepassion.com\/wp-content\/uploads\/2016\/02\/rene_de_chalon_prince_orange_chanson_troubadour_medieval-201x300.jpg\" alt=\"rene_de_chalon_prince_orange_chanson_troubadour_medieval\" width=\"201\" height=\"300\" srcset=\"https:\/\/www.moyenagepassion.com\/wp-content\/uploads\/2016\/02\/rene_de_chalon_prince_orange_chanson_troubadour_medieval-201x300.jpg 201w, https:\/\/www.moyenagepassion.com\/wp-content\/uploads\/2016\/02\/rene_de_chalon_prince_orange_chanson_troubadour_medieval.jpg 400w\" sizes=\"(max-width: 201px) 100vw, 201px\" \/><\/a>Les\u00a0ennemis auxquels il faisait face alors, n&rsquo;\u00e9taient donc pas les anglais, mais bien les fran\u00e7ais et les fid\u00e8les du roi de France, Fran\u00e7ois 1er.<\/p>\n<p style=\"text-align: left;\"><span style=\"color: #999999;\">(photo ci-contre l&rsquo;incroyable sculpture dat\u00e9e de 1545 et r\u00e9alis\u00e9e par le sculpteur lorrain Ligier Richier sur le transi de Ren\u00e9 de Chalon, \u00a0\u00e9glise Saint-\u00c9tienne de Bar-le-Duc (Meuse)<\/span>.<\/p>\n<p style=\"text-align: justify;\">Dans les faits, durant cette bataille de Saint- Dizier, les anglais, s&rsquo;il y en avait sur le terrain ce que je ne saurais affirmer, par le soutien d&rsquo;Henri VIII d&rsquo;Angleterre \u00e0 l&#8217;empereur devaient m\u00eame se trouver du c\u00f4t\u00e9 de Ren\u00e9 Chalon et de l&#8217;empereur et non pas du roi de France! Comment dans ces circonstances auraient-ils pu tirer et tuer le\u00a0prince d&rsquo;Orange? La chanson ferait-elle allusion \u00e0 un autre prince d&rsquo;Orange et une autre bataille? Si c&rsquo;est le cas, point n&rsquo;en trouve trace pour l&rsquo;instant, mes bons amis. Et du coup, \u00e7a y est! Tout cela commence \u00e0 me monter un peu. Si \u00e7a continue, je vais finir par faxer tout \u00e7a \u00e0 Alain Decaux ou \u00e0 St\u00e9phane Berne moi, \u00e7a va pas tra\u00eener. Qu&rsquo;ils bossent un peu l\u00e0-dessus, eux aussi! Il n&rsquo;y a aucune raison, mais vraiment aucune raison que je sois le seul \u00e0 m&rsquo;y coller! \u00a0Mais allons, assez devis\u00e9! Haut les coeurs et chantons!<\/p>\n<h2>Le prince d&rsquo;Orange, le texte en 1835<\/h2>\n<figure id=\"attachment_32175\" aria-describedby=\"caption-attachment-32175\" style=\"width: 700px\" class=\"wp-caption aligncenter\"><a href=\"https:\/\/www.moyenagepassion.com\/wp-content\/uploads\/2016\/02\/prince_orange_chanson_moyen_age_passio_troubadour_trouvere_medieval.jpg\"><img decoding=\"async\" class=\"wp-image-32175 size-full\" src=\"https:\/\/www.moyenagepassion.com\/wp-content\/uploads\/2016\/02\/prince_orange_chanson_moyen_age_passio_troubadour_trouvere_medieval-s.jpg\" alt=\"Prince d'orange chanson\" width=\"700\" height=\"444\" srcset=\"https:\/\/www.moyenagepassion.com\/wp-content\/uploads\/2016\/02\/prince_orange_chanson_moyen_age_passio_troubadour_trouvere_medieval-s.jpg 700w, https:\/\/www.moyenagepassion.com\/wp-content\/uploads\/2016\/02\/prince_orange_chanson_moyen_age_passio_troubadour_trouvere_medieval-s-300x190.jpg 300w\" sizes=\"(max-width: 700px) 100vw, 700px\" \/><\/a><figcaption id=\"caption-attachment-32175\" class=\"wp-caption-text\">Bulletin de la Soci\u00e9t\u00e9 d&rsquo;Histoire de France, ouvrage de 1835<\/figcaption><\/figure>\n<hr \/>\n<h2 style=\"text-align: center;\">Paroles modernes de ce chant ancien<\/h2>\n<p style=\"text-align: center;\"><span style=\"color: #008000;\"><strong><em>C&rsquo;est le Prince d&rsquo;Orange<\/em><\/strong><\/span><br \/>\n<span style=\"color: #008000;\"><strong><em>T\u00f4t matin s&rsquo;est lev\u00e9<\/em><\/strong><\/span><br \/>\n<span style=\"color: #008000;\"><strong><em>Est all\u00e9 voir son page<\/em><\/strong><\/span><br \/>\n<span style=\"color: #008000;\"><strong><em>\u00a0\u00bb Va seller mon coursier \u00ab\u00a0<\/em><\/strong><\/span><br \/>\n<span style=\"color: #008000;\"><strong><em>Que maudit soit la guerre<\/em><\/strong><\/span><br \/>\n<span style=\"color: #008000;\"><strong><em>\u00a0\u00bb Va seller mon coursier \u00ab\u00a0<\/em><\/strong><\/span><\/p>\n<p style=\"text-align: center;\"><span style=\"color: #008000;\"><strong><em>Mon beau Prince d&rsquo;Orange<\/em><\/strong><\/span><br \/>\n<span style=\"color: #008000;\"><strong><em>O\u00f9 voulez-vous aller ?<\/em><\/strong><\/span><br \/>\n<span style=\"color: #008000;\"><strong><em>Que maudit soit la guerre<\/em><\/strong><\/span><br \/>\n<span style=\"color: #008000;\"><strong><em>O\u00f9 voulez-vous aller ?<\/em><\/strong><\/span><\/p>\n<p style=\"text-align: center;\"><span style=\"color: #008000;\"><strong><em>Je veux aller en France<\/em><\/strong><\/span><br \/>\n<span style=\"color: #008000;\"><strong><em>O\u00f9 le Roi m&rsquo;a mand\u00e9<\/em><\/strong><\/span><br \/>\n<span style=\"color: #008000;\"><strong><em>Que maudit soit la guerre<\/em><\/strong><\/span><br \/>\n<span style=\"color: #008000;\"><strong><em>O\u00f9 le Roi m&rsquo;a mand\u00e9<\/em><\/strong><\/span><\/p>\n<p style=\"text-align: center;\"><span style=\"color: #008000;\"><strong><em>Mis la main sur la bride<\/em><\/strong><\/span><br \/>\n<span style=\"color: #008000;\"><strong><em>Le pied dans l&rsquo;\u00e9trier<\/em><\/strong><\/span><br \/>\n<span style=\"color: #008000;\"><strong><em>Que maudit soit la guerre<\/em><\/strong><\/span><br \/>\n<span style=\"color: #008000;\"><strong><em>Le pied dans l&rsquo;\u00e9trier<\/em><\/strong><\/span><\/p>\n<p style=\"text-align: center;\"><span style=\"color: #008000;\"><strong><em>Je partis sain et sauf<\/em><\/strong><\/span><br \/>\n<span style=\"color: #008000;\"><strong><em>Et j&rsquo;en revins bless\u00e9<\/em><\/strong><\/span><br \/>\n<span style=\"color: #008000;\"><strong><em>Que maudit soit la guerre<\/em><\/strong><\/span><br \/>\n<span style=\"color: #008000;\"><strong><em>Et j&rsquo;en revins bless\u00e9<\/em><\/strong><\/span><\/p>\n<p style=\"text-align: center;\"><span style=\"color: #008000;\"><strong><em>De tr\u00e8s grands coups de lance<\/em><\/strong><\/span><br \/>\n<span style=\"color: #008000;\"><strong><em>Qu&rsquo;un Anglais m&rsquo;a donn\u00e9s<\/em><\/strong><\/span><br \/>\n<span style=\"color: #008000;\"><strong><em>Que maudit soit la guerre<\/em><\/strong><\/span><br \/>\n<span style=\"color: #008000;\"><strong><em>Qu&rsquo;un Anglais m&rsquo;a donn\u00e9s<\/em><\/strong><\/span><\/p>\n<p style=\"text-align: center;\"><span style=\"color: #008000;\"><strong><em>J&rsquo;en ai un \u00e0 l&rsquo;\u00e9paule<\/em><\/strong><\/span><br \/>\n<span style=\"color: #008000;\"><strong><em>Et l&rsquo;autre \u00e0 mon c\u00f4t\u00e9<\/em><\/strong><\/span><br \/>\n<span style=\"color: #008000;\"><strong><em>Que maudit soit la guerre<\/em><\/strong><\/span><br \/>\n<span style=\"color: #008000;\"><strong><em>Et l&rsquo;autre \u00e0 mon c\u00f4t\u00e9<\/em><\/strong><\/span><\/p>\n<p style=\"text-align: center;\"><span style=\"color: #008000;\"><strong><em>Un autre \u00e0 la mamelle<\/em><\/strong><\/span><br \/>\n<span style=\"color: #008000;\"><strong><em>On dit que j&rsquo;en mourrai<\/em><\/strong><\/span><br \/>\n<span style=\"color: #008000;\"><strong><em>Que maudit soit la guerre<\/em><\/strong><\/span><br \/>\n<span style=\"color: #008000;\"><strong><em>On dit que j&rsquo;en mourrai<\/em><\/strong><\/span><\/p>\n<p style=\"text-align: center;\"><span style=\"color: #008000;\"><strong><em>Le beau Prince d&rsquo;Orange<\/em><\/strong><\/span><br \/>\n<span style=\"color: #008000;\"><strong><em>Est mort et enterr\u00e9<\/em><\/strong><\/span><br \/>\n<span style=\"color: #008000;\"><strong><em>Que maudit soit la guerre<\/em><\/strong><\/span><br \/>\n<span style=\"color: #008000;\"><strong><em>Est mort et enterr\u00e9<\/em><\/strong><\/span><\/p>\n<p style=\"text-align: center;\"><span style=\"color: #008000;\"><strong><em>L&rsquo;ai vu port\u00e9 en terre<\/em><\/strong><\/span><br \/>\n<span style=\"color: #008000;\"><strong><em>Par quatre cordeliers<\/em><\/strong><\/span><br \/>\n<span style=\"color: #008000;\"><strong><em>Que maudit soit la guerre<\/em><\/strong><\/span><br \/>\n<span style=\"color: #008000;\"><strong><em>Par quatre cordeliers<\/em><\/strong><\/span><\/p>\n<hr \/>\n<p>Une belle journ\u00e9e \u00e0 tous en chanson!<\/p>\n<p>Fr\u00e9d\u00e9ric EFFE<br \/>\nPour moyenagepassion.com<\/p>\n<p><em><q>\u00ab L\u2019ardente passion, que nul frein ne retient, poursuit ce qu\u2019elle veut et non ce qui convient. \u00bb\u00a0\u00a0<\/q>Publilius Syrus\u00a0 \u00a0I<sup>er<\/sup> s. av. J.-C<\/em><\/p>\n","protected":false},"excerpt":{"rendered":"<p>Sujet : chanson, musique moyen-\u00e2ge, troubadours, trouv\u00e8res P\u00e9riode : haut moyen-\u00e2ge, fin du moyen-\u00e2ge, XVIe si\u00e8cle (1544) Auteur de la chanson : non connu, chant populaire Interpr\u00e8tes : Malicorne Extrait de l&rsquo;album : Pierre de Grenoble sortie en\u00a01973 Malicorne, troubadours &amp; \u00a0folk des 70&rsquo;s roupe folk mythique des ann\u00e9es 1970, Malicorne s&rsquo;est fait conna\u00eetre pour &hellip; <a href=\"https:\/\/www.moyenagepassion.com\/index.php\/2016\/02\/16\/le-prince-dorange-chanson-populaire-du-xvie-siecle\/\" class=\"more-link\">Continuer la lecture de <span class=\"screen-reader-text\">Le prince d&rsquo;Orange, chanson populaire du XVIe si\u00e8cle<\/span>  <span class=\"meta-nav\">&rarr;<\/span><\/a><\/p>\n","protected":false},"author":2,"featured_media":0,"comment_status":"open","ping_status":"open","sticky":false,"template":"","format":"standard","meta":{"_monsterinsights_skip_tracking":false,"_monsterinsights_sitenote_active":false,"_monsterinsights_sitenote_note":"","_monsterinsights_sitenote_category":0,"footnotes":""},"categories":[9],"tags":[551,169,547,136,142,505,553,554,546,69,189,174,22,34,548,544,543,122,542,725,552,138,139],"class_list":["post-1601","post","type-post","status-publish","format-standard","hentry","category-musique-medieval-historique-fantaisie-celtique","tag-alain-decaux","tag-chanson","tag-charles-quint","tag-festival","tag-folk","tag-francois-1er","tag-guillaume-dorange","tag-guillaume-de-baux","tag-guillaume-de-nassau","tag-haut-moyen-age","tag-histoire","tag-malicorne","tag-medievale","tag-passion","tag-pierre-de-grenoble","tag-prince-dorange","tag-rene-de-chalon","tag-roi","tag-siege-saint-nizier","tag-siege-saint-dizier","tag-stephane-berne","tag-troubadour","tag-trouvere"],"aioseo_notices":[],"_links":{"self":[{"href":"https:\/\/www.moyenagepassion.com\/index.php\/wp-json\/wp\/v2\/posts\/1601"}],"collection":[{"href":"https:\/\/www.moyenagepassion.com\/index.php\/wp-json\/wp\/v2\/posts"}],"about":[{"href":"https:\/\/www.moyenagepassion.com\/index.php\/wp-json\/wp\/v2\/types\/post"}],"author":[{"embeddable":true,"href":"https:\/\/www.moyenagepassion.com\/index.php\/wp-json\/wp\/v2\/users\/2"}],"replies":[{"embeddable":true,"href":"https:\/\/www.moyenagepassion.com\/index.php\/wp-json\/wp\/v2\/comments?post=1601"}],"version-history":[{"count":1,"href":"https:\/\/www.moyenagepassion.com\/index.php\/wp-json\/wp\/v2\/posts\/1601\/revisions"}],"predecessor-version":[{"id":34616,"href":"https:\/\/www.moyenagepassion.com\/index.php\/wp-json\/wp\/v2\/posts\/1601\/revisions\/34616"}],"wp:attachment":[{"href":"https:\/\/www.moyenagepassion.com\/index.php\/wp-json\/wp\/v2\/media?parent=1601"}],"wp:term":[{"taxonomy":"category","embeddable":true,"href":"https:\/\/www.moyenagepassion.com\/index.php\/wp-json\/wp\/v2\/categories?post=1601"},{"taxonomy":"post_tag","embeddable":true,"href":"https:\/\/www.moyenagepassion.com\/index.php\/wp-json\/wp\/v2\/tags?post=1601"}],"curies":[{"name":"wp","href":"https:\/\/api.w.org\/{rel}","templated":true}]}}