{"id":16021,"date":"2017-09-27T22:47:35","date_gmt":"2017-09-27T21:47:35","guid":{"rendered":"http:\/\/www.moyenagepassion.com\/?p=16021"},"modified":"2020-10-04T19:52:34","modified_gmt":"2020-10-04T18:52:34","slug":"les-revues-historiques-plus-de-250-reconstituteurs-a-amboise-ce-week-end","status":"publish","type":"post","link":"https:\/\/www.moyenagepassion.com\/index.php\/2017\/09\/27\/les-revues-historiques-plus-de-250-reconstituteurs-a-amboise-ce-week-end\/","title":{"rendered":"Les Revues historiques : 350 \u00ab\u00a0reconstituteurs\u00a0\u00bb \u00e0 Amboise ce week-end"},"content":{"rendered":"<div id=\"moyen-4290204327\" class=\"moyen-before-content moyen-entity-placement\"><script async src=\"\/\/pagead2.googlesyndication.com\/pagead\/js\/adsbygoogle.js?client=ca-pub-3035390706780632\" crossorigin=\"anonymous\"><\/script><ins class=\"adsbygoogle\" style=\"display:block;\" data-ad-client=\"ca-pub-3035390706780632\" \ndata-ad-slot=\"\" \ndata-ad-format=\"auto\"><\/ins>\n<script> \n(adsbygoogle = window.adsbygoogle || []).push({}); \n<\/script>\n<\/div><p><strong><a href=\"https:\/\/www.moyenagepassion.com\/wp-content\/uploads\/2017\/09\/revues_historiques_fetes_animations_medievales_heraldique_armoirie_blason_amboise_val_de_loire.jpg\"><img decoding=\"async\" class=\"wp-image-16028 alignleft\" src=\"https:\/\/www.moyenagepassion.com\/wp-content\/uploads\/2017\/09\/revues_historiques_fetes_animations_medievales_heraldique_armoirie_blason_amboise_val_de_loire.jpg\" alt=\"revues_historiques_fetes_animations_medievales_heraldique_armoirie_blason_amboise_val_de_loire\" width=\"141\" height=\"139\" srcset=\"https:\/\/www.moyenagepassion.com\/wp-content\/uploads\/2017\/09\/revues_historiques_fetes_animations_medievales_heraldique_armoirie_blason_amboise_val_de_loire.jpg 566w, https:\/\/www.moyenagepassion.com\/wp-content\/uploads\/2017\/09\/revues_historiques_fetes_animations_medievales_heraldique_armoirie_blason_amboise_val_de_loire-300x296.jpg 300w\" sizes=\"(max-width: 141px) 100vw, 141px\" \/><\/a>Sujet<\/strong>\u00a0: \u00a0f\u00eates historiques, animations m\u00e9di\u00e9vales, reconstitution, camps, artisanat, guerriers, combattants et m\u00e9tiers d&rsquo;antan,<br \/>\n<strong>Lieu<\/strong>\u00a0: Amboise, Indre-et-Loire, Val de Loire<br \/>\n<strong>Ev\u00e9nement<\/strong>\u00a0: Les Revues Historiques\u00a0<em><strong><br \/>\n<\/strong><\/em><strong>Dates<\/strong>\u00a0: samedi 30\u00a0septembre et dimanche 1er octobre 2017<\/p>\n<p>Bonjour \u00e0 tous,<\/p>\n<p style=\"text-align: justify;\"><img decoding=\"async\" class=\"alignleft size-full wp-image-414\" src=\"https:\/\/www.moyenagepassion.com\/wp-content\/uploads\/2015\/12\/T_lettrine_moyen_age_passion.jpg\" alt=\"T_lettrine_moyen_age_passion\" width=\"96\" height=\"103\" \/>ous les deux ans, depuis 2011, la ville d&rsquo;Amboise, en Indre-et-Loire organise <em><strong>les revues historiques<\/strong><\/em>, soit deux journ\u00e9es compl\u00e8tes pour c\u00e9l\u00e9brer l&rsquo;Histoire, de l&rsquo;Antiquit\u00e9 \u00e0 nos jours.<\/p>\n<p style=\"text-align: justify;\">Pour l&rsquo;\u00e9dition de cette ann\u00e9e, le th\u00e8me privil\u00e9gi\u00e9 sera le moyen-\u00e2ge, ce qui tombe fort bien puisqu&rsquo;il s&rsquo;agit de notre sujet de pr\u00e9dilection. Du c\u00f4t\u00e9 du programme, camps et bivouacs, ateliers et animations vari\u00e9es se tiendront sur la belle et verte \u00eele d&rsquo;or, au milieu de la Loire.<\/p>\n<p style=\"text-align: justify;\">D\u00e9monstrations d&rsquo;artisanat\u00a0m\u00e9di\u00e9val et ancien, danse et musique, \u00a0 pr\u00e9sentations de mesnies et de guerriers en tenue d&rsquo;\u00e9poque, manoeuvres et <a href=\"https:\/\/www.moyenagepassion.com\/wp-content\/uploads\/2017\/09\/agenda_fetes_sorties_animations_medievales_revues_historiques_amboise_val_de_Loire.jpg\"><img decoding=\"async\" class=\"wp-image-16026 alignright\" src=\"https:\/\/www.moyenagepassion.com\/wp-content\/uploads\/2017\/09\/agenda_fetes_sorties_animations_medievales_revues_historiques_amboise_val_de_Loire.jpg\" alt=\"agenda_fetes_sorties_animations_medievales_revues_historiques_amboise_val_de_Loire\" width=\"239\" height=\"338\" srcset=\"https:\/\/www.moyenagepassion.com\/wp-content\/uploads\/2017\/09\/agenda_fetes_sorties_animations_medievales_revues_historiques_amboise_val_de_Loire.jpg 401w, https:\/\/www.moyenagepassion.com\/wp-content\/uploads\/2017\/09\/agenda_fetes_sorties_animations_medievales_revues_historiques_amboise_val_de_Loire-212x300.jpg 212w\" sizes=\"(max-width: 239px) 100vw, 239px\" \/><\/a>combats, l&rsquo;\u00e9v\u00e9nement fournira aussi l&rsquo;occasion de d\u00e9couvrir le mat\u00e9riel et la\u00a0vie quotidienne des troupes sur\u00a0les p\u00e9riodes historiques couvertes.<\/p>\n<p style=\"text-align: justify;\"><strong>Compagnies &amp; associations m\u00e9di\u00e9vales pr\u00e9sentes :<\/strong><\/p>\n<p style=\"text-align: justify;\"><span style=\"color: #008000;\"><em>Compagnie des Hauts C\u0153urs &#8211; Compaings &amp; Comm\u00e8res &#8211; La Mesnie du lion et de l&rsquo;hermine &#8211; La Compagnie du loup argent\u00e9 \u00a0&#8211; La Compagnie des Chiens de guerre &#8211; Antioche 1180-1200 &#8211; \u00a0Saor Alba &#8211; Vikingar Vegrinn<\/em><\/span><\/p>\n<p style=\"text-align: justify;\">Le moyen-\u00e2ge ne sera pas seul repr\u00e9sent\u00e9 puisque la manifestation s&rsquo;\u00e9talera des Vikings \u00e0 la guerre de Cor\u00e9e avec trois grandes p\u00e9riodes\u00a0pour les campements : m\u00e9di\u00e9val, Empire et XXe si\u00e8cle et un total de plus de 40 associations historiques. Fait remarquable, ces <em><strong>Revues Historiques<\/strong><\/em> sont constitu\u00e9es et anim\u00e9es essentiellement par des b\u00e9n\u00e9voles. Plus de\u00a0350 reconstituteurs sont attendus cette ann\u00e9e, suivant les organisateurs.<\/p>\n<p style=\"text-align: justify;\">Pour les petits creux, les grandes faims ou encore les envies de faire quelques emplettes, un march\u00e9 artisanal et gourmand sera \u00e9galement sur place.<\/p>\n<p style=\"text-align: justify;\">\u00a0A noter encore que l&rsquo;acc\u00e8s \u00e0 l&rsquo;\u00e9v\u00e9nement demeure totalement gratuit.<\/p>\n<p style=\"text-align: justify;\"><a href=\"https:\/\/www.ville-amboise.fr\/c__0_0_Manifestation_4162__0__Les_Revues_Historiques.html#\" target=\"_blank\" rel=\"noopener noreferrer\">Voir informations compl\u00e9mentaires, d\u00e9tail du programme et contacts sur le site de la ville d&rsquo;Amboise<\/a>.<\/p>\n<p style=\"text-align: justify;\">En vous souhaitant une belle journ\u00e9e.<\/p>\n<p>Fred<br \/>\nPour moyenagepassion.com<br \/>\n<em><strong>A la d\u00e9couverte du monde m\u00e9di\u00e9val sous toute ses formes<\/strong><\/em><\/p>\n","protected":false},"excerpt":{"rendered":"<p>Sujet\u00a0: \u00a0f\u00eates historiques, animations m\u00e9di\u00e9vales, reconstitution, camps, artisanat, guerriers, combattants et m\u00e9tiers d&rsquo;antan, Lieu\u00a0: Amboise, Indre-et-Loire, Val de Loire Ev\u00e9nement\u00a0: Les Revues Historiques\u00a0 Dates\u00a0: samedi 30\u00a0septembre et dimanche 1er octobre 2017 Bonjour \u00e0 tous, ous les deux ans, depuis 2011, la ville d&rsquo;Amboise, en Indre-et-Loire organise les revues historiques, soit deux journ\u00e9es compl\u00e8tes pour c\u00e9l\u00e9brer &hellip; <a href=\"https:\/\/www.moyenagepassion.com\/index.php\/2017\/09\/27\/les-revues-historiques-plus-de-250-reconstituteurs-a-amboise-ce-week-end\/\" class=\"more-link\">Continuer la lecture de <span class=\"screen-reader-text\">Les Revues historiques : 350 \u00ab\u00a0reconstituteurs\u00a0\u00bb \u00e0 Amboise ce week-end<\/span>  <span class=\"meta-nav\">&rarr;<\/span><\/a><\/p>\n","protected":false},"author":2,"featured_media":0,"comment_status":"open","ping_status":"open","sticky":false,"template":"","format":"standard","meta":{"_monsterinsights_skip_tracking":false,"_monsterinsights_sitenote_active":false,"_monsterinsights_sitenote_note":"","_monsterinsights_sitenote_category":0,"footnotes":""},"categories":[11],"tags":[1539,3155,1780,2664,22,182,18,2757,3154,2772],"class_list":["post-16021","post","type-post","status-publish","format-standard","hentry","category-fetes-medievales-evenement","tag-agenda-medieval","tag-amboise","tag-animations","tag-artisanat-medieval","tag-medievale","tag-monde-medieval","tag-moyen-age","tag-reconstituteurs","tag-revues-historiques","tag-sorties-historiques"],"aioseo_notices":[],"_links":{"self":[{"href":"https:\/\/www.moyenagepassion.com\/index.php\/wp-json\/wp\/v2\/posts\/16021"}],"collection":[{"href":"https:\/\/www.moyenagepassion.com\/index.php\/wp-json\/wp\/v2\/posts"}],"about":[{"href":"https:\/\/www.moyenagepassion.com\/index.php\/wp-json\/wp\/v2\/types\/post"}],"author":[{"embeddable":true,"href":"https:\/\/www.moyenagepassion.com\/index.php\/wp-json\/wp\/v2\/users\/2"}],"replies":[{"embeddable":true,"href":"https:\/\/www.moyenagepassion.com\/index.php\/wp-json\/wp\/v2\/comments?post=16021"}],"version-history":[{"count":1,"href":"https:\/\/www.moyenagepassion.com\/index.php\/wp-json\/wp\/v2\/posts\/16021\/revisions"}],"predecessor-version":[{"id":34381,"href":"https:\/\/www.moyenagepassion.com\/index.php\/wp-json\/wp\/v2\/posts\/16021\/revisions\/34381"}],"wp:attachment":[{"href":"https:\/\/www.moyenagepassion.com\/index.php\/wp-json\/wp\/v2\/media?parent=16021"}],"wp:term":[{"taxonomy":"category","embeddable":true,"href":"https:\/\/www.moyenagepassion.com\/index.php\/wp-json\/wp\/v2\/categories?post=16021"},{"taxonomy":"post_tag","embeddable":true,"href":"https:\/\/www.moyenagepassion.com\/index.php\/wp-json\/wp\/v2\/tags?post=16021"}],"curies":[{"name":"wp","href":"https:\/\/api.w.org\/{rel}","templated":true}]}}