{"id":16164,"date":"2017-10-05T02:17:11","date_gmt":"2017-10-05T01:17:11","guid":{"rendered":"http:\/\/www.moyenagepassion.com\/?p=16164"},"modified":"2020-10-04T23:37:44","modified_gmt":"2020-10-04T22:37:44","slug":"medievales-dautomne-le-chateau-de-foix-fete-le-retour-glorieux-de-ses-chevaliers","status":"publish","type":"post","link":"https:\/\/www.moyenagepassion.com\/index.php\/2017\/10\/05\/medievales-dautomne-le-chateau-de-foix-fete-le-retour-glorieux-de-ses-chevaliers\/","title":{"rendered":"M\u00e9di\u00e9vales d&rsquo;automne, le ch\u00e2teau de foix f\u00eate le retour glorieux de ses chevaliers"},"content":{"rendered":"<div id=\"moyen-3257296305\" class=\"moyen-before-content moyen-entity-placement\"><script async src=\"\/\/pagead2.googlesyndication.com\/pagead\/js\/adsbygoogle.js?client=ca-pub-3035390706780632\" crossorigin=\"anonymous\"><\/script><ins class=\"adsbygoogle\" style=\"display:block;\" data-ad-client=\"ca-pub-3035390706780632\" \ndata-ad-slot=\"\" \ndata-ad-format=\"auto\"><\/ins>\n<script> \n(adsbygoogle = window.adsbygoogle || []).push({}); \n<\/script>\n<\/div><p><strong><img decoding=\"async\" class=\"wp-image-5554 alignleft\" src=\"https:\/\/www.moyenagepassion.com\/wp-content\/uploads\/2016\/08\/foix_ville_medievale_festival_festivites_moyen-age_idees_sorties.jpg\" alt=\"foix_ville_medievale_festival_festivites_moyen-age_idees_sorties\" width=\"168\" height=\"165\" srcset=\"https:\/\/www.moyenagepassion.com\/wp-content\/uploads\/2016\/08\/foix_ville_medievale_festival_festivites_moyen-age_idees_sorties.jpg 566w, https:\/\/www.moyenagepassion.com\/wp-content\/uploads\/2016\/08\/foix_ville_medievale_festival_festivites_moyen-age_idees_sorties-300x296.jpg 300w\" sizes=\"(max-width: 168px) 100vw, 168px\" \/>Sujet<\/strong>\u00a0: agenda,reconstitution, f\u00eates historiques, m\u00e9di\u00e9vales, tournoi,<br \/>\n<strong>P\u00e9riode<\/strong>\u00a0: moyen-\u00e2ge central, 1362<br \/>\n<strong>Ev\u00e9nement<\/strong>\u00a0: M\u00e9di\u00e9vales d&rsquo;Automne \u00ab\u00a0Revivez le temps des chevaliers\u00a0\u00bb<br \/>\n<strong>Lieu<\/strong>\u00a0: <a href=\"https:\/\/www.moyenagepassion.com\/?s=Foix\" target=\"_blank\" rel=\"noopener noreferrer\">Ch\u00e2teau de Foix (Ari\u00e8ge)<\/a><br \/>\n<strong>Date<\/strong>\u00a0: les 7 et 8 octobre 2017<\/p>\n<p>Bonjour \u00e0 tous,<\/p>\n<p style=\"text-align: justify;\"><img decoding=\"async\" class=\"alignleft size-full wp-image-394\" src=\"https:\/\/www.moyenagepassion.com\/wp-content\/uploads\/2015\/12\/Q_lettrine_moyen_age_passion.jpg\" alt=\"Q_lettrine_moyen_age_passion\" width=\"96\" height=\"103\" \/>uelle belle programmation que celle qui permet, d&rsquo;une f\u00eate M\u00e9di\u00e9vale \u00e0 l&rsquo;autre et dans\u00a0un m\u00eame lieu, de se replonger au coeur\u00a0du moyen-\u00e2ge lointain, tout en suivant le vrai fil de l&rsquo;Histoire.<\/p>\n<p style=\"text-align: justify;\">Dans notre article de mai dernier sur <a href=\"https:\/\/www.moyenagepassion.com\/index.php\/2017\/05\/24\/le-chateau-de-foix-part-en-guerre-des-medievales-effervescente-pour-feter-le-printemps-en-ariege\/\" target=\"_blank\" rel=\"noopener noreferrer\">les m\u00e9di\u00e9vales de printemps du ch\u00e2teau de Foix<\/a>, nous avions laiss\u00e9 l&rsquo;endroit en 1362. La belle forteresse \u00e9tait alors en effervescence et sur le pied de guerre puisqu&rsquo;il \u00e9tait question pour <em><strong>Gaston F\u00e9bus<\/strong><\/em>\u00a0<em><strong>(ou Ph\u00e9bus)<\/strong><\/em> et ses troupes d&rsquo;aller croiser le fer contre les Armagnacs. Et voil\u00e0 que cette fin de semaine,\u00a0 \u00e0 l&rsquo;occasion des m\u00e9di\u00e9vales d&rsquo;automne du ch\u00e2teau, ils nous reviennent, cette fois,\u00a0<a href=\"https:\/\/www.moyenagepassion.com\/wp-content\/uploads\/2017\/10\/fetes_journees_animations_medievales_chateau_foix_ariege_reconstitution_historique_XIVe_moyen-age.jpg\"><img decoding=\"async\" class=\"wp-image-16177 alignright\" src=\"https:\/\/www.moyenagepassion.com\/wp-content\/uploads\/2017\/10\/fetes_journees_animations_medievales_chateau_foix_ariege_reconstitution_historique_XIVe_moyen-age.jpg\" alt=\"fetes_journees_animations_medievales_chateau_foix_ariege_reconstitution_historique_XIVe_moyen-age\" width=\"224\" height=\"315\" srcset=\"https:\/\/www.moyenagepassion.com\/wp-content\/uploads\/2017\/10\/fetes_journees_animations_medievales_chateau_foix_ariege_reconstitution_historique_XIVe_moyen-age.jpg 330w, https:\/\/www.moyenagepassion.com\/wp-content\/uploads\/2017\/10\/fetes_journees_animations_medievales_chateau_foix_ariege_reconstitution_historique_XIVe_moyen-age-213x300.jpg 213w\" sizes=\"(max-width: 224px) 100vw, 224px\" \/><\/a>de la bataille, les fiers chevaliers, au c\u00f4t\u00e9 de leur Lion des Pyr\u00e9n\u00e9es, victorieux et joyeux.<\/p>\n<p style=\"text-align: justify;\">Ont-ils d\u00e9j\u00e0 les poches pleines d&rsquo;avoir\u00a0soutir\u00e9 l&rsquo;\u00e9norme ran\u00e7on pour\u00a0la prise de <strong>Jean 1er<em> comte d\u2019Armagnac<\/em><\/strong>\u00a0et de son alli\u00e9 le <em><strong>baron de Launac<\/strong><\/em> dont on dit qu&rsquo;elle fit \u00e0 l&rsquo;\u00e9poque\u00a0 du seigneur de Foix\u00a0un des hommes les plus fortun\u00e9s de son temps ? Peut-\u00eatre. La liesse sera, en tout cas, de la partie, n&rsquo;en doutons pas, pour c\u00e9l\u00e9brer leur grande victoire \u00e0 la bataille de Launac.<\/p>\n<h2>Au programme des m\u00e9di\u00e9vales d&rsquo;automne du ch\u00e2teau de Foix<\/h2>\n<p style=\"text-align: justify;\"><img decoding=\"async\" class=\"alignleft size-full wp-image-445\" src=\"https:\/\/www.moyenagepassion.com\/wp-content\/uploads\/2015\/12\/P_lettrine_moyen_age_passion-copia.jpg\" alt=\"P_lettrine_moyen_age_passion copia\" width=\"96\" height=\"103\" \/>our animer la f\u00eate et la c\u00e9l\u00e9bration, plus de 50 reconstituteurs seront pr\u00e9sents au ch\u00e2teau, cette fin de semaine. Durant deux jours, un grand camp sera dress\u00e9 avec de nombreux ateliers participatifs et d&rsquo;initiation :\u00a0 artisanat (forge, taille de pierre etc,&#8230;), techniques de tir \u00e0 l&rsquo;arc et \u00e0 l&rsquo;arbal\u00e8te, fabrication de cotte de maille et d&rsquo;arcs, Des visites seront aussi organis\u00e9es\u00a0par des personnages haut en couleurs. Venus du moyen-\u00e2ge pour l&rsquo;occasion, ils vous serviront de guides, au sein du XIVe si\u00e8cle, sur des th\u00e8mes aussi vari\u00e9s que\u00a0 la vie quotidienne, l&rsquo;art de la calligraphie et des copistes, les armes de guerre, et encore l&rsquo;architecture m\u00e9di\u00e9vale et les techniques de construction en usage \u00e0 cette \u00e9poque.<\/p>\n<p style=\"text-align: justify;\"><a href=\"https:\/\/www.moyenagepassion.com\/wp-content\/uploads\/2017\/10\/foix_fetes_animations_journees_medievales_chateau_ariege_chevalier_gaston_febus_moyen-age.jpg\"><img decoding=\"async\" class=\"alignnone size-full wp-image-16180\" src=\"https:\/\/www.moyenagepassion.com\/wp-content\/uploads\/2017\/10\/foix_fetes_animations_journees_medievales_chateau_ariege_chevalier_gaston_febus_moyen-age.jpg\" alt=\"foix_fetes_animations_journees_medievales_chateau_ariege_chevalier_gaston_febus_moyen-age\" width=\"1148\" height=\"964\" srcset=\"https:\/\/www.moyenagepassion.com\/wp-content\/uploads\/2017\/10\/foix_fetes_animations_journees_medievales_chateau_ariege_chevalier_gaston_febus_moyen-age.jpg 1148w, https:\/\/www.moyenagepassion.com\/wp-content\/uploads\/2017\/10\/foix_fetes_animations_journees_medievales_chateau_ariege_chevalier_gaston_febus_moyen-age-300x252.jpg 300w, https:\/\/www.moyenagepassion.com\/wp-content\/uploads\/2017\/10\/foix_fetes_animations_journees_medievales_chateau_ariege_chevalier_gaston_febus_moyen-age-1024x860.jpg 1024w\" sizes=\"(max-width: 1148px) 100vw, 1148px\" \/><\/a><\/p>\n<p style=\"text-align: justify;\">Le samedi et le dimanche, en milieu d&rsquo;apr\u00e8s-midi, un grand tournoi de bretteurs sera aussi organis\u00e9 en l&rsquo;honneur de <em><strong>Gaston F\u00e9bus<\/strong><\/em> qui sera, bien entendu, pr\u00e9sent pour l&rsquo;occasion.\u00a0Dans les animations pr\u00e9vues, on notera encore la pr\u00e9sence du chroniqueur <em><strong>Olivier de Robert<\/strong><\/em>, c\u00e9l\u00e8bre conteur et \u00e9crivain ari\u00e9geois.\u00a0 Accompagn\u00e9 de troubadours, jongleurs et m\u00e9nestrels, il fera revivre pour vous, par le menu d\u00e9tail, le r\u00e9cit de la grande bataille.<\/p>\n<p><a href=\"https:\/\/www.moyenagepassion.com\/wp-content\/uploads\/2017\/10\/tournoi_chevalier_gaston_phebus_febus_chateau_foix_animations_fetes_medievales_2017_ariege_XIVe.jpg\"><img decoding=\"async\" class=\"wp-image-16184 alignleft\" src=\"https:\/\/www.moyenagepassion.com\/wp-content\/uploads\/2017\/10\/tournoi_chevalier_gaston_phebus_febus_chateau_foix_animations_fetes_medievales_2017_ariege_XIVe.jpg\" alt=\"tournoi_chevalier_gaston_phebus_febus_chateau_foix_animations_fetes_medievales_2017_ariege_XIVe\" width=\"231\" height=\"344\" srcset=\"https:\/\/www.moyenagepassion.com\/wp-content\/uploads\/2017\/10\/tournoi_chevalier_gaston_phebus_febus_chateau_foix_animations_fetes_medievales_2017_ariege_XIVe.jpg 650w, https:\/\/www.moyenagepassion.com\/wp-content\/uploads\/2017\/10\/tournoi_chevalier_gaston_phebus_febus_chateau_foix_animations_fetes_medievales_2017_ariege_XIVe-202x300.jpg 202w\" sizes=\"(max-width: 231px) 100vw, 231px\" \/><\/a><span style=\"text-decoration: underline;\"><a href=\"https:\/\/www.facebook.com\/sitestouristiquesariege\/\" target=\"_blank\" rel=\"noopener noreferrer\">Consultez le programme\u00a0<\/a><\/span><a href=\"https:\/\/www.facebook.com\/sitestouristiquesariege\/\" target=\"_blank\" rel=\"noopener noreferrer\"><span style=\"text-decoration: underline;\">des\u00a0 M\u00e9di\u00e9vales d&rsquo;automne du ch\u00e2teau de Foix ic<\/span>i<\/a><\/p>\n<p style=\"text-align: justify;\">En bref et comme \u00e0 l&rsquo;habitude, c&rsquo;est un v\u00e9ritable voyage dans le temps et une belle sortie qui vous attendent ce week end, entre les remparts du\u00a0ch\u00e2teau de\u00a0Foix. Au passage, nous en profitons\u00a0pour saluer l&rsquo;oeuvre du d\u00e9partement de l&rsquo;Ari\u00e8ge, propri\u00e9taire de ce bel \u00e9difice m\u00e9di\u00e9val et monument historique class\u00e9, pour la qualit\u00e9 des manifestations historiques qui s&rsquo;y trouvent organis\u00e9es. En plus de leur dimension festive, il y a toujours l\u00e0 de grands efforts de sc\u00e9narisation et un\u00a0v\u00e9ritable parti-pris de restitution historique, mais aussi de transmission. Et puisque nous y sommes, saluons aussi l&rsquo;excellent travail de communication fait par le site web\u00a0<a href=\"http:\/\/www.sites-touristiques-ariege.fr\/\" target=\"_blank\" rel=\"noopener noreferrer\">sites-touristiques-ariege.fr<\/a>\u00a0autour de ces \u00e9v\u00e9nements.\u00a0Alors encore Bravo \u00e0 eux et longue vie aux journ\u00e9es m\u00e9di\u00e9vales de Foix, en toute saison\u00a0! Quant \u00e0 ceux qui pourront s&rsquo;y rendre ce week end, nous vous souhaitons d&rsquo;y\u00a0passer d&rsquo;excellents moments.<\/p>\n<p style=\"text-align: justify;\">Une tr\u00e8s belle journ\u00e9e \u00e0 tous !<\/p>\n<p>Fred<br \/>\nPour moyenagepassion.com<br \/>\n<em><strong>A la d\u00e9couverte du monde m\u00e9di\u00e9val sous toutes ses formes<\/strong><\/em><\/p>\n","protected":false},"excerpt":{"rendered":"<p>Sujet\u00a0: agenda,reconstitution, f\u00eates historiques, m\u00e9di\u00e9vales, tournoi, P\u00e9riode\u00a0: moyen-\u00e2ge central, 1362 Ev\u00e9nement\u00a0: M\u00e9di\u00e9vales d&rsquo;Automne \u00ab\u00a0Revivez le temps des chevaliers\u00a0\u00bb Lieu\u00a0: Ch\u00e2teau de Foix (Ari\u00e8ge) Date\u00a0: les 7 et 8 octobre 2017 Bonjour \u00e0 tous, uelle belle programmation que celle qui permet, d&rsquo;une f\u00eate M\u00e9di\u00e9vale \u00e0 l&rsquo;autre et dans\u00a0un m\u00eame lieu, de se replonger au coeur\u00a0du moyen-\u00e2ge &hellip; <a href=\"https:\/\/www.moyenagepassion.com\/index.php\/2017\/10\/05\/medievales-dautomne-le-chateau-de-foix-fete-le-retour-glorieux-de-ses-chevaliers\/\" class=\"more-link\">Continuer la lecture de <span class=\"screen-reader-text\">M\u00e9di\u00e9vales d&rsquo;automne, le ch\u00e2teau de foix f\u00eate le retour glorieux de ses chevaliers<\/span>  <span class=\"meta-nav\">&rarr;<\/span><\/a><\/p>\n","protected":false},"author":2,"featured_media":0,"comment_status":"open","ping_status":"open","sticky":false,"template":"","format":"standard","meta":{"_monsterinsights_skip_tracking":false,"_monsterinsights_sitenote_active":false,"_monsterinsights_sitenote_note":"","_monsterinsights_sitenote_category":0,"footnotes":""},"categories":[11],"tags":[1391,1780,1350,2711,763,1380,1437,1726,22,1227,18,85,1445,2772,1209,3217],"class_list":["post-16164","post","type-post","status-publish","format-standard","hentry","category-fetes-medievales-evenement","tag-agenda","tag-animations","tag-ariege","tag-bataille-de-launac","tag-chateau-de-foix","tag-fetes","tag-gaston-febus","tag-journees-medievales","tag-medievale","tag-medievales","tag-moyen-age","tag-moyen-age-central","tag-phebus","tag-sorties-historiques","tag-tournoi","tag-xvie-siecle"],"aioseo_notices":[],"_links":{"self":[{"href":"https:\/\/www.moyenagepassion.com\/index.php\/wp-json\/wp\/v2\/posts\/16164"}],"collection":[{"href":"https:\/\/www.moyenagepassion.com\/index.php\/wp-json\/wp\/v2\/posts"}],"about":[{"href":"https:\/\/www.moyenagepassion.com\/index.php\/wp-json\/wp\/v2\/types\/post"}],"author":[{"embeddable":true,"href":"https:\/\/www.moyenagepassion.com\/index.php\/wp-json\/wp\/v2\/users\/2"}],"replies":[{"embeddable":true,"href":"https:\/\/www.moyenagepassion.com\/index.php\/wp-json\/wp\/v2\/comments?post=16164"}],"version-history":[{"count":1,"href":"https:\/\/www.moyenagepassion.com\/index.php\/wp-json\/wp\/v2\/posts\/16164\/revisions"}],"predecessor-version":[{"id":34379,"href":"https:\/\/www.moyenagepassion.com\/index.php\/wp-json\/wp\/v2\/posts\/16164\/revisions\/34379"}],"wp:attachment":[{"href":"https:\/\/www.moyenagepassion.com\/index.php\/wp-json\/wp\/v2\/media?parent=16164"}],"wp:term":[{"taxonomy":"category","embeddable":true,"href":"https:\/\/www.moyenagepassion.com\/index.php\/wp-json\/wp\/v2\/categories?post=16164"},{"taxonomy":"post_tag","embeddable":true,"href":"https:\/\/www.moyenagepassion.com\/index.php\/wp-json\/wp\/v2\/tags?post=16164"}],"curies":[{"name":"wp","href":"https:\/\/api.w.org\/{rel}","templated":true}]}}