{"id":16191,"date":"2017-10-05T22:15:16","date_gmt":"2017-10-05T21:15:16","guid":{"rendered":"http:\/\/www.moyenagepassion.com\/?p=16191"},"modified":"2020-10-04T19:52:34","modified_gmt":"2020-10-04T18:52:34","slug":"la-fete-historique-des-louches-de-comines-en-flandre","status":"publish","type":"post","link":"https:\/\/www.moyenagepassion.com\/index.php\/2017\/10\/05\/la-fete-historique-des-louches-de-comines-en-flandre\/","title":{"rendered":"La grande F\u00eate historique des\u00a0Louches de Comines"},"content":{"rendered":"<div id=\"moyen-1653724914\" class=\"moyen-before-content moyen-entity-placement\"><script async src=\"\/\/pagead2.googlesyndication.com\/pagead\/js\/adsbygoogle.js?client=ca-pub-3035390706780632\" crossorigin=\"anonymous\"><\/script><ins class=\"adsbygoogle\" style=\"display:block;\" data-ad-client=\"ca-pub-3035390706780632\" \ndata-ad-slot=\"\" \ndata-ad-format=\"auto\"><\/ins>\n<script> \n(adsbygoogle = window.adsbygoogle || []).push({}); \n<\/script>\n<\/div><p><strong><a href=\"https:\/\/www.moyenagepassion.com\/wp-content\/uploads\/2017\/10\/comines_blason_medieval_armoirie_heraldique_nord_haut_de_france.jpg\"><img decoding=\"async\" class=\"wp-image-16210 alignleft\" src=\"https:\/\/www.moyenagepassion.com\/wp-content\/uploads\/2017\/10\/comines_blason_medieval_armoirie_heraldique_nord_haut_de_france.jpg\" alt=\"comines_blason_medieval_armoirie_heraldique_nord_haut_de_france\" width=\"161\" height=\"159\" srcset=\"https:\/\/www.moyenagepassion.com\/wp-content\/uploads\/2017\/10\/comines_blason_medieval_armoirie_heraldique_nord_haut_de_france.jpg 566w, https:\/\/www.moyenagepassion.com\/wp-content\/uploads\/2017\/10\/comines_blason_medieval_armoirie_heraldique_nord_haut_de_france-300x296.jpg 300w\" sizes=\"(max-width: 161px) 100vw, 161px\" \/><\/a>Sujet<\/strong>\u00a0: agenda m\u00e9di\u00e9val, f\u00eates historiques, animations, march\u00e9 m\u00e9di\u00e9val.<br \/>\n<strong>P\u00e9riode<\/strong> : moyen-\u00e2ge tardif, XVe si\u00e8cle<br \/>\n<strong>Ev\u00e9nement<\/strong>\u00a0: La F\u00eate historique des Louches<br \/>\n<strong>Lieu<\/strong>\u00a0:\u00a0Comines, Nord, Haut de France<br \/>\n<strong>Date<\/strong>\u00a0: les 7, 8, 9 octobre 2017<\/p>\n<p>Bonjour \u00e0 tous,<\/p>\n<p><img decoding=\"async\" class=\"alignleft size-full wp-image-50\" src=\"https:\/\/www.moyenagepassion.com\/wp-content\/uploads\/2015\/12\/D_lettrine_moyen_age_passion.jpg\" alt=\"D_lettrine_moyen_age_passion\" width=\"84\" height=\"103\" \/><\/p>\n<p style=\"text-align: justify;\">epuis la fin du XIXe si\u00e8cle et plus pr\u00e9cis\u00e9ment l&rsquo;an 1884, on c\u00e9l\u00e8bre \u00e0 Comines, dans le d\u00e9partement du Nord, et en Flandre romane, la <em><strong>F\u00eate historique des louches<\/strong><\/em>. Elle se tient, chaque ann\u00e9e, au second week-end d&rsquo;octobre et durant 3 jours pleins.<\/p>\n<p><a href=\"https:\/\/www.moyenagepassion.com\/wp-content\/uploads\/2017\/10\/fete_historique_louches_comines_animations_medievale_marche_franche_foire_flandre.jpg\"><img decoding=\"async\" class=\"alignnone size-full wp-image-16209\" src=\"https:\/\/www.moyenagepassion.com\/wp-content\/uploads\/2017\/10\/fete_historique_louches_comines_animations_medievale_marche_franche_foire_flandre.jpg\" alt=\"fete_historique_louches_comines_animations_medievale_marche_franche_foire_flandre\" width=\"1024\" height=\"918\" srcset=\"https:\/\/www.moyenagepassion.com\/wp-content\/uploads\/2017\/10\/fete_historique_louches_comines_animations_medievale_marche_franche_foire_flandre.jpg 1024w, https:\/\/www.moyenagepassion.com\/wp-content\/uploads\/2017\/10\/fete_historique_louches_comines_animations_medievale_marche_franche_foire_flandre-300x269.jpg 300w\" sizes=\"(max-width: 1024px) 100vw, 1024px\" \/><\/a><\/p>\n<h2 style=\"text-align: justify;\">La\u00a0l\u00e9gende m\u00e9di\u00e9vale aux origines de la f\u00eate<\/h2>\n<p style=\"text-align: justify;\"><img decoding=\"async\" class=\"alignleft size-full wp-image-1574\" src=\"https:\/\/www.moyenagepassion.com\/wp-content\/uploads\/2016\/02\/U_lettrine_moyen_age_passion.jpg\" alt=\"U_lettrine_moyen_age_passion\" width=\"84\" height=\"103\" \/>ne l\u00e9gende conte qu&rsquo;au moyen-\u00e2ge, le seigneur local de la cit\u00e9 fut fait prisonnier dans une tour de son ch\u00e2teau. Il jeta alors par la meurtri\u00e8re de sa ge\u00f4le une cuill\u00e8re arborant ses armoiries, \u00e0 des couvreurs travaillant sur les toits.\u00a0 Alert\u00e9e par les ouvriers, la population se mit bient\u00f4t en devoir d&rsquo;assi\u00e9ger la tour et put ainsi\u00a0 lib\u00e9rer le noble.<\/p>\n<p style=\"text-align: justify;\">Historiquement, cette l\u00e9gende pourrait bien \u00eatre n\u00e9e de la capture par les anglais de <em><strong>Jean 1er de la Clite (\u00a0<\/strong><\/em>en Flamand,\u00a0<em><strong>Jan van der Clyte<\/strong><strong><i>)<\/i><\/strong><\/em>, Seigneur de Comines, pendant la bataille d&rsquo;Azincourt. Emprisonn\u00e9 \u00e0 Ruisseauville, il fut, en effet, lib\u00e9r\u00e9 contre ran\u00e7on, acquitt\u00e9e dit-on, <a href=\"https:\/\/www.moyenagepassion.com\/wp-content\/uploads\/2017\/10\/fete_louches_comines_nord_celebration_medievale_animations_historiques_moyen-age_tardif.jpg\"><img decoding=\"async\" class=\"wp-image-16207 alignright\" src=\"https:\/\/www.moyenagepassion.com\/wp-content\/uploads\/2017\/10\/fete_louches_comines_nord_celebration_medievale_animations_historiques_moyen-age_tardif.jpg\" alt=\"fete_louches_comines_nord_celebration_medievale_animations_historiques_moyen-age_tardif\" width=\"223\" height=\"317\" srcset=\"https:\/\/www.moyenagepassion.com\/wp-content\/uploads\/2017\/10\/fete_louches_comines_nord_celebration_medievale_animations_historiques_moyen-age_tardif.jpg 650w, https:\/\/www.moyenagepassion.com\/wp-content\/uploads\/2017\/10\/fete_louches_comines_nord_celebration_medievale_animations_historiques_moyen-age_tardif-211x300.jpg 211w\" sizes=\"(max-width: 223px) 100vw, 223px\" \/><\/a>par les citoyens m\u00eame de\u00a0la cit\u00e9. Afin de les en remercier,\u00a0 <em><strong>Jean II<\/strong><\/em>, son h\u00e9ritier, obtiendra de <em><strong>Philippe III de Bourgogne<\/strong><\/em>, moins d&rsquo;un demi-si\u00e8cle plus tard et en 1456, le\u00a0privil\u00e8ge pour les citoyens de Comines de pouvoir commercer librement pour la Saint-Denis. On \u00e9tablira alors une franche foire.<\/p>\n<p style=\"text-align: justify;\">Quant\u00a0\u00e0 cette\u00a0 cuill\u00e8re qui, avec le temps, se transforma en Louche, il semble que cette coutume fut consacr\u00e9e par des marchants qui ouvrirent ainsi la franche foire.<\/p>\n<h3 style=\"text-align: justify;\">Au programme de la f\u00eate des Louches<\/h3>\n<p style=\"text-align: justify;\"><img decoding=\"async\" class=\"alignleft size-full wp-image-128\" src=\"https:\/\/www.moyenagepassion.com\/wp-content\/uploads\/2015\/12\/S_lettrine_moyen_age_passion.jpg\" alt=\"S_lettrine_moyen_age_passion\" width=\"84\" height=\"103\" \/>i\u00a0cette f\u00eate ch\u00e8re aux cominois c\u00e9l\u00e8bre bien cette l\u00e9gende m\u00e9di\u00e9vale, elle reste fortement attach\u00e9e \u00e0 l&rsquo;histoire du village et se pr\u00e9sente aussi comme une c\u00e9l\u00e9bration r\u00e9solument populaire, et pas seulement comme un \u00e9v\u00e9nement strictement m\u00e9di\u00e9val\u00a0: f\u00eate foraine, march\u00e9 m\u00e9di\u00e9val et franc march\u00e9 (avec installation libre et pour tous les commer\u00e7ants et artisans), on y trouvera encore de nombreuses animations, dont, bien s\u00fbr,\u00a0les traditionnels\u00a0 jets de louches; plus de 1000 d&rsquo;entre elles seront, en effet, jet\u00e9es \u00e0 la foule\u00a0 depuis les \u00e9tages de l&rsquo;Hotel de ville. Cort\u00e8ges historiques, \u00e9lection <a href=\"https:\/\/www.moyenagepassion.com\/wp-content\/uploads\/2017\/10\/fetes_historique_animation_medievale_des_louches_comines_nord_flandre_romane.jpg\"><img decoding=\"async\" class=\"wp-image-16212 alignright\" src=\"https:\/\/www.moyenagepassion.com\/wp-content\/uploads\/2017\/10\/fetes_historique_animation_medievale_des_louches_comines_nord_flandre_romane.jpg\" alt=\"fetes_historique_animation_medievale_des_louches_comines_nord_flandre_romane\" width=\"213\" height=\"314\" srcset=\"https:\/\/www.moyenagepassion.com\/wp-content\/uploads\/2017\/10\/fetes_historique_animation_medievale_des_louches_comines_nord_flandre_romane.jpg 365w, https:\/\/www.moyenagepassion.com\/wp-content\/uploads\/2017\/10\/fetes_historique_animation_medievale_des_louches_comines_nord_flandre_romane-203x300.jpg 203w\" sizes=\"(max-width: 213px) 100vw, 213px\" \/><\/a>des seigneurs de Comines, d\u00e9fil\u00e9 nocturne des \u00ab\u00a0allumoirs\u00a0\u00bb seront encore de la f\u00eate, et on fera\u00a0aussi\u00a0parader fi\u00e8rement les\u00a0sept g\u00e9ants de la ville (dont deux sont nouveaux) qui repr\u00e9sentent des personnages de l&rsquo;Histoire locale et dont les premiers anc\u00eatres, faits d&rsquo;osier, remontent\u00a0 \u00e0 la fin du XIXe si\u00e8cle.<\/p>\n<p style=\"text-align: justify;\">Pour les sportifs, la f\u00eate sera \u00e9galement\u00a0l&rsquo;occasion d&rsquo;une grande course cycliste et pour les plus m\u00e9lomanes,\u00a0un grand concert\u00a0 sera\u00a0donn\u00e9 par l&rsquo;ensemble\u00a0<em><strong>Symphonie l&rsquo;Esp\u00e9rance<\/strong><\/em> qui proposera un floril\u00e8ge de belles pi\u00e8ces\u00a0de musique classique.<\/p>\n<p style=\"text-align: justify;\"><a href=\"https:\/\/www.fete-des-louches.com\/programme-2017.php\" target=\"_blank\" rel=\"noopener noreferrer\">Retrouvez le programme d\u00e9taill\u00e9 sur le site officiel tr\u00e8s complet de la f\u00eate historique des Louches.<\/a><\/p>\n<p>Une tr\u00e8s belle journ\u00e9e \u00e0 tous !<\/p>\n<p>Fred<br \/>\nPour moyenagepassion.com<br \/>\n<em><strong>A la d\u00e9couverte du moyen-\u00e2ge sous toutes ses formes<\/strong><\/em><\/p>\n","protected":false},"excerpt":{"rendered":"<p>Sujet\u00a0: agenda m\u00e9di\u00e9val, f\u00eates historiques, animations, march\u00e9 m\u00e9di\u00e9val. P\u00e9riode : moyen-\u00e2ge tardif, XVe si\u00e8cle Ev\u00e9nement\u00a0: La F\u00eate historique des Louches Lieu\u00a0:\u00a0Comines, Nord, Haut de France Date\u00a0: les 7, 8, 9 octobre 2017 Bonjour \u00e0 tous, epuis la fin du XIXe si\u00e8cle et plus pr\u00e9cis\u00e9ment l&rsquo;an 1884, on c\u00e9l\u00e8bre \u00e0 Comines, dans le d\u00e9partement du Nord, &hellip; <a href=\"https:\/\/www.moyenagepassion.com\/index.php\/2017\/10\/05\/la-fete-historique-des-louches-de-comines-en-flandre\/\" class=\"more-link\">Continuer la lecture de <span class=\"screen-reader-text\">La grande F\u00eate historique des\u00a0Louches de Comines<\/span>  <span class=\"meta-nav\">&rarr;<\/span><\/a><\/p>\n","protected":false},"author":2,"featured_media":0,"comment_status":"open","ping_status":"open","sticky":false,"template":"","format":"standard","meta":{"_monsterinsights_skip_tracking":false,"_monsterinsights_sitenote_active":false,"_monsterinsights_sitenote_note":"","_monsterinsights_sitenote_category":0,"footnotes":""},"categories":[11],"tags":[1391,2529,3174,3173,1339,22,18,913,3175,2772,2168],"class_list":["post-16191","post","type-post","status-publish","format-standard","hentry","category-fetes-medievales-evenement","tag-agenda","tag-animations-medievales","tag-comines","tag-fete-des-louches","tag-fetes-historiques","tag-medievale","tag-moyen-age","tag-moyen-age-tardif","tag-nord","tag-sorties-historiques","tag-xve-siecle"],"aioseo_notices":[],"_links":{"self":[{"href":"https:\/\/www.moyenagepassion.com\/index.php\/wp-json\/wp\/v2\/posts\/16191"}],"collection":[{"href":"https:\/\/www.moyenagepassion.com\/index.php\/wp-json\/wp\/v2\/posts"}],"about":[{"href":"https:\/\/www.moyenagepassion.com\/index.php\/wp-json\/wp\/v2\/types\/post"}],"author":[{"embeddable":true,"href":"https:\/\/www.moyenagepassion.com\/index.php\/wp-json\/wp\/v2\/users\/2"}],"replies":[{"embeddable":true,"href":"https:\/\/www.moyenagepassion.com\/index.php\/wp-json\/wp\/v2\/comments?post=16191"}],"version-history":[{"count":1,"href":"https:\/\/www.moyenagepassion.com\/index.php\/wp-json\/wp\/v2\/posts\/16191\/revisions"}],"predecessor-version":[{"id":34378,"href":"https:\/\/www.moyenagepassion.com\/index.php\/wp-json\/wp\/v2\/posts\/16191\/revisions\/34378"}],"wp:attachment":[{"href":"https:\/\/www.moyenagepassion.com\/index.php\/wp-json\/wp\/v2\/media?parent=16191"}],"wp:term":[{"taxonomy":"category","embeddable":true,"href":"https:\/\/www.moyenagepassion.com\/index.php\/wp-json\/wp\/v2\/categories?post=16191"},{"taxonomy":"post_tag","embeddable":true,"href":"https:\/\/www.moyenagepassion.com\/index.php\/wp-json\/wp\/v2\/tags?post=16191"}],"curies":[{"name":"wp","href":"https:\/\/api.w.org\/{rel}","templated":true}]}}