{"id":16294,"date":"2017-10-11T04:56:33","date_gmt":"2017-10-11T03:56:33","guid":{"rendered":"http:\/\/www.moyenagepassion.com\/?p=16294"},"modified":"2020-09-29T00:03:16","modified_gmt":"2020-09-28T23:03:16","slug":"michault-le-caron-dit-taillevent-poete-bourguignon-du-xve","status":"publish","type":"post","link":"https:\/\/www.moyenagepassion.com\/index.php\/2017\/10\/11\/michault-le-caron-dit-taillevent-poete-bourguignon-du-xve\/","title":{"rendered":"Michault le Caron dit Taillevent, po\u00e8te bourguignon du XVe"},"content":{"rendered":"<div id=\"moyen-4198171518\" class=\"moyen-before-content moyen-entity-placement\"><script async src=\"\/\/pagead2.googlesyndication.com\/pagead\/js\/adsbygoogle.js?client=ca-pub-3035390706780632\" crossorigin=\"anonymous\"><\/script><ins class=\"adsbygoogle\" style=\"display:block;\" data-ad-client=\"ca-pub-3035390706780632\" \ndata-ad-slot=\"\" \ndata-ad-format=\"auto\"><\/ins>\n<script> \n(adsbygoogle = window.adsbygoogle || []).push({}); \n<\/script>\n<\/div><p><strong><a href=\"https:\/\/www.moyenagepassion.com\/wp-content\/uploads\/2016\/12\/poesie_medievale.jpg\"><img decoding=\"async\" class=\"alignleft size-full wp-image-9122\" src=\"https:\/\/www.moyenagepassion.com\/wp-content\/uploads\/2016\/12\/poesie_medievale.jpg\" alt=\"poesie_medievale\" width=\"120\" height=\"127\" \/><\/a>Sujet<\/strong> : po\u00e9sie m\u00e9di\u00e9vale, auteur, po\u00e8te m\u00e9di\u00e9val, bourgogne, biographie, portrait,<br \/>\n<strong>P\u00e9riode :<\/strong> moyen-\u00e2ge tardif, XVe<br \/>\n<strong>Auteur :<\/strong> Michault (ou Michaut) Le Caron, dit Taillevent\u00a0( 1390\/1395 &#8211; 1448\/1458)<\/p>\n<p>Bonjour \u00e0 tous,<\/p>\n<p style=\"text-align: justify;\"><img decoding=\"async\" class=\"alignleft size-full wp-image-59\" src=\"https:\/\/www.moyenagepassion.com\/wp-content\/uploads\/2015\/12\/A_lettrine_moyen_age_passion.jpg\" alt=\"A_lettrine_moyen_age_passion\" width=\"84\" height=\"103\" \/>pr\u00e8s avoir quelque peu raill\u00e9 les Burgondes \u00e0 la facon de la s\u00e9rie <em><strong>Kaamelott<\/strong><\/em>, dans notre article pr\u00e9c\u00e9dent,\u00a0 nous nous rattrapons, aujourd&rsquo;hui, en parlant\u00a0d&rsquo;un po\u00e8te bourguignon du moyen-\u00e2ge tardif et plus pr\u00e9cis\u00e9ment du XVe si\u00e8cle. Il nous est connu sous le nom de <em><strong>Michault Le Caron dit Taillevent, <\/strong><\/em>ou m\u00eame simplement\u00a0<em><strong>Michault Taillevent<\/strong><\/em>\u00a0et, on s&rsquo;accorde \u00e0 dire qu&rsquo;il inspira \u00e0\u00a0<em><strong>Fran\u00e7ois Villon,\u00a0<\/strong>certains de ses vers, et <\/em>au del\u00e0\u00a0<a href=\"https:\/\/www.moyenagepassion.com\/wp-content\/uploads\/2017\/10\/poesie_medievale_passe_temps_michault_caron_taillevent_gravure_ancienne_.jpg\"><img decoding=\"async\" class=\"alignright wp-image-16318\" src=\"https:\/\/www.moyenagepassion.com\/wp-content\/uploads\/2017\/10\/poesie_medievale_passe_temps_michault_caron_taillevent_gravure_ancienne_.jpg\" alt=\"poesie_medievale_passe_temps_michault_caron_taillevent_gravure_ancienne_\" width=\"179\" height=\"352\" srcset=\"https:\/\/www.moyenagepassion.com\/wp-content\/uploads\/2017\/10\/poesie_medievale_passe_temps_michault_caron_taillevent_gravure_ancienne_.jpg 374w, https:\/\/www.moyenagepassion.com\/wp-content\/uploads\/2017\/10\/poesie_medievale_passe_temps_michault_caron_taillevent_gravure_ancienne_-152x300.jpg 152w\" sizes=\"(max-width: 179px) 100vw, 179px\" \/><\/a>d&rsquo;autres auteurs\u00a0de son temps.<\/p>\n<p style=\"text-align: right;\"><span style=\"color: #808080;\">Ci contre gravure de\u00a0 couverture d&rsquo;une version ancienne du <em>Passe-temps<\/em> de <em>Michault<\/em>\u00a0nouvellement imprim\u00e9, qui fut \u00e9galement utilis\u00e9 pour une \u00e9dition du testament de Villon<\/span><\/p>\n<p style=\"text-align: justify;\">Pendant longtemps,\u00a0on l&rsquo;a confondu avec un autre\u00a0 po\u00e8te du nom de <em><strong>Pierre Michault<\/strong><\/em>. Plus c\u00e9l\u00e8bre, ce dernier l&rsquo;a d&rsquo;ailleurs quelque peu \u00e9clips\u00e9 jusque dans le courant du XIXe si\u00e8cle, mais l&rsquo;ouvrage de <em><strong>Robert Deschaux,\u00a0\u00ab\u00a0Un po\u00e8te bourguignon du XVe si\u00e8cle, Michault Taillevent<\/strong><\/em>\u00ab\u00a0, sorti en 1975 (et qui se trouve \u00eatre une th\u00e8se soutenue\u00a0en 1973, \u00e0 la Sorbonne) a dissip\u00e9 depuis et d\u00e9finitivement tout malentendu \u00e0 ce sujet, pour le cas o\u00f9 il en aurait encore subsist\u00e9. Nous suivons d&rsquo;ailleurs ici le fil de cet auteur et universitaire, fin\u00a0connaisseur de la litt\u00e9rature bourguignonne du XVe, pour les \u00e9l\u00e9ments biographiques concernant notre po\u00e8te, en nous empressant d&rsquo;ajouter qu&rsquo;avant lui <em><strong>Michel Duchein<\/strong><\/em>, archiviste pal\u00e9ographe et historien fran\u00e7ais chartiste, avait largement balis\u00e9 le terrain, dans une th\u00e8se parue en 1949, ayant pour titre : <em><strong>\u00ab\u00a0Le po\u00e8te Michault Le Caron, dit Taillevent\u00a0\u00bb<\/strong><\/em>.\u00a0 Et puisque nous en sommes aux sources, ajoutons que nous nous appuyons encore dans cet article ici sur l&rsquo;approche de\u00a0<em><strong>Pierre Champion<\/strong><\/em> et ses pages consacr\u00e9es \u00e0 l&rsquo;auteur m\u00e9di\u00e9val, dans son <em><strong>Histoire\u00a0po\u00e9tique du XVe si\u00e8cle,<\/strong><\/em>\u00a0dat\u00e9e de 1926.<\/p>\n<h2 style=\"text-align: left;\">Portrait &amp; biographie d&rsquo;un po\u00e8te\u00a0 de cour<\/h2>\n<p style=\"text-align: center;\"><span style=\"color: #008000;\"><em><strong>\u00ab\u00a0Ce n&rsquo;est que vent de la gloire du monde,<\/strong><\/em><\/span><br \/>\n<em><strong><span style=\"color: #008000;\">A ung hasart tout se change et se cesse&#8230;\u00a0\u00bb<\/span><br \/>\n<\/strong><span style=\"color: #808080;\">Le r\u00e9gime de Fortune &#8211; Michault Taillevent<\/span><\/em><\/p>\n<h3 style=\"text-align: left;\">Valet de chambre et joueur de farces<\/h3>\n<p style=\"text-align: justify;\"><img decoding=\"async\" class=\"alignleft size-full wp-image-128\" src=\"https:\/\/www.moyenagepassion.com\/wp-content\/uploads\/2015\/12\/S_lettrine_moyen_age_passion.jpg\" alt=\"S_lettrine_moyen_age_passion\" width=\"84\" height=\"103\" \/>i l&rsquo;on ne sait pas grand chose de ses origines, ni de son lieu de naissance, que l&rsquo;on suppose en Artois, autour de Saint-Omer et de Aire-sur-la-Lys dans le Pas-de-Calais, nous sommes mieux loti du c\u00f4t\u00e9 de la biographie plus tardive de <em><strong>Michault Taillevent<\/strong><\/em>, notamment gr\u00e2ce \u00e0 la richesse des archives de Bourgogne. Voici d&rsquo;ailleurs une des premi\u00e8res mentions qu&rsquo;on retrouve le concernant :<\/p>\n<p style=\"text-align: justify;\"><span style=\"color: #008000;\"><em><strong>\u00ab\u00a0A Michault Taillevent, varlet de chambre de mondit seigneur, que aussi tant pour consid\u00e9ration des services qu&rsquo;il a fais a icelluy seigneur, fait chascun jour et espoire que encore en face en tamps avenir, comme pour recompensacion d&rsquo;aucuns frais qu&rsquo;il a faiz en faisant aucuns esbatemens et farses devant mondit seigneur, il lui a donn\u00e9 XVI livres\u00a0\u00bb<\/strong><\/em><\/span><br \/>\n<span style=\"color: #808080;\">Ann\u00e9e 1426 &#8211; Archives du Nord, Recette g\u00e9n\u00e9rale de finances.<\/span><\/p>\n<p style=\"text-align: justify;\"><a href=\"https:\/\/www.moyenagepassion.com\/wp-content\/uploads\/2017\/10\/portrait_philippe_III_bourgogne_le_bon_Portrait_Rogier_Van_Der_Weyden_XV_moyen-age_tardif.jpg\"><img decoding=\"async\" class=\"wp-image-16321 alignright\" src=\"https:\/\/www.moyenagepassion.com\/wp-content\/uploads\/2017\/10\/portrait_philippe_III_bourgogne_le_bon_Portrait_Rogier_Van_Der_Weyden_XV_moyen-age_tardif.jpg\" alt=\"portrait_philippe_III_bourgogne_le_bon_Portrait_Rogier_Van_Der_Weyden_XV_moyen-age_tardif\" width=\"167\" height=\"329\" srcset=\"https:\/\/www.moyenagepassion.com\/wp-content\/uploads\/2017\/10\/portrait_philippe_III_bourgogne_le_bon_Portrait_Rogier_Van_Der_Weyden_XV_moyen-age_tardif.jpg 374w, https:\/\/www.moyenagepassion.com\/wp-content\/uploads\/2017\/10\/portrait_philippe_III_bourgogne_le_bon_Portrait_Rogier_Van_Der_Weyden_XV_moyen-age_tardif-152x300.jpg 152w\" sizes=\"(max-width: 167px) 100vw, 167px\" \/><\/a>On sait donc de source s\u00fbre et gr\u00e2ce aux archives, que le po\u00e8te fut attach\u00e9 au service de <em><strong>Philippe III, Duc de Bourgogne<\/strong><\/em> (1396-1467) en tant que <em><strong>\u00ab\u00a0Varlet de chambre\u00a0\u00bb <\/strong><\/em>et m\u00eame <em><strong>\u00ab\u00a0joueur de farces\u00a0\u00bb<\/strong><\/em>. Le duch\u00e9 de\u00a0bourgogne est alors alli\u00e9 de l&rsquo;Angleterre et de la Bretagne et\u00a0<em><strong>Philippe le Bon\u00a0<\/strong><\/em>est, sans conteste, un des princes les plus riches et les plus puissants de son temps.<\/p>\n<p><span style=\"color: #808080;\">(ci-contre\u00a0portrait du Duc de Bourgogne par <span class=\"irc_pt\" dir=\"ltr\">Rogier Van Der Weyden, XVe si\u00e8cle).<\/span><\/span><\/p>\n<p style=\"text-align: justify;\"><span style=\"color: #333333;\">De fait, <em><strong>Michault Taillevent<\/strong><\/em> passa la plus grande partie de sa vie dans cette fonction, \u00e0 partir de 1426 et durant\u00a0<\/span>les vingt-trois ann\u00e9es qui suivirent, jusqu&rsquo;au moins l&rsquo;ann\u00e9e 1448. Sur cette p\u00e9riode, les mentions faites dans les archives permettent m\u00eame de retracer le fil des \u00e9moluments, dons et gratifications qu&rsquo;il a per\u00e7us pour ses services. Si le d\u00e9tail vous en int\u00e9resse,\u00a0nous vous renvoyons \u00e0 l&rsquo;ouvrage de <em><strong>Robert Deschaux<\/strong> \u00a0<\/em>qui le donne par le menu\u00a0 (Pour l&rsquo;instant,\u00a0il est\u00a0 disponible \u00e0 la vente en ligne, aux \u00e9ditions Droz et en version broch\u00e9e :\u00a0<a href=\"https:\/\/www.amazon.fr\/gp\/product\/2600028315\/ref=as_li_tl?ie=UTF8&amp;camp=1642&amp;creative=6746&amp;creativeASIN=2600028315&amp;linkCode=as2&amp;tag=f1266-21&amp;linkId=e303470c5c5838f8171adb836572b993\" target=\"_blank\" rel=\"noopener noreferrer\">Un Poete Bourguignon du Xve Siecle : Michault Taillevent\u00a0<\/a>)<\/p>\n<h3 style=\"text-align: justify;\">Entre proximit\u00e9 ducale\u00a0 &amp;\u00a0 \u00a0 \u00ab\u00a0menu peuple de cour\u00a0\u00bb<\/h3>\n<p style=\"text-align: justify;\"><img decoding=\"async\" class=\"alignleft size-full wp-image-59\" src=\"https:\/\/www.moyenagepassion.com\/wp-content\/uploads\/2015\/12\/A_lettrine_moyen_age_passion.jpg\" alt=\"A_lettrine_moyen_age_passion\" width=\"84\" height=\"103\" \/>insi donc, l&rsquo;homme joue des farces, amuse la cour de Bourgogne et le Duc et organise m\u00eame des spectacles\u00a0 (c&rsquo;est m\u00eame selon <em><strong>Pierre Champion<\/strong><\/em> sa fonction principale). Si on le trouve quelquefois immerg\u00e9 dans la cohorte des m\u00e9nestrels, fous et autres amuseurs de la cour, il jouit ind\u00e9niablement de plus grands privil\u00e8ges que ces derniers mais aussi d&rsquo;une plus grande proximit\u00e9 avec le Duc, par sa fonction m\u00eame de Valet de Chambre. Il accompagne d&rsquo;ailleurs le noble dans certains de ses d\u00e9placements <a href=\"https:\/\/www.moyenagepassion.com\/wp-content\/uploads\/2017\/10\/michault_taillevent_poesie_medievale_la_moralite_povre_commun_moyen-age_tardif_XVe.jpg\"><img decoding=\"async\" class=\"wp-image-16330 alignright\" src=\"https:\/\/www.moyenagepassion.com\/wp-content\/uploads\/2017\/10\/michault_taillevent_poesie_medievale_la_moralite_povre_commun_moyen-age_tardif_XVe.jpg\" alt=\"michault_taillevent_poesie_medievale_la_moralite_povre_commun_moyen-age_tardif_XVe\" width=\"266\" height=\"266\" srcset=\"https:\/\/www.moyenagepassion.com\/wp-content\/uploads\/2017\/10\/michault_taillevent_poesie_medievale_la_moralite_povre_commun_moyen-age_tardif_XVe.jpg 600w, https:\/\/www.moyenagepassion.com\/wp-content\/uploads\/2017\/10\/michault_taillevent_poesie_medievale_la_moralite_povre_commun_moyen-age_tardif_XVe-150x150.jpg 150w, https:\/\/www.moyenagepassion.com\/wp-content\/uploads\/2017\/10\/michault_taillevent_poesie_medievale_la_moralite_povre_commun_moyen-age_tardif_XVe-300x300.jpg 300w\" sizes=\"(max-width: 266px) 100vw, 266px\" \/><\/a>entre la Bourgogne et Bruxelles, et s&rsquo;est m\u00eame vu doter de sa propre monture.<\/p>\n<p style=\"text-align: justify;\">Pour \u00eatre demeur\u00e9 aussi longtemps au m\u00eame office, il est ind\u00e9niable que l&rsquo;homme donna satisfaction dans ses fonctions ; les sommes qu&rsquo;il a pu percevoir \u00e0 quelques reprises, semblent m\u00eame confirmer qu&rsquo;il est appr\u00e9ci\u00e9 m\u00eame si, en suivant les pas de <em><strong>Robert Deschaux<\/strong><\/em>, il faut aussi constater qu&rsquo;il est demeur\u00e9 de simple rang durant sa vie enti\u00e8re et ne sera jamais v\u00e9ritablement \u00e9lev\u00e9 ou appel\u00e9 \u00e0 remplir d&rsquo;autres fonctions.\u00a0 Pour paraphraser le biographe, <em><strong>Michault Taillevent<\/strong><\/em> fait partie du <span style=\"color: #008000;\"><em><strong>\u00ab\u00a0menu peuple de la cour\u00a0\u00bb.<\/strong><\/em><\/span><\/p>\n<p style=\"text-align: left;\"><span style=\"color: #808080;\"><a href=\"https:\/\/www.moyenagepassion.com\/wp-content\/uploads\/2017\/10\/michault_caron_taillevent_po\u00e9sie_medievale_moyen-age_tardif_manuscrit_ancien_valenciennes_776.jpg\"><img decoding=\"async\" class=\"alignleft wp-image-16324\" src=\"https:\/\/www.moyenagepassion.com\/wp-content\/uploads\/2017\/10\/michault_caron_taillevent_po\u00e9sie_medievale_moyen-age_tardif_manuscrit_ancien_valenciennes_776.jpg\" alt=\"michault_caron_taillevent_po\u00e9sie_medievale_moyen-age_tardif_manuscrit_ancien_valenciennes_776\" width=\"252\" height=\"334\" srcset=\"https:\/\/www.moyenagepassion.com\/wp-content\/uploads\/2017\/10\/michault_caron_taillevent_po\u00e9sie_medievale_moyen-age_tardif_manuscrit_ancien_valenciennes_776.jpg 948w, https:\/\/www.moyenagepassion.com\/wp-content\/uploads\/2017\/10\/michault_caron_taillevent_po\u00e9sie_medievale_moyen-age_tardif_manuscrit_ancien_valenciennes_776-226x300.jpg 226w, https:\/\/www.moyenagepassion.com\/wp-content\/uploads\/2017\/10\/michault_caron_taillevent_po\u00e9sie_medievale_moyen-age_tardif_manuscrit_ancien_valenciennes_776-772x1024.jpg 772w\" sizes=\"(max-width: 252px) 100vw, 252px\" \/><\/a>\u00a0(Michault Taillevent dans le Manuscrit ancien\u00a0mS 0776 de Valenciennes, fin du XVe)<\/span><\/p>\n<p style=\"text-align: justify;\">Pour mettre quelques b\u00e9mols sur la notion de privil\u00e8ges attach\u00e9s \u00e0 sa fonction, il faut\u00a0d&rsquo;ailleurs ajouter que les \u00e9moluments d&rsquo;un valet de chambre sont alors plut\u00f4t chiches. Bien qu&rsquo;\u00e0 l&rsquo;abri de la faim par son statut &#8211;\u00a0 il ne conna\u00eetra pas non plus les\u00a0affres de la faim ou les mis\u00e8res\u00a0 d&rsquo;un Rutebeuf,\u00a0 d&rsquo;un Villon, ou d&rsquo;un troubadour errant -, Michault demeure donc de condition humble.\u00a0Dans son histoire po\u00e9tique du XVe si\u00e8cle,\u00a0<strong>Pierre Champion<\/strong>\u00a0sera\u00a0m\u00eame d&rsquo;avis un peu plus tranch\u00e9, puisqu&rsquo;il ne cessera, de donner du <span style=\"color: #008000;\"><em><strong>\u00ab\u00a0pauvre Michault\u00a0\u00bb<\/strong><\/em><\/span>\u00a0\u00e0 l&rsquo;auteur m\u00e9di\u00e9val et d\u00e9crira m\u00eame la vie de ce dernier comme<strong><em><span style=\"color: #008000;\"> \u00ab\u00a0aventureuse et mis\u00e9rable\u00a0\u00bb<\/span><\/em><\/strong>, en faisant notamment r\u00e9f\u00e9rence au po\u00e8me \u00ab\u00a0<em><strong>la destrousse<\/strong><\/em>\u00a0\u00bb dans lequel le po\u00e8te conte une triste nuit pass\u00e9e \u00e0 la belle \u00e9toile, suivi d&rsquo;une attaque par des brigands de grand chemin \u00e0 l&rsquo;occasion de laquelle il se fera rosser. Suite \u00e0 ses d\u00e9boires, il demanda d&rsquo;ailleurs \u00ab\u00a0humblement\u00a0\u00bb audience aupr\u00e8s de la cour, afin de pouvoir rapporter\u00a0ses mis\u00e8res et obtenir quelques r\u00e9parations.<\/p>\n<p style=\"text-align: justify;\"><a href=\"https:\/\/www.moyenagepassion.com\/wp-content\/uploads\/2017\/10\/michault_taillevent_poesie_medievale_la_destrousse_moyen-age_tardif_XVe.jpg\"><img decoding=\"async\" class=\"wp-image-16329 alignright\" src=\"https:\/\/www.moyenagepassion.com\/wp-content\/uploads\/2017\/10\/michault_taillevent_poesie_medievale_la_destrousse_moyen-age_tardif_XVe.jpg\" alt=\"michault_taillevent_poesie_medievale_la_destrousse_moyen-age_tardif_XVe\" width=\"266\" height=\"266\" srcset=\"https:\/\/www.moyenagepassion.com\/wp-content\/uploads\/2017\/10\/michault_taillevent_poesie_medievale_la_destrousse_moyen-age_tardif_XVe.jpg 600w, https:\/\/www.moyenagepassion.com\/wp-content\/uploads\/2017\/10\/michault_taillevent_poesie_medievale_la_destrousse_moyen-age_tardif_XVe-150x150.jpg 150w, https:\/\/www.moyenagepassion.com\/wp-content\/uploads\/2017\/10\/michault_taillevent_poesie_medievale_la_destrousse_moyen-age_tardif_XVe-300x300.jpg 300w\" sizes=\"(max-width: 266px) 100vw, 266px\" \/><\/a>Pour en finir avec ses \u00e9l\u00e9ment biographiques et concernant son d\u00e9c\u00e8s, on ne sait rien de pr\u00e9cis. On perd, en effet, la trace du po\u00e8te bourguignon et de ses gratifications comme valet de chambre,\u00a0dans les archives apr\u00e8s 1448 et\u00a0il faut ensuite attendre 1458, pour trouver une derni\u00e8re mention \u00e0 son sujet, confirmant l&rsquo;engagement d&rsquo;un nouveau valet de chambre aupr\u00e8s du Duc, <strong>en remplacement de<\/strong><em><strong>\u00a0feu Michault Taillevent<\/strong><\/em>, ent\u00e9rinant ainsi la mort de ce dernier, sans pour autant fournir de date pr\u00e9cise la concernant. Elle est forc\u00e9ment intervenue entre 1448 et 1458, et on peut le supposer peu de temps avant cette derni\u00e8re mention. Si c&rsquo;est le cas l&rsquo;homme avait alors autour de soixante ans.<\/p>\n<h2 style=\"text-align: justify;\">Les oeuvres de Michault le Caron Taillevent<\/h2>\n<p style=\"text-align: justify;\"><img decoding=\"async\" class=\"alignleft size-full wp-image-445\" src=\"https:\/\/www.moyenagepassion.com\/wp-content\/uploads\/2015\/12\/P_lettrine_moyen_age_passion-copia.jpg\" alt=\"P_lettrine_moyen_age_passion copia\" width=\"96\" height=\"103\" \/>o\u00e8te\u00a0de cour, <em><strong>Michault Taillevent<\/strong> <\/em>a cont\u00e9, en observateur et t\u00e9moin\u00a0partial plus qu&rsquo;en chroniqueur objectif (ils demeurent rares, m\u00eame \u00e0 l&rsquo;\u00e9poque), les espoirs de paix comme les d\u00e9parts en guerre, les fastes ou les vicissitudes\u00a0de\u00a0la vie de la cour de Bourgogne de la premi\u00e8re moiti\u00e9 du XVe et, bien s\u00fbr, les grandeurs de\u00a0<em><strong>Philippe le bon,\u00a0<\/strong><\/em>son protecteur.\u00a0On notera aussi dans son legs, quelques trait\u00e9s mettant en exergue les valeurs de la noblesse, dont un, le <em><strong>\u00ab\u00a0Psautier des vilains\u00a0\u00bb<\/strong><\/em> fait en <a href=\"https:\/\/www.moyenagepassion.com\/wp-content\/uploads\/2017\/10\/michault_taillevent_poesie_medievale_le_passe_temps_moyen-age_tardif_XVe.jpg\"><img decoding=\"async\" class=\"wp-image-16327 alignleft\" src=\"https:\/\/www.moyenagepassion.com\/wp-content\/uploads\/2017\/10\/michault_taillevent_poesie_medievale_le_passe_temps_moyen-age_tardif_XVe.jpg\" alt=\"michault_taillevent_poesie_medievale_le_passe_temps_moyen-age_tardif_XVe\" width=\"268\" height=\"268\" srcset=\"https:\/\/www.moyenagepassion.com\/wp-content\/uploads\/2017\/10\/michault_taillevent_poesie_medievale_le_passe_temps_moyen-age_tardif_XVe.jpg 600w, https:\/\/www.moyenagepassion.com\/wp-content\/uploads\/2017\/10\/michault_taillevent_poesie_medievale_le_passe_temps_moyen-age_tardif_XVe-150x150.jpg 150w, https:\/\/www.moyenagepassion.com\/wp-content\/uploads\/2017\/10\/michault_taillevent_poesie_medievale_le_passe_temps_moyen-age_tardif_XVe-300x300.jpg 300w\" sizes=\"(max-width: 268px) 100vw, 268px\" \/><\/a>\u00e9cho au <em><strong>Br\u00e9viaire des nobles <\/strong><\/em>du po\u00e8te<em><strong>\u00a0<\/strong><\/em><em><strong>Alain\u00a0 Chartier <\/strong><\/em>qui l&rsquo;a d&rsquo;ailleurs inspir\u00e9 \u00e0 plus d&rsquo;un titre.<\/p>\n<p style=\"text-align: justify;\">On lui doit \u00e9galement des oeuvres plus personnelles qui ont retenu bien plus favorablement l&rsquo;attention. on pense \u00e0 <em><strong>la Destrousse, <\/strong><\/em>au <em><strong>cong\u00e9 d&rsquo;Amour\u00a0<\/strong><\/em>mais surtout\u00a0\u00e0 son <em><strong>\u00a0Passe-temps <\/strong><\/em>qui est sans doute le po\u00e8me qui le fit entrer, de son temps au moins, dans la post\u00e9rit\u00e9, avant d&rsquo;\u00eatre oubli\u00e9 pour \u00eatre finalement \u00ab\u00a0un peu\u00a0\u00bb red\u00e9couvert.\u00a0C&rsquo;est d&rsquo;ailleurs\u00a0 ce <em><strong>passe-temps<\/strong><\/em> qui inspira\u00a0peut-\u00eatre directement <em><strong>Villon<\/strong><\/em> au moment de la r\u00e9daction des quelques strophes sur le temps perdu et pass\u00e9 de son <em><strong>grand Testament<\/strong><\/em>.<\/p>\n<p style=\"text-align: right;\"><span style=\"color: #808080;\"><a href=\"https:\/\/www.moyenagepassion.com\/wp-content\/uploads\/2017\/10\/michault_caron_taillevent_po\u00e9sie_medievale_moyen-age_tardif_manuscrit_ancien_stockholm_vu_22.jpg\"><img decoding=\"async\" class=\"wp-image-16314 alignright\" src=\"https:\/\/www.moyenagepassion.com\/wp-content\/uploads\/2017\/10\/michault_caron_taillevent_po\u00e9sie_medievale_moyen-age_tardif_manuscrit_ancien_stockholm_vu_22.jpg\" alt=\"michault_caron_taillevent_po\u00e9sie_medievale_moyen-age_tardif_manuscrit_ancien_stockholm_vu_22\" width=\"252\" height=\"394\" srcset=\"https:\/\/www.moyenagepassion.com\/wp-content\/uploads\/2017\/10\/michault_caron_taillevent_po\u00e9sie_medievale_moyen-age_tardif_manuscrit_ancien_stockholm_vu_22.jpg 948w, https:\/\/www.moyenagepassion.com\/wp-content\/uploads\/2017\/10\/michault_caron_taillevent_po\u00e9sie_medievale_moyen-age_tardif_manuscrit_ancien_stockholm_vu_22-192x300.jpg 192w, https:\/\/www.moyenagepassion.com\/wp-content\/uploads\/2017\/10\/michault_caron_taillevent_po\u00e9sie_medievale_moyen-age_tardif_manuscrit_ancien_stockholm_vu_22-654x1024.jpg 654w\" sizes=\"(max-width: 252px) 100vw, 252px\" \/><\/a>Le passe-temps de Michault dans le Manuscrit ancien Vu 22 de\u00a0 la biblioth\u00e8que de Stockholm (fin du XVe)<\/span><\/p>\n<p style=\"text-align: justify;\">Une fois le tri fait d&rsquo;avec <em><strong>Pierre Michault<\/strong><\/em>, l&rsquo;autre auteur et po\u00e8te du XVe si\u00e8cle, avec lequel on l&rsquo;a longtemps confondu, voici la liste des oeuvres l\u00e9gu\u00e9es, de mani\u00e8re certaine, par <em><strong>Michault Taillevent<\/strong><\/em> :<\/p>\n<p style=\"text-align: justify;\"><span style=\"color: #008000;\"><em><strong>La Destrousse &#8211; Dialogue fait par Michault de son voiage de Saint Glaude &#8211; Le Songe de la Thoison d\u2019or (1431) &#8211; Moralit\u00e9\u00a0 faicte par Michault Taillevent (ou Moralit\u00e9 de Povre Commun) (1435) &#8211; Le Psautier des Vilains &#8211; Le Passe Temps Michault &#8211; Les Po\u00e8mes sur la prise de Luxembourg (1443) &#8211; Le Debat du C\u0153ur et de l&rsquo;\u0152il &#8211; Le Regime de Fortune &#8211; Lai sur la mort de Catherine de France &#8211; Cong\u00e9 d&rsquo;amour &#8211; La Bien All\u00e9e &#8211; L\u2019Edifice de l\u2019h\u00f4tel douloureux d\u2019Amour &#8211; La Ressource et rel\u00e8vement du douloureux h\u00f4tel.<\/strong><\/em><\/span><\/p>\n<p style=\"text-align: justify;\"><a href=\"https:\/\/www.moyenagepassion.com\/wp-content\/uploads\/2017\/10\/michault_taillevent_poesie_medievale__passe_temps_extrait_moyen-age_tardif_XVe.jpg\"><img decoding=\"async\" class=\"alignleft wp-image-16326\" src=\"https:\/\/www.moyenagepassion.com\/wp-content\/uploads\/2017\/10\/michault_taillevent_poesie_medievale__passe_temps_extrait_moyen-age_tardif_XVe.jpg\" alt=\"michault_taillevent_poesie_medievale__passe_temps_extrait_moyen-age_tardif_XVe\" width=\"262\" height=\"262\" srcset=\"https:\/\/www.moyenagepassion.com\/wp-content\/uploads\/2017\/10\/michault_taillevent_poesie_medievale__passe_temps_extrait_moyen-age_tardif_XVe.jpg 600w, https:\/\/www.moyenagepassion.com\/wp-content\/uploads\/2017\/10\/michault_taillevent_poesie_medievale__passe_temps_extrait_moyen-age_tardif_XVe-150x150.jpg 150w, https:\/\/www.moyenagepassion.com\/wp-content\/uploads\/2017\/10\/michault_taillevent_poesie_medievale__passe_temps_extrait_moyen-age_tardif_XVe-300x300.jpg 300w\" sizes=\"(max-width: 262px) 100vw, 262px\" \/><\/a><\/p>\n<p style=\"text-align: justify;\">Comme \u00e0 l&rsquo;habitude, nous \u00e9maillons cet article avec quelques extraits mais nous aurons l&rsquo;occasion de revenir, dans le futur, sur d&rsquo;autres po\u00e9sies de cet auteur m\u00e9di\u00e9val.<\/p>\n<p>En vous souhaitant une tr\u00e8s belle journ\u00e9e.<\/p>\n<p>Fr\u00e9d\u00e9ric EFFE<br \/>\nPour moyenagepassion.com<br \/>\n<em><strong>A la d\u00e9couverte du moyen-\u00e2ge sous toutes ses formes.<\/strong><\/em><\/p>\n","protected":false},"excerpt":{"rendered":"<p>Sujet : po\u00e9sie m\u00e9di\u00e9vale, auteur, po\u00e8te m\u00e9di\u00e9val, bourgogne, biographie, portrait, P\u00e9riode : moyen-\u00e2ge tardif, XVe Auteur : Michault (ou Michaut) Le Caron, dit Taillevent\u00a0( 1390\/1395 &#8211; 1448\/1458) Bonjour \u00e0 tous, pr\u00e8s avoir quelque peu raill\u00e9 les Burgondes \u00e0 la facon de la s\u00e9rie Kaamelott, dans notre article pr\u00e9c\u00e9dent,\u00a0 nous nous rattrapons, aujourd&rsquo;hui, en parlant\u00a0d&rsquo;un po\u00e8te &hellip; <a href=\"https:\/\/www.moyenagepassion.com\/index.php\/2017\/10\/11\/michault-le-caron-dit-taillevent-poete-bourguignon-du-xve\/\" class=\"more-link\">Continuer la lecture de <span class=\"screen-reader-text\">Michault le Caron dit Taillevent, po\u00e8te bourguignon du XVe<\/span>  <span class=\"meta-nav\">&rarr;<\/span><\/a><\/p>\n","protected":false},"author":2,"featured_media":0,"comment_status":"open","ping_status":"open","sticky":false,"template":"","format":"standard","meta":{"_monsterinsights_skip_tracking":false,"_monsterinsights_sitenote_active":false,"_monsterinsights_sitenote_note":"","_monsterinsights_sitenote_category":0,"footnotes":""},"categories":[3189,9],"tags":[728,1710,3190,3197,3194,3195,3200,18,913,1329,3193,3191,3199,80,615,294,3192,622,1071,3198,3196,2168],"class_list":["post-16294","post","type-post","status-publish","format-standard","hentry","category-michault-taillevent","category-musique-medieval-historique-fantaisie-celtique","tag-auteur-medieval","tag-biographie","tag-bourgogne","tag-la-destrousse","tag-michault-le-caron","tag-michaut","tag-michel-duchein","tag-moyen-age","tag-moyen-age-tardif","tag-oeuvres","tag-passe-temps","tag-phililppe-le-bon","tag-pierre-champion","tag-poesie","tag-poesie-medievale","tag-poete","tag-poete-bourguignon","tag-poete-medieval","tag-portrait","tag-robert-deschaux","tag-taillevent","tag-xve-siecle"],"aioseo_notices":[],"_links":{"self":[{"href":"https:\/\/www.moyenagepassion.com\/index.php\/wp-json\/wp\/v2\/posts\/16294"}],"collection":[{"href":"https:\/\/www.moyenagepassion.com\/index.php\/wp-json\/wp\/v2\/posts"}],"about":[{"href":"https:\/\/www.moyenagepassion.com\/index.php\/wp-json\/wp\/v2\/types\/post"}],"author":[{"embeddable":true,"href":"https:\/\/www.moyenagepassion.com\/index.php\/wp-json\/wp\/v2\/users\/2"}],"replies":[{"embeddable":true,"href":"https:\/\/www.moyenagepassion.com\/index.php\/wp-json\/wp\/v2\/comments?post=16294"}],"version-history":[{"count":2,"href":"https:\/\/www.moyenagepassion.com\/index.php\/wp-json\/wp\/v2\/posts\/16294\/revisions"}],"predecessor-version":[{"id":33680,"href":"https:\/\/www.moyenagepassion.com\/index.php\/wp-json\/wp\/v2\/posts\/16294\/revisions\/33680"}],"wp:attachment":[{"href":"https:\/\/www.moyenagepassion.com\/index.php\/wp-json\/wp\/v2\/media?parent=16294"}],"wp:term":[{"taxonomy":"category","embeddable":true,"href":"https:\/\/www.moyenagepassion.com\/index.php\/wp-json\/wp\/v2\/categories?post=16294"},{"taxonomy":"post_tag","embeddable":true,"href":"https:\/\/www.moyenagepassion.com\/index.php\/wp-json\/wp\/v2\/tags?post=16294"}],"curies":[{"name":"wp","href":"https:\/\/api.w.org\/{rel}","templated":true}]}}