{"id":16407,"date":"2017-10-15T01:29:56","date_gmt":"2017-10-15T00:29:56","guid":{"rendered":"http:\/\/www.moyenagepassion.com\/?p=16407"},"modified":"2025-04-28T01:36:00","modified_gmt":"2025-04-28T00:36:00","slug":"la-ballade-de-merci-de-francois-villon-facon-folk-medieval-avec-corvus-corax","status":"publish","type":"post","link":"https:\/\/www.moyenagepassion.com\/index.php\/2017\/10\/15\/la-ballade-de-merci-de-francois-villon-facon-folk-medieval-avec-corvus-corax\/","title":{"rendered":"La ballade de Mercy de Fran\u00e7ois Villon au Folk m\u00e9di\u00e9val de Corvus Corax"},"content":{"rendered":"<div id=\"moyen-170188379\" class=\"moyen-before-content moyen-entity-placement\"><script async src=\"\/\/pagead2.googlesyndication.com\/pagead\/js\/adsbygoogle.js?client=ca-pub-3035390706780632\" crossorigin=\"anonymous\"><\/script><ins class=\"adsbygoogle\" style=\"display:block;\" data-ad-client=\"ca-pub-3035390706780632\" \ndata-ad-slot=\"\" \ndata-ad-format=\"auto\"><\/ins>\n<script> \n(adsbygoogle = window.adsbygoogle || []).push({}); \n<\/script>\n<\/div><p><strong><a href=\"https:\/\/www.moyenagepassion.com\/wp-content\/uploads\/2016\/07\/poesie_medievale_epitaphe_villon_ballade_pendu_erik_satie_lecture_audio.jpg\"><img decoding=\"async\" class=\"wp-image-5298 alignleft\" src=\"https:\/\/www.moyenagepassion.com\/wp-content\/uploads\/2016\/07\/poesie_medievale_epitaphe_villon_ballade_pendu_erik_satie_lecture_audio.jpg\" alt=\"poesie_medievale_epitaphe_villon_ballade_pendu_erik_satie_lecture_audio\" width=\"118\" height=\"147\" \/><\/a>Sujet<\/strong>\u00a0: po\u00e9sie m\u00e9di\u00e9vale, po\u00e9sie r\u00e9aliste, auteur m\u00e9di\u00e9val. ballade, folk m\u00e9di\u00e9val.<br \/>\n<strong>Auteur<\/strong>\u00a0: Fran\u00e7ois Villon\u00a0(1431-?1463)<br \/>\n<strong>Titre<\/strong> : Ballade de Mercy (Merci)<br \/>\n<strong>P\u00e9riode<\/strong> : Moyen \u00c2ge tardif, XVe si\u00e8cle.<br \/>\n<strong>Interpr\u00e9tes <\/strong><em><strong>\u00a0:<\/strong>\u00a0 Corvus\u00a0 \u00a0Corax<\/em>. <strong>Album<\/strong>: <em>Seikilos<\/em> 2006<\/p>\n<p>Bonjour \u00e0 tous,<\/p>\n<p style=\"text-align: justify;\"><img decoding=\"async\" class=\"alignleft size-full wp-image-264\" src=\"https:\/\/www.moyenagepassion.com\/wp-content\/uploads\/2015\/12\/V_lettrine_moyen_age_passion-copia.jpg\" alt=\"V_lettrine_moyen_age_passion copia\" width=\"96\" height=\"103\" \/>oil\u00e0 quelque temps que nous n&rsquo;avons parl\u00e9 \u00e0 la fois de <em><strong>Fran\u00e7ois Villon\u00a0 <\/strong><\/em>\u00a0et de Folk m\u00e9di\u00e9val et ce sont, cette fois-ci, les allemands de\u00a0 <em><strong>Corvus Corax<\/strong><\/em> qui nous en fournissent\u00a0 l&rsquo;occasion. En 2005, le groupe enregistrait en effet, dans le texte,\u00a0\u00a0<em><strong>La Ballade\u00a0 par laquelle Villon\u00a0 <\/strong><\/em><em><strong>crye\u00a0 mercy\u00a0 \u00e0 chascun, <\/strong><\/em>connue encore sous le nom de<em><strong>\u00a0Ballade de Mercy,\u00a0<\/strong><\/em>\u00a0en nous proposant cette po\u00e9sie m\u00e9di\u00e9vale avec force orchestration et rien moins qu&rsquo;une s\u00e9rieuse touche celtique.<\/p>\n<p><iframe title=\"Ballade De Mercy\" width=\"474\" height=\"356\" src=\"https:\/\/www.youtube.com\/embed\/Fd4pEQnDPns?feature=oembed\" frameborder=\"0\" allow=\"accelerometer; autoplay; clipboard-write; encrypted-media; gyroscope; picture-in-picture; web-share\" referrerpolicy=\"strict-origin-when-cross-origin\" allowfullscreen><\/iframe><\/p>\n<h2>Corvus Corax: rock folk n\u00e9o-m\u00e9di\u00e9val<\/h2>\n<p style=\"text-align: justify;\"><a href=\"https:\/\/www.moyenagepassion.com\/wp-content\/uploads\/2017\/12\/deco_poesie_medievale_enluminures_francois_villon_XVe_si\u00e8cle.jpg\"><img decoding=\"async\" class=\" wp-image-17746 alignright\" src=\"https:\/\/www.moyenagepassion.com\/wp-content\/uploads\/2017\/12\/deco_poesie_medievale_enluminures_francois_villon_XVe_si\u00e8cle.jpg\" alt=\"\" width=\"81\" height=\"349\" \/><\/a>La post\u00e9rit\u00e9 de<em><strong>\u00a0Fran\u00e7ois Villon<\/strong><\/em> a d\u00e9pass\u00e9 les fronti\u00e8res de la France aupr\u00e8s des amateurs de po\u00e9sie m\u00e9di\u00e9vale et m\u00eame de po\u00e9sie tout court. Cependant, il demeure souvent amusant de constater les \u00e9tranges travers que les auteurs prennent, quelquefois, pour nous revenir. Cette fois-ci, ce n&rsquo;est donc pas par la Russie <a href=\"https:\/\/www.moyenagepassion.com\/index.php\/2015\/12\/12\/la-priere-de-francois-villon-poesie-medievale-mise-en-musique\/\" target=\"_blank\" rel=\"noopener noreferrer\">(voir article)<\/a>, mais\u00a0par l&rsquo;Allemagne que Villon le fait.<\/p>\n<p style=\"text-align: justify;\"><em><strong>Corvus Corax <\/strong>a \u00e9t\u00e9<\/em> fond\u00e9, \u00e0 l&rsquo;origine, en 1989 par deux allemands de l&rsquo;Est ayant profit\u00e9 de la chute du mur de Berlin pour passer en RFA. L&rsquo;histoire conte que les deux musiciens durent laisser derri\u00e8re eux un Corbeau apprivois\u00e9\u00a0 d&rsquo;o\u00f9 le nom du groupe. Depuis lors,, <em><strong>Corvus Corax<\/strong><\/em> a gratifi\u00e9 son public d&rsquo;une bonne trentaine de productions \u00e9nergiques entre albums studio, op\u00e9ras, dvd et albums live.<\/p>\n<p style=\"text-align: justify;\"><a href=\"https:\/\/www.moyenagepassion.com\/wp-content\/uploads\/2017\/10\/corvus_corax_folk_neo_medieval_allemand_francois_villon_poesie_realiste_XVe_moyen-age_tardif.jpg\"><img decoding=\"async\" class=\"alignnone wp-image-16428 size-full\" title=\"Le rock neo-medieval de Corvus Corax\" src=\"https:\/\/www.moyenagepassion.com\/wp-content\/uploads\/2017\/10\/corvus_corax_folk_neo_medieval_allemand_francois_villon_poesie_realiste_XVe_moyen-age_tardif.jpg\" alt=\"corvus_corax_folk_neo_medieval_allemand_francois_villon_poesie_realiste_XVe_moyen-age_tardif\" width=\"650\" height=\"482\" srcset=\"https:\/\/www.moyenagepassion.com\/wp-content\/uploads\/2017\/10\/corvus_corax_folk_neo_medieval_allemand_francois_villon_poesie_realiste_XVe_moyen-age_tardif.jpg 650w, https:\/\/www.moyenagepassion.com\/wp-content\/uploads\/2017\/10\/corvus_corax_folk_neo_medieval_allemand_francois_villon_poesie_realiste_XVe_moyen-age_tardif-300x222.jpg 300w\" sizes=\"(max-width: 650px) 100vw, 650px\" \/><\/a><\/p>\n<p style=\"text-align: justify;\">Toujours actifs depuis leur cr\u00e9ation, avec quelques changements de musiciens et d&rsquo;artistes en cours de route qui n&rsquo;ont pas affect\u00e9 l&rsquo;existence du groupe, Corvus Corax se produit principalement en concert en Allemagne. Leurs tourn\u00e9es s&rsquo;\u00e9tendent quelquefois \u00e0 d&rsquo;autres dates dans d&rsquo;autres pays europ\u00e9ens.<\/p>\n<h3>La marque de fabrique de Corvus Coras<\/h3>\n<p style=\"text-align: justify;\">La formation allemande propose un style n\u00e9o-m\u00e9di\u00e9val, soit une musique aux tendances rock et folk et aux accents celtiques et nordiques qui prend sa source d&rsquo;inspiration dans le Moyen \u00c2ge mais n&rsquo;h\u00e9site pas \u00e0 l&rsquo;enrichir de sonorit\u00e9s modernes.<\/p>\n<p style=\"text-align: justify;\">La bande utilise de nombreux instruments d&rsquo;\u00e9poque. cornemuses et autres chalumeaux <a href=\"https:\/\/www.moyenagepassion.com\/wp-content\/uploads\/2017\/10\/Corvus_corax_francois_villon_ballade_de_mercy_folk_neo-medieval_poesie_moyen-age_tardif_XVe.jpg\"><img decoding=\"async\" class=\"alignleft wp-image-16436\" title=\"Corvus Corax, neo-folk m\u00e9di\u00e9val, l'aulbum Seikilos\" src=\"https:\/\/www.moyenagepassion.com\/wp-content\/uploads\/2017\/10\/Corvus_corax_francois_villon_ballade_de_mercy_folk_neo-medieval_poesie_moyen-age_tardif_XVe.jpg\" alt=\"Corvus_corax_francois_villon_ballade_de_mercy_folk_neo-medieval_poesie_moyen-age_tardif_XVe\" width=\"256\" height=\"214\" srcset=\"https:\/\/www.moyenagepassion.com\/wp-content\/uploads\/2017\/10\/Corvus_corax_francois_villon_ballade_de_mercy_folk_neo-medieval_poesie_moyen-age_tardif_XVe.jpg 456w, https:\/\/www.moyenagepassion.com\/wp-content\/uploads\/2017\/10\/Corvus_corax_francois_villon_ballade_de_mercy_folk_neo-medieval_poesie_moyen-age_tardif_XVe-300x251.jpg 300w\" sizes=\"(max-width: 256px) 100vw, 256px\" \/><\/a>et en fabriquent m\u00eame de sp\u00e9ciaux pour chercher de nouvelles sonorit\u00e9s aux accents anciens.<\/p>\n<p style=\"text-align: justify;\">Ajoutons que cette ballade de <em><strong>Villon<\/strong><\/em>, tir\u00e9 de leur album\u00a0 \u00a0<em><strong>Seikilos, <\/strong><\/em>sorti en 2002 est la seule de l&rsquo;auteur sur ce CD. Cet album est disponible\u00a0 \u00e0 la vente en ligne, sur le lien suivant : <a href=\"https:\/\/www.amazon.fr\/gp\/product\/B00006RJ1U\/ref=as_li_tl?ie=UTF8&amp;camp=1642&amp;creative=6746&amp;creativeASIN=B00006RJ1U&amp;linkCode=as2&amp;tag=f1266-21&amp;linkId=af088d82579cceb258812a688b0be6a4\" target=\"_blank\" rel=\"noopener noreferrer\">Seikilos de Corvus Corax<\/a><img decoding=\"async\" style=\"border: none !important; margin: 0px !important;\" src=\"\/\/ir-fr.amazon-adsystem.com\/e\/ir?t=f1266-21&amp;l=am2&amp;o=8&amp;a=B00006RJ1U\" alt=\"\" width=\"1\" height=\"1\" border=\"0\" \/>.<\/p>\n<p style=\"text-align: justify;\">Pour suivre de plus pr\u00e8s les <em><strong>Corvus Corax<\/strong><\/em>, vous pouvez <a href=\"http:\/\/www.corvuscorax.de\" target=\"_blank\" rel=\"noopener noreferrer\">consulter leur site web (en allemand et\u00a0en anglais)<\/a>.<\/p>\n<h2>La Ballade\u00a0 par laquelle Villon<br \/>\ncrye\u00a0 mercy\u00a0 \u00e0\u00a0 chascun<\/h2>\n<p><a href=\"https:\/\/www.moyenagepassion.com\/wp-content\/uploads\/2017\/10\/francois_villon_ballade_de_merci_mercy_poesie_medievale_moyen-age_tardif.jpg\"><img decoding=\"async\" class=\"alignnone wp-image-16446 size-full\" title=\"La ballade de Mer\u00e7y \u00e0 chacun de Villon, en image\" src=\"https:\/\/www.moyenagepassion.com\/wp-content\/uploads\/2017\/10\/francois_villon_ballade_de_merci_mercy_poesie_medievale_moyen-age_tardif.jpg\" alt=\"francois_villon_ballade_de_merci_mercy_poesie_medievale_moyen-age_tardif\" width=\"1400\" height=\"1199\" srcset=\"https:\/\/www.moyenagepassion.com\/wp-content\/uploads\/2017\/10\/francois_villon_ballade_de_merci_mercy_poesie_medievale_moyen-age_tardif.jpg 1400w, https:\/\/www.moyenagepassion.com\/wp-content\/uploads\/2017\/10\/francois_villon_ballade_de_merci_mercy_poesie_medievale_moyen-age_tardif-300x257.jpg 300w, https:\/\/www.moyenagepassion.com\/wp-content\/uploads\/2017\/10\/francois_villon_ballade_de_merci_mercy_poesie_medievale_moyen-age_tardif-1024x877.jpg 1024w\" sizes=\"(max-width: 1400px) 100vw, 1400px\" \/><\/a><\/p>\n<p style=\"text-align: justify;\"><a href=\"https:\/\/www.moyenagepassion.com\/wp-content\/uploads\/2017\/12\/deco_poesie_medievale_enluminures_francois_villon_XVe_si\u00e8cle.jpg\"><img decoding=\"async\" class=\"wp-image-17746 alignleft\" src=\"https:\/\/www.moyenagepassion.com\/wp-content\/uploads\/2017\/12\/deco_poesie_medievale_enluminures_francois_villon_XVe_si\u00e8cle.jpg\" alt=\"\" width=\"81\" height=\"349\" \/><\/a>Dans cette ballade, <em><strong>Villon<\/strong><\/em>,\u00a0se sachant condamn\u00e9, implore la piti\u00e9 de tous, en \u00e9gratignant encore au passage, les tortionnaires et bourreaux qui l&rsquo;ont soumis au dur r\u00e9gime du pain, de l&rsquo;eau et de la torture et, avec eux,\u00a0<em><strong>Thibaud\u00a0d&rsquo;Aussigny<\/strong><\/em>, le s\u00e9v\u00e8re et puissant \u00e9v\u00eaque d&rsquo;Orl\u00e9ans, responsable de son enfermement \u00e0 <em><strong>Meung-Sur-Loire\u00a0<\/strong><\/em> et que Villon fit entrer dans la post\u00e9rit\u00e9 avec lui.<\/p>\n<p style=\"text-align: justify;\">Villon crie donc, ici, du fond de sa ge\u00f4le, m\u00eame si cette po\u00e9sie semble plut\u00f4t \u00eatre d\u00e9clam\u00e9e dans la rue, \u00e0 l&rsquo;attention de tout ce petit peuple qui y vit et que le po\u00e8te conna\u00eet si bien.\u00a0 Dans le second tome de son excellent ouvrage sur la vie du po\u00e8te m\u00e9di\u00e9val\u00a0\u00ab\u00a0<em><strong>Fran\u00e7ois Villon, sa vie, son temps\u00a0\u00bb <\/strong><\/em>(1913)<em><strong>,<\/strong>\u00a0<\/em><em><strong>Pierre Champion<\/strong><\/em>\u00a0y verra m\u00eame, de son c\u00f4t\u00e9, une r\u00e9f\u00e9rence certaine aux crieurs de corps qui annon\u00e7aient alors les noms des morts.<\/p>\n<h3>La Ballade originale de Villon dans le moyen fran\u00e7ais de l&rsquo;auteur<\/h3>\n<p style=\"text-align: justify;\"><em><strong><a href=\"https:\/\/www.moyenagepassion.com\/wp-content\/uploads\/2017\/10\/francois_villon_ballade_mercy_poesie_medievale_moyen-age_tardif.jpg\"><img decoding=\"async\" class=\"alignright wp-image-16443\" title=\"Fran\u00e7ois Villon po\u00e8te m\u00e9di\u00e9val d'anthologie\" src=\"https:\/\/www.moyenagepassion.com\/wp-content\/uploads\/2017\/10\/francois_villon_ballade_mercy_poesie_medievale_moyen-age_tardif.jpg\" alt=\"francois_villon_ballade_mercy_poesie_medievale_moyen-age_tardif\" width=\"109\" height=\"255\" \/><\/a><\/strong><\/em>Pour en terminer, les paroles utilis\u00e9es par <em><strong>Corvus Corax<\/strong> <\/em>dans\u00a0leur interpr\u00e9tation de cette ballade de Villon, \u00e9tant un peu modernis\u00e9e, nous avons pr\u00e9f\u00e9r\u00e9 publier ici une version plus fid\u00e8le \u00e0 la langue originelle de Villon.<\/p>\n<p style=\"text-align: justify;\">Elle est tir\u00e9e des <em><strong>oeuvres de Maistre Fran\u00e7ois Villon<\/strong><\/em>, par\u00a0<em><strong>Jean-Henri-Romain Prompsault\u00a0<\/strong><\/em>(1835) dont nous avons d\u00e9j\u00e0 parl\u00e9 ici; l&rsquo;ouvrage nous sert d&rsquo;ailleurs aussi de guide principal pour les annotations.<\/p>\n<p style=\"text-align: center;\"><strong><em><span style=\"color: #008000;\">A Chartreux et \u00e0 C\u00e9lestins, <\/span><\/em><\/strong><br \/>\n<strong><em><span style=\"color: #008000;\">A Mendians et \u00e0 D\u00e9votes, <\/span><\/em><\/strong><br \/>\n<strong><em><span style=\"color: #008000;\">A musars et claquepatins <\/span><\/em><\/strong><em><span style=\"color: #008000;\"><span style=\"color: #808080;\">(1)<\/span><\/span><\/em><strong><em><span style=\"color: #008000;\">, <\/span><\/em><\/strong><br \/>\n<strong><em><span style=\"color: #008000;\">A servans et filles mignottes <\/span><\/em><\/strong><br \/>\n<strong><em><span style=\"color: #008000;\">Portants surcotz et justes cottes, <\/span><\/em><\/strong><br \/>\n<strong><em><span style=\"color: #008000;\">A cuideraulx d&rsquo;amours transis, <\/span><\/em><\/strong><em><span style=\"color: #008000;\"><span style=\"color: #808080;\">(2)<\/span><\/span><\/em><br \/>\n<strong><em><span style=\"color: #008000;\">Chaussant, sans m\u00e9haing, fauves bottes, <\/span><\/em><\/strong><br \/>\n<strong><em><span style=\"color: #008000;\">Je crye \u00e0 toutes gens merciz. <\/span><\/em><\/strong><\/p>\n<p style=\"text-align: center;\"><strong><em><span style=\"color: #008000;\">A fillettes montrans t\u00e9tins, <\/span><\/em><\/strong><br \/>\n<strong><em><span style=\"color: #008000;\">Pour avoir plus largement hostes, <\/span><\/em><\/strong><br \/>\n<strong><em><span style=\"color: #008000;\">A ribleurs meneurs de hutins<\/span><\/em><\/strong><span style=\"color: #808080;\"><em> (3)<\/em><\/span><br \/>\n<strong><em><span style=\"color: #008000;\">A basteleurs traynant marmottes, <\/span><\/em><\/strong><br \/>\n<strong><em><span style=\"color: #008000;\">A folz et\u00a0folles, sotz et\u00a0sottes, <\/span><\/em><\/strong><br \/>\n<strong><em><span style=\"color: #008000;\">Qui s&rsquo;en vont sifflant cinq\u00a0et\u00a0six <\/span><\/em><\/strong><br \/>\n<strong><em><span style=\"color: #008000;\">A marmousetz et mariottes, <\/span><\/em><\/strong><span style=\"color: #808080;\"><em>(4)<\/em><\/span><br \/>\n<strong><em><span style=\"color: #008000;\">Je crye \u00e0 toutes gens merciz, <\/span><\/em><\/strong><\/p>\n<p style=\"text-align: center;\"><strong><em><span style=\"color: #008000;\">Sinon aux trahistres chiens mastins <\/span><\/em><\/strong><br \/>\n<strong><em><span style=\"color: #008000;\">Qui m&rsquo;ont faict manger dures crostes, <\/span><\/em><\/strong><span style=\"color: #808080;\"><em>(5)<\/em><\/span><br \/>\n<strong><em><span style=\"color: #008000;\">Et boire eau maintz soirs et\u00a0 matins, <\/span><\/em><\/strong><br \/>\n<strong><em><span style=\"color: #008000;\">Qu&rsquo;ores je ne crains pas trois crottes. <\/span><\/em><\/strong><br \/>\n<strong><em><span style=\"color: #008000;\">Pour eulx, je feisse petz et rottes ; <\/span><\/em><\/strong><br \/>\n<strong><em><span style=\"color: #008000;\">Voulentiers, si ne fusse assis;<\/span><\/em><\/strong><br \/>\n<strong><em><span style=\"color: #008000;\">Au fort, pour \u00e9viter riottes, <\/span><\/em><\/strong><span style=\"color: #808080;\"><em>(6)<\/em><\/span><br \/>\n<strong><em><span style=\"color: #008000;\">Je crye\u00a0\u00e0 toutes gens merciz. <\/span><\/em><\/strong><\/p>\n<p style=\"text-align: center;\"><strong><em><span style=\"color: #008000;\">S&rsquo;on leur froissoit les quinze costes <\/span><\/em><\/strong><br \/>\n<strong><em><span style=\"color: #008000;\">De\u00a0bons mailletz, fortz et massis\u00a0;\u00a0<\/span><\/em><\/strong><br \/>\n<strong><em><span style=\"color: #008000;\">De plomb\u00e9e,\u00a0 et de telz pelotes.<\/span><\/em><\/strong><span style=\"color: #808080;\"><em>\u00a0<\/em><em>(7)<\/em><em>\u00a0<\/em><\/span><br \/>\n<strong><em><span style=\"color: #008000;\">Je crye \u00e0 toutes gens merciz.<\/span><\/em><\/strong><\/p>\n<hr \/>\n<p><em><strong>Notes<\/strong><\/em><\/p>\n<p><em><span style=\"color: #808080;\"><strong>(1) <\/strong>\u00a0Musars :\u00a0 badauds. oisifs.\u00a0Cliquepatins ; \u00ab\u00a0galopins\u00a0\u00bb qui court les rues.<\/span><\/em><br \/>\n<em><span style=\"color: #808080;\"><strong>(2)<\/strong>\u00a0 Cuideraulx : de \u00ab\u00a0cuideor\u00a0\u00bb: pr\u00e9somptueux. Vaniteux \u00e9l\u00e9gamment chauss\u00e9s.<\/span><\/em><br \/>\n<em><span style=\"color: #808080;\"><strong>(3)<\/strong> Ribleurs\u00a0 : coureurs de nuit,\u00a0crapules faisant du tapage de nuit<\/span><\/em><br \/>\n<em><span style=\"color: #808080;\"><strong>(4)<\/strong> Marmousets : petits gar\u00e7on et petites filles<\/span><\/em><br \/>\n<em><span style=\"color: #808080;\"><strong>(5)\u00a0 <\/strong>Crostes : cro\u00fbtes de pain<br \/>\n<strong>(6)<\/strong> Au for pour \u00e9viter riottes ; Du reste pour \u00e9viter toute\u00a0querelles<br \/>\n<strong>(7)<\/strong> De plomb\u00e9es\u00a0 et de tels pelotes : garnis de plombs ou de choses semblables.<\/span><\/em><\/p>\n<p><em><strong>\u00a0<\/strong><\/em>En vous souhaitant une tr\u00e8s belle journ\u00e9e.<br \/>\nFred<\/p>\n<p>Pour Moyenagepassion.com<br \/>\n<em><strong>A la d\u00e9couverte du Moyen \u00c2ge sous toutes ses formes.<\/strong><\/em><\/p>\n","protected":false},"excerpt":{"rendered":"<p>Sujet\u00a0: po\u00e9sie m\u00e9di\u00e9vale, po\u00e9sie r\u00e9aliste, auteur m\u00e9di\u00e9val. ballade, folk m\u00e9di\u00e9val. Auteur\u00a0: Fran\u00e7ois Villon\u00a0(1431-?1463) Titre : Ballade de Mercy (Merci) P\u00e9riode : Moyen \u00c2ge tardif, XVe si\u00e8cle. Interpr\u00e9tes \u00a0:\u00a0 Corvus\u00a0 \u00a0Corax. Album: Seikilos 2006 Bonjour \u00e0 tous, oil\u00e0 quelque temps que nous n&rsquo;avons parl\u00e9 \u00e0 la fois de Fran\u00e7ois Villon\u00a0 \u00a0et de Folk m\u00e9di\u00e9val et ce &hellip; <a href=\"https:\/\/www.moyenagepassion.com\/index.php\/2017\/10\/15\/la-ballade-de-merci-de-francois-villon-facon-folk-medieval-avec-corvus-corax\/\" class=\"more-link\">Continuer la lecture de <span class=\"screen-reader-text\">La ballade de Mercy de Fran\u00e7ois Villon au Folk m\u00e9di\u00e9val de Corvus Corax<\/span>  <span class=\"meta-nav\">&rarr;<\/span><\/a><\/p>\n","protected":false},"author":2,"featured_media":0,"comment_status":"open","ping_status":"open","sticky":false,"template":"","format":"standard","meta":{"_monsterinsights_skip_tracking":false,"_monsterinsights_sitenote_active":false,"_monsterinsights_sitenote_note":"","_monsterinsights_sitenote_category":0,"footnotes":""},"categories":[1318,9],"tags":[728,330,3206,3207,142,489,77,3209,18,913,78,1305,79,1472,3199,615,1065,294,3208,777,2168],"class_list":["post-16407","post","type-post","status-publish","format-standard","hentry","category-francois-villon","category-musique-medieval-historique-fantaisie-celtique","tag-auteur-medieval","tag-ballade","tag-ballade-de-mercy","tag-corvus-corax","tag-folk","tag-folk-medieval","tag-francois-villon","tag-jean-henri-romain-prompsault","tag-moyen-age","tag-moyen-age-tardif","tag-musique","tag-musique-celtique","tag-musique-medievale","tag-neo-medieval","tag-pierre-champion","tag-poesie-medievale","tag-poesie-realiste","tag-poete","tag-thibaud-daussigny","tag-villon","tag-xve-siecle"],"aioseo_notices":[],"_links":{"self":[{"href":"https:\/\/www.moyenagepassion.com\/index.php\/wp-json\/wp\/v2\/posts\/16407"}],"collection":[{"href":"https:\/\/www.moyenagepassion.com\/index.php\/wp-json\/wp\/v2\/posts"}],"about":[{"href":"https:\/\/www.moyenagepassion.com\/index.php\/wp-json\/wp\/v2\/types\/post"}],"author":[{"embeddable":true,"href":"https:\/\/www.moyenagepassion.com\/index.php\/wp-json\/wp\/v2\/users\/2"}],"replies":[{"embeddable":true,"href":"https:\/\/www.moyenagepassion.com\/index.php\/wp-json\/wp\/v2\/comments?post=16407"}],"version-history":[{"count":2,"href":"https:\/\/www.moyenagepassion.com\/index.php\/wp-json\/wp\/v2\/posts\/16407\/revisions"}],"predecessor-version":[{"id":51634,"href":"https:\/\/www.moyenagepassion.com\/index.php\/wp-json\/wp\/v2\/posts\/16407\/revisions\/51634"}],"wp:attachment":[{"href":"https:\/\/www.moyenagepassion.com\/index.php\/wp-json\/wp\/v2\/media?parent=16407"}],"wp:term":[{"taxonomy":"category","embeddable":true,"href":"https:\/\/www.moyenagepassion.com\/index.php\/wp-json\/wp\/v2\/categories?post=16407"},{"taxonomy":"post_tag","embeddable":true,"href":"https:\/\/www.moyenagepassion.com\/index.php\/wp-json\/wp\/v2\/tags?post=16407"}],"curies":[{"name":"wp","href":"https:\/\/api.w.org\/{rel}","templated":true}]}}