{"id":16453,"date":"2017-10-18T01:51:48","date_gmt":"2017-10-18T00:51:48","guid":{"rendered":"http:\/\/www.moyenagepassion.com\/?p=16453"},"modified":"2021-08-28T18:44:08","modified_gmt":"2021-08-28T17:44:08","slug":"lucien-febvre-lecole-des-annales-et-la-passion-de-lhistoire","status":"publish","type":"post","link":"https:\/\/www.moyenagepassion.com\/index.php\/2017\/10\/18\/lucien-febvre-lecole-des-annales-et-la-passion-de-lhistoire\/","title":{"rendered":"Lucien Febvre, l&rsquo;Ecole des Annales et la passion de l&rsquo;histoire"},"content":{"rendered":"<div id=\"moyen-1546079021\" class=\"moyen-before-content moyen-entity-placement\"><script async src=\"\/\/pagead2.googlesyndication.com\/pagead\/js\/adsbygoogle.js?client=ca-pub-3035390706780632\" crossorigin=\"anonymous\"><\/script><ins class=\"adsbygoogle\" style=\"display:block;\" data-ad-client=\"ca-pub-3035390706780632\" \ndata-ad-slot=\"\" \ndata-ad-format=\"auto\"><\/ins>\n<script> \n(adsbygoogle = window.adsbygoogle || []).push({}); \n<\/script>\n<\/div><p style=\"text-align: justify;\"><strong><a href=\"https:\/\/www.moyenagepassion.com\/wp-content\/uploads\/2017\/10\/histoire_historiographie_ecole_annales_lucien_febvre_epistemologie_methodologie.jpg\"><img decoding=\"async\" class=\"wp-image-16473 alignleft\" src=\"https:\/\/www.moyenagepassion.com\/wp-content\/uploads\/2017\/10\/histoire_historiographie_ecole_annales_lucien_febvre_epistemologie_methodologie.jpg\" alt=\"histoire_historiographie_ecole_annales_lucien_febvre_epistemologie_methodologie\" width=\"63\" height=\"115\" srcset=\"https:\/\/www.moyenagepassion.com\/wp-content\/uploads\/2017\/10\/histoire_historiographie_ecole_annales_lucien_febvre_epistemologie_methodologie.jpg 250w, https:\/\/www.moyenagepassion.com\/wp-content\/uploads\/2017\/10\/histoire_historiographie_ecole_annales_lucien_febvre_epistemologie_methodologie-165x300.jpg 165w\" sizes=\"(max-width: 63px) 100vw, 63px\" \/><\/a>Sujet<\/strong>\u00a0: histoire, approche, m\u00e9thodes, m\u00e9thodologie historique,\u00a0 \u00e9pist\u00e9mologie, \u00e9coles des annales. citations, sources et articles, historiographie. \u00e9cole des Annales<br \/>\n<b>Auteur, Historien : <\/b><em>Lucien Febvre\u00a0(1878-1956)<\/em><b><br \/>\nOuvrage<em> :<\/em> <\/b><em>Combats pour l&rsquo;Histoire, Press Pocket (1952)<\/em><\/p>\n<p>Bonjour \u00e0 tous,<\/p>\n<p style=\"text-align: justify;\"><img decoding=\"async\" class=\"alignleft size-full wp-image-148\" src=\"https:\/\/www.moyenagepassion.com\/wp-content\/uploads\/2015\/12\/E_lettrine_moyen_age_passion.jpg\" alt=\"E_lettrine_moyen_age_passion\" width=\"84\" height=\"103\" \/>n 1952, l&rsquo;historien\u00a0\u00a0<em><strong>Lucien Febvre<\/strong><\/em>\u00a0publiait un recueil d&rsquo;articles et de compte-rendus regroup\u00e9s sous le titre tr\u00e8s explicite de <em><strong>\u00ab\u00a0Combats pour l&rsquo;Histoire\u00a0\u00bb<\/strong><\/em> et qui pouvait prendre, par endroits, des allures de v\u00e9ritable manifeste.<\/p>\n<p style=\"text-align: justify;\">Il s&rsquo;agissait l\u00e0\u00a0d&rsquo;Histoire au sens large, mais l&rsquo;oeuvre de cet homme et celle d&rsquo;un certain nombre d&rsquo;autres intellectuels pionniers, entre lesquels on comptera, le m\u00e9di\u00e9viste\u00a0<em><strong>March Bloch<\/strong><\/em> et, plus tard,\u00a0<em><strong>Fernand Braudel<\/strong><\/em> eurent\u00a0dans le courant du XXe si\u00e8cle, d&rsquo;importantes cons\u00e9quences sur la mani\u00e8re d&rsquo;approcher la discipline historique et, par extension, le moyen-\u00e2ge et l&rsquo;histoire m\u00e9di\u00e9vale. Leur place ici est donc rien moins que justifi\u00e9e.<\/p>\n<h2 style=\"text-align: justify;\">Une histoire totale et probl\u00e9matique<\/h2>\n<p style=\"text-align: justify;\"><a href=\"https:\/\/www.moyenagepassion.com\/wp-content\/uploads\/2017\/10\/citation_histoire_lucien_febvre.jpg\"><img decoding=\"async\" class=\"alignnone wp-image-16455 size-full\" src=\"https:\/\/www.moyenagepassion.com\/wp-content\/uploads\/2017\/10\/citation_histoire_lucien_febvre.jpg\" alt=\"citation_histoire_lucien_febvre\" width=\"1200\" height=\"540\" srcset=\"https:\/\/www.moyenagepassion.com\/wp-content\/uploads\/2017\/10\/citation_histoire_lucien_febvre.jpg 1200w, https:\/\/www.moyenagepassion.com\/wp-content\/uploads\/2017\/10\/citation_histoire_lucien_febvre-300x135.jpg 300w, https:\/\/www.moyenagepassion.com\/wp-content\/uploads\/2017\/10\/citation_histoire_lucien_febvre-1024x461.jpg 1024w\" sizes=\"(max-width: 1200px) 100vw, 1200px\" \/><\/a><\/p>\n<p style=\"text-align: justify;\"><span style=\"color: #008000;\"><strong><em>\u201cFaire de l\u2019histoire, oui. Dans toute la mesure o\u00f9 l\u2019histoire est capable, et seule capable, de nous permettre, dans un monde en \u00e9tat d\u2019instabilit\u00e9 d\u00e9finitive, de vivre avec d\u2019autres r\u00e9flexes que ceux de la peur, des descentes \u00e9perdues dans les caves \u2014 et tout l\u2019effort humain r\u00e9duit \u00e0 soutenir pour quelques heures, \u00e0 \u00e9tayer au-dessus des t\u00eates branlantes, les toits crev\u00e9s, les plafonds \u00e9ventr\u00e9s.\u201d<\/em><\/strong><\/span><br \/>\n<span style=\"color: #333333;\">\u00a0 \u00a0 \u00a0 \u00a0 \u00a0 \u00a0 \u00a0 \u00a0 \u00a0 \u00a0 \u00a0 \u00a0 \u00a0 \u00a0 \u00a0 \u00a0 \u00a0<span style=\"color: #808080;\"> \u00a0Lucien Febvre (1878-1956) Combats pour l\u2019Histoire<\/span><\/span><\/p>\n<p style=\"text-align: justify;\">Fondateur en 1929, avec <em><strong>Mac Bloch<\/strong><\/em> de la revue des\u00a0<em>Annales d&rsquo;histoire \u00e9conomique et sociale<\/em>\u00a0 qui deviendra par la suite Les <em>Annales, <\/em>la dynamique intellectuelle, les travaux et les r\u00e9flexions des deux historiens et de quelques autres avec eux<em>,<\/em><em>\u00a0<\/em>donneront naissance \u00e0 de nombreuses vocations, \u00e0 ce que l&rsquo;on a m\u00eame souvent convenu de nommer une \u00ab\u00a0\u00e9cole\u00a0\u00bb et, sans aucun doute, \u00e0 une nouvelle mani\u00e8re de <a href=\"https:\/\/www.moyenagepassion.com\/wp-content\/uploads\/2017\/10\/lucien_febvre_combats_pour_histoire_ecole_annales_historien.jpg\"><img decoding=\"async\" class=\" wp-image-16490 alignright\" src=\"https:\/\/www.moyenagepassion.com\/wp-content\/uploads\/2017\/10\/lucien_febvre_combats_pour_histoire_ecole_annales_historien.jpg\" alt=\"lucien_febvre_combats_pour_histoire_ecole_annales_historien\" width=\"222\" height=\"367\" srcset=\"https:\/\/www.moyenagepassion.com\/wp-content\/uploads\/2017\/10\/lucien_febvre_combats_pour_histoire_ecole_annales_historien.jpg 287w, https:\/\/www.moyenagepassion.com\/wp-content\/uploads\/2017\/10\/lucien_febvre_combats_pour_histoire_ecole_annales_historien-182x300.jpg 182w\" sizes=\"(max-width: 222px) 100vw, 222px\" \/><\/a>faire de l&rsquo;Histoire.<\/p>\n<p style=\"text-align: justify;\">Pour en revenir au contenu de l&rsquo;ouvrage\u00a0<strong><em>Combats pour l&rsquo;Histoire<\/em>, <\/strong>qui, comme on l&rsquo;a compris, est\u00a0le r\u00e9sultat d&rsquo;un\u00a0 travail engag\u00e9 plus de vingt ans auparavant,<strong>\u00a0<\/strong><em><strong>Lucien Febvre\u00a0<\/strong><\/em>effectuait alors une v\u00e9ritable mise \u00e0 plat de\u00a0la discipline, y tra\u00e7ait de grandes lignes et tendait aussi des perches interdisciplinaires vers les autres sciences humaines montantes, entre autre la psychologie, la sociologie de <em><strong>Durkheim<\/strong><\/em>,\u00a0 l&rsquo;anthropologie de <em><strong>Frazer<\/strong> ou<\/em>\u00a0les \u00e9crits de <em><strong>Marcel Mauss<\/strong><\/em>.\u00a0 Concernant les bases de sa r\u00e9flexion \u00e9pist\u00e9mologique, il se situait encore dans la remise en question des pr\u00e9ceptes d&rsquo;une r\u00e9alit\u00e9 m\u00e9canique et mat\u00e9rialiste que les sciences de la nature op\u00e9raient\u00a0alors : la physique quantique,\u00a0 mais aussi la microbiologie, ouvraient\u00a0 d\u00e9j\u00e0, devant elles, de nouveaux territoires inconnus et la compr\u00e9hension de l&rsquo;univers qui avait sembl\u00e9 si proche pour les jeunes sciences de la nature devenait soudainement glissante. Face \u00e0 cela et sans attendre, chaque scientifique se devait de remettre cette complexit\u00e9 en perspective et\u00a0l&rsquo;historien ne pouvait pas non plus, selon l&rsquo;auteur, en faire l&rsquo;\u00e9conomie. Sans d&rsquo;ailleurs qu&rsquo;il y soit pour grand chose, ce questionnement \u00e9pist\u00e9mologique a\u00a0\u00e9galement touch\u00e9, dans le courant du XXe si\u00e8cle, l&rsquo;anthropologie et l&rsquo;ethnologie, en\u00a0leur posant de la m\u00eame fa\u00e7on le probl\u00e8me de leur v\u00e9ritable objectivit\u00e9 scientifique et celui de la neutralit\u00e9 r\u00e9elle de l&rsquo;observateur face \u00e0 son objet de recherche.<\/p>\n<p style=\"text-align: justify;\">Quoiqu&rsquo;il en soit, pour <em><strong>Lucien Febvre<\/strong><\/em>, il \u00e9tait alors question de conduire une Histoire \u00ab\u00a0totale\u00a0\u00bb et \u00ab\u00a0probl\u00e9matique\u00a0\u00bb et de promouvoir une discipline qui entendait se d\u00e9tourner d&rsquo;une discipline r\u00e9sum\u00e9e \u00e0 une succession chronologique, jug\u00e9e par trop simpliste, d&rsquo;\u00e9v\u00e9nements politiques \u00ab\u00a0marquants\u00a0\u00bb\u00a0 (grands faits, grands hommes, grandes dates et grandes batailles). Il fallait s&rsquo;attacher \u00e0 tous les aspects de l&rsquo;humain dans le temps et repenser, du m\u00eame coup, la place de l&rsquo;individu dans l&rsquo;Histoire, \u00e0 la lumi\u00e8re des autres sciences humaines, en \u00e9tirant aussi le cadre des m\u00e9thodes pour \u00e9chapper \u00e0 la seule \u00ab\u00a0tyrannie\u00a0\u00bb du document.\u00a0On\u00a0commen\u00e7a alors \u00e0\u00a0se pencher sur une v\u00e9ritable histoire des mentalit\u00e9s dans une tentative de remise en situation de l&rsquo;homme dans son milieu historique, politique, \u00e9conomique, social et psychologique.\u00a0De larges champs s&rsquo;ouvraient devant les historiens des Annales. Le projet \u00e9tait trac\u00e9 dans ses grandes lignes, quelques ouvrages et travaux venaient d\u00e9j\u00e0 l&rsquo;illustrer; tout restait \u00e0 explorer et \u00e0 construire.<\/p>\n<p style=\"text-align: justify;\"><a href=\"https:\/\/www.moyenagepassion.com\/wp-content\/uploads\/2017\/10\/citation_histoire_historiographie_lucien_febvre_annales_histoire_globale.jpg\"><img decoding=\"async\" class=\"alignnone size-full wp-image-16483\" src=\"https:\/\/www.moyenagepassion.com\/wp-content\/uploads\/2017\/10\/citation_histoire_historiographie_lucien_febvre_annales_histoire_globale.jpg\" alt=\"citation_histoire_historiographie_lucien_febvre_annales_histoire_globale\" width=\"1200\" height=\"540\" srcset=\"https:\/\/www.moyenagepassion.com\/wp-content\/uploads\/2017\/10\/citation_histoire_historiographie_lucien_febvre_annales_histoire_globale.jpg 1200w, https:\/\/www.moyenagepassion.com\/wp-content\/uploads\/2017\/10\/citation_histoire_historiographie_lucien_febvre_annales_histoire_globale-300x135.jpg 300w, https:\/\/www.moyenagepassion.com\/wp-content\/uploads\/2017\/10\/citation_histoire_historiographie_lucien_febvre_annales_histoire_globale-1024x461.jpg 1024w\" sizes=\"(max-width: 1200px) 100vw, 1200px\" \/><\/a><\/p>\n<p style=\"text-align: justify;\"><span style=\"color: #008000;\"><em><strong>\u201cQuand aucune fin majeure ne sollicite les hommes \u00e0 la limite de leur horizon, c\u2019est alors que les moyens deviennent des fins pour eux et d\u2019hommes libres, en font des esclaves.\u201d <\/strong><\/em><\/span><br \/>\n<span style=\"color: #808080;\">Lucien Febvre\u00a0&#8211; Combats pour l\u2019Histoire <\/span><\/p>\n<h2 style=\"text-align: justify;\">Un nouveau souffle : \u00ab\u00a0faire de l&rsquo;Histoire dans un monde en ruine\u00a0\u00bb<\/h2>\n<p style=\"text-align: justify;\">Plus d&rsquo;un bon demi-si\u00e8cle plus tard, on peut bien s\u00fbr se demander, avec <em><strong>Nicolas Righi, (2)<\/strong><\/em>\u00a0si les\u00a0 Annales donn\u00e8rent v\u00e9ritablement lieu \u00e0 une \u00ab\u00a0\u00e9cole\u00a0\u00bb (terme pourtant consacr\u00e9) stricto-sensu. Dans un article de 2003, paru dans la revue <em><strong>le\u00a0Philosophoire,<\/strong><\/em> il fait lui-m\u00eame le constat d&rsquo;un certain \u00ab\u00a0\u00e9clectisme\u00a0\u00bb (ou d&rsquo;une \u00e9lasticit\u00e9) m\u00e9thodologique et conceptuel qui impose quelques r\u00e9serves au moment d&rsquo;y r\u00e9pondre par l&rsquo;affirmative. \u00a0On peut encore vouloir un peu\u00a0nuancer l&rsquo;impact de <em><strong>Lucien Febvre<\/strong><\/em> sur l&rsquo;ensemble de la discipline, en faisant le constat (foucaldien?) que des mouvements d&rsquo;ouverture s&rsquo;amor\u00e7aient d\u00e9j\u00e0, par ailleurs, du c\u00f4t\u00e9 de l&rsquo;Histoire \u00e9conomique par exemple, ou\u00a0ajouter comme constat, que l&rsquo;histoire politique et \u00e9v\u00e9nementielle n&rsquo;est pas morte avec les Annales, loin s&rsquo;en faut, mais il reste que ces historiens qui s&rsquo;enflamm\u00e8rent pour la prise de risque et voulurent embrasser l&rsquo;inconfort d&rsquo;une \u00e9pist\u00e9mologie vacillante, \u00e0 la lumi\u00e8re des derni\u00e8res d\u00e9couvertes scientifiques du XXe si\u00e8cle, contribu\u00e8rent grandement\u00a0\u00e0 donner \u00e0 l&rsquo;Histoire un nouveau souffle et \u00e0 la transfigurer pour longtemps.<\/p>\n<p><a href=\"https:\/\/www.moyenagepassion.com\/wp-content\/uploads\/2017\/10\/citation_histoire_ecole_des_annales_lucien_febvre.jpg\"><img decoding=\"async\" class=\"alignnone size-full wp-image-16466\" src=\"https:\/\/www.moyenagepassion.com\/wp-content\/uploads\/2017\/10\/citation_histoire_ecole_des_annales_lucien_febvre.jpg\" alt=\"citation_histoire_ecole_des_annales_lucien_febvre\" width=\"1200\" height=\"540\" srcset=\"https:\/\/www.moyenagepassion.com\/wp-content\/uploads\/2017\/10\/citation_histoire_ecole_des_annales_lucien_febvre.jpg 1200w, https:\/\/www.moyenagepassion.com\/wp-content\/uploads\/2017\/10\/citation_histoire_ecole_des_annales_lucien_febvre-300x135.jpg 300w, https:\/\/www.moyenagepassion.com\/wp-content\/uploads\/2017\/10\/citation_histoire_ecole_des_annales_lucien_febvre-1024x461.jpg 1024w\" sizes=\"(max-width: 1200px) 100vw, 1200px\" \/><\/a><\/p>\n<p style=\"text-align: justify;\"><span style=\"color: #008000;\"><em><strong>\u201cSatisfaite de ses progr\u00e8s, fi\u00e8re de ses conqu\u00eates, vaniteuse de ses succ\u00e8s mat\u00e9riels, l\u2019Histoire s\u2019endormait dans ses certitudes. Elle s\u2019arr\u00eatait dans sa marche. Elle redisait, r\u00e9p\u00e9tait, reprenait ; elle ne recr\u00e9ait plus. Et chaque ann\u00e9e qui passait donnait \u00e0 sa voix, un peu plus, le son caverneux d\u2019une voix d\u2019outre-tombe. \u201d<\/strong> <\/em><\/span><br \/>\n<span style=\"color: #808080;\"><em>Lucien Febvre\u00a0 Combats pour l\u2019Histoire<\/em><\/span><\/p>\n<p style=\"text-align: justify;\">Plus ouverte, plus vibrante, moins s\u00fbre d&rsquo;elle aussi, sans doute,\u00a0 elle y gagna en flexibilit\u00e9 et en ouverture et il faut relire les pages de ce <em><strong>Combats pour l&rsquo;Histoire<\/strong> <\/em>pour sentir l&rsquo;enthousiasme\u00a0qui menait alors <strong><em>Lucien Febvre<\/em><\/strong>. Dans un monde d\u00e9vast\u00e9 par les guerres o\u00f9 tout \u00e9tait \u00e0 reconstruire, quel courage fallait-il pour continuer d&rsquo;opter pour l&rsquo;Histoire et pour la recherche ? Comment lui trouver du sens ? De quelle force fallait-il encore investir ce \u00ab\u00a0combat\u00a0\u00bb pour qu&rsquo;il fasse le poids et fasse sens quand tout le reste ou presque semblait avoir \u00e9t\u00e9 perdu ?\u00a0L&rsquo;historien nous en parle aussi avec fougue et on s&rsquo;imagine sans peine, dans ces amphith\u00e9\u00e2tres o\u00f9 il\u00a0faisait lecture de certains de ses compte-rendus, \u00eatre gagn\u00e9, \u00e0 notre tour, par sa flamme. Car ne nous y trompons pas,\u00a0\u00a0il est bien question ici d&rsquo;une v\u00e9ritable passion pour l&rsquo;Histoire, doubl\u00e9e d&rsquo;une volont\u00e9 farouche de la faire sortir de ses orni\u00e8res, pour la faire embrasser le monde dans sa complexit\u00e9\u00a0 dans un projet qui visait encore \u00e0 la mettre au service des hommes et de leur propre compr\u00e9hension d&rsquo;eux-m\u00eames. Et, chaque \u00e9tudiant d&rsquo;alors pouvait, sans doute, mesurer la justesse de son choix et s&rsquo;il en doutait encore basculer d\u00e9finitivement, avec <em><strong>Lucien Febvre<\/strong><\/em> du c\u00f4t\u00e9 de l&rsquo;Histoire, car sous la verve de cet intellectuel \u00e0 la plume aff\u00fbt\u00e9e\u00a0et cinglante, plus qu&rsquo;un simple m\u00e9tier ronronnant, \u00eatre historien devenait une aventure conqu\u00e9rante et \u00e9pique.<\/p>\n<p style=\"text-align: justify;\"><a href=\"https:\/\/www.moyenagepassion.com\/wp-content\/uploads\/2017\/10\/citation_histoire_lucien_febvre_historiographie_ecole_annales_revue1.jpg\"><img decoding=\"async\" class=\"alignnone size-full wp-image-16482\" src=\"https:\/\/www.moyenagepassion.com\/wp-content\/uploads\/2017\/10\/citation_histoire_lucien_febvre_historiographie_ecole_annales_revue1.jpg\" alt=\"citation_histoire_lucien_febvre_historiographie_ecole_annales_revue\" width=\"1200\" height=\"540\" srcset=\"https:\/\/www.moyenagepassion.com\/wp-content\/uploads\/2017\/10\/citation_histoire_lucien_febvre_historiographie_ecole_annales_revue1.jpg 1200w, https:\/\/www.moyenagepassion.com\/wp-content\/uploads\/2017\/10\/citation_histoire_lucien_febvre_historiographie_ecole_annales_revue1-300x135.jpg 300w, https:\/\/www.moyenagepassion.com\/wp-content\/uploads\/2017\/10\/citation_histoire_lucien_febvre_historiographie_ecole_annales_revue1-1024x461.jpg 1024w\" sizes=\"(max-width: 1200px) 100vw, 1200px\" \/><\/a><\/p>\n<p style=\"text-align: justify;\"><strong><em><span style=\"color: #008000;\">\u00ab\u00a0Pour faire de l\u2019histoire tournez le dos r\u00e9solument au pass\u00e9\u00a0et vivez d\u2019abord. M\u00ealez-vous \u00e0 la vie. A la vie intellectuelle, sans\u00a0doute, dans toute sa vari\u00e9t\u00e9. Historiens, soyez g\u00e9ographes. Soyez\u00a0juristes aussi, et sociologues, et psychologues ; ne fermez pas les yeux\u00a0au grand mouvement qui, devant vous, transforme, \u00e0 une allure\u00a0vertigineuse, les sciences de l\u2019univers physique. Mais vivez aussi,\u00a0d\u2019une vie pratique. Ne vous contentez pas de regarder du rivage,\u00a0 paresseusement, ce qui se passe sur la mer en furie.<\/span><\/em><\/strong><\/p>\n<p style=\"text-align: justify;\"><span style=\"color: #008000;\"><em><strong>(&#8230;)\u00a0Entre l\u2019action et la pens\u00e9e, il n\u2019est pas de cloison. Il n\u2019est\u00a0pas de barri\u00e8re. Il faut que l\u2019histoire cesse de vous appara\u00eetre comme\u00a0une n\u00e9cropole endormie, o\u00f9 passent seules des ombres d\u00e9pouill\u00e9es de\u00a0substance. Il faut que, dans le vieux palais silencieux o\u00f9 elle\u00a0sommeille, vous p\u00e9n\u00e9triez, tout anim\u00e9s de la lutte, tout couverts de la\u00a0poussi\u00e8re du combat, du sang coagul\u00e9 du monstre vaincu \u2014 et\u00a0qu\u2019ouvrant les fen\u00eatres toutes grandes, ranimant les lumi\u00e8res et\u00a0rappelant le bruit, vous r\u00e9veilliez de votre vie \u00e0 vous, de votre vie\u00a0chaude et jeune, la vie glac\u00e9e de la Princesse endormie&#8230; \u00ab\u00a0<\/strong><\/em><\/span><br \/>\n<em><span style=\"color: #808080;\">Lucien Febvre. Combats pour l\u2019Histoire<\/span><\/em><strong><em><span style=\"color: #008000;\"><br \/>\n<\/span><\/em><\/strong><\/p>\n<h2 style=\"text-align: justify;\">Pol\u00e9miques\u00a0 et\u00a0querelles<br \/>\nsur fond d&rsquo;historiographie<\/h2>\n<p style=\"text-align: justify;\">Ah ! Qui n&rsquo;aurait r\u00eav\u00e9 d&rsquo;avoir un tel professeur d&rsquo;Histoire au lyc\u00e9e ?\u00a0 Combien de nouvelles vocations auraient pu \u00eatre ainsi suscit\u00e9es devant tant de passion et une telle qualit\u00e9 d&rsquo;\u00e9rudition\u00a0 ?\u00a0 Du reste, la verve de ce combattant implacable et passionn\u00e9 pour une nouvelle histoire le conduisit m\u00eame quelquefois sur des terrains diplomatiques min\u00e9s sans pour autant lui faire baisser la garde. Entre autres auteurs d&rsquo;alors <em><strong>Henri Jassemin <\/strong><\/em>(chartiste et conservateur aux Archives nationales)<em><strong>\u00a0<\/strong><\/em>en fit quelque peu les frais<em><strong>\u00a0<\/strong><\/em>et, \u00e0 sa suite,\u00a0quelques\u00a0autres coll\u00e8gues qu&rsquo;il avait pris \u00e0 t\u00e9moin d\u00e9pr\u00e9ci\u00e8rent, \u00e0 leur tour, le trop de \u00ab\u00a0verdeur\u00a0\u00bb de <em><strong>Lucien Febvre <\/strong><\/em>dans ses propos.\u00a0Dans un critique d&rsquo;un ouvrage de Jassemin, <em><strong>\u00ab\u00a0La Chambre des comptes de Paris au XVe si\u00e8cle\u00a0\u00bb<\/strong><\/em>, l&rsquo;historien des <em>Annales<\/em> terminait en effet ainsi, cristallisant et th\u00e9\u00e2tralisant presque m\u00eame, le conflit entre histoire \u00e9rudite et histoire probl\u00e9matique (pour reprendre les termes de <span class=\"nom_auteur\"><em><strong>\u00c9tienne Anheim (3)<\/strong><\/em><strong>) :<\/strong><\/span><\/p>\n<p style=\"text-align: justify;\"><em><strong><span style=\"color: #008000;\">\u00ab\u00a0(&#8230;)Je ne dis pas\u00a0: cela n\u2019est pas de l\u2019histoire. Ou alors, si l\u2019histoire c\u2019est cela, que la collectivit\u00e9 cesse imm\u00e9diatement d\u2019encourager, et de soutenir, une activit\u00e9 aussi totalement inutile\u00a0!\u00a0\u00bb<br \/>\n<\/span><\/strong><span style=\"color: #808080;\">L. Febvre,\u00a0 Comptabilit\u00e9 et chambre des comptes ,\u00a0Annales HES, 26, 1934<\/span><\/em><\/p>\n<p style=\"text-align: justify;\">Et pour lui faire \u00e9cho, voici une ligne de la\u00a0r\u00e9ponse, non moins caustique, publi\u00e9e\u00a0par Jassemin :<\/p>\n<p style=\"text-align: justify;\"><span style=\"color: #008000;\"><em><strong>\u00ab\u00a0(&#8230;)Je veux simplement marquer la diff\u00e9rence de l\u2019historien dont la vocation essentielle est d\u2019\u00e9tablir des faits et de l\u2019historien dont la vocation essentielle est de vulgariser des id\u00e9es. \u00a0\u00bb<br \/>\n<\/strong><span style=\"color: #808080;\">H. Jassemin,\u00a0Rubrique \u00ab\u00a0Correspondance\u00a0\u00bb, <em class=\"marquage italique\">Annales\u00a0<\/em><em class=\"marquage italique\">HES<\/em>, 26<strong>, <\/strong>1934<\/span><\/em><br \/>\n<\/span><\/p>\n<p style=\"text-align: justify;\">On relira, non sans d\u00e9plaisir, l&rsquo;article de <em><strong>Etienne<\/strong><strong>\u00a0Anheim<\/strong><\/em> sur la question de cette pol\u00e9mique article dans lequel, au passage, il nous offre, bien au del\u00e0 de l&rsquo;anecdote, une belle analyse d&rsquo;historiographie, mais si l&rsquo;on peut, aujourd&rsquo;hui, sourire du tour et du ton\u00a0 que le conflit avait pris entre les deux auteurs venus d&rsquo;horizons m\u00e9thodologiques divers, il demeure bien symptomatique du climat qui pouvait r\u00e9gner alors dans le milieu des historiens et aussi de l&rsquo;importance que pouvait prendre dans l&rsquo;esprit de <em><strong>Lucien Febvre<\/strong><\/em>\u00a0ce combat pour une nouvelle histoire.<\/p>\n<p style=\"text-align: justify;\">Pour conclure,\u00a0et\u00a0pour rebondir sur la citation d&rsquo;en-t\u00eate de cet article, l&rsquo;Histoire n&rsquo;est sans doute pas la seule capable de nous permettre de vivre avec d&rsquo;autres r\u00e9flexes que ceux de la descente \u00e0 la cave et peut-\u00eatre que les sciences de l&rsquo;homme au sens large, peuvent \u00e9galement y parvenir, mais on pourra en tout cas\u00a0lire ou relire valablement ce classique qu&rsquo;est devenu<em><strong> les combats pour l&rsquo;Histoire<\/strong> <\/em>de\u00a0\u00a0<em><strong>Lucien Febvre<\/strong><\/em> dans l&rsquo;histoire de la discipline, autant pour son fond, que pour son style.<\/p>\n<p style=\"text-align: justify;\">En vous souhaitant une belle journ\u00e9e.<br \/>\nFred<\/p>\n<p>Pour moyenagepassion.com<br \/>\n<em><strong>A la d\u00e9couverte du moyen-\u00e2ge sous toutes ses formes.<\/strong><\/em><\/p>\n<hr \/>\n<p>Sources :<\/p>\n<p><em>&#8211; <span style=\"color: #008000;\">Combats pour l&rsquo;Histoire<\/span><img decoding=\"async\" style=\"border: none !important; margin: 0px !important;\" src=\"\/\/ir-fr.amazon-adsystem.com\/e\/ir?t=f1266-21&amp;l=am2&amp;o=8&amp;a=226606911X\" alt=\"\" width=\"1\" height=\"1\" border=\"0\" \/><\/em>, Lucien Febvre, <em>chez Press Pocket.<\/em><br \/>\n<em>&#8211;\u00a0<a href=\"https:\/\/www.universalis.fr\/encyclopedie\/lucien-febvre\/\" target=\"_blank\" rel=\"noopener noreferrer\"><span class=\"rg\">FEBVRE\u00a0<\/span><span class=\"pc\">LUCIEN<\/span><\/a><\/em><span class=\"titre_sub\"><span class=\"rm\"><a href=\"https:\/\/www.universalis.fr\/encyclopedie\/lucien-febvre\/\" target=\"_blank\" rel=\"noopener noreferrer\"><em>(1878-1956)<\/em><\/a>,\u00a0 par\u00a0<strong><em>Paul LEUILLIOT <\/em><\/strong><em>(<\/em><em>encyclop\u00e9die Universalis)<br \/>\n<\/em><\/span><\/span><span class=\"titre\"><em><strong>(2)<\/strong> <a href=\"https:\/\/www.cairn.info\/revue-le-philosophoire-2003-1-page-155.htm\" target=\"_blank\" rel=\"noopener noreferrer\">\u00ab\u00a0L\u2019h\u00e9ritage du fondateur ? L\u2019histoire des mentalit\u00e9s dans l\u2019\u00c9cole des\u00a0 \u00ab\u00a0Annales\u00a0\u00bb \u00ab\u00a0<\/a><\/em> , par\u00a0\u00a0<\/span><em><strong><span class=\"nom_auteur\">Nicolas Righi<\/span><\/strong><\/em><span class=\"nom_auteur\"> (<\/span><span class=\"nom_auteur\">Cairn.info)<br \/>\n<\/span><span class=\"titre\"><em><strong>(3)<\/strong> <a href=\"https:\/\/www.cairn.info\/revue-d-histoire-moderne-et-contemporaine-2012-5-page-105.htm\" target=\"_blank\" rel=\"noopener noreferrer\">\u00ab\u00a0L\u2019historiographie est-elle une forme d\u2019histoire intellectuelle\u00a0? La controverse de 1934 entre Lucien Febvre et Henri Jassemin\u00a0\u00bb<\/a><\/em>,\u00a0 par\u00a0<\/span><em><strong><span class=\"nom_auteur\">\u00c9tienne Anheim\u00a0\u00a0<\/span><\/strong><\/em><span class=\"nom_auteur\">(<\/span><span class=\"nom_auteur\"><span class=\"nom_auteur\">Cairn.info)<br \/>\n&#8211; Autres liens utiles :\u00a0<a href=\"http:\/\/annales.ehess.fr\/\" target=\"_blank\" rel=\"noopener noreferrer\">les annales aujourd&rsquo;hui<\/a>\u00a0 et\u00a0<a href=\"http:\/\/www.persee.fr\/collection\/ahess\" target=\"_blank\" rel=\"noopener noreferrer\">archives des annales sur Pers\u00e9e<\/a><br \/>\n<\/span><\/span><\/p>\n","protected":false},"excerpt":{"rendered":"<p>Sujet\u00a0: histoire, approche, m\u00e9thodes, m\u00e9thodologie historique,\u00a0 \u00e9pist\u00e9mologie, \u00e9coles des annales. citations, sources et articles, historiographie. \u00e9cole des Annales Auteur, Historien : Lucien Febvre\u00a0(1878-1956) Ouvrage : Combats pour l&rsquo;Histoire, Press Pocket (1952) Bonjour \u00e0 tous, n 1952, l&rsquo;historien\u00a0\u00a0Lucien Febvre\u00a0publiait un recueil d&rsquo;articles et de compte-rendus regroup\u00e9s sous le titre tr\u00e8s explicite de \u00ab\u00a0Combats pour l&rsquo;Histoire\u00a0\u00bb et &hellip; <a href=\"https:\/\/www.moyenagepassion.com\/index.php\/2017\/10\/18\/lucien-febvre-lecole-des-annales-et-la-passion-de-lhistoire\/\" class=\"more-link\">Continuer la lecture de <span class=\"screen-reader-text\">Lucien Febvre, l&rsquo;Ecole des Annales et la passion de l&rsquo;histoire<\/span>  <span class=\"meta-nav\">&rarr;<\/span><\/a><\/p>\n","protected":false},"author":2,"featured_media":0,"comment_status":"open","ping_status":"open","sticky":false,"template":"","format":"standard","meta":{"_monsterinsights_skip_tracking":false,"_monsterinsights_sitenote_active":false,"_monsterinsights_sitenote_note":"","_monsterinsights_sitenote_category":0,"footnotes":""},"categories":[3,16],"tags":[155,3212,3211,521,189,3215,3216,525,1966,3214,1146,3210,1446,2498,4441,34,3213],"class_list":["post-16453","post","type-post","status-publish","format-standard","hentry","category-livre-moyen-age-medieval-fantaisie","category-sources-et-articles-moyen-age-periode-medievale","tag-citation","tag-combats-pour-lhistoire","tag-ecole-des-annales","tag-epistemologie","tag-histoire","tag-histoire-des-mentalites","tag-histoire-totale","tag-historien","tag-historiographie","tag-les-annales","tag-livres","tag-lucien-febvre","tag-marc-bloch","tag-methodologie","tag-nouvelle-histoire","tag-passion","tag-revue"],"aioseo_notices":[],"_links":{"self":[{"href":"https:\/\/www.moyenagepassion.com\/index.php\/wp-json\/wp\/v2\/posts\/16453"}],"collection":[{"href":"https:\/\/www.moyenagepassion.com\/index.php\/wp-json\/wp\/v2\/posts"}],"about":[{"href":"https:\/\/www.moyenagepassion.com\/index.php\/wp-json\/wp\/v2\/types\/post"}],"author":[{"embeddable":true,"href":"https:\/\/www.moyenagepassion.com\/index.php\/wp-json\/wp\/v2\/users\/2"}],"replies":[{"embeddable":true,"href":"https:\/\/www.moyenagepassion.com\/index.php\/wp-json\/wp\/v2\/comments?post=16453"}],"version-history":[{"count":2,"href":"https:\/\/www.moyenagepassion.com\/index.php\/wp-json\/wp\/v2\/posts\/16453\/revisions"}],"predecessor-version":[{"id":40999,"href":"https:\/\/www.moyenagepassion.com\/index.php\/wp-json\/wp\/v2\/posts\/16453\/revisions\/40999"}],"wp:attachment":[{"href":"https:\/\/www.moyenagepassion.com\/index.php\/wp-json\/wp\/v2\/media?parent=16453"}],"wp:term":[{"taxonomy":"category","embeddable":true,"href":"https:\/\/www.moyenagepassion.com\/index.php\/wp-json\/wp\/v2\/categories?post=16453"},{"taxonomy":"post_tag","embeddable":true,"href":"https:\/\/www.moyenagepassion.com\/index.php\/wp-json\/wp\/v2\/tags?post=16453"}],"curies":[{"name":"wp","href":"https:\/\/api.w.org\/{rel}","templated":true}]}}