{"id":16776,"date":"2017-11-03T23:33:59","date_gmt":"2017-11-03T22:33:59","guid":{"rendered":"http:\/\/www.moyenagepassion.com\/?p=16776"},"modified":"2018-09-19T04:18:37","modified_gmt":"2018-09-19T03:18:37","slug":"medieval-fantaisie-geek-culture-et-plus-encore-le-6e-salon-fantastique-de-paris","status":"publish","type":"post","link":"https:\/\/www.moyenagepassion.com\/index.php\/2017\/11\/03\/medieval-fantaisie-geek-culture-et-plus-encore-le-6e-salon-fantastique-de-paris\/","title":{"rendered":"M\u00e9di\u00e9val fantaisie, Geek culture et plus encore: le 6e Salon Fantastique de Paris"},"content":{"rendered":"<div id=\"moyen-1249725487\" class=\"moyen-before-content moyen-entity-placement\"><script async src=\"\/\/pagead2.googlesyndication.com\/pagead\/js\/adsbygoogle.js?client=ca-pub-3035390706780632\" crossorigin=\"anonymous\"><\/script><ins class=\"adsbygoogle\" style=\"display:block;\" data-ad-client=\"ca-pub-3035390706780632\" \ndata-ad-slot=\"\" \ndata-ad-format=\"auto\"><\/ins>\n<script> \n(adsbygoogle = window.adsbygoogle || []).push({}); \n<\/script>\n<\/div><p><strong><a href=\"https:\/\/www.moyenagepassion.com\/wp-content\/uploads\/2017\/01\/geek_culture_medieval_fantastique_fantaisie_dragon.jpg\"><img decoding=\"async\" class=\"wp-image-9706 alignleft\" src=\"https:\/\/www.moyenagepassion.com\/wp-content\/uploads\/2017\/01\/geek_culture_medieval_fantastique_fantaisie_dragon.jpg\" alt=\"geek_culture_medieval_fantastique_fantaisie_dragon\" width=\"126\" height=\"156\" srcset=\"https:\/\/www.moyenagepassion.com\/wp-content\/uploads\/2017\/01\/geek_culture_medieval_fantastique_fantaisie_dragon.jpg 350w, https:\/\/www.moyenagepassion.com\/wp-content\/uploads\/2017\/01\/geek_culture_medieval_fantastique_fantaisie_dragon-242x300.jpg 242w\" sizes=\"(max-width: 126px) 100vw, 126px\" \/><\/a>Sujet<\/strong>\u00a0;\u00a0 agenda m\u00e9di\u00e9val, salon, festival, hero\u00efc fantasy, m\u00e9di\u00e9val fantaisie, m\u00e9di\u00e9val fantastique, m\u00e9di\u00e9valisme, moyen-\u00e2ge imaginaire, geek culture.<br \/>\n<strong>Nom<\/strong>:\u00a0 <a href=\"https:\/\/www.salon-fantastique.com\/\" target=\"_blank\">Le Salon Fantastique 2017<\/a><br \/>\n<strong>Lieu<\/strong>\u00a0:\u00a0Paris, Espace Champerret, 17e<br \/>\n<strong>Dates<\/strong>\u00a0: les 3, 4 et 5\u00a0nov 2017<\/p>\n<p>Bonjour \u00e0 tous,<\/p>\n<p><img decoding=\"async\" class=\"alignleft size-full wp-image-36\" src=\"https:\/\/www.moyenagepassion.com\/wp-content\/uploads\/2015\/12\/C_lettrine_moyen_age_passion.jpg\" alt=\"C_lettrine_moyen_age_passion\" width=\"84\" height=\"103\" \/>e week-end, pour ceux qui se trouvent sur Paris, se tient un grand \u00e9v\u00e9nement\u00a0 au carrefour de l&rsquo;heroic fantasy, de la science fiction, du steampunk et, bien s\u00fbr, du m\u00e9di\u00e9val fantastique.<\/p>\n<p style=\"text-align: justify;\">Nous ne sommes pas ici dans le moyen-\u00e2ge r\u00e9aliste, inutile donc de l&rsquo;y chercher, mais plut\u00f4t au coeur de la Geek Culture, et pour qui aime aussi les rivages les plus imaginaires du monde m\u00e9di\u00e9val, de nombreuses animations sont pr\u00e9vues sur toute la dur\u00e9e de ce salon <a href=\"https:\/\/www.moyenagepassion.com\/wp-content\/uploads\/2017\/11\/salon_fantastique_2017_medieval_fantastique_moyen-age_imaginaire_geek_culture.jpg\"><img decoding=\"async\" class=\"wp-image-16794 alignright\" src=\"https:\/\/www.moyenagepassion.com\/wp-content\/uploads\/2017\/11\/salon_fantastique_2017_medieval_fantastique_moyen-age_imaginaire_geek_culture.jpg\" alt=\"salon_fantastique_2017_medieval_fantastique_moyen-age_imaginaire_geek_culture\" width=\"187\" height=\"257\" srcset=\"https:\/\/www.moyenagepassion.com\/wp-content\/uploads\/2017\/11\/salon_fantastique_2017_medieval_fantastique_moyen-age_imaginaire_geek_culture.jpg 465w, https:\/\/www.moyenagepassion.com\/wp-content\/uploads\/2017\/11\/salon_fantastique_2017_medieval_fantastique_moyen-age_imaginaire_geek_culture-218x300.jpg 218w\" sizes=\"(max-width: 187px) 100vw, 187px\" \/><\/a>de 3 jours qui commence aujourd&rsquo;hui m\u00eame.<\/p>\n<p style=\"text-align: justify;\">Conf\u00e9rences, projections, spectacles, initiations aux arts du combat les plus divers, de l&rsquo;escrime ancienne au sabre laser en passant par la canne de combat ou le sabre cor\u00e9en et j&rsquo;en passe, il y aura encore des concerts, des d\u00e9fil\u00e9s fantastiques et de la danse.\u00a0 De nombreux auteurs ou illustrateurs des diff\u00e9rents genres repr\u00e9sent\u00e9s y sont encore attendus (romans, jeux, etc&#8230;). Ils seront\u00a0pr\u00e8s d&rsquo;une centaine! Et il y aura aussi, sur place, plus de deux-cents exposants.<\/p>\n<p style=\"text-align: justify;\">L&rsquo;\u00e9dition 2017 est parrain\u00e9e par\u00a0\u00a0<em><strong>Chris Rankin<\/strong><\/em>, <span style=\"color: #808080;\">(portrait ci-dessous)<\/span> c\u00e9l\u00e8bre acteur n\u00e9o-z\u00e9landais qui a incarn\u00e9 le personnage de\u00a0<em><strong>Percy Weasley<\/strong><\/em>\u00a0dans la c\u00e9l\u00e8bre s\u00e9rie cin\u00e9matographique <em><strong>Harry Potter<\/strong><\/em>. Il sera pr\u00e9sent durant tout le week end pour des s\u00e9ances d\u00e9dicaces et photos.<\/p>\n<p style=\"text-align: justify;\"><a href=\"https:\/\/www.moyenagepassion.com\/wp-content\/uploads\/2017\/11\/Chris_Rankin_salon_fantastique_paris_2017_heroic_fantasy_medieval_fantastique_geek_culture.jpg\"><img decoding=\"async\" class=\"wp-image-16796 alignleft\" src=\"https:\/\/www.moyenagepassion.com\/wp-content\/uploads\/2017\/11\/Chris_Rankin_salon_fantastique_paris_2017_heroic_fantasy_medieval_fantastique_geek_culture.jpg\" alt=\"Chris_Rankin_salon_fantastique_paris_2017_heroic_fantasy_medieval_fantastique_geek_culture\" width=\"126\" height=\"184\" \/><\/a>Ajoutons enfin que, cette ann\u00e9e, le salon fantastique est regroup\u00e9 avec deux autres \u00e9v\u00e9nements connexes\u00a0 :\u00a0<em><strong>le\u00a0Salon du jeu<\/strong> <\/em>enti\u00e8rement d\u00e9di\u00e9 au th\u00e8me et qui propose des jeux non stop sur l&rsquo;ensemble des trois journ\u00e9es:\u00a0 plateau, r\u00f4les, cartes, du plus s\u00e9rieux au plus fantaisiste. Et encore un autre \u00e9v\u00e9nement <em><strong>le<\/strong><\/em> <em><strong>S<\/strong><strong>alon Ohayo<\/strong><\/em>, d\u00e9di\u00e9 \u00e0 la culture japonaise, aux mangas et au cosplay.<\/p>\n<p style=\"text-align: justify;\">Bref, voil\u00e0 encore deux raisons suppl\u00e9mentaires pour les simples curieux, comme pour les vrais amateurs de tous ces genres, de ne pas manquer ce grand et beau salon fantastique d\u00e9di\u00e9 aux univers imaginaires, \u00e0 la f\u00e9erie et au divertissement, dont le moyen-\u00e2ge ne sera pas absent. A\u00a0noter que l&rsquo;entr\u00e9e est gratuite pour les personnes costum\u00e9es.<\/p>\n<p><a href=\"https:\/\/www.salon-fantastique.com\/programme\/\" target=\"_blank\">Le programme du Salon Fantastique 2017<\/a><\/p>\n<p>En vous souhaitant un excellent week end.<\/p>\n<p>Fred<br \/>\nPour moyenagepassion.com<br \/>\n<em><strong>A la d\u00e9couverte du monde m\u00e9di\u00e9val sous toutes ses formes<\/strong><\/em><\/p>\n","protected":false},"excerpt":{"rendered":"<p>Sujet\u00a0;\u00a0 agenda m\u00e9di\u00e9val, salon, festival, hero\u00efc fantasy, m\u00e9di\u00e9val fantaisie, m\u00e9di\u00e9val fantastique, m\u00e9di\u00e9valisme, moyen-\u00e2ge imaginaire, geek culture. Nom:\u00a0 Le Salon Fantastique 2017 Lieu\u00a0:\u00a0Paris, Espace Champerret, 17e Dates\u00a0: les 3, 4 et 5\u00a0nov 2017 Bonjour \u00e0 tous, e week-end, pour ceux qui se trouvent sur Paris, se tient un grand \u00e9v\u00e9nement\u00a0 au carrefour de l&rsquo;heroic fantasy, de &hellip; <a href=\"https:\/\/www.moyenagepassion.com\/index.php\/2017\/11\/03\/medieval-fantaisie-geek-culture-et-plus-encore-le-6e-salon-fantastique-de-paris\/\" class=\"more-link\">Continuer la lecture de <span class=\"screen-reader-text\">M\u00e9di\u00e9val fantaisie, Geek culture et plus encore: le 6e Salon Fantastique de Paris<\/span>  <span class=\"meta-nav\">&rarr;<\/span><\/a><\/p>\n","protected":false},"author":2,"featured_media":0,"comment_status":"open","ping_status":"open","sticky":false,"template":"","format":"standard","meta":{"_monsterinsights_skip_tracking":false,"_monsterinsights_sitenote_active":false,"_monsterinsights_sitenote_note":"","_monsterinsights_sitenote_category":0,"footnotes":""},"categories":[11],"tags":[2994,136,482,2152,1587,207,262,2895,182,993,3270,2154],"class_list":["post-16776","post","type-post","status-publish","format-standard","hentry","category-fetes-medievales-evenement","tag-agenda-sorties","tag-festival","tag-geek","tag-geek-culture","tag-heroic-fantasy","tag-medieval-fantaisie","tag-medieval-fantastique","tag-medievalisme","tag-monde-medieval","tag-salon","tag-salon-fantastique","tag-steampunk"],"aioseo_notices":[],"_links":{"self":[{"href":"https:\/\/www.moyenagepassion.com\/index.php\/wp-json\/wp\/v2\/posts\/16776"}],"collection":[{"href":"https:\/\/www.moyenagepassion.com\/index.php\/wp-json\/wp\/v2\/posts"}],"about":[{"href":"https:\/\/www.moyenagepassion.com\/index.php\/wp-json\/wp\/v2\/types\/post"}],"author":[{"embeddable":true,"href":"https:\/\/www.moyenagepassion.com\/index.php\/wp-json\/wp\/v2\/users\/2"}],"replies":[{"embeddable":true,"href":"https:\/\/www.moyenagepassion.com\/index.php\/wp-json\/wp\/v2\/comments?post=16776"}],"version-history":[{"count":0,"href":"https:\/\/www.moyenagepassion.com\/index.php\/wp-json\/wp\/v2\/posts\/16776\/revisions"}],"wp:attachment":[{"href":"https:\/\/www.moyenagepassion.com\/index.php\/wp-json\/wp\/v2\/media?parent=16776"}],"wp:term":[{"taxonomy":"category","embeddable":true,"href":"https:\/\/www.moyenagepassion.com\/index.php\/wp-json\/wp\/v2\/categories?post=16776"},{"taxonomy":"post_tag","embeddable":true,"href":"https:\/\/www.moyenagepassion.com\/index.php\/wp-json\/wp\/v2\/tags?post=16776"}],"curies":[{"name":"wp","href":"https:\/\/api.w.org\/{rel}","templated":true}]}}