{"id":17380,"date":"2017-11-30T01:33:25","date_gmt":"2017-11-30T00:33:25","guid":{"rendered":"http:\/\/www.moyenagepassion.com\/?p=17380"},"modified":"2020-10-04T19:52:19","modified_gmt":"2020-10-04T18:52:19","slug":"agenda-fetes-medievales-et-marches-de-noel-animes","status":"publish","type":"post","link":"https:\/\/www.moyenagepassion.com\/index.php\/2017\/11\/30\/agenda-fetes-medievales-et-marches-de-noel-animes\/","title":{"rendered":"Agenda m\u00e9di\u00e9val d&rsquo;Hiver: f\u00eates et march\u00e9s de No\u00ebl anim\u00e9s"},"content":{"rendered":"<div id=\"moyen-3070208350\" class=\"moyen-before-content moyen-entity-placement\"><script async src=\"\/\/pagead2.googlesyndication.com\/pagead\/js\/adsbygoogle.js?client=ca-pub-3035390706780632\" crossorigin=\"anonymous\"><\/script><ins class=\"adsbygoogle\" style=\"display:block;\" data-ad-client=\"ca-pub-3035390706780632\" \ndata-ad-slot=\"\" \ndata-ad-format=\"auto\"><\/ins>\n<script> \n(adsbygoogle = window.adsbygoogle || []).push({}); \n<\/script>\n<\/div><p><strong><a href=\"https:\/\/www.moyenagepassion.com\/wp-content\/uploads\/2017\/11\/agenda_sorties_fetes_marches_medieval_theme_moyen-age_.jpg\"><img decoding=\"async\" class=\"wp-image-17396 alignleft\" src=\"https:\/\/www.moyenagepassion.com\/wp-content\/uploads\/2017\/11\/agenda_sorties_fetes_marches_medieval_theme_moyen-age_.jpg\" alt=\"agenda_sorties_fetes_marches_medieval_theme_moyen-age_\" width=\"95\" height=\"162\" srcset=\"https:\/\/www.moyenagepassion.com\/wp-content\/uploads\/2017\/11\/agenda_sorties_fetes_marches_medieval_theme_moyen-age_.jpg 205w, https:\/\/www.moyenagepassion.com\/wp-content\/uploads\/2017\/11\/agenda_sorties_fetes_marches_medieval_theme_moyen-age_-175x300.jpg 175w\" sizes=\"(max-width: 95px) 100vw, 95px\" \/><\/a>Sujet<\/strong>\u00a0: f\u00eates,\u00a0 \u00e9v\u00e9nement, march\u00e9 m\u00e9di\u00e9val, moyen-\u00e2ge, sorties, week end, animations m\u00e9di\u00e9vales.<\/p>\n<p><strong>Ev\u00e9nement<\/strong>\u00a0:\u00a0divers f\u00eates et\u00a0 march\u00e9s de No\u00ebl avec animations m\u00e9di\u00e9vales.<br \/>\n<strong>Lieu<\/strong>\u00a0:\u00a0Alsace<br \/>\n<strong>Dates<\/strong>\u00a0: d\u00e9cembre\u00a02017<\/p>\n<p>Bonjour \u00e0 tous,<\/p>\n<p style=\"text-align: justify;\"><img decoding=\"async\" class=\"alignleft size-full wp-image-59\" src=\"https:\/\/www.moyenagepassion.com\/wp-content\/uploads\/2015\/12\/A_lettrine_moyen_age_passion.jpg\" alt=\"A_lettrine_moyen_age_passion\" width=\"84\" height=\"103\" \/>vec les frimats de l&rsquo;hiver et \u00e0 l&rsquo;approche des f\u00eates de la nativit\u00e9, les f\u00eates m\u00e9di\u00e9vales c\u00e8dent la place \u00e0 des march\u00e9s de No\u00ebl, certains d&rsquo;entre eux proposant aussi des animations autour du moyen-\u00e2ge. Par tradition s\u00e9culaire, c&rsquo;est bien s\u00fbr du c\u00f4t\u00e9 de l&rsquo;Alsace qu&rsquo;ils se tiennent et nous vous en proposons donc ici une courte s\u00e9lection pour les week end \u00e0 venir.<\/p>\n<hr \/>\n<h2 style=\"text-align: justify;\">No\u00ebl au ch\u00e2teau :\u00a0march\u00e9 de No\u00ebl<br \/>\net f\u00eates m\u00e9di\u00e9vales de Wasselonne<\/h2>\n<p style=\"text-align: left;\"><strong><a href=\"https:\/\/www.moyenagepassion.com\/wp-content\/uploads\/2017\/11\/fetes_marche_no\u00ebl_medieval_wasselonne_chateau_agenda_sortie_animations_moyen-age.jpg\"><img decoding=\"async\" class=\"wp-image-17390 alignright\" src=\"https:\/\/www.moyenagepassion.com\/wp-content\/uploads\/2017\/11\/fetes_marche_no\u00ebl_medieval_wasselonne_chateau_agenda_sortie_animations_moyen-age.jpg\" alt=\"fetes_marche_no\u00ebl_medieval_wasselonne_chateau_agenda_sortie_animations_moyen-age\" width=\"178\" height=\"256\" srcset=\"https:\/\/www.moyenagepassion.com\/wp-content\/uploads\/2017\/11\/fetes_marche_no\u00ebl_medieval_wasselonne_chateau_agenda_sortie_animations_moyen-age.jpg 352w, https:\/\/www.moyenagepassion.com\/wp-content\/uploads\/2017\/11\/fetes_marche_no\u00ebl_medieval_wasselonne_chateau_agenda_sortie_animations_moyen-age-209x300.jpg 209w\" sizes=\"(max-width: 178px) 100vw, 178px\" \/><\/a>Dates<\/strong> : les 2 et 3 d\u00e9cembre 2017<br \/>\n<strong>Lieu\u00a0:<\/strong>\u00a0Bas-Rhin, Grand Est,\u00a0 Alsace<\/p>\n<p style=\"text-align: justify;\">Nous\u00a0leur avions d\u00e9di\u00e9 un article,\u00a0\u00e0\u00a0l&rsquo;occasion de la pr\u00e9c\u00e9dente \u00e9dition, et les voil\u00e0 de retour: les f\u00eates de No\u00ebl se r\u00e9invitent au ch\u00e2teau de Wasselonne et se teintent de m\u00e9di\u00e9val pour l&rsquo;occasion.<\/p>\n<p style=\"text-align: justify;\">Autour de son march\u00e9 de No\u00ebl, traditionnel et artisanal, avec plus de 90 artisans attendus et costum\u00e9s pour l&rsquo;occasion, l&rsquo;\u00e9dition 2017 de cette f\u00eate proposera donc, \u00e0 nouveau, son lot d&rsquo;animations inspir\u00e9es du moyen-\u00e2ge : musique m\u00e9di\u00e9vale, contes anciens, tir \u00e0 l&rsquo;arc, ateliers d\u00e9di\u00e9s au m\u00e9tier d&rsquo;antan, etc&#8230;<\/p>\n<p><a href=\"https:\/\/www.moyenagepassion.com\/index.php\/2016\/12\/03\/marche-de-noel-et-animations-medieval-en-alsace\/\" target=\"_blank\" rel=\"noopener noreferrer\">Pour plus d&rsquo;informations sur l&rsquo;Histoire m\u00e9di\u00e9vale de Wasselonne et son ch\u00e2teau, suivez le lien<\/a><a href=\"https:\/\/www.moyenagepassion.com\/index.php\/2016\/12\/03\/marche-de-noel-et-animations-medieval-en-alsace\/\" target=\"_blank\" rel=\"noopener noreferrer\">.\u00a0<\/a><\/p>\n<p style=\"text-align: justify;\"><a href=\"http:\/\/www.wasselonne.fr\/manif_lei.php?id=255001737\" target=\"_blank\" rel=\"noopener noreferrer\">Programme, informations et site officiel de l&rsquo;\u00e9v\u00e9nement<\/a><\/p>\n<hr \/>\n<h2 style=\"text-align: justify;\">Le march\u00e9 de No\u00ebl m\u00e9di\u00e9val<br \/>\nde Ribeauvill\u00e9-Riquewihr<\/h2>\n<p style=\"text-align: justify;\"><strong>Dates : <\/strong>les\u00a02, 3, 9 et 10 d\u00e9cembre 2017<br \/>\n<strong>Lieu<\/strong> : Haut-Rhin, Grand Est, Alsace<\/p>\n<p style=\"text-align: justify;\"><img decoding=\"async\" class=\"alignleft size-full wp-image-50\" src=\"https:\/\/www.moyenagepassion.com\/wp-content\/uploads\/2015\/12\/D_lettrine_moyen_age_passion.jpg\" alt=\"D_lettrine_moyen_age_passion\" width=\"84\" height=\"103\" \/>urant le moyen-\u00e2ge central, la cit\u00e9 de <strong>Ribeauvill\u00e9<\/strong> fut le \u00ab\u00a0fief\u00a0\u00bb d&rsquo;une grande corporation de m\u00e9n\u00e9triers (menestrels, instrumentistes et musiciens). Depuis plus de six si\u00e8cles, elle continue d&rsquo;ailleurs de c\u00e9l\u00e9brer ces derniers\u00a0en donnant, chaque ann\u00e9e, une belle f\u00eate en leur honneur. La grande manifestation, qui a lieu autour de\u00a0d\u00e9but septembre, \u00e0 l&rsquo;occasion des f\u00eates de la nativit\u00e9 de la vierge est m\u00eame\u00a0r\u00e9put\u00e9e comme l&rsquo;une des plus anciennes d&rsquo;Alsace.<\/p>\n<p style=\"text-align: justify;\"><a href=\"https:\/\/www.moyenagepassion.com\/wp-content\/uploads\/2017\/11\/agenda_marche_noel_medieval_animations_moyen-age_ribeauville_alsace_.jpg\"><img decoding=\"async\" class=\"wp-image-17392 aligncenter\" src=\"https:\/\/www.moyenagepassion.com\/wp-content\/uploads\/2017\/11\/agenda_marche_noel_medieval_animations_moyen-age_ribeauville_alsace_.jpg\" alt=\"agenda_marche_noel_medieval_animations_moyen-age_ribeauville_alsace_\" width=\"362\" height=\"289\" srcset=\"https:\/\/www.moyenagepassion.com\/wp-content\/uploads\/2017\/11\/agenda_marche_noel_medieval_animations_moyen-age_ribeauville_alsace_.jpg 828w, https:\/\/www.moyenagepassion.com\/wp-content\/uploads\/2017\/11\/agenda_marche_noel_medieval_animations_moyen-age_ribeauville_alsace_-300x239.jpg 300w\" sizes=\"(max-width: 362px) 100vw, 362px\" \/><\/a><\/p>\n<p style=\"text-align: justify;\">Au moment de No\u00ebl, en plus de son march\u00e9 artisanal, gastronomique et traditionnel, avec ses incontournables stands pour les amateurs de d\u00e9coration, la cit\u00e9 alsacienne se pare donc, \u00e0 nouveau, des couleurs du moyen-\u00e2ge et nous promet, cette ann\u00e9e encore, d&rsquo;y investir tout son savoir-faire en mati\u00e8re d&rsquo;animations et de r\u00e9jouissances m\u00e9di\u00e9vales. Musiques, saltimbanques, parades de cr\u00e9atures \u00e9tranges et autres bateleurs ou artistes de rue seront au programme de ces deux fins de semaine.<\/p>\n<p style=\"text-align: justify;\"><a href=\"http:\/\/www.ribeauville-riquewihr.com\/LEI\/Marche-de-Noel-medieval.htm?HTMLPage=\/manifestations\/noel-alsace.htm&amp;action=&amp;page=1&amp;commune=&amp;categorie=1900076s1900202&amp;genre=1900009&amp;nom_recherche=&amp;ID=229003338&amp;GENRE=1900009&amp;CATEGORIE=1900076&amp;langue=1&amp;sessionalea=\" target=\"_blank\" rel=\"noopener noreferrer\">Programme, informations et site officiel de l&rsquo;\u00e9v\u00e9nement ici\u00a0<\/a><\/p>\n<hr \/>\n<h2 style=\"text-align: justify;\"><strong>\u00ab\u00a0Christkindelsm\u00e4rik\u00a0\u00bb<br \/>\n<\/strong>le grand\u00a0March\u00e9 de Noel de Strasbourg<\/h2>\n<p style=\"text-align: justify;\"><strong>Dates :<\/strong>\u00a0du 24 novembre au 30 d\u00e9cembre 2017<br \/>\n<strong>Lieu\u00a0:<\/strong>\u00a0Bas-Rhin, Grand Est, Alsace<\/p>\n<p style=\"text-align: justify;\"><a href=\"https:\/\/www.moyenagepassion.com\/wp-content\/uploads\/2017\/11\/marche_noel_historique_traditionnel_strasbourg.jpg\"><img decoding=\"async\" class=\"wp-image-17395 alignleft\" src=\"https:\/\/www.moyenagepassion.com\/wp-content\/uploads\/2017\/11\/marche_noel_historique_traditionnel_strasbourg.jpg\" alt=\"marche_noel_historique_traditionnel_strasbourg\" width=\"171\" height=\"246\" srcset=\"https:\/\/www.moyenagepassion.com\/wp-content\/uploads\/2017\/11\/marche_noel_historique_traditionnel_strasbourg.jpg 352w, https:\/\/www.moyenagepassion.com\/wp-content\/uploads\/2017\/11\/marche_noel_historique_traditionnel_strasbourg-209x300.jpg 209w\" sizes=\"(max-width: 171px) 100vw, 171px\" \/><\/a>M\u00eame s&rsquo;il n&rsquo;est pas vraiment m\u00e9di\u00e9val dans ses animations, il vaut tout de m\u00eame le coup de le mentionner ici, ne serait-ce que pour ses origines. Avec plus de quatre cents ans d&rsquo;Histoire, ce march\u00e9 est le plus ancien, non seulement d&rsquo;Alsace, mais aussi d&rsquo;Europe, et le march\u00e9 de No\u00ebl de Strasbourg est aussi, sans nul doute celui qui a inaugur\u00e9 cette tradition d\u00e9sormais bien ancr\u00e9e dans l&rsquo;ensemble de la r\u00e9gion.\u00a0 Cr\u00e9\u00e9 autour de la fin du XVIe si\u00e8cle, \u00e0 l&rsquo;initiative des protestants de Strasbourg qui entendaient bien\u00a0se d\u00e9marquer\u00a0des traditions catholiques d&rsquo;alors et de la Saint-Nicolas, l&rsquo;\u00e9v\u00e9nement visait \u00e0 revenir aux sources, en c\u00e9l\u00e9brant, au plus pr\u00e8s, la nativit\u00e9 et l&rsquo;Enfant J\u00e9sus.<\/p>\n<p style=\"text-align: justify;\">Avec plus de 300 artisans et exposants, de nombreux concerts et animations autour de la Nativit\u00e9, ce grand march\u00e9 de No\u00ebl\u00a0maintient haut la main sa tradition et on vient aujourd&rsquo;hui le visiter de l&rsquo;Europe enti\u00e8re.<\/p>\n<p style=\"text-align: justify;\"><a href=\"https:\/\/noel.strasbourg.eu\/les-marches-de-noel\" target=\"_blank\" rel=\"noopener noreferrer\">Programme, informations et site web officiel ici<\/a><\/p>\n<p style=\"text-align: justify;\">En vous\u00a0 souhaitant une belle journ\u00e9e.<\/p>\n<p style=\"text-align: justify;\">Fred<br \/>\nPour moyenagepassion.com<br \/>\n<em><strong>A la d\u00e9couverte du moyen-\u00e2ge sous toutes ses formes<\/strong><\/em><\/p>\n","protected":false},"excerpt":{"rendered":"<p>Sujet\u00a0: f\u00eates,\u00a0 \u00e9v\u00e9nement, march\u00e9 m\u00e9di\u00e9val, moyen-\u00e2ge, sorties, week end, animations m\u00e9di\u00e9vales. Ev\u00e9nement\u00a0:\u00a0divers f\u00eates et\u00a0 march\u00e9s de No\u00ebl avec animations m\u00e9di\u00e9vales. Lieu\u00a0:\u00a0Alsace Dates\u00a0: d\u00e9cembre\u00a02017 Bonjour \u00e0 tous, vec les frimats de l&rsquo;hiver et \u00e0 l&rsquo;approche des f\u00eates de la nativit\u00e9, les f\u00eates m\u00e9di\u00e9vales c\u00e8dent la place \u00e0 des march\u00e9s de No\u00ebl, certains d&rsquo;entre eux proposant aussi &hellip; <a href=\"https:\/\/www.moyenagepassion.com\/index.php\/2017\/11\/30\/agenda-fetes-medievales-et-marches-de-noel-animes\/\" class=\"more-link\">Continuer la lecture de <span class=\"screen-reader-text\">Agenda m\u00e9di\u00e9val d&rsquo;Hiver: f\u00eates et march\u00e9s de No\u00ebl anim\u00e9s<\/span>  <span class=\"meta-nav\">&rarr;<\/span><\/a><\/p>\n","protected":false},"author":2,"featured_media":0,"comment_status":"open","ping_status":"open","sticky":false,"template":"","format":"standard","meta":{"_monsterinsights_skip_tracking":false,"_monsterinsights_sitenote_active":false,"_monsterinsights_sitenote_note":"","_monsterinsights_sitenote_category":0,"footnotes":""},"categories":[11],"tags":[1539,2529,1988,2010,636,22,18],"class_list":["post-17380","post","type-post","status-publish","format-standard","hentry","category-fetes-medievales-evenement","tag-agenda-medieval","tag-animations-medievales","tag-chateau-wasselonne","tag-marche-de-noel","tag-marche-medieval","tag-medievale","tag-moyen-age"],"aioseo_notices":[],"_links":{"self":[{"href":"https:\/\/www.moyenagepassion.com\/index.php\/wp-json\/wp\/v2\/posts\/17380"}],"collection":[{"href":"https:\/\/www.moyenagepassion.com\/index.php\/wp-json\/wp\/v2\/posts"}],"about":[{"href":"https:\/\/www.moyenagepassion.com\/index.php\/wp-json\/wp\/v2\/types\/post"}],"author":[{"embeddable":true,"href":"https:\/\/www.moyenagepassion.com\/index.php\/wp-json\/wp\/v2\/users\/2"}],"replies":[{"embeddable":true,"href":"https:\/\/www.moyenagepassion.com\/index.php\/wp-json\/wp\/v2\/comments?post=17380"}],"version-history":[{"count":1,"href":"https:\/\/www.moyenagepassion.com\/index.php\/wp-json\/wp\/v2\/posts\/17380\/revisions"}],"predecessor-version":[{"id":34366,"href":"https:\/\/www.moyenagepassion.com\/index.php\/wp-json\/wp\/v2\/posts\/17380\/revisions\/34366"}],"wp:attachment":[{"href":"https:\/\/www.moyenagepassion.com\/index.php\/wp-json\/wp\/v2\/media?parent=17380"}],"wp:term":[{"taxonomy":"category","embeddable":true,"href":"https:\/\/www.moyenagepassion.com\/index.php\/wp-json\/wp\/v2\/categories?post=17380"},{"taxonomy":"post_tag","embeddable":true,"href":"https:\/\/www.moyenagepassion.com\/index.php\/wp-json\/wp\/v2\/tags?post=17380"}],"curies":[{"name":"wp","href":"https:\/\/api.w.org\/{rel}","templated":true}]}}