{"id":17785,"date":"2017-12-17T05:45:42","date_gmt":"2017-12-17T04:45:42","guid":{"rendered":"http:\/\/www.moyenagepassion.com\/?p=17785"},"modified":"2022-06-11T23:40:55","modified_gmt":"2022-06-11T22:40:55","slug":"archeosite-et-motte-castrale-la-belle-aventure-de-la-tour-roland-a-lassigny","status":"publish","type":"post","link":"https:\/\/www.moyenagepassion.com\/index.php\/2017\/12\/17\/archeosite-et-motte-castrale-la-belle-aventure-de-la-tour-roland-a-lassigny\/","title":{"rendered":"Motte castrale et arch\u00e9ologie exp\u00e9rimentale : la belle aventure de la Tour Roland"},"content":{"rendered":"<div id=\"moyen-3017858838\" class=\"moyen-before-content moyen-entity-placement\"><script async src=\"\/\/pagead2.googlesyndication.com\/pagead\/js\/adsbygoogle.js?client=ca-pub-3035390706780632\" crossorigin=\"anonymous\"><\/script><ins class=\"adsbygoogle\" style=\"display:block;\" data-ad-client=\"ca-pub-3035390706780632\" \ndata-ad-slot=\"\" \ndata-ad-format=\"auto\"><\/ins>\n<script> \n(adsbygoogle = window.adsbygoogle || []).push({}); \n<\/script>\n<\/div><p><strong><a href=\"https:\/\/www.moyenagepassion.com\/wp-content\/uploads\/2017\/12\/motte_castrale_feodale_archeosite_archeologie_medievale_experimentale_lassigny_tour_roland_armoiries.jpg\"><img decoding=\"async\" class=\"wp-image-17797 alignleft\" src=\"https:\/\/www.moyenagepassion.com\/wp-content\/uploads\/2017\/12\/motte_castrale_feodale_archeosite_archeologie_medievale_experimentale_lassigny_tour_roland_armoiries.jpg\" alt=\"motte_castrale_feodale_archeosite_archeologie_medievale_experimentale_lassigny_tour_roland_armoiries\" width=\"171\" height=\"168\" srcset=\"https:\/\/www.moyenagepassion.com\/wp-content\/uploads\/2017\/12\/motte_castrale_feodale_archeosite_archeologie_medievale_experimentale_lassigny_tour_roland_armoiries.jpg 566w, https:\/\/www.moyenagepassion.com\/wp-content\/uploads\/2017\/12\/motte_castrale_feodale_archeosite_archeologie_medievale_experimentale_lassigny_tour_roland_armoiries-300x296.jpg 300w\" sizes=\"(max-width: 171px) 100vw, 171px\" \/><\/a>Sujet<\/strong> : mottes castrales, motte f\u00e9odale, arch\u00e9ologie m\u00e9di\u00e9vale exp\u00e9rimentale, architecture m\u00e9di\u00e9vale, ch\u00e2teau \u00e0 motte, lieux d\u2019int\u00e9r\u00eat, arch\u00e9osite<br \/>\n<strong>P\u00e9riode<\/strong> : moyen-\u00e2ge central, XIIe si\u00e8cle<br \/>\n<strong>Lieu<\/strong> : Lassigny, Oise, Hauts de France<br \/>\n<strong>Porteur du projet<\/strong> : Bruno De Saedeleer Association Sauvegarde du Patrimoine,<\/p>\n<p>Bonjour \u00e0 tous,<\/p>\n<p style=\"text-align: justify;\"><img decoding=\"async\" class=\"alignleft size-full wp-image-394\" src=\"https:\/\/www.moyenagepassion.com\/wp-content\/uploads\/2015\/12\/Q_lettrine_moyen_age_passion.jpg\" alt=\"Q_lettrine_moyen_age_passion\" width=\"96\" height=\"103\" \/>u&rsquo;est-ce qui nous fait lever matin ? Qu&rsquo;est-ce qui fait que certains courent, plus que d&rsquo;autres et avec plus de force encore, apr\u00e8s leurs r\u00eaves ? Quelquefois, la passion pour le patrimoine, l&rsquo;Histoire, et les myst\u00e8res du pass\u00e9 suffit \u00e0 soulever des montagnes et c&rsquo;est le cas de l&rsquo;aventure humaine dont nous voulons vous parler aujourd&rsquo;hui.<\/p>\n<p style=\"text-align: justify;\">L&rsquo;histoire commence autour des ann\u00e9es 2010-2011. Nous sommes dans l&rsquo;Oise, pr\u00e8s de Compi\u00e8gne, dans la r\u00e9gion des <strong>Hauts- de-France<\/strong> et sur le territoire de la commune de <strong>Lassigny<\/strong>. Il y a l\u00e0 un site historique, les vestiges d&rsquo;une motte castrale qui,\u00a0 durant le moyen-\u00e2ge, surplombait un petit village rupestre qu&rsquo;elle tenait sous sa protection. Comme dans la plupart des cas de ce genre, quand la motte n&rsquo;a pas donn\u00e9 lieu \u00e0 des installations plus durables, il n&rsquo;en demeure plus de visible qu&rsquo;une simple \u00e9l\u00e9vation, un tertre nu dominant la plaine.\u00a0Sans \u00eatre un peu averti du sujet\u00a0ou curieux des choses du monde m\u00e9di\u00e9val, on aurait m\u00eame pu, il y a encore quelques ann\u00e9es, passer \u00e0 c\u00f4t\u00e9 sans savoir, mais ce n&rsquo;est plus le cas d\u00e9sormais.<\/p>\n<p style=\"text-align: justify;\"><a href=\"https:\/\/www.moyenagepassion.com\/wp-content\/uploads\/2017\/12\/motte_castrale_chateau_a_motte_chantier_archeosite_archeologie_medievale_experimentale_tour_roland_lassigny_picardie_oise1.jpg\"><img decoding=\"async\" class=\"alignnone wp-image-25655 size-full\" src=\"https:\/\/www.moyenagepassion.com\/wp-content\/uploads\/2017\/12\/motte_castrale_chateau_a_motte_chantier_archeosite_archeologie_medievale_experimentale_tour_roland_lassigny_picardie_oise1.jpg\" alt=\"\" width=\"1126\" height=\"266\" srcset=\"https:\/\/www.moyenagepassion.com\/wp-content\/uploads\/2017\/12\/motte_castrale_chateau_a_motte_chantier_archeosite_archeologie_medievale_experimentale_tour_roland_lassigny_picardie_oise1.jpg 1126w, https:\/\/www.moyenagepassion.com\/wp-content\/uploads\/2017\/12\/motte_castrale_chateau_a_motte_chantier_archeosite_archeologie_medievale_experimentale_tour_roland_lassigny_picardie_oise1-300x71.jpg 300w, https:\/\/www.moyenagepassion.com\/wp-content\/uploads\/2017\/12\/motte_castrale_chateau_a_motte_chantier_archeosite_archeologie_medievale_experimentale_tour_roland_lassigny_picardie_oise1-1024x242.jpg 1024w\" sizes=\"(max-width: 1126px) 100vw, 1126px\" \/><\/a><\/p>\n<p style=\"text-align: justify;\">Il y a pr\u00e8s de 6 ans de cela, <strong>Bruno De Saedeleer, <\/strong>un passionn\u00e9 d&rsquo;arch\u00e9ologie et d&rsquo;Histoire, s&rsquo;est, en effet, mis en t\u00eate d&rsquo;aller bien plus loin que la simple pr\u00e9servation du site, en l&rsquo;\u00e9tat. Avec l&rsquo;appui de la commune, il a m\u00eame d\u00e9cid\u00e9 d&rsquo;y insuffler\u00a0de nouveau, la vie qui animait d\u00e9j\u00e0 l&rsquo;endroit, il y a pr\u00e8s de 1000 ans\u00a0 quand\u00a0un petit seigneur du nom de <strong>Roland<\/strong>, tenait ce fief et en avait fait son havre, sous la main\u00a0de <strong>Raoul 1er<\/strong>, s\u00e9n\u00e9chal de France et comte de Vermandois\u00a0 dont il \u00e9tait le vassal.<\/p>\n<figure id=\"attachment_17804\" aria-describedby=\"caption-attachment-17804\" style=\"width: 423px\" class=\"wp-caption aligncenter\"><a href=\"https:\/\/www.moyenagepassion.com\/wp-content\/uploads\/2017\/12\/motte_castrale_feodale_lassigny_jeancharles_toullec_archeologie_expermimentale_architecture_medievale.jpg\"><img decoding=\"async\" class=\" wp-image-17804\" src=\"https:\/\/www.moyenagepassion.com\/wp-content\/uploads\/2017\/12\/motte_castrale_feodale_lassigny_jeancharles_toullec_archeologie_expermimentale_architecture_medievale.jpg\" alt=\"Motte castrale de Lassigny, arch\u00e9osite exp\u00e9rimentale, Aquarelle de JC TOULLEC\" width=\"423\" height=\"279\" srcset=\"https:\/\/www.moyenagepassion.com\/wp-content\/uploads\/2017\/12\/motte_castrale_feodale_lassigny_jeancharles_toullec_archeologie_expermimentale_architecture_medievale.jpg 640w, https:\/\/www.moyenagepassion.com\/wp-content\/uploads\/2017\/12\/motte_castrale_feodale_lassigny_jeancharles_toullec_archeologie_expermimentale_architecture_medievale-300x198.jpg 300w\" sizes=\"(max-width: 423px) 100vw, 423px\" \/><\/a><figcaption id=\"caption-attachment-17804\" class=\"wp-caption-text\">Motte castrale de Lassigny, arch\u00e9osite exp\u00e9rimentale, Aquarelle de l&rsquo;artiste\u00a0\u00a0<a href=\"https:\/\/www.facebook.com\/jeancharles.toullec\" target=\"_blank\" rel=\"noopener noreferrer\">JC TOULLEC<\/a><\/figcaption><\/figure>\n<h2 style=\"text-align: justify;\">Un chantier d\u2019arch\u00e9ologie exp\u00e9rimentale.<\/h2>\n<p style=\"text-align: justify;\">Sans attendre, \u00a0une Association est donc cr\u00e9\u00e9e avec pour nom sans \u00e9quivoque <strong>\u00ab\u00a0Sauvegarde du Patrimoine\u00a0\u00bb<\/strong>. Son ambition ? Faire resurgir ici d&rsquo;apr\u00e8s plan et sur le site historique m\u00eame les b\u00e2timents, le village m\u00e9di\u00e9val et la tour ma\u00eetresse, pour\u00a0replonger ses futurs visiteurs au coeur du moyen-\u00e2ge central.<\/p>\n<p style=\"text-align: justify;\">En 2011, apr\u00e8s une \u00e9tude des sols r\u00e9alis\u00e9e \u00e0 la demande de l&rsquo;Association, sous la houlette conjointe de l&rsquo;arch\u00e9ologue m\u00e9di\u00e9viste <strong>Richard Jonvel<\/strong> et de l&rsquo;<strong>Universit\u00e9 de Picardie Jules Verne<\/strong>, on mettra \u00e0 jour des vestiges, des trac\u00e9s et une masse d&rsquo;information suffisante pour\u00a0avoir une vision plus claire du site tel qu&rsquo;il se <a href=\"https:\/\/www.moyenagepassion.com\/wp-content\/uploads\/2017\/12\/motte_castrale_feodale_chateaux_moyen-age_central_tour_roland_lassigny_archeosite_archeologie_medievale_experimentale.jpg\"><img decoding=\"async\" class=\"wp-image-17807 alignright\" src=\"https:\/\/www.moyenagepassion.com\/wp-content\/uploads\/2017\/12\/motte_castrale_feodale_chateaux_moyen-age_central_tour_roland_lassigny_archeosite_archeologie_medievale_experimentale.jpg\" alt=\"motte_castrale_feodale_chateaux_moyen-age_central_tour_roland_lassigny_archeosite_archeologie_medievale_experimentale\" width=\"197\" height=\"265\" srcset=\"https:\/\/www.moyenagepassion.com\/wp-content\/uploads\/2017\/12\/motte_castrale_feodale_chateaux_moyen-age_central_tour_roland_lassigny_archeosite_archeologie_medievale_experimentale.jpg 900w, https:\/\/www.moyenagepassion.com\/wp-content\/uploads\/2017\/12\/motte_castrale_feodale_chateaux_moyen-age_central_tour_roland_lassigny_archeosite_archeologie_medievale_experimentale-223x300.jpg 223w, https:\/\/www.moyenagepassion.com\/wp-content\/uploads\/2017\/12\/motte_castrale_feodale_chateaux_moyen-age_central_tour_roland_lassigny_archeosite_archeologie_medievale_experimentale-762x1024.jpg 762w\" sizes=\"(max-width: 197px) 100vw, 197px\" \/><\/a>pr\u00e9sentait par le pass\u00e9.\u00a0 Cap sur le XIIe si\u00e8cle ! L&rsquo;aventure de l&rsquo;arch\u00e9osite de la <strong>Tour Roland<\/strong> pouvait enfin vraiment d\u00e9buter.<\/p>\n<p style=\"text-align: justify;\">De retour \u00e0 la p\u00e9riode m\u00e9di\u00e9vale, l&rsquo;\u00e9dification de la motte et la construction de sa tour soulev\u00e8rent, semble-t-il, quelques d\u00e9bats. Nous en avons d\u00e9j\u00e0 parl\u00e9 en d&rsquo;autres endroits, les mottes castrales ont souvent \u00e9t\u00e9 \u00e9lev\u00e9es rapidement, quelquefois en quelques jours seulement, et celle-ci, en son temps,\u00a0 ne fut pas du go\u00fbt de l\u2019\u00e9v\u00each\u00e9 de <strong>Noyons<\/strong>\u00a0qui n&rsquo;y vit alors rien moins qu&rsquo;une atteinte \u00e0 sa suzerainet\u00e9 sur ses terres. Apr\u00e8s quelques pourparlers et de s\u00e9rieuses n\u00e9gociations avec le comte de Vermandois, la question fut pourtant r\u00e9gl\u00e9e et, sous condition(s), on laissa finalement la tour et son \u00e9l\u00e9vation occuper, pour longtemps, le terrain. C&rsquo;est \u00e0 cette p\u00e9riode, autour de la date cl\u00e9 de 1137, que l&rsquo;<strong>Association Sauvegarde du Patrimoine<\/strong> se propose de refaire vivre le site.<\/p>\n<h2 style=\"text-align: justify;\">Le chemin parcouru : \u00e9changes,<br \/>\nexp\u00e9riences, exp\u00e9rimentations<\/h2>\n<p style=\"text-align: justify;\">Apr\u00e8s sa cr\u00e9ation, d&rsquo;autres passionn\u00e9s et \u00e9rudits sont venus se joindre \u00e0 l&rsquo;aventure pour y apporter leur expertise\u00a0ou y pr\u00eater leur\u00a0main. De son c\u00f4t\u00e9, pour faire bonne mesure, l&rsquo;Association a continu\u00e9\u00a0de s&rsquo;entourer des conseils \u00e9clair\u00e9s d&rsquo;experts, historiens, arch\u00e9ologues, m\u00e9di\u00e9vistes et universitaires. Vous l&rsquo;aurez compris, on ne veut, ici, rien laisser au hasard et il s&rsquo;agit bien de conduire une exp\u00e9rience d&rsquo;arch\u00e9ologie exp\u00e9rimentale au plus pr\u00e8s de la r\u00e9alit\u00e9 historique.<\/p>\n<p style=\"text-align: justify;\"><a href=\"https:\/\/www.moyenagepassion.com\/wp-content\/uploads\/2017\/12\/motte_castrale_feodale_reconstitution_chateaux_a_motte_moyen-age_lassigny_archeologie_medievale_experimentale.jpg\"><img decoding=\"async\" class=\"wp-image-17817 alignleft\" src=\"https:\/\/www.moyenagepassion.com\/wp-content\/uploads\/2017\/12\/motte_castrale_feodale_reconstitution_chateaux_a_motte_moyen-age_lassigny_archeologie_medievale_experimentale.jpg\" alt=\"motte_castrale_feodale_reconstitution_chateaux_a_motte_moyen-age_lassigny_archeologie_medievale_experimentale\" width=\"172\" height=\"231\" srcset=\"https:\/\/www.moyenagepassion.com\/wp-content\/uploads\/2017\/12\/motte_castrale_feodale_reconstitution_chateaux_a_motte_moyen-age_lassigny_archeologie_medievale_experimentale.jpg 900w, https:\/\/www.moyenagepassion.com\/wp-content\/uploads\/2017\/12\/motte_castrale_feodale_reconstitution_chateaux_a_motte_moyen-age_lassigny_archeologie_medievale_experimentale-223x300.jpg 223w, https:\/\/www.moyenagepassion.com\/wp-content\/uploads\/2017\/12\/motte_castrale_feodale_reconstitution_chateaux_a_motte_moyen-age_lassigny_archeologie_medievale_experimentale-762x1024.jpg 762w\" sizes=\"(max-width: 172px) 100vw, 172px\" \/><\/a>Techniques de constructions d&rsquo;\u00e9poque, taille de pierre, grand renforts\u00a0de bois, outils\u00a0 forg\u00e9s sur place pour certains d&rsquo;entre eux, \u00e0 l&rsquo;image du chantier de\u00a0<em><strong><a href=\"https:\/\/www.moyenagepassion.com\/index.php\/2015\/12\/11\/le-chateau-de-guedelon\/\" target=\"_blank\" rel=\"noopener noreferrer\">Ch\u00e2teau de Guedelon,<\/a> <\/strong><\/em>l&rsquo;Association fait appel \u00e0 son environnement imm\u00e9diat pour trouver les mat\u00e9riaux n\u00e9cessaires \u00e0 la r\u00e9alisation du projet.\u00a0Lieu d&rsquo;\u00e9change et de d\u00e9couverte, d&rsquo;apprentissage, mais encore\u00a0 d&rsquo;exp\u00e9rimentation, \u00e0 quelques ann\u00e9es de son lancement, le site de la Tour Roland est devenu un peu tout cela \u00e0 la fois.<\/p>\n<p style=\"text-align: justify;\">Loin de rester sur le papier, en six ans, le projet a en effet bien avanc\u00e9 et s&rsquo;est largement concr\u00e9tis\u00e9. Le site est totalement ouvert aux visites qui servent \u00e0 appuyer valablement son financement et il accueille encore de nombreux b\u00e9n\u00e9voles ou scolaires sur ses diff\u00e9rents chantiers. Aujourd&rsquo;hui, vous pourrez y d\u00e9couvrir\u00a0une forge, des \u00e9curies, des \u00e9tables, une belle barbacane de bois, une maison de potier, un four \u00e0 pain et encore une grange qui a m\u00eame, depuis sa cr\u00e9ation, donn\u00e9 naissance \u00e0 des animaux, veaux, ch\u00e8vres et poussins. Quant \u00e0 la tour ma\u00eetresse juch\u00e9e sur la butte, son premier niveau et ses premiers rangs de pierre se dressent d\u00e9j\u00e0 fi\u00e8rement avec comme objectif sa finalisation\u00a0dans le courant de l&rsquo;ann\u00e9e \u00e0 venir. Par la suite, le projet devrait se poursuivre encore plus loin dans le temps et de nouvelles campagnes de fouilles seront \u00e9galement conduites sur site.<\/p>\n<p style=\"text-align: justify;\"><a href=\"https:\/\/www.moyenagepassion.com\/wp-content\/uploads\/2017\/12\/mottes_castrales_feodale_chateau_a_mottes_tour_roland_picardie_archeologie_medievale_moyen-age_central_XIIe_siecle.jpg\"><img decoding=\"async\" class=\"wp-image-17810 aligncenter\" src=\"https:\/\/www.moyenagepassion.com\/wp-content\/uploads\/2017\/12\/mottes_castrales_feodale_chateau_a_mottes_tour_roland_picardie_archeologie_medievale_moyen-age_central_XIIe_siecle.jpg\" alt=\"mottes_castrales_feodale_chateau_a_mottes_tour_roland_picardie_archeologie_medievale_moyen-age_central_XIIe_siecle\" width=\"449\" height=\"253\" srcset=\"https:\/\/www.moyenagepassion.com\/wp-content\/uploads\/2017\/12\/mottes_castrales_feodale_chateau_a_mottes_tour_roland_picardie_archeologie_medievale_moyen-age_central_XIIe_siecle.jpg 1000w, https:\/\/www.moyenagepassion.com\/wp-content\/uploads\/2017\/12\/mottes_castrales_feodale_chateau_a_mottes_tour_roland_picardie_archeologie_medievale_moyen-age_central_XIIe_siecle-300x169.jpg 300w\" sizes=\"(max-width: 449px) 100vw, 449px\" \/><\/a><\/p>\n<h2 style=\"text-align: justify;\">Partenariats institutionnels et financement<\/h2>\n<p style=\"text-align: justify;\">Du c\u00f4t\u00e9 des partenariats, la municipalit\u00e9, ainsi que le d\u00e9partement de l&rsquo;Oise et m\u00eame la communaut\u00e9 de communes se sont associ\u00e9s au projet. Ils ont \u00e9t\u00e9 encore rejoints par quelques autres partenaires priv\u00e9s et financiers.<\/p>\n<p style=\"text-align: justify;\">Un agr\u00e9ment a \u00e9galement \u00e9t\u00e9 sign\u00e9 avec l&rsquo;\u00e9ducation nationale dans le cadre des <strong>Contrat\u00a0D\u00e9partementaux de D\u00e9veloppement Culturel<\/strong>. donnant lieu notamment\u00a0 \u00e0 des chantiers \u00e9coles d&rsquo;apprentissage et de sensibilisation \u00e0 l&rsquo;Histoire autant qu&rsquo;aux m\u00e9thodes de constructions venues du moyen-\u00e2ge.<\/p>\n<p style=\"text-align: justify;\">Bien s\u00fbr, afin de consolider ses appuis, de se doter de moyens suppl\u00e9mentaires et d&rsquo;avancer plus efficacement dans ses objectifs, la structure accueille toujours avec bienveillance et enthousiasme tout nouveau partenaire\u00a0<a href=\"https:\/\/www.moyenagepassion.com\/wp-content\/uploads\/2017\/12\/motte_castrale_feodale_chateaux_a_motte_moyen-age_lassigny_archeologie_medievale_archeosite.jpg\"><img decoding=\"async\" class=\"wp-image-17813 alignright\" src=\"https:\/\/www.moyenagepassion.com\/wp-content\/uploads\/2017\/12\/motte_castrale_feodale_chateaux_a_motte_moyen-age_lassigny_archeologie_medievale_archeosite.jpg\" alt=\"motte_castrale_feodale_chateaux_a_motte_moyen-age_lassigny_archeologie_medievale_archeosite\" width=\"196\" height=\"263\" srcset=\"https:\/\/www.moyenagepassion.com\/wp-content\/uploads\/2017\/12\/motte_castrale_feodale_chateaux_a_motte_moyen-age_lassigny_archeologie_medievale_archeosite.jpg 900w, https:\/\/www.moyenagepassion.com\/wp-content\/uploads\/2017\/12\/motte_castrale_feodale_chateaux_a_motte_moyen-age_lassigny_archeologie_medievale_archeosite-223x300.jpg 223w, https:\/\/www.moyenagepassion.com\/wp-content\/uploads\/2017\/12\/motte_castrale_feodale_chateaux_a_motte_moyen-age_lassigny_archeologie_medievale_archeosite-762x1024.jpg 762w\" sizes=\"(max-width: 196px) 100vw, 196px\" \/><\/a>d\u00e9sireux de faire partie de l&rsquo;aventure, en num\u00e9raire, en moyens mat\u00e9riels ou m\u00eame\u00a0venu mettre la main \u00e0 la p\u00e2te\u00a0 sur le terrain.<\/p>\n<p style=\"text-align: justify;\">Avant de terminer cette br\u00e8ve pr\u00e9sentation du site de la <strong>Tour Roland<\/strong> et de\u00a0son beau projet, signalons encore que chaque ann\u00e9e, des\u00a0<em><strong>M\u00e9di\u00e9vales<\/strong><\/em> sont organis\u00e9es sur place autour du mois de juillet. Nous aurons, bien s\u00fbr, l&rsquo;occasion de vous informer de celles \u00e0 venir. Dans l&rsquo;attente, pour plus d&rsquo;informations, de photos et de d\u00e9tails, visitez le site web officiel ici : <a href=\"http:\/\/tour-roland.com\" target=\"_blank\" rel=\"noopener noreferrer\">www.tour-roland.com<\/a><\/p>\n<p style=\"text-align: justify;\">Pour plus d&rsquo;informations sur les mottes castrales, ajoutons enfin que vous pouvez valablement vous r\u00e9f\u00e9rer \u00e0 nos vid\u00e9os de reconstitution et nos articles sur la question : <a href=\"https:\/\/www.moyenagepassion.com\/?s=mottes+castrales\" target=\"_blank\" rel=\"noopener noreferrer\">Les mottes castrales et les ch\u00e2teaux \u00e0 motte.<\/a><\/p>\n<p style=\"text-align: justify;\">En vous souhaitant une belle journ\u00e9e.<\/p>\n<p>Fred<br \/>\nPour moyenagepassion.com<br \/>\n<em><strong>A la d\u00e9couverte du moyen-\u00e2ge sous toutes ses formes.<\/strong><\/em><\/p>\n<p>A propos de la Tour Roland de Lassigny, vous pourriez aussi aimer :<\/p>\n<ul>\n<li><a href=\"https:\/\/www.moyenagepassion.com\/index.php\/2019\/03\/13\/un-digne-logis-pour-le-seigneur-de-la-tour-roland-de-lassigny\/\">Un digne logis pour le Seigneur de la Tour de Lassigny (2019<\/a>)<\/li>\n<li><a href=\"https:\/\/www.moyenagepassion.com\/index.php\/2018\/11\/05\/mottes-castrales-et-chateaux-a-motte-des-nouvelles-de-la-tour-roland-de-lassigny\/\">Des nouvelles de la Tour Roland de Lassigny (2018)<\/a><\/li>\n<li><a href=\"https:\/\/www.moyenagepassion.com\/index.php\/2018\/01\/08\/la-tour-roland-motte-castrale-experimentale-petite-video-de-presentation\/\">Tour Roland, un teaser vid\u00e9o pour la d\u00e9couvrir en image (2018)<\/a><\/li>\n<\/ul>\n","protected":false},"excerpt":{"rendered":"<p>Sujet : mottes castrales, motte f\u00e9odale, arch\u00e9ologie m\u00e9di\u00e9vale exp\u00e9rimentale, architecture m\u00e9di\u00e9vale, ch\u00e2teau \u00e0 motte, lieux d\u2019int\u00e9r\u00eat, arch\u00e9osite P\u00e9riode : moyen-\u00e2ge central, XIIe si\u00e8cle Lieu : Lassigny, Oise, Hauts de France Porteur du projet : Bruno De Saedeleer Association Sauvegarde du Patrimoine, Bonjour \u00e0 tous, u&rsquo;est-ce qui nous fait lever matin ? Qu&rsquo;est-ce qui fait que &hellip; <a href=\"https:\/\/www.moyenagepassion.com\/index.php\/2017\/12\/17\/archeosite-et-motte-castrale-la-belle-aventure-de-la-tour-roland-a-lassigny\/\" class=\"more-link\">Continuer la lecture de <span class=\"screen-reader-text\">Motte castrale et arch\u00e9ologie exp\u00e9rimentale : la belle aventure de la Tour Roland<\/span>  <span class=\"meta-nav\">&rarr;<\/span><\/a><\/p>\n","protected":false},"author":2,"featured_media":0,"comment_status":"open","ping_status":"open","sticky":false,"template":"","format":"standard","meta":{"_monsterinsights_skip_tracking":false,"_monsterinsights_sitenote_active":false,"_monsterinsights_sitenote_note":"","_monsterinsights_sitenote_category":0,"footnotes":""},"categories":[2,13],"tags":[1924,789,1925,290,1290,3363,682,22,182,360,817,18,85,261,3362,2064],"class_list":["post-17785","post","type-post","status-publish","format-standard","hentry","category-chateau-forteresse-moyen-age-architecture-medievale","category-lieux-moyen-age-medievaux","tag-archeologie-experimentale","tag-archeologie-medievale","tag-archeosite","tag-architecture-medievale","tag-chateau-a-motte","tag-lassigny","tag-lieux-dinteret","tag-medievale","tag-monde-medieval","tag-motte-feodale","tag-mottes-castrales","tag-moyen-age","tag-moyen-age-central","tag-reconstitution-historique","tag-tour-roland","tag-xiie-siecle"],"aioseo_notices":[],"_links":{"self":[{"href":"https:\/\/www.moyenagepassion.com\/index.php\/wp-json\/wp\/v2\/posts\/17785"}],"collection":[{"href":"https:\/\/www.moyenagepassion.com\/index.php\/wp-json\/wp\/v2\/posts"}],"about":[{"href":"https:\/\/www.moyenagepassion.com\/index.php\/wp-json\/wp\/v2\/types\/post"}],"author":[{"embeddable":true,"href":"https:\/\/www.moyenagepassion.com\/index.php\/wp-json\/wp\/v2\/users\/2"}],"replies":[{"embeddable":true,"href":"https:\/\/www.moyenagepassion.com\/index.php\/wp-json\/wp\/v2\/comments?post=17785"}],"version-history":[{"count":4,"href":"https:\/\/www.moyenagepassion.com\/index.php\/wp-json\/wp\/v2\/posts\/17785\/revisions"}],"predecessor-version":[{"id":44942,"href":"https:\/\/www.moyenagepassion.com\/index.php\/wp-json\/wp\/v2\/posts\/17785\/revisions\/44942"}],"wp:attachment":[{"href":"https:\/\/www.moyenagepassion.com\/index.php\/wp-json\/wp\/v2\/media?parent=17785"}],"wp:term":[{"taxonomy":"category","embeddable":true,"href":"https:\/\/www.moyenagepassion.com\/index.php\/wp-json\/wp\/v2\/categories?post=17785"},{"taxonomy":"post_tag","embeddable":true,"href":"https:\/\/www.moyenagepassion.com\/index.php\/wp-json\/wp\/v2\/tags?post=17785"}],"curies":[{"name":"wp","href":"https:\/\/api.w.org\/{rel}","templated":true}]}}