{"id":18277,"date":"2018-01-10T01:05:19","date_gmt":"2018-01-10T00:05:19","guid":{"rendered":"http:\/\/www.moyenagepassion.com\/?p=18277"},"modified":"2018-09-19T03:00:06","modified_gmt":"2018-09-19T02:00:06","slug":"arts-et-musique-au-moyen-age-trois-conferences-pointues-avec-linha","status":"publish","type":"post","link":"https:\/\/www.moyenagepassion.com\/index.php\/2018\/01\/10\/arts-et-musique-au-moyen-age-trois-conferences-pointues-avec-linha\/","title":{"rendered":"Arts et Musique au moyen-\u00e2ge, trois conf\u00e9rences pointues avec l&rsquo;INHA"},"content":{"rendered":"<div id=\"moyen-364713891\" class=\"moyen-before-content moyen-entity-placement\"><script async src=\"\/\/pagead2.googlesyndication.com\/pagead\/js\/adsbygoogle.js?client=ca-pub-3035390706780632\" crossorigin=\"anonymous\"><\/script><ins class=\"adsbygoogle\" style=\"display:block;\" data-ad-client=\"ca-pub-3035390706780632\" \ndata-ad-slot=\"\" \ndata-ad-format=\"auto\"><\/ins>\n<script> \n(adsbygoogle = window.adsbygoogle || []).push({}); \n<\/script>\n<\/div><p><strong><a href=\"https:\/\/www.moyenagepassion.com\/wp-content\/uploads\/2018\/01\/evenement_conferences_monde_medieval_histoire_arts_musique_moyen-age.jpg\"><img decoding=\"async\" class=\" wp-image-18280 alignleft\" src=\"https:\/\/www.moyenagepassion.com\/wp-content\/uploads\/2018\/01\/evenement_conferences_monde_medieval_histoire_arts_musique_moyen-age.jpg\" alt=\"evenement_conferences_monde_medieval_histoire_arts_musique_moyen-age\" width=\"103\" height=\"155\" srcset=\"https:\/\/www.moyenagepassion.com\/wp-content\/uploads\/2018\/01\/evenement_conferences_monde_medieval_histoire_arts_musique_moyen-age.jpg 365w, https:\/\/www.moyenagepassion.com\/wp-content\/uploads\/2018\/01\/evenement_conferences_monde_medieval_histoire_arts_musique_moyen-age-199x300.jpg 199w\" sizes=\"(max-width: 103px) 100vw, 103px\" \/><\/a>Sujet<\/strong> : conf\u00e9rence, \u00e9v\u00e9nement, Histoire de l&rsquo;Art,\u00a0 Musicologie, monde m\u00e9di\u00e9val.<br \/>\n<strong>P\u00e9riode<\/strong> : Moyen-\u00e2ge central \u00e0 tardif<br \/>\n<strong>Organisateur<\/strong> : Institut National d&rsquo;Histoire de l&rsquo;Art<br \/>\n<strong>Dates<\/strong> : les 10 et 12 janvier 2018<br \/>\n<strong>Lieu<\/strong> :\u00a0\u00a0Galerie Colbert, salle Walter Benjamin<br \/>\nInstitut national d\u2019histoire de l\u2019art 75002 Paris<\/p>\n<p style=\"text-align: justify;\">Bonjour \u00e0 tous,<\/p>\n<p style=\"text-align: justify;\"><img decoding=\"async\" class=\"alignleft size-full wp-image-153\" src=\"https:\/\/www.moyenagepassion.com\/wp-content\/uploads\/2015\/12\/L_lettrine_moyen_age_passion.jpg\" alt=\"L_lettrine_moyen_age_passion\" width=\"84\" height=\"103\" \/>es 10 et 12 janvier, l&rsquo;<strong>Institut National d&rsquo;Histoire de l&rsquo;Art<\/strong> en collaboration avec l&rsquo;<strong>Institut National de Musicologie<\/strong> donnera un cycle de trois conf\u00e9rences sur le th\u00e8me : Arts et musique au Moyen-\u00e2ge. Attention, toutefois, l&rsquo;\u00e9v\u00e9nement concerne des anglophones puisque toutes les conf\u00e9rences seront donn\u00e9es dans cette langue.<\/p>\n<h2 style=\"text-align: justify;\">Le mercredi 10 janvier 2018, de 18h \u00e0 20h.<\/h2>\n<p style=\"text-align: left;\"><em><strong><br \/>\n<span style=\"color: #008000;\">Nightingales in literary texts and images:<br \/>\ndiverse modes of subversion<\/span><\/strong><\/em><\/p>\n<p style=\"text-align: justify;\">\u00ab\u00a0<a href=\"https:\/\/www.moyenagepassion.com\/index.php\/2017\/06\/20\/litterature-et-poesie-medievales-un-voyage-autour-de-la-notion-de-nouveaute-au-moyen-age-par-michel-zink\/\" target=\"_blank\">Renouvel<\/a>\u00ab\u00a0, amours naissantes,\u00a0\u00a0joies ou jeux plus cach\u00e9s et interdits, cette conf\u00e9rence se donne pour objectif\u00a0d&rsquo;approcher les diff\u00e9rentes repr\u00e9sentations du\u00a0rossignol dans les textes litt\u00e9raires et les images\u00a0en provenance du monde m\u00e9di\u00e9val.<\/p>\n<p><span style=\"color: #008000;\"><strong>Morgan Dickson. <\/strong><\/span>Sp\u00e9cialis\u00e9e dans la litt\u00e9rature m\u00e9di\u00e9vale,\u00a0elle enseigne\u00a0\u00e0 l&rsquo;<strong>Universit\u00e9 de Picardie Jules Verne<\/strong>.<\/p>\n<p style=\"text-align: justify;\"><span style=\"color: #008000;\"><em><strong>Representing the Music of Minnesang<\/strong><\/em><\/span><\/p>\n<p style=\"text-align: justify;\">Art po\u00e9tique lyrique m\u00e9di\u00e9val du moyen-\u00e2ge central (XIIe au XIVe), le <em><strong>Minnesang<\/strong><\/em>\u00a0allemand partage des \u00e9l\u00e9ments communs avec l&rsquo;art de nos trouv\u00e8res ou de\u00a0nos troubadours.\u00a0 La conf\u00e9rence approchera cet art en se penchant notamment sur les repr\u00e9sentations de la musique dans les\u00a0 manuscrits\u00a0 \u00a0anciens, qui en t\u00e9moignent.<\/p>\n<p style=\"text-align: left;\"><strong><span style=\"color: #008000;\">Henry Hope<\/span>\u00a0<\/strong>est chercheur \u00e0 l&rsquo;<strong>Institut de Musicologie<\/strong> de l&rsquo;<strong>Universit\u00e9 de Bern<\/strong>.<\/p>\n<h2 style=\"text-align: justify;\">Le vendredi 12 janvier 2018, de 17h \u00e0 18h30<\/h2>\n<p style=\"text-align: justify;\"><span style=\"color: #008000;\"><strong><em>Music and Architecture: A Shared Aesthetic of the Flamboyant\u00a0<\/em><\/strong><\/span><\/p>\n<p style=\"text-align: justify;\">Il s&rsquo;agira ici, d&rsquo;\u00e9tudier les possibles rapprochements entre l&rsquo;architecture flamboyante du XVe et la musique polyphonique de ce m\u00eame si\u00e8cle,<\/p>\n<p><span style=\"color: #008000;\"><strong>Graeme Boone<\/strong>\u00a0<\/span>est professeur de Musicologie \u00e0 l&rsquo;Universit\u00e9 de l&rsquo;Etat de l&rsquo;Ohio.<\/p>\n<p style=\"text-align: justify;\">Dans le cadre d&rsquo;un programme de recherche sur l&rsquo;histoire de l&rsquo;Art du\u00a0 IV au XVe si\u00e8cle,\u00a0l&rsquo;<strong>INHA<\/strong> s&rsquo;est donn\u00e9 pour objectif,\u00a0depuis 2015, d&rsquo;approcher les relations entre arts visuels et musique, de l&rsquo;antiquit\u00e9 au moyen-\u00e2ge. Ce cycle de conf\u00e9rence s&rsquo;inscrit dans ces d\u00e9veloppements et fait aussi un pont avec un s\u00e9minaire autour de l&rsquo;iconographie musicale et de l&rsquo;art occidental que donnera cette ann\u00e9e\u00a0\u00a0l&rsquo;<strong>Institut de recherche en musicologie<\/strong>.<\/p>\n<p>L&rsquo;entr\u00e9e de ces conf\u00e9rences est libre. Pour plus de d\u00e9tails,\u00a0<a href=\"https:\/\/www.inha.fr\/fr\/recherche\/programmation-scientifique\/en-2017-2018\/arts-et-musique-au-moyen-age.html\" target=\"_blank\">le site officiel de l&rsquo;INHA est ici<\/a>.<\/p>\n<p style=\"text-align: justify;\">En vous souhaitant une belle journ\u00e9e.<\/p>\n<p>Fred<br \/>\nPour moyenagepassion.com<br \/>\n<em><strong>A la d\u00e9couverte du monde m\u00e9di\u00e9val sous toutes ses formes<\/strong><\/em><\/p>\n","protected":false},"excerpt":{"rendered":"<p>Sujet : conf\u00e9rence, \u00e9v\u00e9nement, Histoire de l&rsquo;Art,\u00a0 Musicologie, monde m\u00e9di\u00e9val. P\u00e9riode : Moyen-\u00e2ge central \u00e0 tardif Organisateur : Institut National d&rsquo;Histoire de l&rsquo;Art Dates : les 10 et 12 janvier 2018 Lieu :\u00a0\u00a0Galerie Colbert, salle Walter Benjamin Institut national d\u2019histoire de l\u2019art 75002 Paris Bonjour \u00e0 tous, es 10 et 12 janvier, l&rsquo;Institut National d&rsquo;Histoire &hellip; <a href=\"https:\/\/www.moyenagepassion.com\/index.php\/2018\/01\/10\/arts-et-musique-au-moyen-age-trois-conferences-pointues-avec-linha\/\" class=\"more-link\">Continuer la lecture de <span class=\"screen-reader-text\">Arts et Musique au moyen-\u00e2ge, trois conf\u00e9rences pointues avec l&rsquo;INHA<\/span>  <span class=\"meta-nav\">&rarr;<\/span><\/a><\/p>\n","protected":false},"author":2,"featured_media":0,"comment_status":"open","ping_status":"open","sticky":false,"template":"","format":"standard","meta":{"_monsterinsights_skip_tracking":false,"_monsterinsights_sitenote_active":false,"_monsterinsights_sitenote_note":"","_monsterinsights_sitenote_category":0,"footnotes":""},"categories":[11],"tags":[1480,3428,182,18,85,913,3429,78,2168],"class_list":["post-18277","post","type-post","status-publish","format-standard","hentry","category-fetes-medievales-evenement","tag-conference","tag-histoire-de-lart","tag-monde-medieval","tag-moyen-age","tag-moyen-age-central","tag-moyen-age-tardif","tag-musicologie","tag-musique","tag-xve-siecle"],"aioseo_notices":[],"_links":{"self":[{"href":"https:\/\/www.moyenagepassion.com\/index.php\/wp-json\/wp\/v2\/posts\/18277"}],"collection":[{"href":"https:\/\/www.moyenagepassion.com\/index.php\/wp-json\/wp\/v2\/posts"}],"about":[{"href":"https:\/\/www.moyenagepassion.com\/index.php\/wp-json\/wp\/v2\/types\/post"}],"author":[{"embeddable":true,"href":"https:\/\/www.moyenagepassion.com\/index.php\/wp-json\/wp\/v2\/users\/2"}],"replies":[{"embeddable":true,"href":"https:\/\/www.moyenagepassion.com\/index.php\/wp-json\/wp\/v2\/comments?post=18277"}],"version-history":[{"count":0,"href":"https:\/\/www.moyenagepassion.com\/index.php\/wp-json\/wp\/v2\/posts\/18277\/revisions"}],"wp:attachment":[{"href":"https:\/\/www.moyenagepassion.com\/index.php\/wp-json\/wp\/v2\/media?parent=18277"}],"wp:term":[{"taxonomy":"category","embeddable":true,"href":"https:\/\/www.moyenagepassion.com\/index.php\/wp-json\/wp\/v2\/categories?post=18277"},{"taxonomy":"post_tag","embeddable":true,"href":"https:\/\/www.moyenagepassion.com\/index.php\/wp-json\/wp\/v2\/tags?post=18277"}],"curies":[{"name":"wp","href":"https:\/\/api.w.org\/{rel}","templated":true}]}}