{"id":18663,"date":"2018-01-23T21:31:02","date_gmt":"2018-01-23T20:31:02","guid":{"rendered":"http:\/\/www.moyenagepassion.com\/?p=18663"},"modified":"2020-10-04T19:17:21","modified_gmt":"2020-10-04T18:17:21","slug":"passion-medievistes-un-podcast","status":"publish","type":"post","link":"https:\/\/www.moyenagepassion.com\/index.php\/2018\/01\/23\/passion-medievistes-un-podcast\/","title":{"rendered":"\u00ab\u00a0Passion m\u00e9di\u00e9vistes\u00a0\u00bb un podcast autour de l&rsquo;histoire m\u00e9di\u00e9vale par ses \u00e9tudiants"},"content":{"rendered":"<div id=\"moyen-2170910107\" class=\"moyen-before-content moyen-entity-placement\"><script async src=\"\/\/pagead2.googlesyndication.com\/pagead\/js\/adsbygoogle.js?client=ca-pub-3035390706780632\" crossorigin=\"anonymous\"><\/script><ins class=\"adsbygoogle\" style=\"display:block;\" data-ad-client=\"ca-pub-3035390706780632\" \ndata-ad-slot=\"\" \ndata-ad-format=\"auto\"><\/ins>\n<script> \n(adsbygoogle = window.adsbygoogle || []).push({}); \n<\/script>\n<\/div><p><strong><img decoding=\"async\" class=\"wp-image-18669 alignleft\" src=\"https:\/\/www.moyenagepassion.com\/wp-content\/uploads\/2018\/01\/passion_histoire_medievale_medievistes_doctorant_podcast_moyen-age.jpg\" alt=\"passion_histoire_medievale_medievistes_doctorant_podcast_moyen-age\" width=\"69\" height=\"126\" srcset=\"https:\/\/www.moyenagepassion.com\/wp-content\/uploads\/2018\/01\/passion_histoire_medievale_medievistes_doctorant_podcast_moyen-age.jpg 294w, https:\/\/www.moyenagepassion.com\/wp-content\/uploads\/2018\/01\/passion_histoire_medievale_medievistes_doctorant_podcast_moyen-age-165x300.jpg 165w\" sizes=\"(max-width: 69px) 100vw, 69px\" \/>Sujet<\/strong> : histoire m\u00e9di\u00e9vale, m\u00e9di\u00e9vistes, jeunes chercheurs, passion, moyen-\u00e2ge, Passion m\u00e9di\u00e9vistes.<br \/>\n<strong>P\u00e9riode<\/strong> : Moyen-\u00e2ge\u00a0 central \u00e0 tardif<br \/>\n<strong>Auteur \/ r\u00e9alisatrice<\/strong> :\u00a0<strong>Fanny Cohen Moreau<\/strong><br \/>\n<strong>M\u00e9dia :<\/strong> programme audio, podcast, audio.<\/p>\n<p>Bonjour \u00e0 tous,<\/p>\n<p style=\"text-align: justify;\"><img decoding=\"async\" class=\"alignleft size-full wp-image-394\" src=\"https:\/\/www.moyenagepassion.com\/wp-content\/uploads\/2015\/12\/Q_lettrine_moyen_age_passion.jpg\" alt=\"Q_lettrine_moyen_age_passion\" width=\"96\" height=\"103\" \/>uand une jeune journaliste du nom de <strong>Fanny Cohen Moreau<\/strong>, ayant par ailleurs \u00e9tudi\u00e9 l&rsquo;histoire m\u00e9di\u00e9vale \u00e0 la Sorbonne, avec d\u00e9j\u00e0 un Master en poche, d\u00e9cide d&rsquo;allier ses deux passions pour le Moyen-\u00e2ge\u00a0et pour l&rsquo;investigation, cela donne un podcast du nom de <strong>Passion M\u00e9di\u00e9vistes<\/strong> qui part \u00e0 la rencontre d&rsquo;\u00e9tudiants et\u00a0 jeunes chercheurs de cette discipline.<\/p>\n<h2 style=\"text-align: left;\">Un podcast sp\u00e9cial\u00a0 sur le moyen-\u00e2ge<br \/>\npar des doctorants et \u00ab\u00a0masterants\u00a0\u00bb<\/h2>\n<p style=\"text-align: justify;\"><a href=\"https:\/\/www.moyenagepassion.com\/wp-content\/uploads\/2018\/01\/passion_medievistes_podcast_programme_audio_etudiants_histoire_medievale_moyen-age.jpg\"><img decoding=\"async\" class=\"wp-image-18668 alignright\" src=\"https:\/\/www.moyenagepassion.com\/wp-content\/uploads\/2018\/01\/passion_medievistes_podcast_programme_audio_etudiants_histoire_medievale_moyen-age.jpg\" alt=\"passion_medievistes_podcast_programme_audio_etudiants_histoire_medievale_moyen-age\" width=\"129\" height=\"229\" srcset=\"https:\/\/www.moyenagepassion.com\/wp-content\/uploads\/2018\/01\/passion_medievistes_podcast_programme_audio_etudiants_histoire_medievale_moyen-age.jpg 450w, https:\/\/www.moyenagepassion.com\/wp-content\/uploads\/2018\/01\/passion_medievistes_podcast_programme_audio_etudiants_histoire_medievale_moyen-age-169x300.jpg 169w\" sizes=\"(max-width: 129px) 100vw, 129px\" \/><\/a>Quand nous parlons d&rsquo;\u00e9tudiants, il s&rsquo;agit l\u00e0 de doctorants ou de \u00ab\u00a0masterants\u00a0\u00bb, autrement dit de jeunes chercheurs d\u00e9j\u00e0 bien avanc\u00e9s et sp\u00e9cialis\u00e9s sur\u00a0 leur\u00a0 sujet.\u00a0 L&rsquo;id\u00e9e de leur offrir une tribune pour exposer leurs travaux est excellente \u00e0 plus d&rsquo;un titre et il faut pr\u00e9ciser que pour \u00eatre anim\u00e9 par des invit\u00e9s, immerg\u00e9s dans des sujets assez pointus, ce programme reste r\u00e9solument \u00e0 port\u00e9e de tous : curieux, amateurs \u00e9clair\u00e9s ou sp\u00e9cialistes.<\/p>\n<p style=\"text-align: justify;\">Comme toujours, quand on se penche avec un minimum de s\u00e9rieux sur le moyen-\u00e2ge, on finit toujours par d\u00e9construire les nombreux pr\u00e9jug\u00e9s qui subsistent encore \u00e0 son \u00e9gard et\u00a0 <strong>Passion M\u00e9di\u00e9vistes<\/strong>\u00a0 est aussi l&rsquo;occasion (salutaire!) de revenir sur un certain nombre d&rsquo;entre eux.<\/p>\n<h2 style=\"text-align: justify;\">Plus de 10 \u00e9pisodes d\u00e9j\u00e0 enregistr\u00e9s<\/h2>\n<p style=\"text-align: justify;\">Le Podcast pr\u00e9sente un peu plus d&rsquo;une dizaine d&rsquo;\u00e9pisodes sur des sujets aussi divers que <em>les \u00e9tats d&rsquo;Orient autour des croisades<\/em>, le <em>Roman de Renart,<\/em> <em>les dragons et leurs repr\u00e9sentations m\u00e9di\u00e9vales<\/em>, <em>la reine Gerberge<\/em>, <em>les messagers de guerre<\/em> et j&rsquo;en passe. Trois autres \u00e9pisodes sont d\u00e9j\u00e0 en pr\u00e9paration.<\/p>\n<p style=\"text-align: justify;\">Pour en vous faire une premi\u00e8re id\u00e9e, nous partageons ici un des podcasts d\u00e9j\u00e0 disponible. Vous appr\u00e9cierez la bande annonce de de l&rsquo;\u00e9mission qui donne le ton avec l&rsquo;humour, en particulier l&rsquo;\u00e9change issu du film \u00ab\u00a0<em>On connait la chanson<\/em>\u00a0\u00bb de <strong>Alain Resnais<\/strong>\u00a0 devenu culte pour tous les doctorants de France en Histoire, Arch\u00e9ologie et autres disciplines. C&rsquo;est un court dialogue entre\u00a0 <a href=\"https:\/\/www.moyenagepassion.com\/wp-content\/uploads\/2018\/01\/histoire_medievale_podcast_etudiants_doctorants_moyen-age.jpg\"><img decoding=\"async\" class=\"alignleft wp-image-18684\" src=\"https:\/\/www.moyenagepassion.com\/wp-content\/uploads\/2018\/01\/histoire_medievale_podcast_etudiants_doctorants_moyen-age.jpg\" alt=\"histoire_medievale_podcast_etudiants_doctorants_moyen-age\" width=\"125\" height=\"170\" srcset=\"https:\/\/www.moyenagepassion.com\/wp-content\/uploads\/2018\/01\/histoire_medievale_podcast_etudiants_doctorants_moyen-age.jpg 280w, https:\/\/www.moyenagepassion.com\/wp-content\/uploads\/2018\/01\/histoire_medievale_podcast_etudiants_doctorants_moyen-age-220x300.jpg 220w\" sizes=\"(max-width: 125px) 100vw, 125px\" \/><\/a><strong>Jean-Pierre Bacri<\/strong> et\u00a0<strong>Agn\u00e8s Jaoui<\/strong>\u00a0 sur la th\u00e8se\u00a0de cette derni\u00e8re, autour des <a href=\"https:\/\/www.moyenagepassion.com\/index.php\/2016\/03\/20\/chevaliers-paysan-de-lan-mil-et-archeologie-medievale-lacustre\/\" target=\"_blank\" rel=\"noopener noreferrer\">chevaliers paysans de l&rsquo;an mil et des fouilles lacustres du lac de Paladru, <\/a>et, du m\u00eame coup, un v\u00e9ritable clin d\u2019\u0153il \u00e0 la solitude insondable des \u00e9tudiants chercheurs; la pr\u00e9cision in\u00e9vitable de leur objet de recherche rend quelquefois difficile, il est vrai, le partage de leur passion aupr\u00e8s du plus grand nombre. Fort heureusement, gr\u00e2ce aux podcasts de <strong>Passion M\u00e9di\u00e9vistes<\/strong>, cela ne devrait plus demeurer\u00a0une fatalit\u00e9.<\/p>\n<p><code><iframe src=\"https:\/\/w.soundcloud.com\/player\/?url=https%3A\/\/api.soundcloud.com\/tracks\/349784596&amp;color=%23ff5500&amp;auto_play=false&amp;hide_related=false&amp;show_comments=true&amp;show_user=true&amp;show_reposts=false&amp;show_teaser=true&amp;visual=true\" width=\"100%\" height=\"200\" frameborder=\"no\" scrolling=\"no\"><\/iframe><\/code><\/p>\n<p><code><\/code><\/p>\n<p><code><code><\/code><\/code><\/p>\n<div style=\"font-size: 10px; color: #cccccc; line-break: anywhere; word-break: normal; overflow: hidden; white-space: nowrap; text-overflow: ellipsis; font-family: Interstate,Lucida Grande,Lucida Sans Unicode,Lucida Sans,Garuda,Verdana,Tahoma,sans-serif; font-weight: 100;\"><a style=\"color: #cccccc; text-decoration: none;\" title=\"Passion M\u00e9di\u00e9vistes\" href=\"https:\/\/soundcloud.com\/fannycomo\" target=\"_blank\" rel=\"noopener noreferrer\">Passion M\u00e9di\u00e9vistes<\/a> \u00b7 <a style=\"color: #cccccc; text-decoration: none;\" title=\"Hors-s\u00e9rie 1 - Exposition \u00ab Le Verre, un Moyen \u00c2ge inventif \u00bb au Mus\u00e9e de Cluny\" href=\"https:\/\/soundcloud.com\/fannycomo\/hors-serie-1-expo-le-verre-musee-de-cluny\" target=\"_blank\" rel=\"noopener noreferrer\">Hors-s\u00e9rie 1 &#8211; Exposition \u00ab Le Verre, un Moyen \u00c2ge inventif \u00bb au Mus\u00e9e de Cluny<\/a><\/div>\n<p><code><br \/>\n<\/code><\/p>\n<p><code><\/code><code><\/code><\/p>\n<p><a href=\"https:\/\/soundcloud.com\/fannycomo\" target=\"_blank\" rel=\"noopener noreferrer\">Retrouvez tous les \u00e9pisodes du Podcast passion M\u00e9di\u00e9vistes ici<\/a> ou encore sur\u00a0\u00a0 <a href=\"http:\/\/passionmedievistes.fr\" target=\"_blank\" rel=\"noopener noreferrer\">passionmedievistes.fr<\/a><\/p>\n<p style=\"text-align: justify;\">En plus de la formule habituelle, vous pourrez \u00e9galement retrouver, sur cette cha\u00eene Soundcloud, certains reportages \u00ab\u00a0hors s\u00e9rie\u00a0\u00bb dont un premier partag\u00e9 ici. Il a \u00e9t\u00e9 effectu\u00e9 au\u00a0 <strong>Mus\u00e9e de Cluny<\/strong>, \u00e0 l&rsquo;occasion de l&rsquo;exposition :\u00a0 <em>\u00ab\u00a0Le verre, un Moyen \u00c2ge inventif\u00a0\u00bb<\/em>\u00a0(sept 2017 &#8211; d\u00e9but Janvier 2018).<\/p>\n<p style=\"text-align: justify;\">Pour information, si vous \u00eates doctorants, \u00e9tudiants en histoire ou m\u00e9di\u00e9vistes, Fanny cherche toujours des invit\u00e9s pour les \u00e9pisodes \u00e0 venir, aussi n&rsquo;h\u00e9sitez pas \u00e0 la contacter sur le <a href=\"https:\/\/www.facebook.com\/PassionMedievistes\/\" target=\"_blank\" rel=\"noopener noreferrer\">FB officiel du Podcast<\/a>.<\/p>\n<p>En vous souhaitant une belle journ\u00e9e.<\/p>\n<p>Fred<br \/>\nPour Moyenagepassion.com<br \/>\n<strong>A la d\u00e9couverte du moyen-\u00e2ge sous toutes ses formes<\/strong><\/p>\n","protected":false},"excerpt":{"rendered":"<p>Sujet : histoire m\u00e9di\u00e9vale, m\u00e9di\u00e9vistes, jeunes chercheurs, passion, moyen-\u00e2ge, Passion m\u00e9di\u00e9vistes. P\u00e9riode : Moyen-\u00e2ge\u00a0 central \u00e0 tardif Auteur \/ r\u00e9alisatrice :\u00a0Fanny Cohen Moreau M\u00e9dia : programme audio, podcast, audio. Bonjour \u00e0 tous, uand une jeune journaliste du nom de Fanny Cohen Moreau, ayant par ailleurs \u00e9tudi\u00e9 l&rsquo;histoire m\u00e9di\u00e9vale \u00e0 la Sorbonne, avec d\u00e9j\u00e0 un Master &hellip; <a href=\"https:\/\/www.moyenagepassion.com\/index.php\/2018\/01\/23\/passion-medievistes-un-podcast\/\" class=\"more-link\">Continuer la lecture de <span class=\"screen-reader-text\">\u00ab\u00a0Passion m\u00e9di\u00e9vistes\u00a0\u00bb un podcast autour de l&rsquo;histoire m\u00e9di\u00e9vale par ses \u00e9tudiants<\/span>  <span class=\"meta-nav\">&rarr;<\/span><\/a><\/p>\n","protected":false},"author":2,"featured_media":0,"comment_status":"open","ping_status":"open","sticky":false,"template":"","format":"standard","meta":{"_monsterinsights_skip_tracking":false,"_monsterinsights_sitenote_active":false,"_monsterinsights_sitenote_note":"","_monsterinsights_sitenote_category":0,"footnotes":""},"categories":[16],"tags":[3497,189,520,1237,2489,18,34,3498,3496,3499],"class_list":["post-18663","post","type-post","status-publish","format-standard","hentry","category-sources-et-articles-moyen-age-periode-medievale","tag-etudiants","tag-histoire","tag-histoire-medievale","tag-interview","tag-medieviste","tag-moyen-age","tag-passion","tag-passion-medievistes","tag-podcast","tag-programme-audio"],"aioseo_notices":[],"_links":{"self":[{"href":"https:\/\/www.moyenagepassion.com\/index.php\/wp-json\/wp\/v2\/posts\/18663"}],"collection":[{"href":"https:\/\/www.moyenagepassion.com\/index.php\/wp-json\/wp\/v2\/posts"}],"about":[{"href":"https:\/\/www.moyenagepassion.com\/index.php\/wp-json\/wp\/v2\/types\/post"}],"author":[{"embeddable":true,"href":"https:\/\/www.moyenagepassion.com\/index.php\/wp-json\/wp\/v2\/users\/2"}],"replies":[{"embeddable":true,"href":"https:\/\/www.moyenagepassion.com\/index.php\/wp-json\/wp\/v2\/comments?post=18663"}],"version-history":[{"count":1,"href":"https:\/\/www.moyenagepassion.com\/index.php\/wp-json\/wp\/v2\/posts\/18663\/revisions"}],"predecessor-version":[{"id":34201,"href":"https:\/\/www.moyenagepassion.com\/index.php\/wp-json\/wp\/v2\/posts\/18663\/revisions\/34201"}],"wp:attachment":[{"href":"https:\/\/www.moyenagepassion.com\/index.php\/wp-json\/wp\/v2\/media?parent=18663"}],"wp:term":[{"taxonomy":"category","embeddable":true,"href":"https:\/\/www.moyenagepassion.com\/index.php\/wp-json\/wp\/v2\/categories?post=18663"},{"taxonomy":"post_tag","embeddable":true,"href":"https:\/\/www.moyenagepassion.com\/index.php\/wp-json\/wp\/v2\/tags?post=18663"}],"curies":[{"name":"wp","href":"https:\/\/api.w.org\/{rel}","templated":true}]}}