{"id":18889,"date":"2018-01-31T02:21:59","date_gmt":"2018-01-31T01:21:59","guid":{"rendered":"http:\/\/www.moyenagepassion.com\/?p=18889"},"modified":"2020-10-05T01:31:38","modified_gmt":"2020-10-05T00:31:38","slug":"agenda-sortie-historique-le-grand-festival-historia-de-strasbourg","status":"publish","type":"post","link":"https:\/\/www.moyenagepassion.com\/index.php\/2018\/01\/31\/agenda-sortie-historique-le-grand-festival-historia-de-strasbourg\/","title":{"rendered":"Agenda sortie historique : le tr\u00e8s prometteur festival Historia de Strasbourg"},"content":{"rendered":"<div id=\"moyen-1825636521\" class=\"moyen-before-content moyen-entity-placement\"><script async src=\"\/\/pagead2.googlesyndication.com\/pagead\/js\/adsbygoogle.js?client=ca-pub-3035390706780632\" crossorigin=\"anonymous\"><\/script><ins class=\"adsbygoogle\" style=\"display:block;\" data-ad-client=\"ca-pub-3035390706780632\" \ndata-ad-slot=\"\" \ndata-ad-format=\"auto\"><\/ins>\n<script> \n(adsbygoogle = window.adsbygoogle || []).push({}); \n<\/script>\n<\/div><p><strong><a href=\"https:\/\/www.moyenagepassion.com\/wp-content\/uploads\/2018\/01\/festival_evenement_salon_animations_compagnies_historique_historia_strasbourg_2018.jpg\"><img decoding=\"async\" class=\" wp-image-18925 alignleft\" src=\"https:\/\/www.moyenagepassion.com\/wp-content\/uploads\/2018\/01\/festival_evenement_salon_animations_compagnies_historique_historia_strasbourg_2018.jpg\" alt=\"festival_evenement_salon_animations_compagnies_historique_historia_strasbourg_2018\" width=\"102\" height=\"179\" srcset=\"https:\/\/www.moyenagepassion.com\/wp-content\/uploads\/2018\/01\/festival_evenement_salon_animations_compagnies_historique_historia_strasbourg_2018.jpg 200w, https:\/\/www.moyenagepassion.com\/wp-content\/uploads\/2018\/01\/festival_evenement_salon_animations_compagnies_historique_historia_strasbourg_2018-171x300.jpg 171w\" sizes=\"(max-width: 102px) 100vw, 102px\" \/><\/a>Sujet<\/strong>\u00a0: agenda, festival historique, sorties historiques, id\u00e9es week end, artisans, historiens, reconstituteurs, animations m\u00e9di\u00e9vales, animations historiques.<br \/>\n<strong>Nom<\/strong> : <a href=\"https:\/\/www.facebook.com\/Vivre.lHistoire\/\" target=\"_blank\" rel=\"noopener noreferrer\">Festival Historia<\/a><br \/>\n<strong>Lieu : Palais des Congr\u00e8s de Strasbourg<\/strong><br \/>\n<strong>Dates<\/strong>\u00a0: Du 16 au 18 f\u00e9vrier 2018<br \/>\n<strong>Organisateurs<\/strong> : magazine Historia<\/p>\n<p>Bonjour \u00e0 tous,<\/p>\n<p style=\"text-align: justify;\"><img decoding=\"async\" class=\"alignleft size-full wp-image-153\" src=\"https:\/\/www.moyenagepassion.com\/wp-content\/uploads\/2015\/12\/L_lettrine_moyen_age_passion.jpg\" alt=\"L_lettrine_moyen_age_passion\" width=\"84\" height=\"103\" \/>es beaux jours ne sont pas encore l\u00e0 et, avec eux, les nombreuses f\u00eates m\u00e9di\u00e9vales et autres festivals\u00a0 historiques ou plus fantastiques, mais, \u00e0 petit pas, quelques\u00a0dates\u00a0viennent tout de m\u00eame marquer le calendrier des sorties de fin de semaine sur ces\u00a0th\u00e8mes. A ce titre et pour anticiper un peu, d&rsquo;ici une quinzaine aura lieu, \u00e0 Strasbourg, le <strong>Festival Historia<\/strong>, un grand \u00e9v\u00e9nement de\u00a0trois jours organis\u00e9 par le magazine du m\u00eame nom, en partenariat avec des nombreux autres acteurs du domaine.<\/p>\n<h2 style=\"text-align: justify;\">Une grande premi\u00e8re<br \/>\npour c\u00e9l\u00e9brer l&rsquo;Histoire avec un grand H<\/h2>\n<p style=\"text-align: justify;\">Sous le parrainage symbolique du c\u00e9l\u00e8bre Gutenberg, ce festival s&rsquo;annonce comme une grande premi\u00e8re. Du\u00a0point de vue th\u00e9matique,\u00a0il couvrira l&rsquo;Histoire au sens large et le moyen-\u00e2ge s&rsquo;y trouvera \u00e9galement repr\u00e9sent\u00e9.<\/p>\n<p style=\"text-align: justify;\"><a href=\"https:\/\/www.moyenagepassion.com\/wp-content\/uploads\/2018\/01\/festival_histoire_historia_strasbourg_agenda_sorties_historiques.jpg\"><img decoding=\"async\" class=\" wp-image-18917 alignright\" src=\"https:\/\/www.moyenagepassion.com\/wp-content\/uploads\/2018\/01\/festival_histoire_historia_strasbourg_agenda_sorties_historiques.jpg\" alt=\"festival_histoire_historia_strasbourg_agenda_sorties_historiques\" width=\"132\" height=\"351\" srcset=\"https:\/\/www.moyenagepassion.com\/wp-content\/uploads\/2018\/01\/festival_histoire_historia_strasbourg_agenda_sorties_historiques.jpg 180w, https:\/\/www.moyenagepassion.com\/wp-content\/uploads\/2018\/01\/festival_histoire_historia_strasbourg_agenda_sorties_historiques-113x300.jpg 113w\" sizes=\"(max-width: 132px) 100vw, 132px\" \/><\/a>De leurs propres mots, ses organisateurs entendent\u00a0y embrasser \u00ab\u00a0<em><strong>toutes les approches de l\u2019Histoire, des plus acad\u00e9miques aux plus novatrices\u00a0\u00bb<\/strong><\/em>. Il est donc question de privil\u00e9gier\u00a0une Histoire vivante, interactive, et ludique et d\u00e9couverte, \u00e9changes, divertissement resteront les ma\u00eetre mots au programme de ces trois jours pleins. On pourra, ainsi, trouver sur place : jeux de plateaux, jeux vid\u00e9os, expositions de maquettes et figurines, conf\u00e9rences, projections, livres,\u00a0mais encore\u00a0animations et reconstitutions historiques, (combats de gladiateurs, escrime ancienne, troupes viking en manoeuvre, danses des ann\u00e9es folles, etc..).<\/p>\n<p style=\"text-align: justify;\">Dans cette optique ambitieuse et f\u00e9d\u00e9ratrice, au croisement de toutes les formes de passion historique, une\u00a0tr\u00e8s longue liste d&rsquo;intervenants et d&rsquo;invit\u00e9s est aussi attendue : auteurs, r\u00e9alisateurs, historiens, chercheurs, journalistes scientifiques, reconstitituteurs, pal\u00e9ontologues, hommes de radio et m\u00eame vid\u00e9astes youtubeurs viendront ainsi partager leurs recherches, productions ou exp\u00e9riences.<\/p>\n<h2 style=\"text-align: justify;\"><strong>Plus de cent-dix exposants,\u00a0des activit\u00e9s en continu &amp; un festival qui s&rsquo;annonce intense\u00a0<\/strong><\/h2>\n<p style=\"text-align: justify;\"><img decoding=\"async\" class=\"alignleft size-full wp-image-50\" src=\"https:\/\/www.moyenagepassion.com\/wp-content\/uploads\/2015\/12\/D_lettrine_moyen_age_passion.jpg\" alt=\"D_lettrine_moyen_age_passion\" width=\"84\" height=\"103\" \/>u point de vue de l&rsquo;intensit\u00e9 des activit\u00e9s et des divertissements, pour en donner une id\u00e9e, un \u00e9v\u00e9nement est pr\u00e9vu toutes les 12 minutes sur le parvis du festival et on pourra encore compter sur les nombreuses compagnies historiques annonc\u00e9es pour \u00e9gayer de leurs prestations et de leurs animations, les all\u00e9es du Palais des Congr\u00e8s de Strasbourg. Hors exposants du march\u00e9 de l&rsquo;Histoire, voici une liste non exhaustive de quelques unes des soci\u00e9t\u00e9s, mus\u00e9es ou\u00a0compagnies <a href=\"https:\/\/www.moyenagepassion.com\/wp-content\/uploads\/2018\/01\/festival_histoire_historia_agenda_sorties_animations_compagnies_historiques_strasbourg.jpg\"><img decoding=\"async\" class=\" wp-image-18920 alignleft\" src=\"https:\/\/www.moyenagepassion.com\/wp-content\/uploads\/2018\/01\/festival_histoire_historia_agenda_sorties_animations_compagnies_historiques_strasbourg.jpg\" alt=\"festival_histoire_historia_agenda_sorties_animations_compagnies_historiques_strasbourg\" width=\"134\" height=\"357\" srcset=\"https:\/\/www.moyenagepassion.com\/wp-content\/uploads\/2018\/01\/festival_histoire_historia_agenda_sorties_animations_compagnies_historiques_strasbourg.jpg 180w, https:\/\/www.moyenagepassion.com\/wp-content\/uploads\/2018\/01\/festival_histoire_historia_agenda_sorties_animations_compagnies_historiques_strasbourg-113x300.jpg 113w\" sizes=\"(max-width: 134px) 100vw, 134px\" \/><\/a>que vous pourrez trouver sur place :<\/p>\n<p style=\"text-align: justify;\"><em><span style=\"color: #008000;\">Acta events &#8211; combats historiques &#8211;\u00a0Adphile voyage avec le timbre &#8211;\u00a0<\/span><\/em><em><span style=\"color: #008000;\">Adt alsace &#8211; Aesh &#8211; Amam &#8211; Asso l\u00e9gion\u00a0VIII\u00a0Augusta &#8211; Astoure ouest et cie &#8211;\u00a0 Cahem &#8211; CD 55 mission histoire &#8211; Citadelle\/lion de belfort &#8211;\u00a0 D-day experience museum &#8211; Forties factory &#8211; France 40 vehicules &#8211;\u00a0<\/span><\/em><em><span style=\"color: #008000;\">Gladiator&rsquo;s\u00a0 race &#8211; Hanau-lichtenberg &#8211;\u00a0Historex &#8211;\u00a0 Inventive Sarl\u00a0 &#8211;\u00a0les Grenadiers d&rsquo;Ile de France &#8211;\u00a0\u00a0Ligne Maginot Schoenenbourg &#8211; MM\u00a0park &#8211;\u00a0Musee des blindes &#8211; Plateau 14-18 &#8211;\u00a0Point de rep\u00e8res production &#8211; Arte &#8211;\u00a0 Quarter kit &#8211;\u00a0Rue 1940 &#8211; Souvenir Napol\u00e9onien &#8211;\u00a0<\/span><\/em><em><span style=\"color: #008000;\">Terra Nobilis &#8211; Tonton michel &#8211; Wargaming experience\u00a0 &#8211;\u00a0 Wing for ever<\/span>\u00a0<\/em><\/p>\n<h2><strong>Remise du Prix Historia 2018<\/strong><\/h2>\n<p style=\"text-align: justify;\">Depuis 2010, le magazine historia remet annuellement un prix d&rsquo;excellence aux travaux et productions m\u00e9diatiques dans le domaine historique. La remise du prix 2018 tirera partie du festival et se d\u00e9roulera dans son cadre.<\/p>\n<p><code><iframe src=\"https:\/\/www.youtube.com\/embed\/YaH_eZ7ivGQ\" width=\"600\" height=\"333\" allowfullscreen=\"allowfullscreen\"><\/iframe><\/code><\/p>\n<h2 style=\"text-align: justify;\">Salon du livre et de la BD historiques<\/h2>\n<p style=\"text-align: justify;\"><img decoding=\"async\" class=\"alignleft size-full wp-image-153\" src=\"https:\/\/www.moyenagepassion.com\/wp-content\/uploads\/2015\/12\/L_lettrine_moyen_age_passion.jpg\" alt=\"L_lettrine_moyen_age_passion\" width=\"84\" height=\"103\" \/>es livres, mais aussi\u00a0les BD historiques seront largement repr\u00e9sent\u00e9s sur le site, avec un \u00ab\u00a0village\u00a0\u00bb d\u00e9di\u00e9 aux auteurs et \u00e9diteurs.\u00a0Voici une liste non exhaustive des maisons d&rsquo;\u00e9ditions attendues\u00a0 sur\u00a0 \u00a0cette partie du festival:<\/p>\n<p style=\"text-align: justify;\"><span style=\"color: #008000;\"><em>Athena editions &#8211;\u00a0 CNRS\u00a0editions &#8211; Editions Artulis &#8211; Editions des Syrtes\u00a0\u00a0&#8211; Editions Payot &#8211; Flammarion &#8211; Nouveau monde \u00e9ditions &#8211; Perrin &#8211; Riveneuve &#8211;\u00a0<\/em><em>Belles lettres &#8211;\u00a0Dunod &#8211; Editions belin &#8211; Editions mk67\u00a0 &#8211; Editions Citadelles &amp; Mazenot &#8211;\u00a0 Editions\u00a0NLA creations &#8211; Editions tallandier &#8211;\u00a0Histoire &amp; Collections &#8211;\u00a0Le verger ed. &#8211; La louve ed &#8211;\u00a0Orep editions &#8211;\u00a0Philibert &#8211;\u00a0ysec editions livres revues<\/em><\/span><\/p>\n<p style=\"text-align: justify;\">La prestigieuse BNF sera \u00e9galement pr\u00e9sente pour faire partager au public ses grandes richesses documentaires et patrimoniales, ainsi que les derniers outils permettant d&rsquo;y acc\u00e9der.<\/p>\n<h2 style=\"text-align: justify;\">Un march\u00e9 de l&rsquo;Histoire sur plus de 2000 m\u00b2<\/h2>\n<p style=\"text-align: justify;\"><a href=\"https:\/\/www.moyenagepassion.com\/wp-content\/uploads\/2018\/01\/festival_histoire_historia_agenda_sorties_animations_compagnies_artisans_historiques_strasbourg.jpg\"><img decoding=\"async\" class=\" wp-image-18922 alignright\" src=\"https:\/\/www.moyenagepassion.com\/wp-content\/uploads\/2018\/01\/festival_histoire_historia_agenda_sorties_animations_compagnies_artisans_historiques_strasbourg.jpg\" alt=\"festival_histoire_historia_agenda_sorties_animations_compagnies_artisans_historiques_strasbourg\" width=\"135\" height=\"359\" srcset=\"https:\/\/www.moyenagepassion.com\/wp-content\/uploads\/2018\/01\/festival_histoire_historia_agenda_sorties_animations_compagnies_artisans_historiques_strasbourg.jpg 180w, https:\/\/www.moyenagepassion.com\/wp-content\/uploads\/2018\/01\/festival_histoire_historia_agenda_sorties_animations_compagnies_artisans_historiques_strasbourg-113x300.jpg 113w\" sizes=\"(max-width: 135px) 100vw, 135px\" \/><\/a>L&rsquo;<a href=\"http:\/\/www.histoirevivante.org\/\" target=\"_blank\" rel=\"noopener noreferrer\">Association\u00a0pour l&rsquo;Histoire Vivante<\/a> sera aussi de la partie. Fort de son\u00a0exp\u00e9rience en la mati\u00e8re, la mise en place d&rsquo;un grand <a href=\"https:\/\/www.moyenagepassion.com\/index.php\/tag\/association-pour-lhistoire-vivante\/\" target=\"_blank\" rel=\"noopener noreferrer\">March\u00e9 de l&rsquo;Histoire<\/a>\u00a0\u00a0lui\u00a0a,\u00a0en effet, \u00e9t\u00e9 confi\u00e9e.\u00a0 Sur une surface de plus de 2000 m\u00b2,\u00a0il devrait comprendre pr\u00e8s d&rsquo;une soixantaine d&rsquo;exposants parmi lesquels\u00a0 on\u00a0 comptera de nombreuses \u00e9choppes m\u00e9di\u00e9vales.<\/p>\n<p style=\"text-align: justify;\">Enfin, pour clore cette pr\u00e9sentation du\u00a0<strong>Festival Historia <\/strong>de Strasbourg qui s&rsquo;annonce d\u00e9cid\u00e9ment bien, que l&rsquo;on ne nourrisse aucune inqui\u00e9tude du cot\u00e9 des grandes faims ou grand-soif, on comptera largement de quoi se sustenter sur place.<\/p>\n<p><a href=\"https:\/\/drive.google.com\/file\/d\/1WoC5ngnH6QUtEI272Zs9EmAU03e_AgWu\/view\" target=\"_blank\" rel=\"noopener noreferrer\">Programme des animations agora<\/a>\u00a0&#8211; <a href=\"https:\/\/drive.google.com\/file\/d\/1Hk3VH9CkwlTZ189oTujkzlZNQojHgKE2\/view\" target=\"_blank\" rel=\"noopener noreferrer\">Programme des Tables rondes<\/a>\u00a0&#8211;<br \/>\n<a href=\"http:\/\/www.festivalhistoria.fr\/\" target=\"_blank\" rel=\"noopener noreferrer\">Tarifs,acc\u00e9s, h\u00e9bergement et d\u00e9tails pratiques sur le site officiel<\/a> &#8211;<\/p>\n<p>En vous souhaitant une belle journ\u00e9e et un excellent festival Historia si vous avez l&rsquo;opportunit\u00e9 de vous y rendre.<\/p>\n<p>Fr\u00e9d\u00e9ric EFFE.<br \/>\nPour moyenagepassion.com<br \/>\n<em><strong>A la d\u00e9couverte du moyen-\u00e2ge sous toutes ses formes<\/strong><\/em><\/p>\n","protected":false},"excerpt":{"rendered":"<p>Sujet\u00a0: agenda, festival historique, sorties historiques, id\u00e9es week end, artisans, historiens, reconstituteurs, animations m\u00e9di\u00e9vales, animations historiques. Nom : Festival Historia Lieu : Palais des Congr\u00e8s de Strasbourg Dates\u00a0: Du 16 au 18 f\u00e9vrier 2018 Organisateurs : magazine Historia Bonjour \u00e0 tous, es beaux jours ne sont pas encore l\u00e0 et, avec eux, les nombreuses f\u00eates &hellip; <a href=\"https:\/\/www.moyenagepassion.com\/index.php\/2018\/01\/31\/agenda-sortie-historique-le-grand-festival-historia-de-strasbourg\/\" class=\"more-link\">Continuer la lecture de <span class=\"screen-reader-text\">Agenda sortie historique : le tr\u00e8s prometteur festival Historia de Strasbourg<\/span>  <span class=\"meta-nav\">&rarr;<\/span><\/a><\/p>\n","protected":false},"author":2,"featured_media":0,"comment_status":"open","ping_status":"open","sticky":false,"template":"","format":"standard","meta":{"_monsterinsights_skip_tracking":false,"_monsterinsights_sitenote_active":false,"_monsterinsights_sitenote_note":"","_monsterinsights_sitenote_category":0,"footnotes":""},"categories":[11],"tags":[1391,3521,2529,3523,2521,1829,1830,3524,136,3522,1834,1340,2519,2757,261,1827,2772],"class_list":["post-18889","post","type-post","status-publish","format-standard","hentry","category-fetes-medievales-evenement","tag-agenda","tag-animations-historiques","tag-animations-medievales","tag-artisan-medieval","tag-artisans","tag-association-pour-lhistoire-vivante","tag-compagnies-historiques","tag-echoppes-medievales","tag-festival","tag-festival-historia","tag-festival-historique","tag-idees-week-end","tag-marche-de-lhistoire","tag-reconstituteurs","tag-reconstitution-historique","tag-salon-histoire","tag-sorties-historiques"],"aioseo_notices":[],"_links":{"self":[{"href":"https:\/\/www.moyenagepassion.com\/index.php\/wp-json\/wp\/v2\/posts\/18889"}],"collection":[{"href":"https:\/\/www.moyenagepassion.com\/index.php\/wp-json\/wp\/v2\/posts"}],"about":[{"href":"https:\/\/www.moyenagepassion.com\/index.php\/wp-json\/wp\/v2\/types\/post"}],"author":[{"embeddable":true,"href":"https:\/\/www.moyenagepassion.com\/index.php\/wp-json\/wp\/v2\/users\/2"}],"replies":[{"embeddable":true,"href":"https:\/\/www.moyenagepassion.com\/index.php\/wp-json\/wp\/v2\/comments?post=18889"}],"version-history":[{"count":1,"href":"https:\/\/www.moyenagepassion.com\/index.php\/wp-json\/wp\/v2\/posts\/18889\/revisions"}],"predecessor-version":[{"id":34123,"href":"https:\/\/www.moyenagepassion.com\/index.php\/wp-json\/wp\/v2\/posts\/18889\/revisions\/34123"}],"wp:attachment":[{"href":"https:\/\/www.moyenagepassion.com\/index.php\/wp-json\/wp\/v2\/media?parent=18889"}],"wp:term":[{"taxonomy":"category","embeddable":true,"href":"https:\/\/www.moyenagepassion.com\/index.php\/wp-json\/wp\/v2\/categories?post=18889"},{"taxonomy":"post_tag","embeddable":true,"href":"https:\/\/www.moyenagepassion.com\/index.php\/wp-json\/wp\/v2\/tags?post=18889"}],"curies":[{"name":"wp","href":"https:\/\/api.w.org\/{rel}","templated":true}]}}