{"id":19269,"date":"2018-02-13T01:02:28","date_gmt":"2018-02-13T00:02:28","guid":{"rendered":"http:\/\/www.moyenagepassion.com\/?p=19269"},"modified":"2018-09-19T02:17:59","modified_gmt":"2018-09-19T01:17:59","slug":"jeune-impetueux-vieux-sage-un-conte-de-saadi-et-quelques-reflexions-sur-vieillesse-et-sagesse-dans-la-litterature-medievale","status":"publish","type":"post","link":"https:\/\/www.moyenagepassion.com\/index.php\/2018\/02\/13\/jeune-impetueux-vieux-sage-un-conte-de-saadi-et-quelques-reflexions-sur-vieillesse-et-sagesse-dans-la-litterature-medievale\/","title":{"rendered":"jeune imp\u00e9tueux, vieux sage, un conte de Saadi et quelques r\u00e9flexions compar\u00e9es sur la vieillesse dans la litt\u00e9rature m\u00e9di\u00e9vale"},"content":{"rendered":"<div id=\"moyen-3592176535\" class=\"moyen-before-content moyen-entity-placement\"><script async src=\"\/\/pagead2.googlesyndication.com\/pagead\/js\/adsbygoogle.js?client=ca-pub-3035390706780632\" crossorigin=\"anonymous\"><\/script><ins class=\"adsbygoogle\" style=\"display:block;\" data-ad-client=\"ca-pub-3035390706780632\" \ndata-ad-slot=\"\" \ndata-ad-format=\"auto\"><\/ins>\n<script> \n(adsbygoogle = window.adsbygoogle || []).push({}); \n<\/script>\n<\/div><p><strong><a href=\"https:\/\/www.moyenagepassion.com\/wp-content\/uploads\/2017\/05\/gullistan_sagesse_medievale_persane_saadi_jardin_rose_moyen-age_central.jpg\"><img decoding=\"async\" class=\"alignleft wp-image-12349\" src=\"https:\/\/www.moyenagepassion.com\/wp-content\/uploads\/2017\/05\/gullistan_sagesse_medievale_persane_saadi_jardin_rose_moyen-age_central.jpg\" alt=\"gullistan_sagesse_medievale_persane_saadi_jardin_rose_moyen-age_central\" width=\"78\" height=\"134\" srcset=\"https:\/\/www.moyenagepassion.com\/wp-content\/uploads\/2017\/05\/gullistan_sagesse_medievale_persane_saadi_jardin_rose_moyen-age_central.jpg 238w, https:\/\/www.moyenagepassion.com\/wp-content\/uploads\/2017\/05\/gullistan_sagesse_medievale_persane_saadi_jardin_rose_moyen-age_central-175x300.jpg 175w\" sizes=\"(max-width: 78px) 100vw, 78px\" \/><\/a>Sujet<\/strong>\u00a0: contes moraux, sagesse, po\u00e9sie\u00a0morale, po\u00e9sie persane, citation m\u00e9di\u00e9vale. conte persan, patience. jeunesse,<br \/>\n<strong>P\u00e9riode<\/strong>\u00a0: moyen-\u00e2ge central \u00e0 tardif.<br \/>\n<strong>Auteur<\/strong>\u00a0:\u00a0Mocharrafoddin Saadi\u00a0 (1210-1291),<br \/>\n<strong>Ouvrage<\/strong>\u00a0:\u00a0Gulistan, le jardin des roses.<\/p>\n<p>Bonjour \u00e0 tous,<\/p>\n<p><img decoding=\"async\" class=\"alignleft size-full wp-image-445\" src=\"https:\/\/www.moyenagepassion.com\/wp-content\/uploads\/2015\/12\/P_lettrine_moyen_age_passion-copia.jpg\" alt=\"P_lettrine_moyen_age_passion copia\" width=\"96\" height=\"103\" \/>our aujourd&rsquo;hui, voici un nouveau conte persan de <strong>Mocharrafoddin<\/strong>\u00a0<strong>Saadi.<\/strong> Il est extrait d&rsquo;un chapitre du <strong>Gulistan<\/strong>, qui touche aux choses de la jeunesse et de l&rsquo;\u00e2ge.<\/p>\n<p><a href=\"https:\/\/www.moyenagepassion.com\/wp-content\/uploads\/2018\/02\/saadi_gulistan_jardin_roses_citation_medievale_conte_sagesse_persane_moyen-age_central_patience.jpg\"><img decoding=\"async\" class=\"alignnone wp-image-19270 size-full\" src=\"https:\/\/www.moyenagepassion.com\/wp-content\/uploads\/2018\/02\/saadi_gulistan_jardin_roses_citation_medievale_conte_sagesse_persane_moyen-age_central_patience.jpg\" alt=\"saadi_gulistan_jardin_roses_citation_medievale_conte_sagesse_persane_moyen-age_central_patience\" width=\"1024\" height=\"400\" srcset=\"https:\/\/www.moyenagepassion.com\/wp-content\/uploads\/2018\/02\/saadi_gulistan_jardin_roses_citation_medievale_conte_sagesse_persane_moyen-age_central_patience.jpg 1024w, https:\/\/www.moyenagepassion.com\/wp-content\/uploads\/2018\/02\/saadi_gulistan_jardin_roses_citation_medievale_conte_sagesse_persane_moyen-age_central_patience-300x117.jpg 300w\" sizes=\"(max-width: 1024px) 100vw, 1024px\" \/><\/a><\/p>\n<p style=\"text-align: justify;\"><span style=\"color: #008000;\"><em><strong>Un jour, dans l&rsquo;orgueil de la jeunesse, j&rsquo;avais march\u00e9 vite et la nuit venue, j&rsquo;\u00e9tais rest\u00e9 \u00e9puis\u00e9 au pied d&rsquo;un montagne. Un faible vieillard arriva \u00e0 la suite de la caravane et me dit :<br \/>\n<\/strong><\/em><\/span><br \/>\n<span style=\"color: #008000;\"><em><strong>&#8211; Pourquoi dors-tu ? L\u00e8ve-toi, ce n&rsquo;est pas le lieu de sommeiller\u00a0\u00bb<\/strong><\/em><\/span><\/p>\n<p style=\"text-align: justify;\"><span style=\"color: #008000;\"><em><strong>Je r\u00e9pondis :<\/strong><\/em><\/span><br \/>\n<span style=\"color: #008000;\"><em><strong><br \/>\n&#8211; Comment marcherais-je puisque je n&rsquo;en ai pas la force ?\u00a0\u00bb<\/strong><\/em><\/span><br \/>\n<span style=\"color: #008000;\"><em><strong><br \/>\n&#8211; N&rsquo;as-tu pas appris, repartit-il, que l&rsquo;on a dit : \u00a0\u00bb Marcher et s&rsquo;asseoir valent mieux que courir et \u00eatre rompu.\u00a0\u00bb<\/strong><\/em><\/span><\/p>\n<p style=\"text-align: justify;\"><span style=\"color: #008000;\"><em><strong>Vers : O toi qui d\u00e9sire un g\u00eete, ne te h\u00e2te pas, suis mon conseil et apprends la patience : le cheval arabe parcourt deux fois avec promptitude la longueur de la carri\u00e8re, le chameau marche doucement nuit et jour.\u00a0\u00bb<\/strong><\/em><\/span><\/p>\n<p style=\"text-align: justify;\"><span style=\"color: #808080;\"><strong>Mocharrafoddin Saadi (1210-1291), <\/strong><em>Gulistan, le jardin des roses<\/em><strong>.<\/strong><\/span><\/p>\n<p style=\"text-align: justify;\">Dans la litt\u00e9rature m\u00e9di\u00e9vale occidentale, la vieillesse a bien souvent deux visages. D&rsquo;un c\u00f4t\u00e9, on retrouvera cette figure de l&rsquo;ancien exp\u00e9riment\u00e9, le sage, l&rsquo;ermite, le conseiller, quelquefois encore, le vieux chevalier aguerri qui \u00e9duque le jeune.\u00a0De l&rsquo;autre, plus fr\u00e9quent, on trouvera l&rsquo;ancien fatigu\u00e9 que l&rsquo;oisivet\u00e9 autant que la faiblesse ou le manque de moyens peut m\u00eame miner. Il d\u00e9plorera alors sa jeunesse perdue, on l&rsquo;a vu avec <a href=\"https:\/\/www.moyenagepassion.com\/index.php\/moyen-age\/musique-medieval-historique-fantaisie-celtique\/michault-taillevent\/\" target=\"_blank\">Michault Taillevent<\/a> dans<a href=\"https:\/\/www.moyenagepassion.com\/index.php\/2018\/01\/15\/temps-passe-jamais-ne-retourne-michault-caron-dit-taillevent-le-passe-temps-fragments-1\/\" target=\"_blank\"> son passe-temps<\/a>, mais on le retrouve aussi chez <strong><a href=\"https:\/\/www.moyenagepassion.com\/index.php\/moyen-age\/musique-medieval-historique-fantaisie-celtique\/eustache-deschamps\/\" target=\"_blank\">Eustache Deschamps<\/a><\/strong> et d&rsquo;autres auteurs m\u00e9di\u00e9vaux. On pourra pour en citer un autre exemple se souvenir encore ici des <a href=\"https:\/\/www.moyenagepassion.com\/index.php\/2016\/05\/16\/les-regrets-de-la-belle-heaulmiere-une-lecture-de-francois-villon-par-brassens\/\" target=\"_blank\">regrets <\/a><a href=\"https:\/\/www.moyenagepassion.com\/wp-content\/uploads\/2017\/12\/deco_medievale_enluminures_trouvere_.jpg\"><img decoding=\"async\" class=\" wp-image-17430 alignright\" src=\"https:\/\/www.moyenagepassion.com\/wp-content\/uploads\/2017\/12\/deco_medievale_enluminures_trouvere_.jpg\" alt=\"deco_medievale_enluminures_trouvere_\" width=\"80\" height=\"344\" srcset=\"https:\/\/www.moyenagepassion.com\/wp-content\/uploads\/2017\/12\/deco_medievale_enluminures_trouvere_.jpg 115w, https:\/\/www.moyenagepassion.com\/wp-content\/uploads\/2017\/12\/deco_medievale_enluminures_trouvere_-70x300.jpg 70w\" sizes=\"(max-width: 80px) 100vw, 80px\" \/><\/a><a href=\"https:\/\/www.moyenagepassion.com\/index.php\/2016\/05\/16\/les-regrets-de-la-belle-heaulmiere-une-lecture-de-francois-villon-par-brassens\/\" target=\"_blank\">de la belle heaulmi\u00e8re<\/a> de <a href=\"https:\/\/www.moyenagepassion.com\/index.php\/moyen-age\/musique-medieval-historique-fantaisie-celtique\/francois-villon\/\" target=\"_blank\">Fran\u00e7ois Villon<\/a>.<\/p>\n<p style=\"text-align: justify;\">Dans un autre registre, viennent s&rsquo;ajouter encore des images plus moqueuses et plus satiriques. On trouvera ainsi le vieux pingre, ou encore le vieillard argent\u00e9 et lubrique qui cherche \u00e0 marier une jeune fille ou \u00e0 s&rsquo;en attirer les faveurs.<\/p>\n<p style=\"text-align: justify;\">Dans une certaine mesure, ces deux visages-l\u00e0 seront pr\u00e9sents dans les contes de <strong>Saadi\u00a0<\/strong>sur la jeunesse et sur la vieillesse. L&rsquo;\u00e2ge n&rsquo;y est pas toujours synonyme de sagesse et la figure de l&rsquo;ancien oscille, chez lui aussi, entre les deux extr\u00eames, exp\u00e9rience et raison d&rsquo;un c\u00f4t\u00e9 et \u00ab\u00a0travers\u00a0\u00bb de l&rsquo;autre : avarice, pingrerie, vantardise, lubricit\u00e9, etc&#8230; Sur ce dernier aspect, le po\u00e8te persan\u00a0mettra m\u00eame les vers suivants dans la bouche d&rsquo;une jeune fille press\u00e9e par un pr\u00e9tendant bien plus \u00e2g\u00e9 qu&rsquo;elle :<span style=\"color: #008000;\"><em><strong> \u00ab\u00a0Si une fl\u00e8che se\u00a0 fixe dans le c\u00f4t\u00e9 d&rsquo;une jeune fille, cela vaut mieux pour elle que la cohabitation d&rsquo;un vieillard\u00a0\u00bb.\u00a0<\/strong><\/em> <\/span><\/p>\n<p style=\"text-align: justify;\"><span style=\"color: #008000;\"><span style=\"color: #333333;\">Dans une autre historiette, qui rejoindra la pr\u00e9c\u00e9dente sur le fond moral, on retrouvera, cette fois l&rsquo;image d&rsquo;un vieillard auquel on demandera pourquoi il ne prend pas de jeune \u00e9pouse et qui\u00a0s&rsquo;en d\u00e9fendra justement : <span style=\"color: #008000;\"><em><strong>\u00ab\u00a0Moi qui suis vieux je n&rsquo;ai aucune inclination pour les vieilles femmes, comment donc la femme qui sera jeune pourra-t-elle \u00e9prouver de l&rsquo;amiti\u00e9 pour moi qui suis vieux?\u00a0\u00bb.\u00a0 <\/strong><\/em><span style=\"color: #333333;\">Comme celui du conte du jour, cet autre l\u00e0 portait en lui, \u00e0 l&rsquo;\u00e9vidence, quelques graines de sagesse et parlait, \u00e0 tous le moins d&rsquo;exp\u00e9rience.<\/span><\/span><\/span><\/span><\/p>\n<p style=\"text-align: justify;\"><span style=\"color: #008000;\"><span style=\"color: #333333;\">Pour le reste et encore une fois, pour <strong>Saadi<\/strong>\u00a0comme pour les auteurs m\u00e9di\u00e9vaux de l&rsquo;Europe chr\u00e9tienne, la sagesse n&rsquo;est pas une qualit\u00e9 intrins\u00e8que et syst\u00e9matique provenant de l&rsquo;\u00e2ge.\u00a0Pardonnez-moi, mais je n&rsquo;y resiste pas, finalement, il semble bien que tous auraient pu chanter en choeur et d&rsquo;\u00e9gale mani\u00e8re avec <strong>Brassens<\/strong>\u00a0que <span style=\"color: #008000;\"><em><strong>\u00ab\u00a0le temps n&rsquo;y fait rien \u00e0 l&rsquo;affaire<\/strong><\/em><\/span>\u00ab\u00a0.\u00a0<\/span><\/span><\/p>\n<p style=\"text-align: justify;\"><img decoding=\"async\" class=\"wp-image-17430 alignleft\" src=\"https:\/\/www.moyenagepassion.com\/wp-content\/uploads\/2017\/12\/deco_medievale_enluminures_trouvere_.jpg\" alt=\"deco_medievale_enluminures_trouvere_\" width=\"80\" height=\"344\" srcset=\"https:\/\/www.moyenagepassion.com\/wp-content\/uploads\/2017\/12\/deco_medievale_enluminures_trouvere_.jpg 115w, https:\/\/www.moyenagepassion.com\/wp-content\/uploads\/2017\/12\/deco_medievale_enluminures_trouvere_-70x300.jpg 70w\" sizes=\"(max-width: 80px) 100vw, 80px\" \/>Pour en revenir au moyen-\u00e2ge occidental, au positif ou au n\u00e9gatif, au masculin comme au f\u00e9minin, la vieillesse n&rsquo;est, en g\u00e9n\u00e9ral, pas une figure centrale de la litt\u00e9rature m\u00e9di\u00e9vale et encore moins des romans chevaleresques. Ces derniers restent bas\u00e9s sur des valeurs mettant en sc\u00e8ne plut\u00f4t la jeunesse, dans l&rsquo;action, comme dans l&rsquo;apprentissage ou l&rsquo;initiation.<\/p>\n<p style=\"text-align: justify;\">Le mythe moderne du h\u00e9ros en a-t-il h\u00e9rit\u00e9\u00a0? Sans doute dans de grandes proportions, m\u00eame s&rsquo;il est possible qu&rsquo;avec les glissements de la pyramide des \u00e2ges et l&rsquo;allongement de la dur\u00e9e de vie, la fourchette d&rsquo;\u00e2ge qui le d\u00e9finit se soit tout de m\u00eame un peu \u00e9largie. Jusqu&rsquo;\u00e0 r\u00e9cemment, le cin\u00e9ma am\u00e9ricain, pour ne parler que de lui, nous a d&rsquo;ailleurs gratifi\u00e9 de quelques productions mettant en sc\u00e8ne ses acteurs favoris devenus largement seniors (Sylvester Stallone, Morgan Freeman, Arnold\u00a0Schwarzenegger, etc&#8230;), dans des r\u00f4les encore tr\u00e8s orient\u00e9s sur l&rsquo;action.<\/p>\n<p>En vous souhaitant une belle journ\u00e9e !<\/p>\n<p>Fred<br \/>\nPour moyenagepassion.com<br \/>\n<em><strong>A la d\u00e9couverte du moyen-\u00e2ge sous toutes ses formes.<\/strong><\/em><\/p>\n<hr \/>\n<p>Sur ce sujet, on trouvera quelques compl\u00e9ments utiles dans les sources suivantes :<\/p>\n<p><em><a href=\"https:\/\/www.cairn.info\/revue-gerontologie-et-societe1-2005-3-page-129.html\" target=\"_blank\">Sagesse ou folie ? Etre vieux dans la litt\u00e9rature m\u00e9di\u00e9vale<\/a>,\u00a0<\/em>par Bernard Rib\u00e9mont<\/p>\n<p><em><a href=\"https:\/\/actuelmoyenage.wordpress.com\/2018\/02\/01\/le-crocus-contre-les-ehpad-ou-comment-etre-vieux-au-moyen-age\/\" target=\"_blank\">Le crocus contre les EHPAD, ou comment \u00eatre vieux au Moyen \u00c2ge<\/a><\/em>, par Florian Besson<\/p>\n<p><em><a href=\"http:\/\/books.openedition.org\/pup\/3247?lang=fr\" target=\"_blank\">L\u2019image de l\u2019\u00e2ge, trait\u00e9s et po\u00e8mes des \u00c2ges de l\u2019homme<\/a><\/em>, par\u00a0Denis H\u00fce<\/p>\n","protected":false},"excerpt":{"rendered":"<p>Sujet\u00a0: contes moraux, sagesse, po\u00e9sie\u00a0morale, po\u00e9sie persane, citation m\u00e9di\u00e9vale. conte persan, patience. jeunesse, P\u00e9riode\u00a0: moyen-\u00e2ge central \u00e0 tardif. Auteur\u00a0:\u00a0Mocharrafoddin Saadi\u00a0 (1210-1291), Ouvrage\u00a0:\u00a0Gulistan, le jardin des roses. Bonjour \u00e0 tous, our aujourd&rsquo;hui, voici un nouveau conte persan de Mocharrafoddin\u00a0Saadi. Il est extrait d&rsquo;un chapitre du Gulistan, qui touche aux choses de la jeunesse et de l&rsquo;\u00e2ge. &hellip; <a href=\"https:\/\/www.moyenagepassion.com\/index.php\/2018\/02\/13\/jeune-impetueux-vieux-sage-un-conte-de-saadi-et-quelques-reflexions-sur-vieillesse-et-sagesse-dans-la-litterature-medievale\/\" class=\"more-link\">Continuer la lecture de <span class=\"screen-reader-text\">jeune imp\u00e9tueux, vieux sage, un conte de Saadi et quelques r\u00e9flexions compar\u00e9es sur la vieillesse dans la litt\u00e9rature m\u00e9di\u00e9vale<\/span>  <span class=\"meta-nav\">&rarr;<\/span><\/a><\/p>\n","protected":false},"author":2,"featured_media":0,"comment_status":"open","ping_status":"open","sticky":false,"template":"","format":"standard","meta":{"_monsterinsights_skip_tracking":false,"_monsterinsights_sitenote_active":false,"_monsterinsights_sitenote_note":"","_monsterinsights_sitenote_category":0,"footnotes":""},"categories":[2040,9],"tags":[746,1949,3556,2609,1597,3164,1915,18,85,1598,2041,1592,165,1923,3360,595],"class_list":["post-19269","post","type-post","status-publish","format-standard","hentry","category-mocharrafoddin-saadi","category-musique-medieval-historique-fantaisie-celtique","tag-citation-medievale","tag-citation-moyen-age","tag-conte-persan","tag-contes-moraux","tag-gulistan","tag-le-jardin-des-roses","tag-litterature-medievale","tag-moyen-age","tag-moyen-age-central","tag-poesie-morale","tag-poesie-persane","tag-saadi","tag-sagesse","tag-sagesse-persane","tag-vieillesse","tag-xiiie-siecle"],"aioseo_notices":[],"_links":{"self":[{"href":"https:\/\/www.moyenagepassion.com\/index.php\/wp-json\/wp\/v2\/posts\/19269"}],"collection":[{"href":"https:\/\/www.moyenagepassion.com\/index.php\/wp-json\/wp\/v2\/posts"}],"about":[{"href":"https:\/\/www.moyenagepassion.com\/index.php\/wp-json\/wp\/v2\/types\/post"}],"author":[{"embeddable":true,"href":"https:\/\/www.moyenagepassion.com\/index.php\/wp-json\/wp\/v2\/users\/2"}],"replies":[{"embeddable":true,"href":"https:\/\/www.moyenagepassion.com\/index.php\/wp-json\/wp\/v2\/comments?post=19269"}],"version-history":[{"count":0,"href":"https:\/\/www.moyenagepassion.com\/index.php\/wp-json\/wp\/v2\/posts\/19269\/revisions"}],"wp:attachment":[{"href":"https:\/\/www.moyenagepassion.com\/index.php\/wp-json\/wp\/v2\/media?parent=19269"}],"wp:term":[{"taxonomy":"category","embeddable":true,"href":"https:\/\/www.moyenagepassion.com\/index.php\/wp-json\/wp\/v2\/categories?post=19269"},{"taxonomy":"post_tag","embeddable":true,"href":"https:\/\/www.moyenagepassion.com\/index.php\/wp-json\/wp\/v2\/tags?post=19269"}],"curies":[{"name":"wp","href":"https:\/\/api.w.org\/{rel}","templated":true}]}}