{"id":19520,"date":"2018-02-21T02:10:40","date_gmt":"2018-02-21T01:10:40","guid":{"rendered":"http:\/\/www.moyenagepassion.com\/?p=19520"},"modified":"2020-10-05T00:02:04","modified_gmt":"2020-10-04T23:02:04","slug":"salon-normannia-ce-week-end-rouen-se-met-a-lheure-du-medieval-fantastique","status":"publish","type":"post","link":"https:\/\/www.moyenagepassion.com\/index.php\/2018\/02\/21\/salon-normannia-ce-week-end-rouen-se-met-a-lheure-du-medieval-fantastique\/","title":{"rendered":"Agenda : Salon Normannia 2018, Rouen \u00e0 l&rsquo;heure du m\u00e9di\u00e9val-fantastique"},"content":{"rendered":"<div id=\"moyen-1938953666\" class=\"moyen-before-content moyen-entity-placement\"><script async src=\"\/\/pagead2.googlesyndication.com\/pagead\/js\/adsbygoogle.js?client=ca-pub-3035390706780632\" crossorigin=\"anonymous\"><\/script><ins class=\"adsbygoogle\" style=\"display:block;\" data-ad-client=\"ca-pub-3035390706780632\" \ndata-ad-slot=\"\" \ndata-ad-format=\"auto\"><\/ins>\n<script> \n(adsbygoogle = window.adsbygoogle || []).push({}); \n<\/script>\n<\/div><p><strong><a href=\"https:\/\/www.moyenagepassion.com\/wp-content\/uploads\/2018\/02\/agenda_salon_animations_medieval_fantastique_normannia_rouen_normandie.jpg\"><img decoding=\"async\" class=\"wp-image-19529 alignleft\" src=\"https:\/\/www.moyenagepassion.com\/wp-content\/uploads\/2018\/02\/agenda_salon_animations_medieval_fantastique_normannia_rouen_normandie.jpg\" alt=\"agenda_salon_animations_medieval_fantastique_normannia_rouen_normandie\" width=\"207\" height=\"207\" srcset=\"https:\/\/www.moyenagepassion.com\/wp-content\/uploads\/2018\/02\/agenda_salon_animations_medieval_fantastique_normannia_rouen_normandie.jpg 742w, https:\/\/www.moyenagepassion.com\/wp-content\/uploads\/2018\/02\/agenda_salon_animations_medieval_fantastique_normannia_rouen_normandie-150x150.jpg 150w, https:\/\/www.moyenagepassion.com\/wp-content\/uploads\/2018\/02\/agenda_salon_animations_medieval_fantastique_normannia_rouen_normandie-300x300.jpg 300w\" sizes=\"(max-width: 207px) 100vw, 207px\" \/><\/a>Sujet<\/strong>\u00a0: agenda, salon m\u00e9di\u00e9val, animations, m\u00e9di\u00e9val-fantastique, reconstituteurs,\u00a0march\u00e9 historique<br \/>\n<strong>Nom<\/strong>\u00a0: Normannia 2018, 2e \u00e9dition<br \/>\n<strong>Lieu : <\/strong>Parc expo Rouen, Seine-maritime Normandie,\u00a0<strong><br \/>\nDates : <\/strong>du 24\u00a0au 25 f\u00e9vrier 2018<br \/>\n<strong>Organisateur<\/strong> : F\u00e9d\u00e9ration Fran\u00e7aise M\u00e9di\u00e9vale<\/p>\n<p>Bonjour \u00e0 tous,<\/p>\n<p style=\"text-align: justify;\"><img decoding=\"async\" class=\"alignleft size-full wp-image-59\" src=\"https:\/\/www.moyenagepassion.com\/wp-content\/uploads\/2015\/12\/A_lettrine_moyen_age_passion.jpg\" alt=\"A_lettrine_moyen_age_passion\" width=\"84\" height=\"103\" \/>pr\u00e8s une premi\u00e8re \u00e9dition 2017 r\u00e9ussie, le salon <strong>Normannia<\/strong> se r\u00e9invite, cette fin de semaine, \u00e0 l&rsquo;espace Parc Exposition de Rouen. L&rsquo;\u00e9v\u00e9nement avait accueilli l&rsquo;ann\u00e9e derni\u00e8re plusieurs milliers de visiteurs et la <em>F\u00e9d\u00e9ration\u00a0Fran\u00e7aise\u00a0<span class=\"color_20\">M<\/span>\u00e9di\u00e9vale<\/em> qui l&rsquo;organise compte bien s&rsquo;assurer du succ\u00e8s de cette nouvelle mouture qui m\u00ealera comme la pr\u00e9c\u00e9dente, moyen-\u00e2ge, m\u00e9di\u00e9val\u00a0 fantaisie et steampunk.<\/p>\n<p style=\"text-align: justify;\">De fait, la liste des exposants, artisans, troupes et compagnies qui viendront cette ann\u00e9e, d\u00e9passe les 250 intervenants, soit 100 de plus que l&rsquo;ann\u00e9e derni\u00e8re.<\/p>\n<figure id=\"attachment_19551\" aria-describedby=\"caption-attachment-19551\" style=\"width: 974px\" class=\"wp-caption alignnone\"><a href=\"https:\/\/www.moyenagepassion.com\/wp-content\/uploads\/2018\/02\/normannia_2018_viking_steampunk_affiche_agenda_salon_medieval_fantastique_normandie_rouen.jpg\"><img decoding=\"async\" class=\"size-full wp-image-19551\" src=\"https:\/\/www.moyenagepassion.com\/wp-content\/uploads\/2018\/02\/normannia_2018_viking_steampunk_affiche_agenda_salon_medieval_fantastique_normandie_rouen.jpg\" alt=\"Affiche non officielle - Cr\u00e9ation Moyenagepassion.com - @fred_effe \" width=\"974\" height=\"1136\" srcset=\"https:\/\/www.moyenagepassion.com\/wp-content\/uploads\/2018\/02\/normannia_2018_viking_steampunk_affiche_agenda_salon_medieval_fantastique_normandie_rouen.jpg 974w, https:\/\/www.moyenagepassion.com\/wp-content\/uploads\/2018\/02\/normannia_2018_viking_steampunk_affiche_agenda_salon_medieval_fantastique_normandie_rouen-257x300.jpg 257w, https:\/\/www.moyenagepassion.com\/wp-content\/uploads\/2018\/02\/normannia_2018_viking_steampunk_affiche_agenda_salon_medieval_fantastique_normandie_rouen-878x1024.jpg 878w\" sizes=\"(max-width: 974px) 100vw, 974px\" \/><\/a><figcaption id=\"caption-attachment-19551\" class=\"wp-caption-text\">Affiche non officielle &#8211; Cr\u00e9ation Moyenagepassion.com &#8211; fredeffe<\/figcaption><\/figure>\n<h2 style=\"text-align: justify;\"><strong>Animations et divertissement en continu<br \/>\n<\/strong><\/h2>\n<p style=\"text-align: justify;\"><img decoding=\"async\" class=\"alignleft size-full wp-image-148\" src=\"https:\/\/www.moyenagepassion.com\/wp-content\/uploads\/2015\/12\/E_lettrine_moyen_age_passion.jpg\" alt=\"E_lettrine_moyen_age_passion\" width=\"84\" height=\"103\" \/>ntre conteurs, th\u00e9\u00e2tre, sc\u00e9nettes, jongleries, danses, musiques anciennes et m\u00e9di\u00e9vales ou groupes d&rsquo;influence plus r\u00e9solument folk ou pagan-folk, du c\u00f4t\u00e9 des divertissements, les all\u00e9es du salon seront anim\u00e9es en continu tout au long des deux jours. On pourra aussi compter sur les parades en costume de personnages, guerriers ou vikings en provenance du moyen-\u00e2ge mais encore de cr\u00e9atures tout droit sorties d&rsquo;un roman de fantasy ou de l&rsquo;univers \u00e9trange et m\u00e2tin\u00e9 de futurisme r\u00e9tro, caract\u00e9ristique du Steampunk. Un grand concours sera m\u00eame organis\u00e9 le dimanche \u00e0 l&rsquo;attention des visiteurs costum\u00e9s sur des th\u00e8mes qui couvriront ceux du salon : le moyen-\u00e2ge, le m\u00e9di\u00e9val fantastique et le Steampunk donc.<\/p>\n<h2 style=\"text-align: justify;\"><strong>Village, campements et tournoi\u00a0viking<\/strong><\/h2>\n<p style=\"text-align: justify;\"><a href=\"https:\/\/www.moyenagepassion.com\/wp-content\/uploads\/2018\/02\/normannia_2018_rouen_agenda_salon_evenement_animations_medieval_fantastique_normandie.jpg\"><img decoding=\"async\" class=\"wp-image-19530 alignright\" src=\"https:\/\/www.moyenagepassion.com\/wp-content\/uploads\/2018\/02\/normannia_2018_rouen_agenda_salon_evenement_animations_medieval_fantastique_normandie.jpg\" alt=\"normannia_2018_rouen_agenda_salon_evenement_animations_medieval_fantastique_normandie\" width=\"215\" height=\"300\" srcset=\"https:\/\/www.moyenagepassion.com\/wp-content\/uploads\/2018\/02\/normannia_2018_rouen_agenda_salon_evenement_animations_medieval_fantastique_normandie.jpg 550w, https:\/\/www.moyenagepassion.com\/wp-content\/uploads\/2018\/02\/normannia_2018_rouen_agenda_salon_evenement_animations_medieval_fantastique_normandie-215x300.jpg 215w\" sizes=\"(max-width: 215px) 100vw, 215px\" \/><\/a>Normandie et terres de Rollon obligent, il y a aura \u00e9galement sur place un grand\u00a0village et ses nombreux campements pour repr\u00e9senter les vikings. Il sera, comme il se doit, anim\u00e9 par des reconstituteurs et compagnies sp\u00e9cialis\u00e9s sur les peuplades nordiques du moyen-\u00e2ge. Il y aura m\u00eame, cette ann\u00e9e, un tournoi\u00a0 de combat et de duels vikings totalement original et in\u00e9dit, puisqu&rsquo;inaugur\u00e9 pour la premi\u00e8re fois par la F\u00e9d\u00e9ration en charge de l&rsquo;organisation du salon.<\/p>\n<h2><strong>Concert de Luc Arbogast<\/strong><\/h2>\n<p>C\u00f4t\u00e9 temps fort, le samedi en soir\u00e9e,\u00a0 un grand concert est pr\u00e9vu du d\u00e9sormais c\u00e9l\u00e8bre contre-t\u00e9nor <strong>Luc Arbogast.<\/strong><br \/>\n(r\u00e9servations fortement conseill\u00e9es)<\/p>\n<h2>D\u00e9p\u00f4t-vente &amp; ench\u00e8res d&rsquo;objets d&rsquo;inspiration historique<\/h2>\n<p style=\"text-align: justify;\"><img decoding=\"async\" class=\"alignleft size-full wp-image-445\" src=\"https:\/\/www.moyenagepassion.com\/wp-content\/uploads\/2015\/12\/P_lettrine_moyen_age_passion-copia.jpg\" alt=\"P_lettrine_moyen_age_passion copia\" width=\"96\" height=\"103\" \/>our clore cette pr\u00e9sentation, ajoutons qu&rsquo;en plus des nombreux exposants pr\u00e9sents, les passionn\u00e9s d&rsquo;histoire vivante\u00a0 ou reconstituteurs d\u00e9sireux d&rsquo;acqu\u00e9rir ou m\u00eame de se s\u00e9parer de leurs objets collectors pourront encore trouver, au sein du salon, un d\u00e9p\u00f4t-vente g\u00e9r\u00e9 par l&rsquo;organisation pour faciliter leurs \u00e9changes ou m\u00eame, s&rsquo;ils le pr\u00e9f\u00e8rent, des cessions de ventes aux ench\u00e8res.<\/p>\n<p style=\"text-align: justify;\">Enfin, il ne sera pas dit qu&rsquo;un normand vous laissera jamais mourir de faim ou de soif en ses terres.\u00a0A\u00a0en juger par la liste des exposants, tout est, en effet, largement\u00a0 pr\u00e9vu\u00a0 pour se restaurer copieusement sur place.<\/p>\n<p><a href=\"https:\/\/www.federation-francaise-medievale.fr\/normannia-animations\" target=\"_blank\" rel=\"noopener noreferrer\">Renseignements et programme ici<\/a>\u00a0&#8211; <a href=\"https:\/\/www.facebook.com\/normannia2018\/photos\/gm.1935439570030485\/1710431402592297\/?type=3\" target=\"_blank\" rel=\"noopener noreferrer\">Facebook de l&rsquo;\u00e9v\u00e9nement<\/a><\/p>\n<p>En vous souhaitant une belle journ\u00e9e.<\/p>\n<div class=\"ltf\">\n<p>Fred<br \/>\nPour moyenagepassion.com<br \/>\n<em><strong>A la d\u00e9couverte du moyen-\u00e2ge sous toutes ses formes.<\/strong><\/em><\/p>\n<\/div>\n","protected":false},"excerpt":{"rendered":"<p>Sujet\u00a0: agenda, salon m\u00e9di\u00e9val, animations, m\u00e9di\u00e9val-fantastique, reconstituteurs,\u00a0march\u00e9 historique Nom\u00a0: Normannia 2018, 2e \u00e9dition Lieu : Parc expo Rouen, Seine-maritime Normandie,\u00a0 Dates : du 24\u00a0au 25 f\u00e9vrier 2018 Organisateur : F\u00e9d\u00e9ration Fran\u00e7aise M\u00e9di\u00e9vale Bonjour \u00e0 tous, pr\u00e8s une premi\u00e8re \u00e9dition 2017 r\u00e9ussie, le salon Normannia se r\u00e9invite, cette fin de semaine, \u00e0 l&rsquo;espace Parc Exposition de &hellip; <a href=\"https:\/\/www.moyenagepassion.com\/index.php\/2018\/02\/21\/salon-normannia-ce-week-end-rouen-se-met-a-lheure-du-medieval-fantastique\/\" class=\"more-link\">Continuer la lecture de <span class=\"screen-reader-text\">Agenda : Salon Normannia 2018, Rouen \u00e0 l&rsquo;heure du m\u00e9di\u00e9val-fantastique<\/span>  <span class=\"meta-nav\">&rarr;<\/span><\/a><\/p>\n","protected":false},"author":2,"featured_media":0,"comment_status":"open","ping_status":"open","sticky":false,"template":"","format":"standard","meta":{"_monsterinsights_skip_tracking":false,"_monsterinsights_sitenote_active":false,"_monsterinsights_sitenote_note":"","_monsterinsights_sitenote_category":0,"footnotes":""},"categories":[11],"tags":[1391,1539,2529,212,3577,1826,207,262,2895,18,681,3578,2757,3309,2154,118],"class_list":["post-19520","post","type-post","status-publish","format-standard","hentry","category-fetes-medievales-evenement","tag-agenda","tag-agenda-medieval","tag-animations-medievales","tag-compagnies-medievales","tag-federation-francaise-medievale","tag-histoire-vivante","tag-medieval-fantaisie","tag-medieval-fantastique","tag-medievalisme","tag-moyen-age","tag-normandie","tag-normannia","tag-reconstituteurs","tag-salon-medieval","tag-steampunk","tag-vikings"],"aioseo_notices":[],"_links":{"self":[{"href":"https:\/\/www.moyenagepassion.com\/index.php\/wp-json\/wp\/v2\/posts\/19520"}],"collection":[{"href":"https:\/\/www.moyenagepassion.com\/index.php\/wp-json\/wp\/v2\/posts"}],"about":[{"href":"https:\/\/www.moyenagepassion.com\/index.php\/wp-json\/wp\/v2\/types\/post"}],"author":[{"embeddable":true,"href":"https:\/\/www.moyenagepassion.com\/index.php\/wp-json\/wp\/v2\/users\/2"}],"replies":[{"embeddable":true,"href":"https:\/\/www.moyenagepassion.com\/index.php\/wp-json\/wp\/v2\/comments?post=19520"}],"version-history":[{"count":1,"href":"https:\/\/www.moyenagepassion.com\/index.php\/wp-json\/wp\/v2\/posts\/19520\/revisions"}],"predecessor-version":[{"id":34716,"href":"https:\/\/www.moyenagepassion.com\/index.php\/wp-json\/wp\/v2\/posts\/19520\/revisions\/34716"}],"wp:attachment":[{"href":"https:\/\/www.moyenagepassion.com\/index.php\/wp-json\/wp\/v2\/media?parent=19520"}],"wp:term":[{"taxonomy":"category","embeddable":true,"href":"https:\/\/www.moyenagepassion.com\/index.php\/wp-json\/wp\/v2\/categories?post=19520"},{"taxonomy":"post_tag","embeddable":true,"href":"https:\/\/www.moyenagepassion.com\/index.php\/wp-json\/wp\/v2\/tags?post=19520"}],"curies":[{"name":"wp","href":"https:\/\/api.w.org\/{rel}","templated":true}]}}