{"id":19619,"date":"2018-02-27T23:34:45","date_gmt":"2018-02-27T22:34:45","guid":{"rendered":"http:\/\/www.moyenagepassion.com\/?p=19619"},"modified":"2020-10-05T01:21:25","modified_gmt":"2020-10-05T00:21:25","slug":"innovation-moyen-age-nouveaute-fondatrice-medievale-citation-jacques-le-goff","status":"publish","type":"post","link":"https:\/\/www.moyenagepassion.com\/index.php\/2018\/02\/27\/innovation-moyen-age-nouveaute-fondatrice-medievale-citation-jacques-le-goff\/","title":{"rendered":"Importance fondatrice  du moyen-\u00e2ge et innovations m\u00e9di\u00e9vales,  une citation de Jacques le GOFF"},"content":{"rendered":"<div id=\"moyen-2330926614\" class=\"moyen-before-content moyen-entity-placement\"><script async src=\"\/\/pagead2.googlesyndication.com\/pagead\/js\/adsbygoogle.js?client=ca-pub-3035390706780632\" crossorigin=\"anonymous\"><\/script><ins class=\"adsbygoogle\" style=\"display:block;\" data-ad-client=\"ca-pub-3035390706780632\" \ndata-ad-slot=\"\" \ndata-ad-format=\"auto\"><\/ins>\n<script> \n(adsbygoogle = window.adsbygoogle || []).push({}); \n<\/script>\n<\/div><p><strong>Sujet<\/strong> : citations m\u00e9di\u00e9vales, moyen-\u00e2ge, histoire m\u00e9di\u00e9vale, historien, m\u00e9di\u00e9viste, avenir, identit\u00e9s, innovation m\u00e9di\u00e9vale,<br \/>\n<strong>Auteur<\/strong> : Jacques le Goff<br \/>\n<strong>P\u00e9riode<\/strong> : moyen-\u00e2ge central, long moyen-\u00e2ge<br \/>\n<strong>Sources<\/strong> :\u00a0Entretien vid\u00e9o,\u00a0 CNRS (1991)<\/p>\n<p>Bonjour \u00e0 tous,<\/p>\n<p style=\"text-align: justify;\"><img decoding=\"async\" class=\"alignleft wp-image-445 size-full\" src=\"https:\/\/www.moyenagepassion.com\/wp-content\/uploads\/2015\/12\/P_lettrine_moyen_age_passion-copia.jpg\" alt=\"\" width=\"96\" height=\"103\" \/>our le cas o\u00f9 nous en doutions encore, voici un peu de grain \u00e0 moudre avec <strong>Jacques le Goff,\u00a0<\/strong>sur les innovations m\u00e9di\u00e9vales et sur l&rsquo;importance fondatrice du Moyen-\u00e2ge\u00a0pour notre civilisation actuelle<strong>. <\/strong>La citation est extraite d&rsquo;un portrait vid\u00e9o de l&rsquo;historien m\u00e9di\u00e9viste, dat\u00e9 de 1991. Il faisait partie d&rsquo;une s\u00e9rie et d&rsquo;un programme que le CNRS consacrait alors aux \u00ab\u00a0t\u00eates chercheuses\u00a0\u00bb des temps modernes (<a href=\"http:\/\/videotheque.cnrs.fr\/doc=931\" target=\"_blank\" rel=\"noopener noreferrer\">voir d\u00e9tail ici<\/a>).<\/p>\n<p><a href=\"https:\/\/www.moyenagepassion.com\/wp-content\/uploads\/2018\/02\/citation_jacques_le_goff_historien_medieviste_moyen-age_racines_modernite_identites_avenir1.jpg\"><img decoding=\"async\" class=\"alignnone wp-image-23920 size-full\" src=\"https:\/\/www.moyenagepassion.com\/wp-content\/uploads\/2018\/02\/citation_jacques_le_goff_historien_medieviste_moyen-age_racines_modernite_identites_avenir1.jpg\" alt=\"\" width=\"1024\" height=\"434\" srcset=\"https:\/\/www.moyenagepassion.com\/wp-content\/uploads\/2018\/02\/citation_jacques_le_goff_historien_medieviste_moyen-age_racines_modernite_identites_avenir1.jpg 1024w, https:\/\/www.moyenagepassion.com\/wp-content\/uploads\/2018\/02\/citation_jacques_le_goff_historien_medieviste_moyen-age_racines_modernite_identites_avenir1-300x127.jpg 300w\" sizes=\"(max-width: 1024px) 100vw, 1024px\" \/><\/a><\/p>\n<p style=\"text-align: justify;\"><strong><span style=\"color: #008000;\"><em>\u00ab\u00a0Je crois que, au Moyen-\u00e2ge, du point de vue mat\u00e9riel, les outils, les techniques, le moulin, les divers m\u00e9tiers, du point de vue de la vie en soci\u00e9t\u00e9, les rapports ville\/campagne, la croissance de la ville, la naissance de la soci\u00e9t\u00e9 urbaine, du point de vue politique, la naissance de l&rsquo;Etat, du point de vue intellectuel la litt\u00e9rature dite \u00ab\u00a0en langue vulgaire\u00a0\u00bb par rapport au latin, le mouvement universitaire, les approfondissements religieux, le passage \u00e0 l&rsquo;examen de conscience, une nouvelle conception du p\u00e9ch\u00e9 moins primitive, je crois que tout ceci s&rsquo;est pass\u00e9 au Moyen-\u00e2ge et que il y a l\u00e0, pour la connaissance de notre identit\u00e9 actuelle, des \u00e9l\u00e9ments capitaux et qui nous permettent de mieux vivre, et je pense, de mieux pr\u00e9parer ce qui est quand m\u00eame la suite de l&rsquo;Histoire, que l&rsquo;Historien ne conna\u00eet pas : l&rsquo;Avenir.\u00a0\u00bb<\/em><\/span><\/strong><\/p>\n<p style=\"text-align: justify;\"><span style=\"color: #808080;\">Jacques Le GOFF, historien m\u00e9di\u00e9viste (1924-2014)<br \/>\nExtrait d\u2019un entretien vid\u00e9o,\u00a0 \u201cT\u00eates chercheuses\u201d, CNRS (1991)<\/span><\/p>\n<p style=\"text-align: justify;\">En vous souhaitant une excellente\u00a0 journ\u00e9e.<\/p>\n<p>Fr\u00e9d\u00e9ric EFFE<br \/>\nPour moyenagepassion.com<br \/>\n<em><strong>A la d\u00e9couverte du moyen-\u00e2ge sous toutes ses formes.<\/strong><\/em><\/p>\n","protected":false},"excerpt":{"rendered":"<p>Sujet : citations m\u00e9di\u00e9vales, moyen-\u00e2ge, histoire m\u00e9di\u00e9vale, historien, m\u00e9di\u00e9viste, avenir, identit\u00e9s, innovation m\u00e9di\u00e9vale, Auteur : Jacques le Goff P\u00e9riode : moyen-\u00e2ge central, long moyen-\u00e2ge Sources :\u00a0Entretien vid\u00e9o,\u00a0 CNRS (1991) Bonjour \u00e0 tous, our le cas o\u00f9 nous en doutions encore, voici un peu de grain \u00e0 moudre avec Jacques le Goff,\u00a0sur les innovations m\u00e9di\u00e9vales et &hellip; <a href=\"https:\/\/www.moyenagepassion.com\/index.php\/2018\/02\/27\/innovation-moyen-age-nouveaute-fondatrice-medievale-citation-jacques-le-goff\/\" class=\"more-link\">Continuer la lecture de <span class=\"screen-reader-text\">Importance fondatrice  du moyen-\u00e2ge et innovations m\u00e9di\u00e9vales,  une citation de Jacques le GOFF<\/span>  <span class=\"meta-nav\">&rarr;<\/span><\/a><\/p>\n","protected":false},"author":2,"featured_media":0,"comment_status":"open","ping_status":"open","sticky":false,"template":"","format":"quote","meta":{"_monsterinsights_skip_tracking":false,"_monsterinsights_sitenote_active":false,"_monsterinsights_sitenote_note":"","_monsterinsights_sitenote_category":0,"footnotes":""},"categories":[154],"tags":[155,520,525,3587,983,22,2489,18,85,1071],"class_list":["post-19619","post","type-post","status-publish","format-quote","hentry","category-citations-moyen-age-medievales","tag-citation","tag-histoire-medievale","tag-historien","tag-innovation-medievale","tag-jacques-le-goff","tag-medievale","tag-medieviste","tag-moyen-age","tag-moyen-age-central","tag-portrait","post_format-post-format-quote"],"aioseo_notices":[],"_links":{"self":[{"href":"https:\/\/www.moyenagepassion.com\/index.php\/wp-json\/wp\/v2\/posts\/19619"}],"collection":[{"href":"https:\/\/www.moyenagepassion.com\/index.php\/wp-json\/wp\/v2\/posts"}],"about":[{"href":"https:\/\/www.moyenagepassion.com\/index.php\/wp-json\/wp\/v2\/types\/post"}],"author":[{"embeddable":true,"href":"https:\/\/www.moyenagepassion.com\/index.php\/wp-json\/wp\/v2\/users\/2"}],"replies":[{"embeddable":true,"href":"https:\/\/www.moyenagepassion.com\/index.php\/wp-json\/wp\/v2\/comments?post=19619"}],"version-history":[{"count":1,"href":"https:\/\/www.moyenagepassion.com\/index.php\/wp-json\/wp\/v2\/posts\/19619\/revisions"}],"predecessor-version":[{"id":34346,"href":"https:\/\/www.moyenagepassion.com\/index.php\/wp-json\/wp\/v2\/posts\/19619\/revisions\/34346"}],"wp:attachment":[{"href":"https:\/\/www.moyenagepassion.com\/index.php\/wp-json\/wp\/v2\/media?parent=19619"}],"wp:term":[{"taxonomy":"category","embeddable":true,"href":"https:\/\/www.moyenagepassion.com\/index.php\/wp-json\/wp\/v2\/categories?post=19619"},{"taxonomy":"post_tag","embeddable":true,"href":"https:\/\/www.moyenagepassion.com\/index.php\/wp-json\/wp\/v2\/tags?post=19619"}],"curies":[{"name":"wp","href":"https:\/\/api.w.org\/{rel}","templated":true}]}}