{"id":19655,"date":"2018-03-02T05:13:18","date_gmt":"2018-03-02T04:13:18","guid":{"rendered":"http:\/\/www.moyenagepassion.com\/?p=19655"},"modified":"2020-10-04T19:51:54","modified_gmt":"2020-10-04T18:51:54","slug":"agenda-medievale-speciale-enfants-chateau-de-la-barben-provence","status":"publish","type":"post","link":"https:\/\/www.moyenagepassion.com\/index.php\/2018\/03\/02\/agenda-medievale-speciale-enfants-chateau-de-la-barben-provence\/","title":{"rendered":"Agenda: une m\u00e9di\u00e9vale sp\u00e9ciale pour les enfants au Ch\u00e2teau de la Barben, en Provence"},"content":{"rendered":"<div id=\"moyen-3346357720\" class=\"moyen-before-content moyen-entity-placement\"><script async src=\"\/\/pagead2.googlesyndication.com\/pagead\/js\/adsbygoogle.js?client=ca-pub-3035390706780632\" crossorigin=\"anonymous\"><\/script><ins class=\"adsbygoogle\" style=\"display:block;\" data-ad-client=\"ca-pub-3035390706780632\" \ndata-ad-slot=\"\" \ndata-ad-format=\"auto\"><\/ins>\n<script> \n(adsbygoogle = window.adsbygoogle || []).push({}); \n<\/script>\n<\/div><p><strong><a href=\"https:\/\/www.moyenagepassion.com\/wp-content\/uploads\/2018\/03\/heraldique_blason_armoirie_chateau_barben_provence.jpg\"><img decoding=\"async\" class=\"wp-image-19656 alignleft\" src=\"https:\/\/www.moyenagepassion.com\/wp-content\/uploads\/2018\/03\/heraldique_blason_armoirie_chateau_barben_provence.jpg\" alt=\"heraldique_blason_armoirie_chateau_barben_provence\" width=\"155\" height=\"153\" srcset=\"https:\/\/www.moyenagepassion.com\/wp-content\/uploads\/2018\/03\/heraldique_blason_armoirie_chateau_barben_provence.jpg 566w, https:\/\/www.moyenagepassion.com\/wp-content\/uploads\/2018\/03\/heraldique_blason_armoirie_chateau_barben_provence-300x296.jpg 300w\" sizes=\"(max-width: 155px) 100vw, 155px\" \/><\/a>Sujet<\/strong>\u00a0: agenda, f\u00eates m\u00e9di\u00e9vales,\u00a0 compagnies,\u00a0 animations m\u00e9di\u00e9vales.<br \/>\n<strong>Lieu :<\/strong>\u00a0Ch\u00e2teau de la\u00a0 Barben, La Barben, Salon de Provence<br \/>\n<strong>D\u00e9partement<\/strong>\u00a0:\u00a0Bouches-du-Rh\u00f4ne, PACA.<br \/>\n<strong>Date :\u00a0<\/strong>Samedi 21 avril 2018<br \/>\n<strong>Nom<\/strong>\u00a0: M\u00e9di\u00e9vale des Loupiots<\/p>\n<p>Bonjour \u00e0 tous,<\/p>\n<p style=\"text-align: justify;\"><img decoding=\"async\" class=\"alignleft size-full wp-image-59\" src=\"https:\/\/www.moyenagepassion.com\/wp-content\/uploads\/2015\/12\/A_lettrine_moyen_age_passion.jpg\" alt=\"A_lettrine_moyen_age_passion\" width=\"84\" height=\"103\" \/>vec un peu d&rsquo;avance sur l&rsquo;agenda, voil\u00e0 une belle f\u00eate en perspective qui se tiendra dans les bouches du Rh\u00f4ne et non loin de Salon de Provence, au Ch\u00e2teau de la Barben. Il s&rsquo;agit de la petite \u00ab\u00a0m\u00e9di\u00e9vale\u00a0\u00bb\u00a0 ou<br \/>\nencore de la<em><strong>\u00a0Deuxi\u00e8me m\u00e9di\u00e9vale des \u00ab\u00a0Loupiots\u00a0\u00bb.<\/strong><\/em><\/p>\n<p style=\"text-align: justify;\"><a href=\"https:\/\/www.moyenagepassion.com\/wp-content\/uploads\/2018\/03\/agenda_2018_fetes_evenement_animations_compagnies_medievales_loupiots_chateau_barben_provence.jpg\"><img decoding=\"async\" class=\"alignright wp-image-19662\" src=\"https:\/\/www.moyenagepassion.com\/wp-content\/uploads\/2018\/03\/agenda_2018_fetes_evenement_animations_compagnies_medievales_loupiots_chateau_barben_provence.jpg\" alt=\"agenda_2018_fetes_evenement_animations_compagnies_medievales_loupiots_chateau_barben_provence\" width=\"228\" height=\"288\" srcset=\"https:\/\/www.moyenagepassion.com\/wp-content\/uploads\/2018\/03\/agenda_2018_fetes_evenement_animations_compagnies_medievales_loupiots_chateau_barben_provence.jpg 800w, https:\/\/www.moyenagepassion.com\/wp-content\/uploads\/2018\/03\/agenda_2018_fetes_evenement_animations_compagnies_medievales_loupiots_chateau_barben_provence-237x300.jpg 237w\" sizes=\"(max-width: 228px) 100vw, 228px\" \/><\/a>On sait que les c\u00e9l\u00e9brations et les festivals sur le th\u00e8me du Moyen-\u00e2ge r\u00e9servent souvent une certaine part aux enfants mais les organisateurs de l&rsquo;\u00e9v\u00e9nement ont d\u00e9cid\u00e9 de mettre ici et pour la seconde fois, les bouch\u00e9s doubles pour les placer v\u00e9ritablement au c\u0153ur de la f\u00eate.\u00a0 Pour bien en prendre la mesure, pr\u00e9cisons que le ch\u00e2teau organise, par ailleurs,\u00a0 de grandes m\u00e9di\u00e9vales annuelles, autour du mois de mai.<\/p>\n<h2>Animations m\u00e9di\u00e9vales et programme<\/h2>\n<p style=\"text-align: justify;\">Tout en restant r\u00e9solument familial et ouvert \u00e0 tout public, le ch\u00e2teau de la Barben se lancera donc, ce samedi 21 avril prochain, le d\u00e9fi d&rsquo;apprendre l&rsquo;Histoire m\u00e9di\u00e9vale aux enfants.\u00a0Que l&rsquo;on se rassure toutefois, pas de le\u00e7ons pesantes et sentencieuses ici, pas de lourds cartables non plus, c&rsquo;est bien par le divertissement, le jeu, l&rsquo;interactivit\u00e9 et dans la bonne humeur que passera cette d\u00e9couverte de\u00a0la vie, des techniques et des m\u00e9tiers du Moyen-\u00e2ge .<\/p>\n<p style=\"text-align: justify;\"><a href=\"https:\/\/www.moyenagepassion.com\/wp-content\/uploads\/2018\/03\/agenda_2018_fetes_evenement_animations_compagnies_medievales_enfants_loupiots_chateau_barben_provence.jpg\"><img decoding=\"async\" class=\"wp-image-19665 alignright\" src=\"https:\/\/www.moyenagepassion.com\/wp-content\/uploads\/2018\/03\/agenda_2018_fetes_evenement_animations_compagnies_medievales_enfants_loupiots_chateau_barben_provence.jpg\" alt=\"agenda_2018_fetes_evenement_animations_compagnies_medievales_enfants_loupiots_chateau_barben_provence\" width=\"181\" height=\"295\" srcset=\"https:\/\/www.moyenagepassion.com\/wp-content\/uploads\/2018\/03\/agenda_2018_fetes_evenement_animations_compagnies_medievales_enfants_loupiots_chateau_barben_provence.jpg 444w, https:\/\/www.moyenagepassion.com\/wp-content\/uploads\/2018\/03\/agenda_2018_fetes_evenement_animations_compagnies_medievales_enfants_loupiots_chateau_barben_provence-184x300.jpg 184w\" sizes=\"(max-width: 181px) 100vw, 181px\" \/><\/a>Sur place, des campements attendront les visiteurs et de nombreux ateliers, spectacles ou\u00a0 animations m\u00e9di\u00e9vales sont encore pr\u00e9vus avec la venue de troupes de reconstituteurs. Ces derniers\u00a0 se feront un devoir d&rsquo;occuper les t\u00eates blondes pendant que leurs parents pourront, de leur c\u00f4t\u00e9, le cuisiner de mille questions sur cette p\u00e9riode de l&rsquo;Histoire\u00a0ou sur leur passion : danses\u00a0 d&rsquo;\u00e9poque, sc\u00e9nettes et contes, combats \u00e0 l&rsquo;ancienne, initiation \u00e0 l&rsquo;archerie,\u00a0 atelier de cuisine et gastronomie m\u00e9di\u00e9vale, jeux anciens, confection de boucliers ou de couronnes, d\u00e9couverte de l&rsquo;h\u00e9raldique, et m\u00eame encore exp\u00e9riences alchimiques !,\u00a0 sans oublier l&rsquo;indispensable atelier de maquillage pour parachever de mettre les loupiots dans l&rsquo;ambiance festive de cette grande journ\u00e9e qui leur sera tout enti\u00e8re consacr\u00e9e.<\/p>\n<p style=\"text-align: justify;\">Pour tout vous conter, dans le courant de la f\u00eate, nous avons m\u00eame ou\u00efe dire que de futurs petits Lancelot ou Gauvain pourraient se voir adoub\u00e9s par le Seigneur des lieux et encore, qu&rsquo;une \u00e9tonnante catapulte \u00e0 bonbons serait aussi de la\u00a0partie.<\/p>\n<h2>Liste des compagnies m\u00e9di\u00e9vales pr\u00e9sentes<\/h2>\n<p><span style=\"color: #008000;\"><em>Les chevaliers de Saint-Jean &#8211; Le prince des Dombes &#8211; La Compagnie des Cabris d&rsquo;Argens &#8211; Marie Morgan Witch et l&rsquo;Ordre des corbeaux &#8211; Jeanne de la jungle\u00a0<\/em><\/span><\/p>\n<p style=\"text-align: justify;\"><img decoding=\"async\" class=\"alignleft size-full wp-image-59\" src=\"https:\/\/www.moyenagepassion.com\/wp-content\/uploads\/2015\/12\/A_lettrine_moyen_age_passion.jpg\" alt=\"A_lettrine_moyen_age_passion\" width=\"84\" height=\"103\" \/>u titre des animations, il faut encore mentionner un grand spectacle tout public, au titre \u00e9vocateur de \u00ab\u00a0Croisade\u00a0\u00bb auquel participeront pr\u00e8s de vingt acteurs.\u00a0Tout au long de la journ\u00e9e,\u00a0 des visites du ch\u00e2teau, \u00e0 la d\u00e9couverte de l&rsquo;architecture des forteresses m\u00e9di\u00e9vales, seront \u00e9galement organis\u00e9es et, du c\u00f4t\u00e9 restauration, la taverne se tiendra, quant \u00e0 elle, grande ouverte.\u00a0Afin de\u00a0r\u00e9pondre aux\u00a0irr\u00e9pressibles envies de shopping artisanal ou gourmand, qu&rsquo;on se rassure, il devrait aussi y avoir sur place quelques\u00a0exposants.<\/p>\n<p>Pour plus d&rsquo;informations, d\u00e9tails, acc\u00e8s et tarifs, <a href=\"http:\/\/chateaudelabarben.fr\/fr\/au-programme\/la-petite-medievale\/\" target=\"_blank\" rel=\"noopener noreferrer\">visitez le site officiel du Ch\u00e2teau de la Barben<\/a>.<\/p>\n<p>Pour en savoir plus sur l&rsquo;<a href=\"https:\/\/www.moyenagepassion.com\/index.php\/2018\/03\/02\/le-chateau-de-la-barben-site-dinteret-monument-classe-et-joyaux-de-provence\/\" target=\"_blank\" rel=\"noopener noreferrer\">Histoire de ce beau ch\u00e2teau proven\u00e7al, cliquez ici<\/a>.<\/p>\n<p style=\"text-align: justify;\">Une belle journ\u00e9e!<br \/>\nFred<br \/>\nPour moyenagepassion.com<br \/>\n<em><strong>A la d\u00e9couverte du Moyen-Age\u00a0sous toutes ses formes.<\/strong><\/em><\/p>\n","protected":false},"excerpt":{"rendered":"<p>Sujet\u00a0: agenda, f\u00eates m\u00e9di\u00e9vales,\u00a0 compagnies,\u00a0 animations m\u00e9di\u00e9vales. Lieu :\u00a0Ch\u00e2teau de la\u00a0 Barben, La Barben, Salon de Provence D\u00e9partement\u00a0:\u00a0Bouches-du-Rh\u00f4ne, PACA. Date :\u00a0Samedi 21 avril 2018 Nom\u00a0: M\u00e9di\u00e9vale des Loupiots Bonjour \u00e0 tous, vec un peu d&rsquo;avance sur l&rsquo;agenda, voil\u00e0 une belle f\u00eate en perspective qui se tiendra dans les bouches du Rh\u00f4ne et non loin de &hellip; <a href=\"https:\/\/www.moyenagepassion.com\/index.php\/2018\/03\/02\/agenda-medievale-speciale-enfants-chateau-de-la-barben-provence\/\" class=\"more-link\">Continuer la lecture de <span class=\"screen-reader-text\">Agenda: une m\u00e9di\u00e9vale sp\u00e9ciale pour les enfants au Ch\u00e2teau de la Barben, en Provence<\/span>  <span class=\"meta-nav\">&rarr;<\/span><\/a><\/p>\n","protected":false},"author":2,"featured_media":0,"comment_status":"open","ping_status":"open","sticky":false,"template":"","format":"standard","meta":{"_monsterinsights_skip_tracking":false,"_monsterinsights_sitenote_active":false,"_monsterinsights_sitenote_note":"","_monsterinsights_sitenote_category":0,"footnotes":""},"categories":[11],"tags":[1391,1539,2529,3596,3594,212,1380,22,3595,18,3016,2757],"class_list":["post-19655","post","type-post","status-publish","format-standard","hentry","category-fetes-medievales-evenement","tag-agenda","tag-agenda-medieval","tag-animations-medievales","tag-celebrations-medievales","tag-chateau-de-la-barben","tag-compagnies-medievales","tag-fetes","tag-medievale","tag-medievale-des-loupiots","tag-moyen-age","tag-provence","tag-reconstituteurs"],"aioseo_notices":[],"_links":{"self":[{"href":"https:\/\/www.moyenagepassion.com\/index.php\/wp-json\/wp\/v2\/posts\/19655"}],"collection":[{"href":"https:\/\/www.moyenagepassion.com\/index.php\/wp-json\/wp\/v2\/posts"}],"about":[{"href":"https:\/\/www.moyenagepassion.com\/index.php\/wp-json\/wp\/v2\/types\/post"}],"author":[{"embeddable":true,"href":"https:\/\/www.moyenagepassion.com\/index.php\/wp-json\/wp\/v2\/users\/2"}],"replies":[{"embeddable":true,"href":"https:\/\/www.moyenagepassion.com\/index.php\/wp-json\/wp\/v2\/comments?post=19655"}],"version-history":[{"count":1,"href":"https:\/\/www.moyenagepassion.com\/index.php\/wp-json\/wp\/v2\/posts\/19655\/revisions"}],"predecessor-version":[{"id":34344,"href":"https:\/\/www.moyenagepassion.com\/index.php\/wp-json\/wp\/v2\/posts\/19655\/revisions\/34344"}],"wp:attachment":[{"href":"https:\/\/www.moyenagepassion.com\/index.php\/wp-json\/wp\/v2\/media?parent=19655"}],"wp:term":[{"taxonomy":"category","embeddable":true,"href":"https:\/\/www.moyenagepassion.com\/index.php\/wp-json\/wp\/v2\/categories?post=19655"},{"taxonomy":"post_tag","embeddable":true,"href":"https:\/\/www.moyenagepassion.com\/index.php\/wp-json\/wp\/v2\/tags?post=19655"}],"curies":[{"name":"wp","href":"https:\/\/api.w.org\/{rel}","templated":true}]}}